{"id":1036,"date":"2016-06-08T00:00:00","date_gmt":"2016-06-07T22:00:00","guid":{"rendered":"http:\/\/www.asajacyl.com\/avila\/sin-categoria\/la-ganadera-abulense-maribel-snchez-vadillo-recibe-el-premio-ciudadanos-al-mundo-rural"},"modified":"2016-06-08T00:00:00","modified_gmt":"2016-06-07T22:00:00","slug":"la-ganadera-abulense-maribel-snchez-vadillo-recibe-el-premio-ciudadanos-al-mundo-rural","status":"publish","type":"post","link":"https:\/\/www.asajacyl.com\/avila\/asaja-avila-informa\/la-ganadera-abulense-maribel-snchez-vadillo-recibe-el-premio-ciudadanos-al-mundo-rural","title":{"rendered":"La ganadera abulense Maribel S&#225;nchez Vadillo recibe el Premio Ciudadanos al Mundo Rural"},"content":{"rendered":"<h2>La ganadera de Candeleda y socia de ASAJA de &#193;vila Maribel S&#225;nchez Vadillo ha recogido en Madrid el XX Premio Ciudadanos, en la categor&#237;a de Mundo Rural, un galard&#243;n concedido por la Asociaci&#243;n Ciudadanos en su vig&#233;simo aniversario que reconoce la labor por la innovaci&#243;n y el compromiso con el medio rural y con su pueblo de la cabrera de Gredos.<\/h2>\n<p>La ganadera de Candeleda y socia de ASAJA de &#193;vila Maribel S&#225;nchez Vadillo ha recogido en Madrid el XX Premio Ciudadanos, en la categor&#237;a de Mundo Rural, un galard&#243;n concedido por la Asociaci&#243;n Ciudadanos en su vig&#233;simo aniversario que reconoce la labor por la innovaci&#243;n y el compromiso con el medio rural y con su pueblo de la cabrera de Gredos. <\/p>\n<p>  El jurado ha reconocido &#8220;la apuesta por la innovaci&#243;n de la explotaci&#243;n de caprino de raza verata que dirige Maribel S&#225;nchez, una raza en peligro de extinci&#243;n, apostando por la mejora constante a lo largo de la cadena de valor&#8221; y destacando de forma especial la comercializaci&#243;n del cabrito a trav&#233;s de una tienda on line. <\/p>\n<p>  Adem&#225;s de Maribel S&#225;nchez Vadillo, en esta vig&#233;sima edici&#243;n de los Premios Ciudadanos han sido galardonados el Atl&#233;tico de Madrid (Premio Especial del Jurado), la Fundaci&#243;n Reale, la Asociaci&#243;n de Directores de Comunicaci&#243;n (Dircom), Endesa, Grupo Amma, Mar&#237;a S&#225;inz Mart&#237;n, presidenta de Fundadeps; CEAR, Kapsch, Nunsys, la Confederaci&#243;n Espa&#241;ola de Empresas de Tecnolog&#237;as de la Informaci&#243;n (Conetic) y el Ayuntamiento de Tres Cantos (Madrid). <\/p>\n<p>  El acto de entrega tuvo lugar el 9 de junio en la sede de la Secretar&#237;a de Estado de Telecomunicaciones, con la asistencia del secretario de Estado de Telecomunicaciones en funciones, V&#237;ctor Calvo-Sotelo.<\/p>\n","protected":false},"excerpt":{"rendered":"<p>La ganadera de Candeleda y socia de ASAJA de &#193;vila Maribel S&#225;nchez Vadillo ha recogido en Madrid el XX Premio Ciudadanos, en la categor&#237;a de Mundo Rural, un galard&#243;n concedido por la Asociaci&#243;n Ciudadanos en su vig&#233;simo aniversario que reconoce la labor por la innovaci&#243;n y el compromiso con el medio rural y con su pueblo de la cabrera de Gredos.<\/p>\n","protected":false},"author":3,"featured_media":1037,"comment_status":"open","ping_status":"open","sticky":false,"template":"","format":"standard","meta":{"footnotes":""},"categories":[8,18],"tags":[],"yoast_head":"<!-- This site is optimized with the Yoast SEO plugin v24.5 - https:\/\/yoast.com\/wordpress\/plugins\/seo\/ -->\n<title>La ganadera abulense Maribel S&#225;nchez Vadillo recibe el Premio Ciudadanos al Mundo Rural - ASAJA \u00c1vila<\/title>\n<meta name=\"description\" content=\"La ganadera de Candeleda y socia de ASAJA de &#193;vila Maribel S&#225;nchez Vadillo ha recogido en Madrid el XX Premio Ciudadanos, en la categor&#237;a de Mundo Rural, un galard&#243;n concedido por la Asociaci&#243;n Ciudadanos en su vig&#233;simo aniversario que reconoce la labor por la innovaci&#243;n y el compromiso con el medio rural y con su pueblo de la cabrera de Gredos.\" \/>\n<meta name=\"robots\" content=\"index, follow, max-snippet:-1, max-image-preview:large, max-video-preview:-1\" \/>\n<link rel=\"canonical\" href=\"https:\/\/www.asajacyl.com\/avila\/asaja-avila-informa\/la-ganadera-abulense-maribel-snchez-vadillo-recibe-el-premio-ciudadanos-al-mundo-rural\" \/>\n<meta property=\"og:locale\" content=\"es_ES\" \/>\n<meta property=\"og:type\" content=\"article\" \/>\n<meta property=\"og:title\" content=\"La ganadera abulense Maribel S&#225;nchez Vadillo recibe el Premio Ciudadanos al Mundo Rural - ASAJA \u00c1vila\" \/>\n<meta property=\"og:description\" content=\"La ganadera de Candeleda y socia de ASAJA de &#193;vila Maribel S&#225;nchez Vadillo ha recogido en Madrid el XX Premio Ciudadanos, en la categor&#237;a de Mundo Rural, un galard&#243;n concedido por la Asociaci&#243;n Ciudadanos en su vig&#233;simo aniversario que reconoce la labor por la innovaci&#243;n y el compromiso con el medio rural y con su pueblo de la cabrera de Gredos.\" \/>\n<meta property=\"og:url\" content=\"https:\/\/www.asajacyl.com\/avila\/asaja-avila-informa\/la-ganadera-abulense-maribel-snchez-vadillo-recibe-el-premio-ciudadanos-al-mundo-rural\" \/>\n<meta property=\"og:site_name\" content=\"ASAJA \u00c1vila\" \/>\n<meta property=\"article:published_time\" content=\"2016-06-07T22:00:00+00:00\" \/>\n<meta property=\"og:image\" content=\"https:\/\/www.asajacyl.com\/avila\/wp-content\/uploads\/sites\/4\/2017\/12\/Maribel-1024x768.jpg\" \/>\n\t<meta property=\"og:image:width\" content=\"1024\" \/>\n\t<meta property=\"og:image:height\" content=\"768\" \/>\n\t<meta property=\"og:image:type\" content=\"image\/jpeg\" \/>\n<meta name=\"author\" content=\"Editor\" \/>\n<meta name=\"twitter:card\" content=\"summary_large_image\" \/>\n<meta name=\"twitter:label1\" content=\"Escrito por\" \/>\n\t<meta name=\"twitter:data1\" content=\"Editor\" \/>\n\t<meta name=\"twitter:label2\" content=\"Tiempo de lectura\" \/>\n\t<meta name=\"twitter:data2\" content=\"2 minutos\" \/>\n<script type=\"application\/ld+json\" class=\"yoast-schema-graph\">{\"@context\":\"https:\/\/schema.org\",\"@graph\":[{\"@type\":\"WebPage\",\"@id\":\"https:\/\/www.asajacyl.com\/avila\/asaja-avila-informa\/la-ganadera-abulense-maribel-snchez-vadillo-recibe-el-premio-ciudadanos-al-mundo-rural\",\"url\":\"https:\/\/www.asajacyl.com\/avila\/asaja-avila-informa\/la-ganadera-abulense-maribel-snchez-vadillo-recibe-el-premio-ciudadanos-al-mundo-rural\",\"name\":\"La ganadera abulense Maribel S&#225;nchez Vadillo recibe el Premio Ciudadanos al Mundo Rural - ASAJA \u00c1vila\",\"isPartOf\":{\"@id\":\"https:\/\/www.asajacyl.com\/avila\/#website\"},\"primaryImageOfPage\":{\"@id\":\"https:\/\/www.asajacyl.com\/avila\/asaja-avila-informa\/la-ganadera-abulense-maribel-snchez-vadillo-recibe-el-premio-ciudadanos-al-mundo-rural#primaryimage\"},\"image\":{\"@id\":\"https:\/\/www.asajacyl.com\/avila\/asaja-avila-informa\/la-ganadera-abulense-maribel-snchez-vadillo-recibe-el-premio-ciudadanos-al-mundo-rural#primaryimage\"},\"thumbnailUrl\":\"https:\/\/www.asajacyl.com\/avila\/wp-content\/uploads\/sites\/4\/2017\/12\/Maribel.jpg\",\"datePublished\":\"2016-06-07T22:00:00+00:00\",\"author\":{\"@id\":\"https:\/\/www.asajacyl.com\/avila\/#\/schema\/person\/7e884476cee132331142e8ac9689f20c\"},\"description\":\"La ganadera de Candeleda y socia de ASAJA de &#193;vila Maribel S&#225;nchez Vadillo ha recogido en Madrid el XX Premio Ciudadanos, en la categor&#237;a de Mundo Rural, un galard&#243;n concedido por la Asociaci&#243;n Ciudadanos en su vig&#233;simo aniversario que reconoce la labor por la innovaci&#243;n y el compromiso con el medio rural y con su pueblo de la cabrera de Gredos.\",\"breadcrumb\":{\"@id\":\"https:\/\/www.asajacyl.com\/avila\/asaja-avila-informa\/la-ganadera-abulense-maribel-snchez-vadillo-recibe-el-premio-ciudadanos-al-mundo-rural#breadcrumb\"},\"inLanguage\":\"es\",\"potentialAction\":[{\"@type\":\"ReadAction\",\"target\":[\"https:\/\/www.asajacyl.com\/avila\/asaja-avila-informa\/la-ganadera-abulense-maribel-snchez-vadillo-recibe-el-premio-ciudadanos-al-mundo-rural\"]}]},{\"@type\":\"ImageObject\",\"inLanguage\":\"es\",\"@id\":\"https:\/\/www.asajacyl.com\/avila\/asaja-avila-informa\/la-ganadera-abulense-maribel-snchez-vadillo-recibe-el-premio-ciudadanos-al-mundo-rural#primaryimage\",\"url\":\"https:\/\/www.asajacyl.com\/avila\/wp-content\/uploads\/sites\/4\/2017\/12\/Maribel.jpg\",\"contentUrl\":\"https:\/\/www.asajacyl.com\/avila\/wp-content\/uploads\/sites\/4\/2017\/12\/Maribel.jpg\",\"width\":4000,\"height\":3000},{\"@type\":\"BreadcrumbList\",\"@id\":\"https:\/\/www.asajacyl.com\/avila\/asaja-avila-informa\/la-ganadera-abulense-maribel-snchez-vadillo-recibe-el-premio-ciudadanos-al-mundo-rural#breadcrumb\",\"itemListElement\":[{\"@type\":\"ListItem\",\"position\":1,\"name\":\"Portada\",\"item\":\"https:\/\/www.asajacyl.com\/avila\/\"},{\"@type\":\"ListItem\",\"position\":2,\"name\":\"La ganadera abulense Maribel S&#225;nchez Vadillo recibe el Premio Ciudadanos al Mundo Rural\"}]},{\"@type\":\"WebSite\",\"@id\":\"https:\/\/www.asajacyl.com\/avila\/#website\",\"url\":\"https:\/\/www.asajacyl.com\/avila\/\",\"name\":\"ASAJA \u00c1vila\",\"description\":\"Otro sitio m\u00e1s de Provincias ASAJA Castilla y Le\u00f3n\",\"potentialAction\":[{\"@type\":\"SearchAction\",\"target\":{\"@type\":\"EntryPoint\",\"urlTemplate\":\"https:\/\/www.asajacyl.com\/avila\/?s={search_term_string}\"},\"query-input\":{\"@type\":\"PropertyValueSpecification\",\"valueRequired\":true,\"valueName\":\"search_term_string\"}}],\"inLanguage\":\"es\"},{\"@type\":\"Person\",\"@id\":\"https:\/\/www.asajacyl.com\/avila\/#\/schema\/person\/7e884476cee132331142e8ac9689f20c\",\"name\":\"Editor\",\"image\":{\"@type\":\"ImageObject\",\"inLanguage\":\"es\",\"@id\":\"https:\/\/www.asajacyl.com\/avila\/#\/schema\/person\/image\/\",\"url\":\"https:\/\/secure.gravatar.com\/avatar\/a2ef43c165669686cfcfb0e1ffa59869?s=96&d=mm&r=g\",\"contentUrl\":\"https:\/\/secure.gravatar.com\/avatar\/a2ef43c165669686cfcfb0e1ffa59869?s=96&d=mm&r=g\",\"caption\":\"Editor\"},\"url\":\"https:\/\/www.asajacyl.com\/avila\/author\/oscargg\"}]}<\/script>\n<!-- \/ Yoast SEO plugin. -->","yoast_head_json":{"title":"La ganadera abulense Maribel S&#225;nchez Vadillo recibe el Premio Ciudadanos al Mundo Rural - ASAJA \u00c1vila","description":"La ganadera de Candeleda y socia de ASAJA de &#193;vila Maribel S&#225;nchez Vadillo ha recogido en Madrid el XX Premio Ciudadanos, en la categor&#237;a de Mundo Rural, un galard&#243;n concedido por la Asociaci&#243;n Ciudadanos en su vig&#233;simo aniversario que reconoce la labor por la innovaci&#243;n y el compromiso con el medio rural y con su pueblo de la cabrera de Gredos.","robots":{"index":"index","follow":"follow","max-snippet":"max-snippet:-1","max-image-preview":"max-image-preview:large","max-video-preview":"max-video-preview:-1"},"canonical":"https:\/\/www.asajacyl.com\/avila\/asaja-avila-informa\/la-ganadera-abulense-maribel-snchez-vadillo-recibe-el-premio-ciudadanos-al-mundo-rural","og_locale":"es_ES","og_type":"article","og_title":"La ganadera abulense Maribel S&#225;nchez Vadillo recibe el Premio Ciudadanos al Mundo Rural - ASAJA \u00c1vila","og_description":"La ganadera de Candeleda y socia de ASAJA de &#193;vila Maribel S&#225;nchez Vadillo ha recogido en Madrid el XX Premio Ciudadanos, en la categor&#237;a de Mundo Rural, un galard&#243;n concedido por la Asociaci&#243;n Ciudadanos en su vig&#233;simo aniversario que reconoce la labor por la innovaci&#243;n y el compromiso con el medio rural y con su pueblo de la cabrera de Gredos.","og_url":"https:\/\/www.asajacyl.com\/avila\/asaja-avila-informa\/la-ganadera-abulense-maribel-snchez-vadillo-recibe-el-premio-ciudadanos-al-mundo-rural","og_site_name":"ASAJA \u00c1vila","article_published_time":"2016-06-07T22:00:00+00:00","og_image":[{"width":1024,"height":768,"url":"https:\/\/www.asajacyl.com\/avila\/wp-content\/uploads\/sites\/4\/2017\/12\/Maribel-1024x768.jpg","type":"image\/jpeg"}],"author":"Editor","twitter_card":"summary_large_image","twitter_misc":{"Escrito por":"Editor","Tiempo de lectura":"2 minutos"},"schema":{"@context":"https:\/\/schema.org","@graph":[{"@type":"WebPage","@id":"https:\/\/www.asajacyl.com\/avila\/asaja-avila-informa\/la-ganadera-abulense-maribel-snchez-vadillo-recibe-el-premio-ciudadanos-al-mundo-rural","url":"https:\/\/www.asajacyl.com\/avila\/asaja-avila-informa\/la-ganadera-abulense-maribel-snchez-vadillo-recibe-el-premio-ciudadanos-al-mundo-rural","name":"La ganadera abulense Maribel S&#225;nchez Vadillo recibe el Premio Ciudadanos al Mundo Rural - ASAJA \u00c1vila","isPartOf":{"@id":"https:\/\/www.asajacyl.com\/avila\/#website"},"primaryImageOfPage":{"@id":"https:\/\/www.asajacyl.com\/avila\/asaja-avila-informa\/la-ganadera-abulense-maribel-snchez-vadillo-recibe-el-premio-ciudadanos-al-mundo-rural#primaryimage"},"image":{"@id":"https:\/\/www.asajacyl.com\/avila\/asaja-avila-informa\/la-ganadera-abulense-maribel-snchez-vadillo-recibe-el-premio-ciudadanos-al-mundo-rural#primaryimage"},"thumbnailUrl":"https:\/\/www.asajacyl.com\/avila\/wp-content\/uploads\/sites\/4\/2017\/12\/Maribel.jpg","datePublished":"2016-06-07T22:00:00+00:00","author":{"@id":"https:\/\/www.asajacyl.com\/avila\/#\/schema\/person\/7e884476cee132331142e8ac9689f20c"},"description":"La ganadera de Candeleda y socia de ASAJA de &#193;vila Maribel S&#225;nchez Vadillo ha recogido en Madrid el XX Premio Ciudadanos, en la categor&#237;a de Mundo Rural, un galard&#243;n concedido por la Asociaci&#243;n Ciudadanos en su vig&#233;simo aniversario que reconoce la labor por la innovaci&#243;n y el compromiso con el medio rural y con su pueblo de la cabrera de Gredos.","breadcrumb":{"@id":"https:\/\/www.asajacyl.com\/avila\/asaja-avila-informa\/la-ganadera-abulense-maribel-snchez-vadillo-recibe-el-premio-ciudadanos-al-mundo-rural#breadcrumb"},"inLanguage":"es","potentialAction":[{"@type":"ReadAction","target":["https:\/\/www.asajacyl.com\/avila\/asaja-avila-informa\/la-ganadera-abulense-maribel-snchez-vadillo-recibe-el-premio-ciudadanos-al-mundo-rural"]}]},{"@type":"ImageObject","inLanguage":"es","@id":"https:\/\/www.asajacyl.com\/avila\/asaja-avila-informa\/la-ganadera-abulense-maribel-snchez-vadillo-recibe-el-premio-ciudadanos-al-mundo-rural#primaryimage","url":"https:\/\/www.asajacyl.com\/avila\/wp-content\/uploads\/sites\/4\/2017\/12\/Maribel.jpg","contentUrl":"https:\/\/www.asajacyl.com\/avila\/wp-content\/uploads\/sites\/4\/2017\/12\/Maribel.jpg","width":4000,"height":3000},{"@type":"BreadcrumbList","@id":"https:\/\/www.asajacyl.com\/avila\/asaja-avila-informa\/la-ganadera-abulense-maribel-snchez-vadillo-recibe-el-premio-ciudadanos-al-mundo-rural#breadcrumb","itemListElement":[{"@type":"ListItem","position":1,"name":"Portada","item":"https:\/\/www.asajacyl.com\/avila\/"},{"@type":"ListItem","position":2,"name":"La ganadera abulense Maribel S&#225;nchez Vadillo recibe el Premio Ciudadanos al Mundo Rural"}]},{"@type":"WebSite","@id":"https:\/\/www.asajacyl.com\/avila\/#website","url":"https:\/\/www.asajacyl.com\/avila\/","name":"ASAJA \u00c1vila","description":"Otro sitio m\u00e1s de Provincias ASAJA Castilla y Le\u00f3n","potentialAction":[{"@type":"SearchAction","target":{"@type":"EntryPoint","urlTemplate":"https:\/\/www.asajacyl.com\/avila\/?s={search_term_string}"},"query-input":{"@type":"PropertyValueSpecification","valueRequired":true,"valueName":"search_term_string"}}],"inLanguage":"es"},{"@type":"Person","@id":"https:\/\/www.asajacyl.com\/avila\/#\/schema\/person\/7e884476cee132331142e8ac9689f20c","name":"Editor","image":{"@type":"ImageObject","inLanguage":"es","@id":"https:\/\/www.asajacyl.com\/avila\/#\/schema\/person\/image\/","url":"https:\/\/secure.gravatar.com\/avatar\/a2ef43c165669686cfcfb0e1ffa59869?s=96&d=mm&r=g","contentUrl":"https:\/\/secure.gravatar.com\/avatar\/a2ef43c165669686cfcfb0e1ffa59869?s=96&d=mm&r=g","caption":"Editor"},"url":"https:\/\/www.asajacyl.com\/avila\/author\/oscargg"}]}},"_links":{"self":[{"href":"https:\/\/www.asajacyl.com\/avila\/wp-json\/wp\/v2\/posts\/1036"}],"collection":[{"href":"https:\/\/www.asajacyl.com\/avila\/wp-json\/wp\/v2\/posts"}],"about":[{"href":"https:\/\/www.asajacyl.com\/avila\/wp-json\/wp\/v2\/types\/post"}],"author":[{"embeddable":true,"href":"https:\/\/www.asajacyl.com\/avila\/wp-json\/wp\/v2\/users\/3"}],"replies":[{"embeddable":true,"href":"https:\/\/www.asajacyl.com\/avila\/wp-json\/wp\/v2\/comments?post=1036"}],"version-history":[{"count":0,"href":"https:\/\/www.asajacyl.com\/avila\/wp-json\/wp\/v2\/posts\/1036\/revisions"}],"wp:featuredmedia":[{"embeddable":true,"href":"https:\/\/www.asajacyl.com\/avila\/wp-json\/wp\/v2\/media\/1037"}],"wp:attachment":[{"href":"https:\/\/www.asajacyl.com\/avila\/wp-json\/wp\/v2\/media?parent=1036"}],"wp:term":[{"taxonomy":"category","embeddable":true,"href":"https:\/\/www.asajacyl.com\/avila\/wp-json\/wp\/v2\/categories?post=1036"},{"taxonomy":"post_tag","embeddable":true,"href":"https:\/\/www.asajacyl.com\/avila\/wp-json\/wp\/v2\/tags?post=1036"}],"curies":[{"name":"wp","href":"https:\/\/api.w.org\/{rel}","templated":true}]}}