{"id":1076,"date":"2016-03-29T00:00:00","date_gmt":"2016-03-28T22:00:00","guid":{"rendered":"http:\/\/www.asajacyl.com\/avila\/sin-categoria\/mario-esteban-correal-gana-el-iii-premio-joven-agricultor-innovador-sostenible"},"modified":"2016-03-29T00:00:00","modified_gmt":"2016-03-28T22:00:00","slug":"mario-esteban-correal-gana-el-iii-premio-joven-agricultor-innovador-sostenible","status":"publish","type":"post","link":"https:\/\/www.asajacyl.com\/avila\/asaja-avila-informa\/mario-esteban-correal-gana-el-iii-premio-joven-agricultor-innovador-sostenible","title":{"rendered":"Mario Esteban Correal gana el III Premio Joven Agricultor Innovador &#8216;Sostenible&#8217;"},"content":{"rendered":"<h2>El joven ganadero abulense Mario Esteban Correal ha recibido hoy en Madrid el Premio Nacional Joven Agricultor Innovador, en la categor&#237;a &#8216;Sostenible&#8217;, en reconocimiento a la calidad, innovaci&#243;n, esp&#237;ritu emprendedor y apuesta por la sostenibilidad de su Queser&#237;a de Campo &#8216;Montealijar&#8217;, ubicada en Las Navas del Marqu&#233;s.<\/h2>\n<p>El joven ganadero abulense Mario Esteban Correal ha recibido hoy en Madrid el Premio Nacional Joven Agricultor Innovador, en la categor&#237;a &#8216;Sostenible&#8217;, en reconocimiento a la calidad, innovaci&#243;n, esp&#237;ritu emprendedor y apuesta por la sostenibilidad de su Queser&#237;a de Campo &#8216;Montealijar&#8217;, ubicada en Las Navas del Marqu&#233;s. Esteban ha recibido este galard&#243;n de manos de la ministra en funciones de Agricultura, Alimentaci&#243;n y Medio Ambiente, Isabel Garc&#237;a Tejerina, quien ha asistido a la tercera edici&#243;n de este certamen nacional organizado por la Asociaci&#243;n Agraria J&#243;venes Agricultores (ASAJA).  <\/p>\n<p>Mario Esteban Correal (1985), socio de ASAJA de &#193;vila, ha sido premiado por su esp&#237;ritu emprendedor y su valent&#237;a a la hora de apostar por una explotaci&#243;n ganadera puntera y original en su localidad natal. Una empresa con proyectos de expansi&#243;n, nacida del amor por la ganader&#237;a, la tradici&#243;n artesana y gestada en los avances tecnol&#243;gicos y los nuevos gustos gastron&#243;micos que imperan en el mercado quesero. <\/p>\n<p>Este joven de 30 a&#241;os, licenciado en Veterinaria, cumple con la queser&#237;a su sue&#241;o de la infancia. Adem&#225;s de innovar en el sector quesero, aporta el valor a&#241;adido de recuperar una raza aut&#243;ctona en peligro de extinci&#243;n, la Cabra Serrana de Guadarrama, adem&#225;s de apostar por la tradici&#243;n, la artesan&#237;a y la alta calidad, prim&#225;ndolas por encima de grandes producciones. Su actividad, basada tambi&#233;n en el pastoreo tradicional, contribuye a mantener la biodiversidad. <\/p>\n<p>En el a&#241;o 2012, Mario inici&#243; la actividad de su granja lechera de cabras, unas 300 madres de la Raza Cabras del Guadarrama que producen una leche de alta calidad &#8211;los animales pastan libremente por el Monte Alijar, que da nombre al sue&#241;o de su infancia- con aromas de hierba fresca, jara y enebro, que aportan caracter&#237;sticas &#250;nicas a la elaboraci&#243;n de los quesos que se fabrican, desde mayo de este mismo a&#241;o, en su queser&#237;a. <\/p>\n<p>Queser&#237;a Montealijar vende sus productos en comercios de proximidad y tambi&#233;n en la propia queser&#237;a, mostrando al p&#250;blico el proceso de producci&#243;n y poniendo en valor, mediante su difusi&#243;n y su cercan&#237;a, el trabajo de la queser&#237;a y de la producci&#243;n agroalimentaria abulense, basada en la excelencia en la producci&#243;n agraria y en la m&#225;s alta calidad en la elaboraci&#243;n de alimentos con una magn&#237;fica materia prima.  <\/p>\n<p>Jornada &#8216;Joven Agricultor Innovador&#8217; <br \/>\nLos III Premios Nacionales &#8216;Joven Agricultor Innovador&#8217; se entregaron hoy en Madrid en el marco de una jornada del mismo t&#237;tulo, dedicada a los j&#243;venes agricultores innovadores y organizada por ASAJA y Syngenta. Garc&#237;a Tejerina se ha referido a los proyectos innovadores galardonados, &#8220;que demuestran que tenemos j&#243;venes tremendamente valiosos, que apuestan por el sector agroalimentario&#8220;. La ministra ha destacado la vocaci&#243;n y el convencimiento que tienen los j&#243;venes para poder desarrollar una actividad econ&#243;mica que sea sostenible, rentable y viable en el futuro. <\/p>\n<p>Isabel Garc&#237;a Tejerina ha presidido hoy, junto al presidente nacional de Asaja, Pedro Barato, la entrega de los Premios Mejor Agricultor Innovador, donde ha destacado los esfuerzos de este Gobierno durante estos cuatro a&#241;os para poner en valor el trabajo de la agricultura ante la sociedad. En este sentido, la ministra ha afirmado que estos premios a los j&#243;venes innovadores &#8220;ayudan mucho a trasladar esa imagen de un sector agroalimentario potente y de vanguardia&#8221;. <\/p>\n<p>Asimismo, la ministra en funciones ha subrayado que el sector agroalimentario tiene una enorme relevancia social y econ&#243;mica, y ha convertido a Espa&#241;a en una potencia alimentaria en el mundo, con los m&#225;s altos est&#225;ndares de calidad y seguridad.<\/p>\n","protected":false},"excerpt":{"rendered":"<p>El joven ganadero abulense Mario Esteban Correal ha recibido hoy en Madrid el Premio Nacional Joven Agricultor Innovador, en la categor&#237;a &#8216;Sostenible&#8217;, en reconocimiento a la calidad, innovaci&#243;n, esp&#237;ritu emprendedor y apuesta por la sostenibilidad de su Queser&#237;a de Campo &#8216;Montealijar&#8217;, ubicada en Las Navas del Marqu&#233;s.<\/p>\n","protected":false},"author":3,"featured_media":1077,"comment_status":"open","ping_status":"open","sticky":false,"template":"","format":"standard","meta":{"footnotes":""},"categories":[8,18],"tags":[],"yoast_head":"<!-- This site is optimized with the Yoast SEO plugin v24.5 - https:\/\/yoast.com\/wordpress\/plugins\/seo\/ -->\n<title>Mario Esteban Correal gana el III Premio Joven Agricultor Innovador &#039;Sostenible&#039; - ASAJA \u00c1vila<\/title>\n<meta name=\"description\" content=\"El joven ganadero abulense Mario Esteban Correal ha recibido hoy en Madrid el Premio Nacional Joven Agricultor Innovador, en la categor&#237;a &#8216;Sostenible&#8217;, en reconocimiento a la calidad, innovaci&#243;n, esp&#237;ritu emprendedor y apuesta por la sostenibilidad de su Queser&#237;a de Campo &#8216;Montealijar&#8217;, ubicada en Las Navas del Marqu&#233;s.\" \/>\n<meta name=\"robots\" content=\"index, follow, max-snippet:-1, max-image-preview:large, max-video-preview:-1\" \/>\n<link rel=\"canonical\" href=\"https:\/\/www.asajacyl.com\/avila\/asaja-avila-informa\/mario-esteban-correal-gana-el-iii-premio-joven-agricultor-innovador-sostenible\" \/>\n<meta property=\"og:locale\" content=\"es_ES\" \/>\n<meta property=\"og:type\" content=\"article\" \/>\n<meta property=\"og:title\" content=\"Mario Esteban Correal gana el III Premio Joven Agricultor Innovador &#039;Sostenible&#039; - ASAJA \u00c1vila\" \/>\n<meta property=\"og:description\" content=\"El joven ganadero abulense Mario Esteban Correal ha recibido hoy en Madrid el Premio Nacional Joven Agricultor Innovador, en la categor&#237;a &#8216;Sostenible&#8217;, en reconocimiento a la calidad, innovaci&#243;n, esp&#237;ritu emprendedor y apuesta por la sostenibilidad de su Queser&#237;a de Campo &#8216;Montealijar&#8217;, ubicada en Las Navas del Marqu&#233;s.\" \/>\n<meta property=\"og:url\" content=\"https:\/\/www.asajacyl.com\/avila\/asaja-avila-informa\/mario-esteban-correal-gana-el-iii-premio-joven-agricultor-innovador-sostenible\" \/>\n<meta property=\"og:site_name\" content=\"ASAJA \u00c1vila\" \/>\n<meta property=\"article:published_time\" content=\"2016-03-28T22:00:00+00:00\" \/>\n<meta property=\"og:image\" content=\"https:\/\/www.asajacyl.com\/avila\/wp-content\/uploads\/sites\/4\/2017\/12\/gtejerinapremiosmejoragricultorinnovador3_tcm7-416472-1024x683.jpg\" \/>\n\t<meta property=\"og:image:width\" content=\"1024\" \/>\n\t<meta property=\"og:image:height\" content=\"683\" \/>\n\t<meta property=\"og:image:type\" content=\"image\/jpeg\" \/>\n<meta name=\"author\" content=\"Editor\" \/>\n<meta name=\"twitter:card\" content=\"summary_large_image\" \/>\n<meta name=\"twitter:label1\" content=\"Escrito por\" \/>\n\t<meta name=\"twitter:data1\" content=\"Editor\" \/>\n\t<meta name=\"twitter:label2\" content=\"Tiempo de lectura\" \/>\n\t<meta name=\"twitter:data2\" content=\"3 minutos\" \/>\n<script type=\"application\/ld+json\" class=\"yoast-schema-graph\">{\"@context\":\"https:\/\/schema.org\",\"@graph\":[{\"@type\":\"WebPage\",\"@id\":\"https:\/\/www.asajacyl.com\/avila\/asaja-avila-informa\/mario-esteban-correal-gana-el-iii-premio-joven-agricultor-innovador-sostenible\",\"url\":\"https:\/\/www.asajacyl.com\/avila\/asaja-avila-informa\/mario-esteban-correal-gana-el-iii-premio-joven-agricultor-innovador-sostenible\",\"name\":\"Mario Esteban Correal gana el III Premio Joven Agricultor Innovador 'Sostenible' - ASAJA \u00c1vila\",\"isPartOf\":{\"@id\":\"https:\/\/www.asajacyl.com\/avila\/#website\"},\"primaryImageOfPage\":{\"@id\":\"https:\/\/www.asajacyl.com\/avila\/asaja-avila-informa\/mario-esteban-correal-gana-el-iii-premio-joven-agricultor-innovador-sostenible#primaryimage\"},\"image\":{\"@id\":\"https:\/\/www.asajacyl.com\/avila\/asaja-avila-informa\/mario-esteban-correal-gana-el-iii-premio-joven-agricultor-innovador-sostenible#primaryimage\"},\"thumbnailUrl\":\"https:\/\/www.asajacyl.com\/avila\/wp-content\/uploads\/sites\/4\/2017\/12\/gtejerinapremiosmejoragricultorinnovador3_tcm7-416472.jpg\",\"datePublished\":\"2016-03-28T22:00:00+00:00\",\"author\":{\"@id\":\"https:\/\/www.asajacyl.com\/avila\/#\/schema\/person\/7e884476cee132331142e8ac9689f20c\"},\"description\":\"El joven ganadero abulense Mario Esteban Correal ha recibido hoy en Madrid el Premio Nacional Joven Agricultor Innovador, en la categor&#237;a &#8216;Sostenible&#8217;, en reconocimiento a la calidad, innovaci&#243;n, esp&#237;ritu emprendedor y apuesta por la sostenibilidad de su Queser&#237;a de Campo &#8216;Montealijar&#8217;, ubicada en Las Navas del Marqu&#233;s.\",\"breadcrumb\":{\"@id\":\"https:\/\/www.asajacyl.com\/avila\/asaja-avila-informa\/mario-esteban-correal-gana-el-iii-premio-joven-agricultor-innovador-sostenible#breadcrumb\"},\"inLanguage\":\"es\",\"potentialAction\":[{\"@type\":\"ReadAction\",\"target\":[\"https:\/\/www.asajacyl.com\/avila\/asaja-avila-informa\/mario-esteban-correal-gana-el-iii-premio-joven-agricultor-innovador-sostenible\"]}]},{\"@type\":\"ImageObject\",\"inLanguage\":\"es\",\"@id\":\"https:\/\/www.asajacyl.com\/avila\/asaja-avila-informa\/mario-esteban-correal-gana-el-iii-premio-joven-agricultor-innovador-sostenible#primaryimage\",\"url\":\"https:\/\/www.asajacyl.com\/avila\/wp-content\/uploads\/sites\/4\/2017\/12\/gtejerinapremiosmejoragricultorinnovador3_tcm7-416472.jpg\",\"contentUrl\":\"https:\/\/www.asajacyl.com\/avila\/wp-content\/uploads\/sites\/4\/2017\/12\/gtejerinapremiosmejoragricultorinnovador3_tcm7-416472.jpg\",\"width\":3456,\"height\":2304},{\"@type\":\"BreadcrumbList\",\"@id\":\"https:\/\/www.asajacyl.com\/avila\/asaja-avila-informa\/mario-esteban-correal-gana-el-iii-premio-joven-agricultor-innovador-sostenible#breadcrumb\",\"itemListElement\":[{\"@type\":\"ListItem\",\"position\":1,\"name\":\"Portada\",\"item\":\"https:\/\/www.asajacyl.com\/avila\/\"},{\"@type\":\"ListItem\",\"position\":2,\"name\":\"Mario Esteban Correal gana el III Premio Joven Agricultor Innovador &#8216;Sostenible&#8217;\"}]},{\"@type\":\"WebSite\",\"@id\":\"https:\/\/www.asajacyl.com\/avila\/#website\",\"url\":\"https:\/\/www.asajacyl.com\/avila\/\",\"name\":\"ASAJA \u00c1vila\",\"description\":\"Otro sitio m\u00e1s de Provincias ASAJA Castilla y Le\u00f3n\",\"potentialAction\":[{\"@type\":\"SearchAction\",\"target\":{\"@type\":\"EntryPoint\",\"urlTemplate\":\"https:\/\/www.asajacyl.com\/avila\/?s={search_term_string}\"},\"query-input\":{\"@type\":\"PropertyValueSpecification\",\"valueRequired\":true,\"valueName\":\"search_term_string\"}}],\"inLanguage\":\"es\"},{\"@type\":\"Person\",\"@id\":\"https:\/\/www.asajacyl.com\/avila\/#\/schema\/person\/7e884476cee132331142e8ac9689f20c\",\"name\":\"Editor\",\"image\":{\"@type\":\"ImageObject\",\"inLanguage\":\"es\",\"@id\":\"https:\/\/www.asajacyl.com\/avila\/#\/schema\/person\/image\/\",\"url\":\"https:\/\/secure.gravatar.com\/avatar\/a2ef43c165669686cfcfb0e1ffa59869?s=96&d=mm&r=g\",\"contentUrl\":\"https:\/\/secure.gravatar.com\/avatar\/a2ef43c165669686cfcfb0e1ffa59869?s=96&d=mm&r=g\",\"caption\":\"Editor\"},\"url\":\"https:\/\/www.asajacyl.com\/avila\/author\/oscargg\"}]}<\/script>\n<!-- \/ Yoast SEO plugin. -->","yoast_head_json":{"title":"Mario Esteban Correal gana el III Premio Joven Agricultor Innovador 'Sostenible' - ASAJA \u00c1vila","description":"El joven ganadero abulense Mario Esteban Correal ha recibido hoy en Madrid el Premio Nacional Joven Agricultor Innovador, en la categor&#237;a &#8216;Sostenible&#8217;, en reconocimiento a la calidad, innovaci&#243;n, esp&#237;ritu emprendedor y apuesta por la sostenibilidad de su Queser&#237;a de Campo &#8216;Montealijar&#8217;, ubicada en Las Navas del Marqu&#233;s.","robots":{"index":"index","follow":"follow","max-snippet":"max-snippet:-1","max-image-preview":"max-image-preview:large","max-video-preview":"max-video-preview:-1"},"canonical":"https:\/\/www.asajacyl.com\/avila\/asaja-avila-informa\/mario-esteban-correal-gana-el-iii-premio-joven-agricultor-innovador-sostenible","og_locale":"es_ES","og_type":"article","og_title":"Mario Esteban Correal gana el III Premio Joven Agricultor Innovador 'Sostenible' - ASAJA \u00c1vila","og_description":"El joven ganadero abulense Mario Esteban Correal ha recibido hoy en Madrid el Premio Nacional Joven Agricultor Innovador, en la categor&#237;a &#8216;Sostenible&#8217;, en reconocimiento a la calidad, innovaci&#243;n, esp&#237;ritu emprendedor y apuesta por la sostenibilidad de su Queser&#237;a de Campo &#8216;Montealijar&#8217;, ubicada en Las Navas del Marqu&#233;s.","og_url":"https:\/\/www.asajacyl.com\/avila\/asaja-avila-informa\/mario-esteban-correal-gana-el-iii-premio-joven-agricultor-innovador-sostenible","og_site_name":"ASAJA \u00c1vila","article_published_time":"2016-03-28T22:00:00+00:00","og_image":[{"width":1024,"height":683,"url":"https:\/\/www.asajacyl.com\/avila\/wp-content\/uploads\/sites\/4\/2017\/12\/gtejerinapremiosmejoragricultorinnovador3_tcm7-416472-1024x683.jpg","type":"image\/jpeg"}],"author":"Editor","twitter_card":"summary_large_image","twitter_misc":{"Escrito por":"Editor","Tiempo de lectura":"3 minutos"},"schema":{"@context":"https:\/\/schema.org","@graph":[{"@type":"WebPage","@id":"https:\/\/www.asajacyl.com\/avila\/asaja-avila-informa\/mario-esteban-correal-gana-el-iii-premio-joven-agricultor-innovador-sostenible","url":"https:\/\/www.asajacyl.com\/avila\/asaja-avila-informa\/mario-esteban-correal-gana-el-iii-premio-joven-agricultor-innovador-sostenible","name":"Mario Esteban Correal gana el III Premio Joven Agricultor Innovador 'Sostenible' - ASAJA \u00c1vila","isPartOf":{"@id":"https:\/\/www.asajacyl.com\/avila\/#website"},"primaryImageOfPage":{"@id":"https:\/\/www.asajacyl.com\/avila\/asaja-avila-informa\/mario-esteban-correal-gana-el-iii-premio-joven-agricultor-innovador-sostenible#primaryimage"},"image":{"@id":"https:\/\/www.asajacyl.com\/avila\/asaja-avila-informa\/mario-esteban-correal-gana-el-iii-premio-joven-agricultor-innovador-sostenible#primaryimage"},"thumbnailUrl":"https:\/\/www.asajacyl.com\/avila\/wp-content\/uploads\/sites\/4\/2017\/12\/gtejerinapremiosmejoragricultorinnovador3_tcm7-416472.jpg","datePublished":"2016-03-28T22:00:00+00:00","author":{"@id":"https:\/\/www.asajacyl.com\/avila\/#\/schema\/person\/7e884476cee132331142e8ac9689f20c"},"description":"El joven ganadero abulense Mario Esteban Correal ha recibido hoy en Madrid el Premio Nacional Joven Agricultor Innovador, en la categor&#237;a &#8216;Sostenible&#8217;, en reconocimiento a la calidad, innovaci&#243;n, esp&#237;ritu emprendedor y apuesta por la sostenibilidad de su Queser&#237;a de Campo &#8216;Montealijar&#8217;, ubicada en Las Navas del Marqu&#233;s.","breadcrumb":{"@id":"https:\/\/www.asajacyl.com\/avila\/asaja-avila-informa\/mario-esteban-correal-gana-el-iii-premio-joven-agricultor-innovador-sostenible#breadcrumb"},"inLanguage":"es","potentialAction":[{"@type":"ReadAction","target":["https:\/\/www.asajacyl.com\/avila\/asaja-avila-informa\/mario-esteban-correal-gana-el-iii-premio-joven-agricultor-innovador-sostenible"]}]},{"@type":"ImageObject","inLanguage":"es","@id":"https:\/\/www.asajacyl.com\/avila\/asaja-avila-informa\/mario-esteban-correal-gana-el-iii-premio-joven-agricultor-innovador-sostenible#primaryimage","url":"https:\/\/www.asajacyl.com\/avila\/wp-content\/uploads\/sites\/4\/2017\/12\/gtejerinapremiosmejoragricultorinnovador3_tcm7-416472.jpg","contentUrl":"https:\/\/www.asajacyl.com\/avila\/wp-content\/uploads\/sites\/4\/2017\/12\/gtejerinapremiosmejoragricultorinnovador3_tcm7-416472.jpg","width":3456,"height":2304},{"@type":"BreadcrumbList","@id":"https:\/\/www.asajacyl.com\/avila\/asaja-avila-informa\/mario-esteban-correal-gana-el-iii-premio-joven-agricultor-innovador-sostenible#breadcrumb","itemListElement":[{"@type":"ListItem","position":1,"name":"Portada","item":"https:\/\/www.asajacyl.com\/avila\/"},{"@type":"ListItem","position":2,"name":"Mario Esteban Correal gana el III Premio Joven Agricultor Innovador &#8216;Sostenible&#8217;"}]},{"@type":"WebSite","@id":"https:\/\/www.asajacyl.com\/avila\/#website","url":"https:\/\/www.asajacyl.com\/avila\/","name":"ASAJA \u00c1vila","description":"Otro sitio m\u00e1s de Provincias ASAJA Castilla y Le\u00f3n","potentialAction":[{"@type":"SearchAction","target":{"@type":"EntryPoint","urlTemplate":"https:\/\/www.asajacyl.com\/avila\/?s={search_term_string}"},"query-input":{"@type":"PropertyValueSpecification","valueRequired":true,"valueName":"search_term_string"}}],"inLanguage":"es"},{"@type":"Person","@id":"https:\/\/www.asajacyl.com\/avila\/#\/schema\/person\/7e884476cee132331142e8ac9689f20c","name":"Editor","image":{"@type":"ImageObject","inLanguage":"es","@id":"https:\/\/www.asajacyl.com\/avila\/#\/schema\/person\/image\/","url":"https:\/\/secure.gravatar.com\/avatar\/a2ef43c165669686cfcfb0e1ffa59869?s=96&d=mm&r=g","contentUrl":"https:\/\/secure.gravatar.com\/avatar\/a2ef43c165669686cfcfb0e1ffa59869?s=96&d=mm&r=g","caption":"Editor"},"url":"https:\/\/www.asajacyl.com\/avila\/author\/oscargg"}]}},"_links":{"self":[{"href":"https:\/\/www.asajacyl.com\/avila\/wp-json\/wp\/v2\/posts\/1076"}],"collection":[{"href":"https:\/\/www.asajacyl.com\/avila\/wp-json\/wp\/v2\/posts"}],"about":[{"href":"https:\/\/www.asajacyl.com\/avila\/wp-json\/wp\/v2\/types\/post"}],"author":[{"embeddable":true,"href":"https:\/\/www.asajacyl.com\/avila\/wp-json\/wp\/v2\/users\/3"}],"replies":[{"embeddable":true,"href":"https:\/\/www.asajacyl.com\/avila\/wp-json\/wp\/v2\/comments?post=1076"}],"version-history":[{"count":0,"href":"https:\/\/www.asajacyl.com\/avila\/wp-json\/wp\/v2\/posts\/1076\/revisions"}],"wp:featuredmedia":[{"embeddable":true,"href":"https:\/\/www.asajacyl.com\/avila\/wp-json\/wp\/v2\/media\/1077"}],"wp:attachment":[{"href":"https:\/\/www.asajacyl.com\/avila\/wp-json\/wp\/v2\/media?parent=1076"}],"wp:term":[{"taxonomy":"category","embeddable":true,"href":"https:\/\/www.asajacyl.com\/avila\/wp-json\/wp\/v2\/categories?post=1076"},{"taxonomy":"post_tag","embeddable":true,"href":"https:\/\/www.asajacyl.com\/avila\/wp-json\/wp\/v2\/tags?post=1076"}],"curies":[{"name":"wp","href":"https:\/\/api.w.org\/{rel}","templated":true}]}}