{"id":1081,"date":"2016-03-11T00:00:00","date_gmt":"2016-03-10T23:00:00","guid":{"rendered":"http:\/\/www.asajacyl.com\/avila\/sin-categoria\/nuevo-ataque-de-lobos-en-cebreros-esta-vez-a-una-ganadera-de-reses-bravas"},"modified":"2016-03-11T00:00:00","modified_gmt":"2016-03-10T23:00:00","slug":"nuevo-ataque-de-lobos-en-cebreros-esta-vez-a-una-ganadera-de-reses-bravas","status":"publish","type":"post","link":"https:\/\/www.asajacyl.com\/avila\/asaja-avila-informa\/nuevo-ataque-de-lobos-en-cebreros-esta-vez-a-una-ganadera-de-reses-bravas","title":{"rendered":"Nuevo ataque de lobos en Cebreros, esta vez a una ganader&#237;a de reses bravas"},"content":{"rendered":"<h2>Los lobos han vuelto a atacar en Cebreros. Esta vez, los c&#225;nidos han visitado una explotaci&#243;n de ganader&#237;a brava, contigua a la que fue atacada esta misma semana, donde han matado una ternera reci&#233;n nacida. De nuevo, el ataque se ha producido en el interior de un corral, donde el ganadero puso a resguardo la vaca para que pariera, y en una zona vallada.<\/h2>\n<p>\nLos lobos han vuelto a atacar en Cebreros. Esta vez, los c&#225;nidos han visitado una explotaci&#243;n de ganader&#237;a brava, contigua a la que fue atacada esta misma semana, donde han matado una ternera reci&#233;n nacida. De nuevo, el ataque se ha producido en el interior de un corral, donde el ganadero puso a resguardo la vaca para que pariera, y en una zona vallada.<\/p>\n<p>\nTras este nuevo ataque en Cebreros, la Asociaci&#243;n Agraria <em>J&#243;venes Agricultores <\/em>(ASAJA) de &#193;vila se&#241;ala que, si pese al abatimiento de dos ejemplares de lobo se siguen produciendo numerosos ataques a la ganader&#237;a de la provincia, la Junta de Castilla y Le&#243;n deber&#237;a autorizar y abatir a la mayor celeridad m&#225;s animales, dentro el compromiso del consejero de Fomento y Medio Ambiente de llevar a cabo un control poblacional de esta especie salvaje al sur del Duero.<\/p>\n<p>\nUna vez m&#225;s, desde ASAJA recomendamos a los ganaderos que den parte de estos ataques de forma inmediata, antes de que transcurran 48 horas, y que se d&#233; aviso incluso los fines de semana y festivos. La Junta de Castilla y Le&#243;n aconseja que los animales no se trasladen del lugar donde fueron encontrados y que se tapen con pl&#225;sticos para evitar la acci&#243;n de otros depredadores o carro&#241;eros, a la espera de la llegada de los agentes medioambientales.<\/p>\n","protected":false},"excerpt":{"rendered":"<p>Los lobos han vuelto a atacar en Cebreros. Esta vez, los c&#225;nidos han visitado una explotaci&#243;n de ganader&#237;a brava, contigua a la que fue atacada esta misma semana, donde han matado una ternera reci&#233;n nacida. De nuevo, el ataque se ha producido en el interior de un corral, donde el ganadero puso a resguardo la vaca para que pariera, y en una zona vallada.<\/p>\n","protected":false},"author":3,"featured_media":1082,"comment_status":"open","ping_status":"open","sticky":false,"template":"","format":"standard","meta":{"footnotes":""},"categories":[8,18],"tags":[],"yoast_head":"<!-- This site is optimized with the Yoast SEO plugin v24.5 - https:\/\/yoast.com\/wordpress\/plugins\/seo\/ -->\n<title>Nuevo ataque de lobos en Cebreros, esta vez a una ganader&#237;a de reses bravas - ASAJA \u00c1vila<\/title>\n<meta name=\"description\" content=\"Los lobos han vuelto a atacar en Cebreros. Esta vez, los c&#225;nidos han visitado una explotaci&#243;n de ganader&#237;a brava, contigua a la que fue atacada esta misma semana, donde han matado una ternera reci&#233;n nacida. De nuevo, el ataque se ha producido en el interior de un corral, donde el ganadero puso a resguardo la vaca para que pariera, y en una zona vallada.\" \/>\n<meta name=\"robots\" content=\"index, follow, max-snippet:-1, max-image-preview:large, max-video-preview:-1\" \/>\n<link rel=\"canonical\" href=\"https:\/\/www.asajacyl.com\/avila\/asaja-avila-informa\/nuevo-ataque-de-lobos-en-cebreros-esta-vez-a-una-ganadera-de-reses-bravas\" \/>\n<meta property=\"og:locale\" content=\"es_ES\" \/>\n<meta property=\"og:type\" content=\"article\" \/>\n<meta property=\"og:title\" content=\"Nuevo ataque de lobos en Cebreros, esta vez a una ganader&#237;a de reses bravas - ASAJA \u00c1vila\" \/>\n<meta property=\"og:description\" content=\"Los lobos han vuelto a atacar en Cebreros. Esta vez, los c&#225;nidos han visitado una explotaci&#243;n de ganader&#237;a brava, contigua a la que fue atacada esta misma semana, donde han matado una ternera reci&#233;n nacida. De nuevo, el ataque se ha producido en el interior de un corral, donde el ganadero puso a resguardo la vaca para que pariera, y en una zona vallada.\" \/>\n<meta property=\"og:url\" content=\"https:\/\/www.asajacyl.com\/avila\/asaja-avila-informa\/nuevo-ataque-de-lobos-en-cebreros-esta-vez-a-una-ganadera-de-reses-bravas\" \/>\n<meta property=\"og:site_name\" content=\"ASAJA \u00c1vila\" \/>\n<meta property=\"article:published_time\" content=\"2016-03-10T23:00:00+00:00\" \/>\n<meta property=\"og:image\" content=\"https:\/\/www.asajacyl.com\/avila\/wp-content\/uploads\/sites\/4\/2017\/12\/ataque_lobo_cebreros_bravas11032016.jpg\" \/>\n\t<meta property=\"og:image:width\" content=\"1600\" \/>\n\t<meta property=\"og:image:height\" content=\"1200\" \/>\n\t<meta property=\"og:image:type\" content=\"image\/jpeg\" \/>\n<meta name=\"author\" content=\"Editor\" \/>\n<meta name=\"twitter:card\" content=\"summary_large_image\" \/>\n<meta name=\"twitter:label1\" content=\"Escrito por\" \/>\n\t<meta name=\"twitter:data1\" content=\"Editor\" \/>\n\t<meta name=\"twitter:label2\" content=\"Tiempo de lectura\" \/>\n\t<meta name=\"twitter:data2\" content=\"2 minutos\" \/>\n<script type=\"application\/ld+json\" class=\"yoast-schema-graph\">{\"@context\":\"https:\/\/schema.org\",\"@graph\":[{\"@type\":\"WebPage\",\"@id\":\"https:\/\/www.asajacyl.com\/avila\/asaja-avila-informa\/nuevo-ataque-de-lobos-en-cebreros-esta-vez-a-una-ganadera-de-reses-bravas\",\"url\":\"https:\/\/www.asajacyl.com\/avila\/asaja-avila-informa\/nuevo-ataque-de-lobos-en-cebreros-esta-vez-a-una-ganadera-de-reses-bravas\",\"name\":\"Nuevo ataque de lobos en Cebreros, esta vez a una ganader&#237;a de reses bravas - ASAJA \u00c1vila\",\"isPartOf\":{\"@id\":\"https:\/\/www.asajacyl.com\/avila\/#website\"},\"primaryImageOfPage\":{\"@id\":\"https:\/\/www.asajacyl.com\/avila\/asaja-avila-informa\/nuevo-ataque-de-lobos-en-cebreros-esta-vez-a-una-ganadera-de-reses-bravas#primaryimage\"},\"image\":{\"@id\":\"https:\/\/www.asajacyl.com\/avila\/asaja-avila-informa\/nuevo-ataque-de-lobos-en-cebreros-esta-vez-a-una-ganadera-de-reses-bravas#primaryimage\"},\"thumbnailUrl\":\"https:\/\/www.asajacyl.com\/avila\/wp-content\/uploads\/sites\/4\/2017\/12\/ataque_lobo_cebreros_bravas11032016.jpg\",\"datePublished\":\"2016-03-10T23:00:00+00:00\",\"author\":{\"@id\":\"https:\/\/www.asajacyl.com\/avila\/#\/schema\/person\/7e884476cee132331142e8ac9689f20c\"},\"description\":\"Los lobos han vuelto a atacar en Cebreros. Esta vez, los c&#225;nidos han visitado una explotaci&#243;n de ganader&#237;a brava, contigua a la que fue atacada esta misma semana, donde han matado una ternera reci&#233;n nacida. De nuevo, el ataque se ha producido en el interior de un corral, donde el ganadero puso a resguardo la vaca para que pariera, y en una zona vallada.\",\"breadcrumb\":{\"@id\":\"https:\/\/www.asajacyl.com\/avila\/asaja-avila-informa\/nuevo-ataque-de-lobos-en-cebreros-esta-vez-a-una-ganadera-de-reses-bravas#breadcrumb\"},\"inLanguage\":\"es\",\"potentialAction\":[{\"@type\":\"ReadAction\",\"target\":[\"https:\/\/www.asajacyl.com\/avila\/asaja-avila-informa\/nuevo-ataque-de-lobos-en-cebreros-esta-vez-a-una-ganadera-de-reses-bravas\"]}]},{\"@type\":\"ImageObject\",\"inLanguage\":\"es\",\"@id\":\"https:\/\/www.asajacyl.com\/avila\/asaja-avila-informa\/nuevo-ataque-de-lobos-en-cebreros-esta-vez-a-una-ganadera-de-reses-bravas#primaryimage\",\"url\":\"https:\/\/www.asajacyl.com\/avila\/wp-content\/uploads\/sites\/4\/2017\/12\/ataque_lobo_cebreros_bravas11032016.jpg\",\"contentUrl\":\"https:\/\/www.asajacyl.com\/avila\/wp-content\/uploads\/sites\/4\/2017\/12\/ataque_lobo_cebreros_bravas11032016.jpg\",\"width\":1600,\"height\":1200},{\"@type\":\"BreadcrumbList\",\"@id\":\"https:\/\/www.asajacyl.com\/avila\/asaja-avila-informa\/nuevo-ataque-de-lobos-en-cebreros-esta-vez-a-una-ganadera-de-reses-bravas#breadcrumb\",\"itemListElement\":[{\"@type\":\"ListItem\",\"position\":1,\"name\":\"Portada\",\"item\":\"https:\/\/www.asajacyl.com\/avila\/\"},{\"@type\":\"ListItem\",\"position\":2,\"name\":\"Nuevo ataque de lobos en Cebreros, esta vez a una ganader&#237;a de reses bravas\"}]},{\"@type\":\"WebSite\",\"@id\":\"https:\/\/www.asajacyl.com\/avila\/#website\",\"url\":\"https:\/\/www.asajacyl.com\/avila\/\",\"name\":\"ASAJA \u00c1vila\",\"description\":\"Otro sitio m\u00e1s de Provincias ASAJA Castilla y Le\u00f3n\",\"potentialAction\":[{\"@type\":\"SearchAction\",\"target\":{\"@type\":\"EntryPoint\",\"urlTemplate\":\"https:\/\/www.asajacyl.com\/avila\/?s={search_term_string}\"},\"query-input\":{\"@type\":\"PropertyValueSpecification\",\"valueRequired\":true,\"valueName\":\"search_term_string\"}}],\"inLanguage\":\"es\"},{\"@type\":\"Person\",\"@id\":\"https:\/\/www.asajacyl.com\/avila\/#\/schema\/person\/7e884476cee132331142e8ac9689f20c\",\"name\":\"Editor\",\"image\":{\"@type\":\"ImageObject\",\"inLanguage\":\"es\",\"@id\":\"https:\/\/www.asajacyl.com\/avila\/#\/schema\/person\/image\/\",\"url\":\"https:\/\/secure.gravatar.com\/avatar\/a2ef43c165669686cfcfb0e1ffa59869?s=96&d=mm&r=g\",\"contentUrl\":\"https:\/\/secure.gravatar.com\/avatar\/a2ef43c165669686cfcfb0e1ffa59869?s=96&d=mm&r=g\",\"caption\":\"Editor\"},\"url\":\"https:\/\/www.asajacyl.com\/avila\/author\/oscargg\"}]}<\/script>\n<!-- \/ Yoast SEO plugin. -->","yoast_head_json":{"title":"Nuevo ataque de lobos en Cebreros, esta vez a una ganader&#237;a de reses bravas - ASAJA \u00c1vila","description":"Los lobos han vuelto a atacar en Cebreros. Esta vez, los c&#225;nidos han visitado una explotaci&#243;n de ganader&#237;a brava, contigua a la que fue atacada esta misma semana, donde han matado una ternera reci&#233;n nacida. De nuevo, el ataque se ha producido en el interior de un corral, donde el ganadero puso a resguardo la vaca para que pariera, y en una zona vallada.","robots":{"index":"index","follow":"follow","max-snippet":"max-snippet:-1","max-image-preview":"max-image-preview:large","max-video-preview":"max-video-preview:-1"},"canonical":"https:\/\/www.asajacyl.com\/avila\/asaja-avila-informa\/nuevo-ataque-de-lobos-en-cebreros-esta-vez-a-una-ganadera-de-reses-bravas","og_locale":"es_ES","og_type":"article","og_title":"Nuevo ataque de lobos en Cebreros, esta vez a una ganader&#237;a de reses bravas - ASAJA \u00c1vila","og_description":"Los lobos han vuelto a atacar en Cebreros. Esta vez, los c&#225;nidos han visitado una explotaci&#243;n de ganader&#237;a brava, contigua a la que fue atacada esta misma semana, donde han matado una ternera reci&#233;n nacida. De nuevo, el ataque se ha producido en el interior de un corral, donde el ganadero puso a resguardo la vaca para que pariera, y en una zona vallada.","og_url":"https:\/\/www.asajacyl.com\/avila\/asaja-avila-informa\/nuevo-ataque-de-lobos-en-cebreros-esta-vez-a-una-ganadera-de-reses-bravas","og_site_name":"ASAJA \u00c1vila","article_published_time":"2016-03-10T23:00:00+00:00","og_image":[{"width":1600,"height":1200,"url":"https:\/\/www.asajacyl.com\/avila\/wp-content\/uploads\/sites\/4\/2017\/12\/ataque_lobo_cebreros_bravas11032016.jpg","type":"image\/jpeg"}],"author":"Editor","twitter_card":"summary_large_image","twitter_misc":{"Escrito por":"Editor","Tiempo de lectura":"2 minutos"},"schema":{"@context":"https:\/\/schema.org","@graph":[{"@type":"WebPage","@id":"https:\/\/www.asajacyl.com\/avila\/asaja-avila-informa\/nuevo-ataque-de-lobos-en-cebreros-esta-vez-a-una-ganadera-de-reses-bravas","url":"https:\/\/www.asajacyl.com\/avila\/asaja-avila-informa\/nuevo-ataque-de-lobos-en-cebreros-esta-vez-a-una-ganadera-de-reses-bravas","name":"Nuevo ataque de lobos en Cebreros, esta vez a una ganader&#237;a de reses bravas - ASAJA \u00c1vila","isPartOf":{"@id":"https:\/\/www.asajacyl.com\/avila\/#website"},"primaryImageOfPage":{"@id":"https:\/\/www.asajacyl.com\/avila\/asaja-avila-informa\/nuevo-ataque-de-lobos-en-cebreros-esta-vez-a-una-ganadera-de-reses-bravas#primaryimage"},"image":{"@id":"https:\/\/www.asajacyl.com\/avila\/asaja-avila-informa\/nuevo-ataque-de-lobos-en-cebreros-esta-vez-a-una-ganadera-de-reses-bravas#primaryimage"},"thumbnailUrl":"https:\/\/www.asajacyl.com\/avila\/wp-content\/uploads\/sites\/4\/2017\/12\/ataque_lobo_cebreros_bravas11032016.jpg","datePublished":"2016-03-10T23:00:00+00:00","author":{"@id":"https:\/\/www.asajacyl.com\/avila\/#\/schema\/person\/7e884476cee132331142e8ac9689f20c"},"description":"Los lobos han vuelto a atacar en Cebreros. Esta vez, los c&#225;nidos han visitado una explotaci&#243;n de ganader&#237;a brava, contigua a la que fue atacada esta misma semana, donde han matado una ternera reci&#233;n nacida. De nuevo, el ataque se ha producido en el interior de un corral, donde el ganadero puso a resguardo la vaca para que pariera, y en una zona vallada.","breadcrumb":{"@id":"https:\/\/www.asajacyl.com\/avila\/asaja-avila-informa\/nuevo-ataque-de-lobos-en-cebreros-esta-vez-a-una-ganadera-de-reses-bravas#breadcrumb"},"inLanguage":"es","potentialAction":[{"@type":"ReadAction","target":["https:\/\/www.asajacyl.com\/avila\/asaja-avila-informa\/nuevo-ataque-de-lobos-en-cebreros-esta-vez-a-una-ganadera-de-reses-bravas"]}]},{"@type":"ImageObject","inLanguage":"es","@id":"https:\/\/www.asajacyl.com\/avila\/asaja-avila-informa\/nuevo-ataque-de-lobos-en-cebreros-esta-vez-a-una-ganadera-de-reses-bravas#primaryimage","url":"https:\/\/www.asajacyl.com\/avila\/wp-content\/uploads\/sites\/4\/2017\/12\/ataque_lobo_cebreros_bravas11032016.jpg","contentUrl":"https:\/\/www.asajacyl.com\/avila\/wp-content\/uploads\/sites\/4\/2017\/12\/ataque_lobo_cebreros_bravas11032016.jpg","width":1600,"height":1200},{"@type":"BreadcrumbList","@id":"https:\/\/www.asajacyl.com\/avila\/asaja-avila-informa\/nuevo-ataque-de-lobos-en-cebreros-esta-vez-a-una-ganadera-de-reses-bravas#breadcrumb","itemListElement":[{"@type":"ListItem","position":1,"name":"Portada","item":"https:\/\/www.asajacyl.com\/avila\/"},{"@type":"ListItem","position":2,"name":"Nuevo ataque de lobos en Cebreros, esta vez a una ganader&#237;a de reses bravas"}]},{"@type":"WebSite","@id":"https:\/\/www.asajacyl.com\/avila\/#website","url":"https:\/\/www.asajacyl.com\/avila\/","name":"ASAJA \u00c1vila","description":"Otro sitio m\u00e1s de Provincias ASAJA Castilla y Le\u00f3n","potentialAction":[{"@type":"SearchAction","target":{"@type":"EntryPoint","urlTemplate":"https:\/\/www.asajacyl.com\/avila\/?s={search_term_string}"},"query-input":{"@type":"PropertyValueSpecification","valueRequired":true,"valueName":"search_term_string"}}],"inLanguage":"es"},{"@type":"Person","@id":"https:\/\/www.asajacyl.com\/avila\/#\/schema\/person\/7e884476cee132331142e8ac9689f20c","name":"Editor","image":{"@type":"ImageObject","inLanguage":"es","@id":"https:\/\/www.asajacyl.com\/avila\/#\/schema\/person\/image\/","url":"https:\/\/secure.gravatar.com\/avatar\/a2ef43c165669686cfcfb0e1ffa59869?s=96&d=mm&r=g","contentUrl":"https:\/\/secure.gravatar.com\/avatar\/a2ef43c165669686cfcfb0e1ffa59869?s=96&d=mm&r=g","caption":"Editor"},"url":"https:\/\/www.asajacyl.com\/avila\/author\/oscargg"}]}},"_links":{"self":[{"href":"https:\/\/www.asajacyl.com\/avila\/wp-json\/wp\/v2\/posts\/1081"}],"collection":[{"href":"https:\/\/www.asajacyl.com\/avila\/wp-json\/wp\/v2\/posts"}],"about":[{"href":"https:\/\/www.asajacyl.com\/avila\/wp-json\/wp\/v2\/types\/post"}],"author":[{"embeddable":true,"href":"https:\/\/www.asajacyl.com\/avila\/wp-json\/wp\/v2\/users\/3"}],"replies":[{"embeddable":true,"href":"https:\/\/www.asajacyl.com\/avila\/wp-json\/wp\/v2\/comments?post=1081"}],"version-history":[{"count":0,"href":"https:\/\/www.asajacyl.com\/avila\/wp-json\/wp\/v2\/posts\/1081\/revisions"}],"wp:featuredmedia":[{"embeddable":true,"href":"https:\/\/www.asajacyl.com\/avila\/wp-json\/wp\/v2\/media\/1082"}],"wp:attachment":[{"href":"https:\/\/www.asajacyl.com\/avila\/wp-json\/wp\/v2\/media?parent=1081"}],"wp:term":[{"taxonomy":"category","embeddable":true,"href":"https:\/\/www.asajacyl.com\/avila\/wp-json\/wp\/v2\/categories?post=1081"},{"taxonomy":"post_tag","embeddable":true,"href":"https:\/\/www.asajacyl.com\/avila\/wp-json\/wp\/v2\/tags?post=1081"}],"curies":[{"name":"wp","href":"https:\/\/api.w.org\/{rel}","templated":true}]}}