{"id":1102,"date":"2016-02-17T00:00:00","date_gmt":"2016-02-16T23:00:00","guid":{"rendered":"http:\/\/www.asajacyl.com\/avila\/sin-categoria\/primer-ataque-de-lobo-en-piedrahta"},"modified":"2016-02-17T00:00:00","modified_gmt":"2016-02-16T23:00:00","slug":"primer-ataque-de-lobo-en-piedrahta","status":"publish","type":"post","link":"https:\/\/www.asajacyl.com\/avila\/asaja-avila-informa\/primer-ataque-de-lobo-en-piedrahta","title":{"rendered":"Primer ataque de lobo en Piedrah&#237;ta"},"content":{"rendered":"<h2>Los lobos contin&#250;an ampliando su territorio de caza y expandi&#233;ndose por la Sierra de Gredos, donde se est&#225;n registrando ataques en zonas donde nunca antes se hab&#237;an contabilizado bajas en el ganado por este motivo. As&#237; ha sucedido en Piedrah&#237;ta, donde el lobo ha matado un ternero de pocos d&#237;as de vida. Es la primera vez que los c&#225;nidos atacan en este municipio.<\/h2>\n<p>Los lobos contin&#250;an ampliando su territorio de caza y expandi&#233;ndose por la Sierra de Gredos, donde se est&#225;n registrando ataques en zonas donde nunca antes se hab&#237;an contabilizado bajas en el ganado por este motivo. As&#237; ha sucedido en Piedrah&#237;ta, donde el lobo ha matado un ternero de pocos d&#237;as de vida. Es la primera vez que los c&#225;nidos atacan en este municipio.     <br \/>\nEl ganadero encontr&#243; al ternero muerto, con el cuello totalmente devorado. Se trata de un animal pr&#225;cticamente reci&#233;n nacido de apenas tres o cuatro d&#237;as de vida. Los agentes medio ambientales de la Junta de Castilla y Le&#243;n ya han certificado que se trata de un ataque de lobo. <br \/>\nASAJA espera que la patrulla del lobo pueda dar cumplimiento cuanto antes al control poblacional autorizado para nuestra provincia, y que contempla abatir un ejemplar en la zona de la Sierra de Gredos, donde el lobo est&#225; expandiendo su territorio.   <br \/>\nAsimismo, desde la organizaci&#243;n agraria se aconseja a los ganaderos que den parte de estos ataques de forma inmediata, antes de que transcurran 48 horas, y que se d&#233; aviso incluso los fines de semana y festivos. Desde la Junta de Castilla y Le&#243;n se aconseja que los animales no se trasladen del lugar donde fueron encontrados y que se tapen con pl&#225;sticos para evitar la acci&#243;n de otros depredadores o carro&#241;eros.<\/p>\n","protected":false},"excerpt":{"rendered":"<p>Los lobos contin&#250;an ampliando su territorio de caza y expandi&#233;ndose por la Sierra de Gredos, donde se est&#225;n registrando ataques en zonas donde nunca antes se hab&#237;an contabilizado bajas en el ganado por este motivo. As&#237; ha sucedido en Piedrah&#237;ta, donde el lobo ha matado un ternero de pocos d&#237;as de vida. Es la primera vez que los c&#225;nidos atacan en este municipio.<\/p>\n","protected":false},"author":3,"featured_media":1103,"comment_status":"open","ping_status":"open","sticky":false,"template":"","format":"standard","meta":{"footnotes":""},"categories":[8,18],"tags":[],"yoast_head":"<!-- This site is optimized with the Yoast SEO plugin v24.5 - https:\/\/yoast.com\/wordpress\/plugins\/seo\/ -->\n<title>Primer ataque de lobo en Piedrah&#237;ta - ASAJA \u00c1vila<\/title>\n<meta name=\"description\" content=\"Los lobos contin&#250;an ampliando su territorio de caza y expandi&#233;ndose por la Sierra de Gredos, donde se est&#225;n registrando ataques en zonas donde nunca antes se hab&#237;an contabilizado bajas en el ganado por este motivo. As&#237; ha sucedido en Piedrah&#237;ta, donde el lobo ha matado un ternero de pocos d&#237;as de vida. Es la primera vez que los c&#225;nidos atacan en este municipio.\" \/>\n<meta name=\"robots\" content=\"index, follow, max-snippet:-1, max-image-preview:large, max-video-preview:-1\" \/>\n<link rel=\"canonical\" href=\"https:\/\/www.asajacyl.com\/avila\/asaja-avila-informa\/primer-ataque-de-lobo-en-piedrahta\" \/>\n<meta property=\"og:locale\" content=\"es_ES\" \/>\n<meta property=\"og:type\" content=\"article\" \/>\n<meta property=\"og:title\" content=\"Primer ataque de lobo en Piedrah&#237;ta - ASAJA \u00c1vila\" \/>\n<meta property=\"og:description\" content=\"Los lobos contin&#250;an ampliando su territorio de caza y expandi&#233;ndose por la Sierra de Gredos, donde se est&#225;n registrando ataques en zonas donde nunca antes se hab&#237;an contabilizado bajas en el ganado por este motivo. As&#237; ha sucedido en Piedrah&#237;ta, donde el lobo ha matado un ternero de pocos d&#237;as de vida. Es la primera vez que los c&#225;nidos atacan en este municipio.\" \/>\n<meta property=\"og:url\" content=\"https:\/\/www.asajacyl.com\/avila\/asaja-avila-informa\/primer-ataque-de-lobo-en-piedrahta\" \/>\n<meta property=\"og:site_name\" content=\"ASAJA \u00c1vila\" \/>\n<meta property=\"article:published_time\" content=\"2016-02-16T23:00:00+00:00\" \/>\n<meta property=\"og:image\" content=\"https:\/\/www.asajacyl.com\/avila\/wp-content\/uploads\/sites\/4\/2017\/12\/ataquelobopiedrahita.jpg\" \/>\n\t<meta property=\"og:image:width\" content=\"1600\" \/>\n\t<meta property=\"og:image:height\" content=\"1200\" \/>\n\t<meta property=\"og:image:type\" content=\"image\/jpeg\" \/>\n<meta name=\"author\" content=\"Editor\" \/>\n<meta name=\"twitter:card\" content=\"summary_large_image\" \/>\n<meta name=\"twitter:label1\" content=\"Escrito por\" \/>\n\t<meta name=\"twitter:data1\" content=\"Editor\" \/>\n\t<meta name=\"twitter:label2\" content=\"Tiempo de lectura\" \/>\n\t<meta name=\"twitter:data2\" content=\"2 minutos\" \/>\n<script type=\"application\/ld+json\" class=\"yoast-schema-graph\">{\"@context\":\"https:\/\/schema.org\",\"@graph\":[{\"@type\":\"WebPage\",\"@id\":\"https:\/\/www.asajacyl.com\/avila\/asaja-avila-informa\/primer-ataque-de-lobo-en-piedrahta\",\"url\":\"https:\/\/www.asajacyl.com\/avila\/asaja-avila-informa\/primer-ataque-de-lobo-en-piedrahta\",\"name\":\"Primer ataque de lobo en Piedrah&#237;ta - ASAJA \u00c1vila\",\"isPartOf\":{\"@id\":\"https:\/\/www.asajacyl.com\/avila\/#website\"},\"primaryImageOfPage\":{\"@id\":\"https:\/\/www.asajacyl.com\/avila\/asaja-avila-informa\/primer-ataque-de-lobo-en-piedrahta#primaryimage\"},\"image\":{\"@id\":\"https:\/\/www.asajacyl.com\/avila\/asaja-avila-informa\/primer-ataque-de-lobo-en-piedrahta#primaryimage\"},\"thumbnailUrl\":\"https:\/\/www.asajacyl.com\/avila\/wp-content\/uploads\/sites\/4\/2017\/12\/ataquelobopiedrahita.jpg\",\"datePublished\":\"2016-02-16T23:00:00+00:00\",\"author\":{\"@id\":\"https:\/\/www.asajacyl.com\/avila\/#\/schema\/person\/7e884476cee132331142e8ac9689f20c\"},\"description\":\"Los lobos contin&#250;an ampliando su territorio de caza y expandi&#233;ndose por la Sierra de Gredos, donde se est&#225;n registrando ataques en zonas donde nunca antes se hab&#237;an contabilizado bajas en el ganado por este motivo. As&#237; ha sucedido en Piedrah&#237;ta, donde el lobo ha matado un ternero de pocos d&#237;as de vida. Es la primera vez que los c&#225;nidos atacan en este municipio.\",\"breadcrumb\":{\"@id\":\"https:\/\/www.asajacyl.com\/avila\/asaja-avila-informa\/primer-ataque-de-lobo-en-piedrahta#breadcrumb\"},\"inLanguage\":\"es\",\"potentialAction\":[{\"@type\":\"ReadAction\",\"target\":[\"https:\/\/www.asajacyl.com\/avila\/asaja-avila-informa\/primer-ataque-de-lobo-en-piedrahta\"]}]},{\"@type\":\"ImageObject\",\"inLanguage\":\"es\",\"@id\":\"https:\/\/www.asajacyl.com\/avila\/asaja-avila-informa\/primer-ataque-de-lobo-en-piedrahta#primaryimage\",\"url\":\"https:\/\/www.asajacyl.com\/avila\/wp-content\/uploads\/sites\/4\/2017\/12\/ataquelobopiedrahita.jpg\",\"contentUrl\":\"https:\/\/www.asajacyl.com\/avila\/wp-content\/uploads\/sites\/4\/2017\/12\/ataquelobopiedrahita.jpg\",\"width\":1600,\"height\":1200},{\"@type\":\"BreadcrumbList\",\"@id\":\"https:\/\/www.asajacyl.com\/avila\/asaja-avila-informa\/primer-ataque-de-lobo-en-piedrahta#breadcrumb\",\"itemListElement\":[{\"@type\":\"ListItem\",\"position\":1,\"name\":\"Portada\",\"item\":\"https:\/\/www.asajacyl.com\/avila\/\"},{\"@type\":\"ListItem\",\"position\":2,\"name\":\"Primer ataque de lobo en Piedrah&#237;ta\"}]},{\"@type\":\"WebSite\",\"@id\":\"https:\/\/www.asajacyl.com\/avila\/#website\",\"url\":\"https:\/\/www.asajacyl.com\/avila\/\",\"name\":\"ASAJA \u00c1vila\",\"description\":\"Otro sitio m\u00e1s de Provincias ASAJA Castilla y Le\u00f3n\",\"potentialAction\":[{\"@type\":\"SearchAction\",\"target\":{\"@type\":\"EntryPoint\",\"urlTemplate\":\"https:\/\/www.asajacyl.com\/avila\/?s={search_term_string}\"},\"query-input\":{\"@type\":\"PropertyValueSpecification\",\"valueRequired\":true,\"valueName\":\"search_term_string\"}}],\"inLanguage\":\"es\"},{\"@type\":\"Person\",\"@id\":\"https:\/\/www.asajacyl.com\/avila\/#\/schema\/person\/7e884476cee132331142e8ac9689f20c\",\"name\":\"Editor\",\"image\":{\"@type\":\"ImageObject\",\"inLanguage\":\"es\",\"@id\":\"https:\/\/www.asajacyl.com\/avila\/#\/schema\/person\/image\/\",\"url\":\"https:\/\/secure.gravatar.com\/avatar\/a2ef43c165669686cfcfb0e1ffa59869?s=96&d=mm&r=g\",\"contentUrl\":\"https:\/\/secure.gravatar.com\/avatar\/a2ef43c165669686cfcfb0e1ffa59869?s=96&d=mm&r=g\",\"caption\":\"Editor\"},\"url\":\"https:\/\/www.asajacyl.com\/avila\/author\/oscargg\"}]}<\/script>\n<!-- \/ Yoast SEO plugin. -->","yoast_head_json":{"title":"Primer ataque de lobo en Piedrah&#237;ta - ASAJA \u00c1vila","description":"Los lobos contin&#250;an ampliando su territorio de caza y expandi&#233;ndose por la Sierra de Gredos, donde se est&#225;n registrando ataques en zonas donde nunca antes se hab&#237;an contabilizado bajas en el ganado por este motivo. As&#237; ha sucedido en Piedrah&#237;ta, donde el lobo ha matado un ternero de pocos d&#237;as de vida. Es la primera vez que los c&#225;nidos atacan en este municipio.","robots":{"index":"index","follow":"follow","max-snippet":"max-snippet:-1","max-image-preview":"max-image-preview:large","max-video-preview":"max-video-preview:-1"},"canonical":"https:\/\/www.asajacyl.com\/avila\/asaja-avila-informa\/primer-ataque-de-lobo-en-piedrahta","og_locale":"es_ES","og_type":"article","og_title":"Primer ataque de lobo en Piedrah&#237;ta - ASAJA \u00c1vila","og_description":"Los lobos contin&#250;an ampliando su territorio de caza y expandi&#233;ndose por la Sierra de Gredos, donde se est&#225;n registrando ataques en zonas donde nunca antes se hab&#237;an contabilizado bajas en el ganado por este motivo. As&#237; ha sucedido en Piedrah&#237;ta, donde el lobo ha matado un ternero de pocos d&#237;as de vida. Es la primera vez que los c&#225;nidos atacan en este municipio.","og_url":"https:\/\/www.asajacyl.com\/avila\/asaja-avila-informa\/primer-ataque-de-lobo-en-piedrahta","og_site_name":"ASAJA \u00c1vila","article_published_time":"2016-02-16T23:00:00+00:00","og_image":[{"width":1600,"height":1200,"url":"https:\/\/www.asajacyl.com\/avila\/wp-content\/uploads\/sites\/4\/2017\/12\/ataquelobopiedrahita.jpg","type":"image\/jpeg"}],"author":"Editor","twitter_card":"summary_large_image","twitter_misc":{"Escrito por":"Editor","Tiempo de lectura":"2 minutos"},"schema":{"@context":"https:\/\/schema.org","@graph":[{"@type":"WebPage","@id":"https:\/\/www.asajacyl.com\/avila\/asaja-avila-informa\/primer-ataque-de-lobo-en-piedrahta","url":"https:\/\/www.asajacyl.com\/avila\/asaja-avila-informa\/primer-ataque-de-lobo-en-piedrahta","name":"Primer ataque de lobo en Piedrah&#237;ta - ASAJA \u00c1vila","isPartOf":{"@id":"https:\/\/www.asajacyl.com\/avila\/#website"},"primaryImageOfPage":{"@id":"https:\/\/www.asajacyl.com\/avila\/asaja-avila-informa\/primer-ataque-de-lobo-en-piedrahta#primaryimage"},"image":{"@id":"https:\/\/www.asajacyl.com\/avila\/asaja-avila-informa\/primer-ataque-de-lobo-en-piedrahta#primaryimage"},"thumbnailUrl":"https:\/\/www.asajacyl.com\/avila\/wp-content\/uploads\/sites\/4\/2017\/12\/ataquelobopiedrahita.jpg","datePublished":"2016-02-16T23:00:00+00:00","author":{"@id":"https:\/\/www.asajacyl.com\/avila\/#\/schema\/person\/7e884476cee132331142e8ac9689f20c"},"description":"Los lobos contin&#250;an ampliando su territorio de caza y expandi&#233;ndose por la Sierra de Gredos, donde se est&#225;n registrando ataques en zonas donde nunca antes se hab&#237;an contabilizado bajas en el ganado por este motivo. As&#237; ha sucedido en Piedrah&#237;ta, donde el lobo ha matado un ternero de pocos d&#237;as de vida. Es la primera vez que los c&#225;nidos atacan en este municipio.","breadcrumb":{"@id":"https:\/\/www.asajacyl.com\/avila\/asaja-avila-informa\/primer-ataque-de-lobo-en-piedrahta#breadcrumb"},"inLanguage":"es","potentialAction":[{"@type":"ReadAction","target":["https:\/\/www.asajacyl.com\/avila\/asaja-avila-informa\/primer-ataque-de-lobo-en-piedrahta"]}]},{"@type":"ImageObject","inLanguage":"es","@id":"https:\/\/www.asajacyl.com\/avila\/asaja-avila-informa\/primer-ataque-de-lobo-en-piedrahta#primaryimage","url":"https:\/\/www.asajacyl.com\/avila\/wp-content\/uploads\/sites\/4\/2017\/12\/ataquelobopiedrahita.jpg","contentUrl":"https:\/\/www.asajacyl.com\/avila\/wp-content\/uploads\/sites\/4\/2017\/12\/ataquelobopiedrahita.jpg","width":1600,"height":1200},{"@type":"BreadcrumbList","@id":"https:\/\/www.asajacyl.com\/avila\/asaja-avila-informa\/primer-ataque-de-lobo-en-piedrahta#breadcrumb","itemListElement":[{"@type":"ListItem","position":1,"name":"Portada","item":"https:\/\/www.asajacyl.com\/avila\/"},{"@type":"ListItem","position":2,"name":"Primer ataque de lobo en Piedrah&#237;ta"}]},{"@type":"WebSite","@id":"https:\/\/www.asajacyl.com\/avila\/#website","url":"https:\/\/www.asajacyl.com\/avila\/","name":"ASAJA \u00c1vila","description":"Otro sitio m\u00e1s de Provincias ASAJA Castilla y Le\u00f3n","potentialAction":[{"@type":"SearchAction","target":{"@type":"EntryPoint","urlTemplate":"https:\/\/www.asajacyl.com\/avila\/?s={search_term_string}"},"query-input":{"@type":"PropertyValueSpecification","valueRequired":true,"valueName":"search_term_string"}}],"inLanguage":"es"},{"@type":"Person","@id":"https:\/\/www.asajacyl.com\/avila\/#\/schema\/person\/7e884476cee132331142e8ac9689f20c","name":"Editor","image":{"@type":"ImageObject","inLanguage":"es","@id":"https:\/\/www.asajacyl.com\/avila\/#\/schema\/person\/image\/","url":"https:\/\/secure.gravatar.com\/avatar\/a2ef43c165669686cfcfb0e1ffa59869?s=96&d=mm&r=g","contentUrl":"https:\/\/secure.gravatar.com\/avatar\/a2ef43c165669686cfcfb0e1ffa59869?s=96&d=mm&r=g","caption":"Editor"},"url":"https:\/\/www.asajacyl.com\/avila\/author\/oscargg"}]}},"_links":{"self":[{"href":"https:\/\/www.asajacyl.com\/avila\/wp-json\/wp\/v2\/posts\/1102"}],"collection":[{"href":"https:\/\/www.asajacyl.com\/avila\/wp-json\/wp\/v2\/posts"}],"about":[{"href":"https:\/\/www.asajacyl.com\/avila\/wp-json\/wp\/v2\/types\/post"}],"author":[{"embeddable":true,"href":"https:\/\/www.asajacyl.com\/avila\/wp-json\/wp\/v2\/users\/3"}],"replies":[{"embeddable":true,"href":"https:\/\/www.asajacyl.com\/avila\/wp-json\/wp\/v2\/comments?post=1102"}],"version-history":[{"count":0,"href":"https:\/\/www.asajacyl.com\/avila\/wp-json\/wp\/v2\/posts\/1102\/revisions"}],"wp:featuredmedia":[{"embeddable":true,"href":"https:\/\/www.asajacyl.com\/avila\/wp-json\/wp\/v2\/media\/1103"}],"wp:attachment":[{"href":"https:\/\/www.asajacyl.com\/avila\/wp-json\/wp\/v2\/media?parent=1102"}],"wp:term":[{"taxonomy":"category","embeddable":true,"href":"https:\/\/www.asajacyl.com\/avila\/wp-json\/wp\/v2\/categories?post=1102"},{"taxonomy":"post_tag","embeddable":true,"href":"https:\/\/www.asajacyl.com\/avila\/wp-json\/wp\/v2\/tags?post=1102"}],"curies":[{"name":"wp","href":"https:\/\/api.w.org\/{rel}","templated":true}]}}