{"id":1140,"date":"2015-12-02T00:00:00","date_gmt":"2015-12-01T23:00:00","guid":{"rendered":"http:\/\/www.asajacyl.com\/avila\/sin-categoria\/asaja-denuncia-que-los-bajos-precios-de-la-leche-de-cabra-abocan-a-la-desaparicin-de-las-granjas-de-caprino-de-leche"},"modified":"2015-12-02T00:00:00","modified_gmt":"2015-12-01T23:00:00","slug":"asaja-denuncia-que-los-bajos-precios-de-la-leche-de-cabra-abocan-a-la-desaparicin-de-las-granjas-de-caprino-de-leche","status":"publish","type":"post","link":"https:\/\/www.asajacyl.com\/avila\/asaja-avila-informa\/asaja-denuncia-que-los-bajos-precios-de-la-leche-de-cabra-abocan-a-la-desaparicin-de-las-granjas-de-caprino-de-leche","title":{"rendered":"ASAJA denuncia que los bajos precios de la leche de cabra abocan a la desaparici&#243;n de las granjas de caprino de leche"},"content":{"rendered":"<h2>La Asociaci&#243;n Agraria J&#243;venes Agricultores (ASAJA) de &#193;vila denuncia la asfixiante situaci&#243;n que est&#225;n atravesando las granjas de caprino en la provincia debido a la ca&#237;da en picado de los precios de la leche de cabra durante este a&#241;o. El a&#241;o pasado, el precio medio del litro de leche se situ&#243; en torno a los 90 c&#233;ntimos, y este a&#241;o se sit&#250;a entre los 45 y los 65 c&#233;ntimos, lo que supone una ca&#237;da de entre el 35 y el 50% que ha puesto en jaque la viabilidad de las explotaciones, que est&#225;n trabajando a p&#233;rdidas y no consiguen cubrir los costes de producci&#243;n.<\/h2>\n<p class=\"cuerponoticia\" style=\"text-align:justify\">\nLa Asociaci&#243;n Agraria <i>J&#243;venes Agricultores <\/i>(ASAJA) de &#193;vila denuncia la asfixiante situaci&#243;n que est&#225;n atravesando las granjas de caprino en la provincia debido a la ca&#237;da en picado de los precios de la leche de cabra durante este a&#241;o. El a&#241;o pasado, el precio medio del litro de leche se situ&#243; en torno a los 90 c&#233;ntimos, y este a&#241;o se sit&#250;a entre los 45 y los 65 c&#233;ntimos, lo que supone una ca&#237;da de entre el 35 y el 50% que ha puesto en jaque la viabilidad de las explotaciones, que est&#225;n trabajando a p&#233;rdidas y no consiguen cubrir los costes de producci&#243;n. &#160;<\/p>\n<p class=\"cuerponoticia\" style=\"text-align:justify;text-indent:35.4pt\">\nEn 2014, por estas fechas, el precio del <i>punto de extracci&#243;n quesera (EQ)*<\/i> fue de 9 c&#233;ntimos, y ahora no supera los 6 c&#233;ntimos, lo que supone que, de media, se haya pasado de cobrar unos 90 c&#233;ntimos de euro por litro de leche de cabra a percibir entre 45 y 65 c&#233;ntimos de euro por litro. Para que una explotaci&#243;n sea viable, el precio del EQ debe situarse por encima de los 8 c&#233;ntimos.<\/p>\n<p class=\"cuerponoticia\" style=\"text-align:justify;text-indent:35.4pt\">\nLos ganaderos lamentan la actitud dictatorial y abusiva de una industria l&#225;ctea cada vez intenta comprar m&#225;s barata la leche para sacar el m&#225;ximo margen comercial a costa del beneficio que corresponde a las explotaciones. Pese a que la demanda de leche de cabra es creciente tanto en Espa&#241;a como en el resto de Europa y muy especialmente en el continente asi&#225;tico &#8211;especialmente en China-, la industria alega que no existe tal demanda y que hay excedente de producto en el mercado, con lo que reduce los precios al ganadero, mantiene el precio de venta en el mercado y gana m&#225;s dinero a costa del margen de beneficio con el que sobreviven las granjas de caprino, ahog&#225;ndolas y aboc&#225;ndolas al cierre.<\/p>\n<p class=\"cuerponoticia\" style=\"text-align:justify;text-indent:35.4pt\">\nA los abusos de la industria l&#225;ctea, tanto la espa&#241;ola como la francesa, en el pago de precios miserables a los ganaderos, se suman otros problemas, como el saneamiento ganadero o el incremento de los costes de producci&#243;n, especialmente el encarecimiento del forraje y los piensos y del consumo el&#233;ctrico.<\/p>\n<p class=\"cuerponoticia\" style=\"text-align:justify;text-indent:35.4pt\">\nPor ello, ASAJA demanda a las Administraciones p&#250;blicas que tomen cartas en el asunto de forma inmediata para garantizar la viabilidad de las explotaciones de caprino de leche de &#193;vila. En concreto, solicita que al Ministerio de Agricultura, Alimentaci&#243;n y Medio Ambiente que aplique lo que corresponda de la Ley de Medidas para mejorar el funcionamiento de la Cadena Alimentaria, aprobada hace dos meses, y que ordene investigar esta situaci&#243;n a la Agencia de Informaci&#243;n y Control Alimentario (AICA) y al Observatorio de Precios de los Alimentos.<\/p>\n<p class=\"cuerponoticia\" style=\"text-align:justify;text-indent:35.4pt\">\n&#160;La organizaci&#243;n agraria tambi&#233;n pide a la industria que rebaje sus m&#225;rgenes comerciales y sea justa con los productores, para que &#233;stos puedan vivir dignamente de su trabajo.<\/p>\n<p class=\"cuerponoticia\" style=\"text-align:justify;text-indent:35.4pt\">\nHace seis a&#241;os, recuerda ASAJA, una grave crisis de precios similar a la que se est&#225; produciendo ahora oblig&#243; a cientos de explotaciones de caprino de leche a echar el cierre, con la consiguiente destrucci&#243;n de empleo y p&#233;rdida de poblaci&#243;n en el medio rural, que conllev&#243; tambi&#233;n un encarecimiento del precio de la leche de cabra.<\/p>\n<p class=\"cuerponoticia\" style=\"text-align:justify\">\n<i>&#160;&#160;&#160;&#160;&#160;&#160;&#160;&#160;&#160;&#160;&#160; &#160;* Punto de Extracci&#243;n Quesera: es la suma de grasa y prote&#237;na que contiene la leche de cabra, y var&#237;a en funci&#243;n de la &#233;poca del a&#241;o, siendo mayor en invierno. Se utiliza para calcular el precio de la leche. Un litro de leche, dependiendo de la &#233;poca del a&#241;o, suele tener entre 8 y 10 puntos de extracci&#243;n quesera. &#160;&#160;<\/i><\/p>\n","protected":false},"excerpt":{"rendered":"<p>La Asociaci&#243;n Agraria J&#243;venes Agricultores (ASAJA) de &#193;vila denuncia la asfixiante situaci&#243;n que est&#225;n atravesando las granjas de caprino en la provincia debido a la ca&#237;da en picado de los precios de la leche de cabra durante este a&#241;o. El a&#241;o pasado, el precio medio del litro de leche se situ&#243; en torno a los 90 c&#233;ntimos, y este a&#241;o se sit&#250;a entre los 45 y los 65 c&#233;ntimos, lo que supone una ca&#237;da de entre el 35 y el 50% que ha puesto en jaque la viabilidad de las explotaciones, que est&#225;n trabajando a p&#233;rdidas y no consiguen cubrir los costes de producci&#243;n.<\/p>\n","protected":false},"author":3,"featured_media":1141,"comment_status":"open","ping_status":"open","sticky":false,"template":"","format":"standard","meta":{"footnotes":""},"categories":[8,18],"tags":[],"yoast_head":"<!-- This site is optimized with the Yoast SEO plugin v24.5 - https:\/\/yoast.com\/wordpress\/plugins\/seo\/ -->\n<title>ASAJA denuncia que los bajos precios de la leche de cabra abocan a la desaparici&#243;n de las granjas de caprino de leche - ASAJA \u00c1vila<\/title>\n<meta name=\"description\" content=\"La Asociaci&#243;n Agraria J&#243;venes Agricultores (ASAJA) de &#193;vila denuncia la asfixiante situaci&#243;n que est&#225;n atravesando las granjas de caprino en la provincia debido a la ca&#237;da en picado de los precios de la leche de cabra durante este a&#241;o. El a&#241;o pasado, el precio medio del litro de leche se situ&#243; en torno a los 90 c&#233;ntimos, y este a&#241;o se sit&#250;a entre los 45 y los 65 c&#233;ntimos, lo que supone una ca&#237;da de entre el 35 y el 50% que ha puesto en jaque la viabilidad de las explotaciones, que est&#225;n trabajando a p&#233;rdidas y no consiguen cubrir los costes de producci&#243;n.\" \/>\n<meta name=\"robots\" content=\"index, follow, max-snippet:-1, max-image-preview:large, max-video-preview:-1\" \/>\n<link rel=\"canonical\" href=\"https:\/\/www.asajacyl.com\/avila\/asaja-avila-informa\/asaja-denuncia-que-los-bajos-precios-de-la-leche-de-cabra-abocan-a-la-desaparicin-de-las-granjas-de-caprino-de-leche\" \/>\n<meta property=\"og:locale\" content=\"es_ES\" \/>\n<meta property=\"og:type\" content=\"article\" \/>\n<meta property=\"og:title\" content=\"ASAJA denuncia que los bajos precios de la leche de cabra abocan a la desaparici&#243;n de las granjas de caprino de leche - ASAJA \u00c1vila\" \/>\n<meta property=\"og:description\" content=\"La Asociaci&#243;n Agraria J&#243;venes Agricultores (ASAJA) de &#193;vila denuncia la asfixiante situaci&#243;n que est&#225;n atravesando las granjas de caprino en la provincia debido a la ca&#237;da en picado de los precios de la leche de cabra durante este a&#241;o. El a&#241;o pasado, el precio medio del litro de leche se situ&#243; en torno a los 90 c&#233;ntimos, y este a&#241;o se sit&#250;a entre los 45 y los 65 c&#233;ntimos, lo que supone una ca&#237;da de entre el 35 y el 50% que ha puesto en jaque la viabilidad de las explotaciones, que est&#225;n trabajando a p&#233;rdidas y no consiguen cubrir los costes de producci&#243;n.\" \/>\n<meta property=\"og:url\" content=\"https:\/\/www.asajacyl.com\/avila\/asaja-avila-informa\/asaja-denuncia-que-los-bajos-precios-de-la-leche-de-cabra-abocan-a-la-desaparicin-de-las-granjas-de-caprino-de-leche\" \/>\n<meta property=\"og:site_name\" content=\"ASAJA \u00c1vila\" \/>\n<meta property=\"article:published_time\" content=\"2015-12-01T23:00:00+00:00\" \/>\n<meta property=\"og:image\" content=\"https:\/\/www.asajacyl.com\/avila\/wp-content\/uploads\/sites\/4\/2017\/12\/montealijar_cabraserranadeGuadarrama5-1024x768.jpg\" \/>\n\t<meta property=\"og:image:width\" content=\"1024\" \/>\n\t<meta property=\"og:image:height\" content=\"768\" \/>\n\t<meta property=\"og:image:type\" content=\"image\/jpeg\" \/>\n<meta name=\"author\" content=\"Editor\" \/>\n<meta name=\"twitter:card\" content=\"summary_large_image\" \/>\n<meta name=\"twitter:label1\" content=\"Escrito por\" \/>\n\t<meta name=\"twitter:data1\" content=\"Editor\" \/>\n\t<meta name=\"twitter:label2\" content=\"Tiempo de lectura\" \/>\n\t<meta name=\"twitter:data2\" content=\"4 minutos\" \/>\n<script type=\"application\/ld+json\" class=\"yoast-schema-graph\">{\"@context\":\"https:\/\/schema.org\",\"@graph\":[{\"@type\":\"WebPage\",\"@id\":\"https:\/\/www.asajacyl.com\/avila\/asaja-avila-informa\/asaja-denuncia-que-los-bajos-precios-de-la-leche-de-cabra-abocan-a-la-desaparicin-de-las-granjas-de-caprino-de-leche\",\"url\":\"https:\/\/www.asajacyl.com\/avila\/asaja-avila-informa\/asaja-denuncia-que-los-bajos-precios-de-la-leche-de-cabra-abocan-a-la-desaparicin-de-las-granjas-de-caprino-de-leche\",\"name\":\"ASAJA denuncia que los bajos precios de la leche de cabra abocan a la desaparici&#243;n de las granjas de caprino de leche - ASAJA \u00c1vila\",\"isPartOf\":{\"@id\":\"https:\/\/www.asajacyl.com\/avila\/#website\"},\"primaryImageOfPage\":{\"@id\":\"https:\/\/www.asajacyl.com\/avila\/asaja-avila-informa\/asaja-denuncia-que-los-bajos-precios-de-la-leche-de-cabra-abocan-a-la-desaparicin-de-las-granjas-de-caprino-de-leche#primaryimage\"},\"image\":{\"@id\":\"https:\/\/www.asajacyl.com\/avila\/asaja-avila-informa\/asaja-denuncia-que-los-bajos-precios-de-la-leche-de-cabra-abocan-a-la-desaparicin-de-las-granjas-de-caprino-de-leche#primaryimage\"},\"thumbnailUrl\":\"https:\/\/www.asajacyl.com\/avila\/wp-content\/uploads\/sites\/4\/2017\/12\/montealijar_cabraserranadeGuadarrama5.jpg\",\"datePublished\":\"2015-12-01T23:00:00+00:00\",\"author\":{\"@id\":\"https:\/\/www.asajacyl.com\/avila\/#\/schema\/person\/7e884476cee132331142e8ac9689f20c\"},\"description\":\"La Asociaci&#243;n Agraria J&#243;venes Agricultores (ASAJA) de &#193;vila denuncia la asfixiante situaci&#243;n que est&#225;n atravesando las granjas de caprino en la provincia debido a la ca&#237;da en picado de los precios de la leche de cabra durante este a&#241;o. El a&#241;o pasado, el precio medio del litro de leche se situ&#243; en torno a los 90 c&#233;ntimos, y este a&#241;o se sit&#250;a entre los 45 y los 65 c&#233;ntimos, lo que supone una ca&#237;da de entre el 35 y el 50% que ha puesto en jaque la viabilidad de las explotaciones, que est&#225;n trabajando a p&#233;rdidas y no consiguen cubrir los costes de producci&#243;n.\",\"breadcrumb\":{\"@id\":\"https:\/\/www.asajacyl.com\/avila\/asaja-avila-informa\/asaja-denuncia-que-los-bajos-precios-de-la-leche-de-cabra-abocan-a-la-desaparicin-de-las-granjas-de-caprino-de-leche#breadcrumb\"},\"inLanguage\":\"es\",\"potentialAction\":[{\"@type\":\"ReadAction\",\"target\":[\"https:\/\/www.asajacyl.com\/avila\/asaja-avila-informa\/asaja-denuncia-que-los-bajos-precios-de-la-leche-de-cabra-abocan-a-la-desaparicin-de-las-granjas-de-caprino-de-leche\"]}]},{\"@type\":\"ImageObject\",\"inLanguage\":\"es\",\"@id\":\"https:\/\/www.asajacyl.com\/avila\/asaja-avila-informa\/asaja-denuncia-que-los-bajos-precios-de-la-leche-de-cabra-abocan-a-la-desaparicin-de-las-granjas-de-caprino-de-leche#primaryimage\",\"url\":\"https:\/\/www.asajacyl.com\/avila\/wp-content\/uploads\/sites\/4\/2017\/12\/montealijar_cabraserranadeGuadarrama5.jpg\",\"contentUrl\":\"https:\/\/www.asajacyl.com\/avila\/wp-content\/uploads\/sites\/4\/2017\/12\/montealijar_cabraserranadeGuadarrama5.jpg\",\"width\":3264,\"height\":2448},{\"@type\":\"BreadcrumbList\",\"@id\":\"https:\/\/www.asajacyl.com\/avila\/asaja-avila-informa\/asaja-denuncia-que-los-bajos-precios-de-la-leche-de-cabra-abocan-a-la-desaparicin-de-las-granjas-de-caprino-de-leche#breadcrumb\",\"itemListElement\":[{\"@type\":\"ListItem\",\"position\":1,\"name\":\"Portada\",\"item\":\"https:\/\/www.asajacyl.com\/avila\/\"},{\"@type\":\"ListItem\",\"position\":2,\"name\":\"ASAJA denuncia que los bajos precios de la leche de cabra abocan a la desaparici&#243;n de las granjas de caprino de leche\"}]},{\"@type\":\"WebSite\",\"@id\":\"https:\/\/www.asajacyl.com\/avila\/#website\",\"url\":\"https:\/\/www.asajacyl.com\/avila\/\",\"name\":\"ASAJA \u00c1vila\",\"description\":\"Otro sitio m\u00e1s de Provincias ASAJA Castilla y Le\u00f3n\",\"potentialAction\":[{\"@type\":\"SearchAction\",\"target\":{\"@type\":\"EntryPoint\",\"urlTemplate\":\"https:\/\/www.asajacyl.com\/avila\/?s={search_term_string}\"},\"query-input\":{\"@type\":\"PropertyValueSpecification\",\"valueRequired\":true,\"valueName\":\"search_term_string\"}}],\"inLanguage\":\"es\"},{\"@type\":\"Person\",\"@id\":\"https:\/\/www.asajacyl.com\/avila\/#\/schema\/person\/7e884476cee132331142e8ac9689f20c\",\"name\":\"Editor\",\"image\":{\"@type\":\"ImageObject\",\"inLanguage\":\"es\",\"@id\":\"https:\/\/www.asajacyl.com\/avila\/#\/schema\/person\/image\/\",\"url\":\"https:\/\/secure.gravatar.com\/avatar\/a2ef43c165669686cfcfb0e1ffa59869?s=96&d=mm&r=g\",\"contentUrl\":\"https:\/\/secure.gravatar.com\/avatar\/a2ef43c165669686cfcfb0e1ffa59869?s=96&d=mm&r=g\",\"caption\":\"Editor\"},\"url\":\"https:\/\/www.asajacyl.com\/avila\/author\/oscargg\"}]}<\/script>\n<!-- \/ Yoast SEO plugin. -->","yoast_head_json":{"title":"ASAJA denuncia que los bajos precios de la leche de cabra abocan a la desaparici&#243;n de las granjas de caprino de leche - ASAJA \u00c1vila","description":"La Asociaci&#243;n Agraria J&#243;venes Agricultores (ASAJA) de &#193;vila denuncia la asfixiante situaci&#243;n que est&#225;n atravesando las granjas de caprino en la provincia debido a la ca&#237;da en picado de los precios de la leche de cabra durante este a&#241;o. El a&#241;o pasado, el precio medio del litro de leche se situ&#243; en torno a los 90 c&#233;ntimos, y este a&#241;o se sit&#250;a entre los 45 y los 65 c&#233;ntimos, lo que supone una ca&#237;da de entre el 35 y el 50% que ha puesto en jaque la viabilidad de las explotaciones, que est&#225;n trabajando a p&#233;rdidas y no consiguen cubrir los costes de producci&#243;n.","robots":{"index":"index","follow":"follow","max-snippet":"max-snippet:-1","max-image-preview":"max-image-preview:large","max-video-preview":"max-video-preview:-1"},"canonical":"https:\/\/www.asajacyl.com\/avila\/asaja-avila-informa\/asaja-denuncia-que-los-bajos-precios-de-la-leche-de-cabra-abocan-a-la-desaparicin-de-las-granjas-de-caprino-de-leche","og_locale":"es_ES","og_type":"article","og_title":"ASAJA denuncia que los bajos precios de la leche de cabra abocan a la desaparici&#243;n de las granjas de caprino de leche - ASAJA \u00c1vila","og_description":"La Asociaci&#243;n Agraria J&#243;venes Agricultores (ASAJA) de &#193;vila denuncia la asfixiante situaci&#243;n que est&#225;n atravesando las granjas de caprino en la provincia debido a la ca&#237;da en picado de los precios de la leche de cabra durante este a&#241;o. El a&#241;o pasado, el precio medio del litro de leche se situ&#243; en torno a los 90 c&#233;ntimos, y este a&#241;o se sit&#250;a entre los 45 y los 65 c&#233;ntimos, lo que supone una ca&#237;da de entre el 35 y el 50% que ha puesto en jaque la viabilidad de las explotaciones, que est&#225;n trabajando a p&#233;rdidas y no consiguen cubrir los costes de producci&#243;n.","og_url":"https:\/\/www.asajacyl.com\/avila\/asaja-avila-informa\/asaja-denuncia-que-los-bajos-precios-de-la-leche-de-cabra-abocan-a-la-desaparicin-de-las-granjas-de-caprino-de-leche","og_site_name":"ASAJA \u00c1vila","article_published_time":"2015-12-01T23:00:00+00:00","og_image":[{"width":1024,"height":768,"url":"https:\/\/www.asajacyl.com\/avila\/wp-content\/uploads\/sites\/4\/2017\/12\/montealijar_cabraserranadeGuadarrama5-1024x768.jpg","type":"image\/jpeg"}],"author":"Editor","twitter_card":"summary_large_image","twitter_misc":{"Escrito por":"Editor","Tiempo de lectura":"4 minutos"},"schema":{"@context":"https:\/\/schema.org","@graph":[{"@type":"WebPage","@id":"https:\/\/www.asajacyl.com\/avila\/asaja-avila-informa\/asaja-denuncia-que-los-bajos-precios-de-la-leche-de-cabra-abocan-a-la-desaparicin-de-las-granjas-de-caprino-de-leche","url":"https:\/\/www.asajacyl.com\/avila\/asaja-avila-informa\/asaja-denuncia-que-los-bajos-precios-de-la-leche-de-cabra-abocan-a-la-desaparicin-de-las-granjas-de-caprino-de-leche","name":"ASAJA denuncia que los bajos precios de la leche de cabra abocan a la desaparici&#243;n de las granjas de caprino de leche - ASAJA \u00c1vila","isPartOf":{"@id":"https:\/\/www.asajacyl.com\/avila\/#website"},"primaryImageOfPage":{"@id":"https:\/\/www.asajacyl.com\/avila\/asaja-avila-informa\/asaja-denuncia-que-los-bajos-precios-de-la-leche-de-cabra-abocan-a-la-desaparicin-de-las-granjas-de-caprino-de-leche#primaryimage"},"image":{"@id":"https:\/\/www.asajacyl.com\/avila\/asaja-avila-informa\/asaja-denuncia-que-los-bajos-precios-de-la-leche-de-cabra-abocan-a-la-desaparicin-de-las-granjas-de-caprino-de-leche#primaryimage"},"thumbnailUrl":"https:\/\/www.asajacyl.com\/avila\/wp-content\/uploads\/sites\/4\/2017\/12\/montealijar_cabraserranadeGuadarrama5.jpg","datePublished":"2015-12-01T23:00:00+00:00","author":{"@id":"https:\/\/www.asajacyl.com\/avila\/#\/schema\/person\/7e884476cee132331142e8ac9689f20c"},"description":"La Asociaci&#243;n Agraria J&#243;venes Agricultores (ASAJA) de &#193;vila denuncia la asfixiante situaci&#243;n que est&#225;n atravesando las granjas de caprino en la provincia debido a la ca&#237;da en picado de los precios de la leche de cabra durante este a&#241;o. El a&#241;o pasado, el precio medio del litro de leche se situ&#243; en torno a los 90 c&#233;ntimos, y este a&#241;o se sit&#250;a entre los 45 y los 65 c&#233;ntimos, lo que supone una ca&#237;da de entre el 35 y el 50% que ha puesto en jaque la viabilidad de las explotaciones, que est&#225;n trabajando a p&#233;rdidas y no consiguen cubrir los costes de producci&#243;n.","breadcrumb":{"@id":"https:\/\/www.asajacyl.com\/avila\/asaja-avila-informa\/asaja-denuncia-que-los-bajos-precios-de-la-leche-de-cabra-abocan-a-la-desaparicin-de-las-granjas-de-caprino-de-leche#breadcrumb"},"inLanguage":"es","potentialAction":[{"@type":"ReadAction","target":["https:\/\/www.asajacyl.com\/avila\/asaja-avila-informa\/asaja-denuncia-que-los-bajos-precios-de-la-leche-de-cabra-abocan-a-la-desaparicin-de-las-granjas-de-caprino-de-leche"]}]},{"@type":"ImageObject","inLanguage":"es","@id":"https:\/\/www.asajacyl.com\/avila\/asaja-avila-informa\/asaja-denuncia-que-los-bajos-precios-de-la-leche-de-cabra-abocan-a-la-desaparicin-de-las-granjas-de-caprino-de-leche#primaryimage","url":"https:\/\/www.asajacyl.com\/avila\/wp-content\/uploads\/sites\/4\/2017\/12\/montealijar_cabraserranadeGuadarrama5.jpg","contentUrl":"https:\/\/www.asajacyl.com\/avila\/wp-content\/uploads\/sites\/4\/2017\/12\/montealijar_cabraserranadeGuadarrama5.jpg","width":3264,"height":2448},{"@type":"BreadcrumbList","@id":"https:\/\/www.asajacyl.com\/avila\/asaja-avila-informa\/asaja-denuncia-que-los-bajos-precios-de-la-leche-de-cabra-abocan-a-la-desaparicin-de-las-granjas-de-caprino-de-leche#breadcrumb","itemListElement":[{"@type":"ListItem","position":1,"name":"Portada","item":"https:\/\/www.asajacyl.com\/avila\/"},{"@type":"ListItem","position":2,"name":"ASAJA denuncia que los bajos precios de la leche de cabra abocan a la desaparici&#243;n de las granjas de caprino de leche"}]},{"@type":"WebSite","@id":"https:\/\/www.asajacyl.com\/avila\/#website","url":"https:\/\/www.asajacyl.com\/avila\/","name":"ASAJA \u00c1vila","description":"Otro sitio m\u00e1s de Provincias ASAJA Castilla y Le\u00f3n","potentialAction":[{"@type":"SearchAction","target":{"@type":"EntryPoint","urlTemplate":"https:\/\/www.asajacyl.com\/avila\/?s={search_term_string}"},"query-input":{"@type":"PropertyValueSpecification","valueRequired":true,"valueName":"search_term_string"}}],"inLanguage":"es"},{"@type":"Person","@id":"https:\/\/www.asajacyl.com\/avila\/#\/schema\/person\/7e884476cee132331142e8ac9689f20c","name":"Editor","image":{"@type":"ImageObject","inLanguage":"es","@id":"https:\/\/www.asajacyl.com\/avila\/#\/schema\/person\/image\/","url":"https:\/\/secure.gravatar.com\/avatar\/a2ef43c165669686cfcfb0e1ffa59869?s=96&d=mm&r=g","contentUrl":"https:\/\/secure.gravatar.com\/avatar\/a2ef43c165669686cfcfb0e1ffa59869?s=96&d=mm&r=g","caption":"Editor"},"url":"https:\/\/www.asajacyl.com\/avila\/author\/oscargg"}]}},"_links":{"self":[{"href":"https:\/\/www.asajacyl.com\/avila\/wp-json\/wp\/v2\/posts\/1140"}],"collection":[{"href":"https:\/\/www.asajacyl.com\/avila\/wp-json\/wp\/v2\/posts"}],"about":[{"href":"https:\/\/www.asajacyl.com\/avila\/wp-json\/wp\/v2\/types\/post"}],"author":[{"embeddable":true,"href":"https:\/\/www.asajacyl.com\/avila\/wp-json\/wp\/v2\/users\/3"}],"replies":[{"embeddable":true,"href":"https:\/\/www.asajacyl.com\/avila\/wp-json\/wp\/v2\/comments?post=1140"}],"version-history":[{"count":0,"href":"https:\/\/www.asajacyl.com\/avila\/wp-json\/wp\/v2\/posts\/1140\/revisions"}],"wp:featuredmedia":[{"embeddable":true,"href":"https:\/\/www.asajacyl.com\/avila\/wp-json\/wp\/v2\/media\/1141"}],"wp:attachment":[{"href":"https:\/\/www.asajacyl.com\/avila\/wp-json\/wp\/v2\/media?parent=1140"}],"wp:term":[{"taxonomy":"category","embeddable":true,"href":"https:\/\/www.asajacyl.com\/avila\/wp-json\/wp\/v2\/categories?post=1140"},{"taxonomy":"post_tag","embeddable":true,"href":"https:\/\/www.asajacyl.com\/avila\/wp-json\/wp\/v2\/tags?post=1140"}],"curies":[{"name":"wp","href":"https:\/\/api.w.org\/{rel}","templated":true}]}}