{"id":1605,"date":"2013-05-10T00:00:00","date_gmt":"2013-05-09T22:00:00","guid":{"rendered":"http:\/\/www.asajacyl.com\/avila\/sin-categoria\/asaja-reclama-a-la-junta-que-indemnice-como-dao-patrimonial-los-ataques-de-buitres-y-zorros"},"modified":"2013-05-10T00:00:00","modified_gmt":"2013-05-09T22:00:00","slug":"asaja-reclama-a-la-junta-que-indemnice-como-dao-patrimonial-los-ataques-de-buitres-y-zorros","status":"publish","type":"post","link":"https:\/\/www.asajacyl.com\/avila\/asaja-avila-informa\/asaja-reclama-a-la-junta-que-indemnice-como-dao-patrimonial-los-ataques-de-buitres-y-zorros","title":{"rendered":"ASAJA reclama a la Junta que indemnice como da&#241;o patrimonial los ataques de buitres y zorros"},"content":{"rendered":"<h2>La organizaci&#243;n profesional agraria respalda a los ganaderos afectados por este tipo de ataques, que se suceden cada vez con m&#225;s frecuencia<\/h2>\n<p style=\"text-align: center;\">\n<img decoding=\"async\" alt=\"\" src=\"\/avila\/wp-content\/uploads\/sites\/4\/2017\/12\/ataquezorromartiherrero.jpg\" style=\"width: 350px; height: 263px;\"\/><\/p>\n<p>\nLa Asociaci&#243;n Agraria <em>J&#243;venes Agricultores<\/em> (ASAJA) de &#193;vila ha reclamado a la Junta de Castilla y Le&#243;n que indemnice como corresponde a los ganaderos por los continuos ataques de buitres y zorros al ganado, de la misma manera que debe compensar al sector por el da&#241;o patrimonial sufrido por los ataques de lobos.<\/p>\n<p>\nASAJA lamenta la indefensi&#243;n del ganadero ante los continuos ataques de aves carro&#241;eras y de zorros, que suelen aprovechar el momento del parto para acabar con la vida de vacas y terneros, principalmente. &#201;ste es el caso de un ganadero, socio de ASAJA, que seg&#250;n traslad&#243; a la organizaci&#243;n profesional agraria vio c&#243;mo el zorro hu&#237;a tras acabar con la vida de una novilla cruzada en el t&#233;rmino municipal de Martiherrero.<\/p>\n<p>\nEn lo que va de a&#241;o, este ganadero ya ha sufrido tres ataques, con dos animales muertos, que atribuye a los zorros y que le han supuesto p&#233;rdidas econ&#243;micas que estima en 900 euros.<\/p>\n<p>\nLa organizaci&#243;n profesional agraria ha mostrado su respaldo a los afectados por este tipo de ataques, y exige a la Administraci&#243;n auton&#243;mica que se esfuerce por investigar y ponerles fin. Y es que la acci&#243;n de las aves carro&#241;eras y de los zorros que atacan el ganado vivo se produce cada vez con m&#225;s frecuencia, en el caso de los buitres por la mera supervivencia ya que no corresponda a los h&#225;bitos t&#237;picos de este animal.<\/p>\n<p>\nASAJA denuncia la penosa situaci&#243;n de los ganaderos, cuyo ganado vivo est&#225; expuesto a los ataques de buitres, zorros y lobos.&#160;<\/p>\n","protected":false},"excerpt":{"rendered":"<p>La organizaci&#243;n profesional agraria respalda a los ganaderos afectados por este tipo de ataques, que se suceden cada vez con m&#225;s frecuencia<\/p>\n","protected":false},"author":3,"featured_media":1606,"comment_status":"open","ping_status":"open","sticky":false,"template":"","format":"standard","meta":{"footnotes":""},"categories":[8,18],"tags":[],"yoast_head":"<!-- This site is optimized with the Yoast SEO plugin v24.5 - https:\/\/yoast.com\/wordpress\/plugins\/seo\/ -->\n<title>ASAJA reclama a la Junta que indemnice como da&#241;o patrimonial los ataques de buitres y zorros - ASAJA \u00c1vila<\/title>\n<meta name=\"description\" content=\"La organizaci&#243;n profesional agraria respalda a los ganaderos afectados por este tipo de ataques, que se suceden cada vez con m&#225;s frecuencia\" \/>\n<meta name=\"robots\" content=\"index, follow, max-snippet:-1, max-image-preview:large, max-video-preview:-1\" \/>\n<link rel=\"canonical\" href=\"https:\/\/www.asajacyl.com\/avila\/asaja-avila-informa\/asaja-reclama-a-la-junta-que-indemnice-como-dao-patrimonial-los-ataques-de-buitres-y-zorros\" \/>\n<meta property=\"og:locale\" content=\"es_ES\" \/>\n<meta property=\"og:type\" content=\"article\" \/>\n<meta property=\"og:title\" content=\"ASAJA reclama a la Junta que indemnice como da&#241;o patrimonial los ataques de buitres y zorros - ASAJA \u00c1vila\" \/>\n<meta property=\"og:description\" content=\"La organizaci&#243;n profesional agraria respalda a los ganaderos afectados por este tipo de ataques, que se suceden cada vez con m&#225;s frecuencia\" \/>\n<meta property=\"og:url\" content=\"https:\/\/www.asajacyl.com\/avila\/asaja-avila-informa\/asaja-reclama-a-la-junta-que-indemnice-como-dao-patrimonial-los-ataques-de-buitres-y-zorros\" \/>\n<meta property=\"og:site_name\" content=\"ASAJA \u00c1vila\" \/>\n<meta property=\"article:published_time\" content=\"2013-05-09T22:00:00+00:00\" \/>\n<meta property=\"og:image\" content=\"https:\/\/www.asajacyl.com\/avila\/wp-content\/uploads\/sites\/4\/2017\/12\/ataquezorromartiherrero.jpg\" \/>\n\t<meta property=\"og:image:width\" content=\"816\" \/>\n\t<meta property=\"og:image:height\" content=\"612\" \/>\n\t<meta property=\"og:image:type\" content=\"image\/jpeg\" \/>\n<meta name=\"author\" content=\"Editor\" \/>\n<meta name=\"twitter:card\" content=\"summary_large_image\" \/>\n<meta name=\"twitter:label1\" content=\"Escrito por\" \/>\n\t<meta name=\"twitter:data1\" content=\"Editor\" \/>\n\t<meta name=\"twitter:label2\" content=\"Tiempo de lectura\" \/>\n\t<meta name=\"twitter:data2\" content=\"2 minutos\" \/>\n<script type=\"application\/ld+json\" class=\"yoast-schema-graph\">{\"@context\":\"https:\/\/schema.org\",\"@graph\":[{\"@type\":\"WebPage\",\"@id\":\"https:\/\/www.asajacyl.com\/avila\/asaja-avila-informa\/asaja-reclama-a-la-junta-que-indemnice-como-dao-patrimonial-los-ataques-de-buitres-y-zorros\",\"url\":\"https:\/\/www.asajacyl.com\/avila\/asaja-avila-informa\/asaja-reclama-a-la-junta-que-indemnice-como-dao-patrimonial-los-ataques-de-buitres-y-zorros\",\"name\":\"ASAJA reclama a la Junta que indemnice como da&#241;o patrimonial los ataques de buitres y zorros - ASAJA \u00c1vila\",\"isPartOf\":{\"@id\":\"https:\/\/www.asajacyl.com\/avila\/#website\"},\"primaryImageOfPage\":{\"@id\":\"https:\/\/www.asajacyl.com\/avila\/asaja-avila-informa\/asaja-reclama-a-la-junta-que-indemnice-como-dao-patrimonial-los-ataques-de-buitres-y-zorros#primaryimage\"},\"image\":{\"@id\":\"https:\/\/www.asajacyl.com\/avila\/asaja-avila-informa\/asaja-reclama-a-la-junta-que-indemnice-como-dao-patrimonial-los-ataques-de-buitres-y-zorros#primaryimage\"},\"thumbnailUrl\":\"https:\/\/www.asajacyl.com\/avila\/wp-content\/uploads\/sites\/4\/2017\/12\/ataquezorromartiherrero.jpg\",\"datePublished\":\"2013-05-09T22:00:00+00:00\",\"author\":{\"@id\":\"https:\/\/www.asajacyl.com\/avila\/#\/schema\/person\/7e884476cee132331142e8ac9689f20c\"},\"description\":\"La organizaci&#243;n profesional agraria respalda a los ganaderos afectados por este tipo de ataques, que se suceden cada vez con m&#225;s frecuencia\",\"breadcrumb\":{\"@id\":\"https:\/\/www.asajacyl.com\/avila\/asaja-avila-informa\/asaja-reclama-a-la-junta-que-indemnice-como-dao-patrimonial-los-ataques-de-buitres-y-zorros#breadcrumb\"},\"inLanguage\":\"es\",\"potentialAction\":[{\"@type\":\"ReadAction\",\"target\":[\"https:\/\/www.asajacyl.com\/avila\/asaja-avila-informa\/asaja-reclama-a-la-junta-que-indemnice-como-dao-patrimonial-los-ataques-de-buitres-y-zorros\"]}]},{\"@type\":\"ImageObject\",\"inLanguage\":\"es\",\"@id\":\"https:\/\/www.asajacyl.com\/avila\/asaja-avila-informa\/asaja-reclama-a-la-junta-que-indemnice-como-dao-patrimonial-los-ataques-de-buitres-y-zorros#primaryimage\",\"url\":\"https:\/\/www.asajacyl.com\/avila\/wp-content\/uploads\/sites\/4\/2017\/12\/ataquezorromartiherrero.jpg\",\"contentUrl\":\"https:\/\/www.asajacyl.com\/avila\/wp-content\/uploads\/sites\/4\/2017\/12\/ataquezorromartiherrero.jpg\",\"width\":816,\"height\":612},{\"@type\":\"BreadcrumbList\",\"@id\":\"https:\/\/www.asajacyl.com\/avila\/asaja-avila-informa\/asaja-reclama-a-la-junta-que-indemnice-como-dao-patrimonial-los-ataques-de-buitres-y-zorros#breadcrumb\",\"itemListElement\":[{\"@type\":\"ListItem\",\"position\":1,\"name\":\"Portada\",\"item\":\"https:\/\/www.asajacyl.com\/avila\/\"},{\"@type\":\"ListItem\",\"position\":2,\"name\":\"ASAJA reclama a la Junta que indemnice como da&#241;o patrimonial los ataques de buitres y zorros\"}]},{\"@type\":\"WebSite\",\"@id\":\"https:\/\/www.asajacyl.com\/avila\/#website\",\"url\":\"https:\/\/www.asajacyl.com\/avila\/\",\"name\":\"ASAJA \u00c1vila\",\"description\":\"Otro sitio m\u00e1s de Provincias ASAJA Castilla y Le\u00f3n\",\"potentialAction\":[{\"@type\":\"SearchAction\",\"target\":{\"@type\":\"EntryPoint\",\"urlTemplate\":\"https:\/\/www.asajacyl.com\/avila\/?s={search_term_string}\"},\"query-input\":{\"@type\":\"PropertyValueSpecification\",\"valueRequired\":true,\"valueName\":\"search_term_string\"}}],\"inLanguage\":\"es\"},{\"@type\":\"Person\",\"@id\":\"https:\/\/www.asajacyl.com\/avila\/#\/schema\/person\/7e884476cee132331142e8ac9689f20c\",\"name\":\"Editor\",\"image\":{\"@type\":\"ImageObject\",\"inLanguage\":\"es\",\"@id\":\"https:\/\/www.asajacyl.com\/avila\/#\/schema\/person\/image\/\",\"url\":\"https:\/\/secure.gravatar.com\/avatar\/a2ef43c165669686cfcfb0e1ffa59869?s=96&d=mm&r=g\",\"contentUrl\":\"https:\/\/secure.gravatar.com\/avatar\/a2ef43c165669686cfcfb0e1ffa59869?s=96&d=mm&r=g\",\"caption\":\"Editor\"},\"url\":\"https:\/\/www.asajacyl.com\/avila\/author\/oscargg\"}]}<\/script>\n<!-- \/ Yoast SEO plugin. -->","yoast_head_json":{"title":"ASAJA reclama a la Junta que indemnice como da&#241;o patrimonial los ataques de buitres y zorros - ASAJA \u00c1vila","description":"La organizaci&#243;n profesional agraria respalda a los ganaderos afectados por este tipo de ataques, que se suceden cada vez con m&#225;s frecuencia","robots":{"index":"index","follow":"follow","max-snippet":"max-snippet:-1","max-image-preview":"max-image-preview:large","max-video-preview":"max-video-preview:-1"},"canonical":"https:\/\/www.asajacyl.com\/avila\/asaja-avila-informa\/asaja-reclama-a-la-junta-que-indemnice-como-dao-patrimonial-los-ataques-de-buitres-y-zorros","og_locale":"es_ES","og_type":"article","og_title":"ASAJA reclama a la Junta que indemnice como da&#241;o patrimonial los ataques de buitres y zorros - ASAJA \u00c1vila","og_description":"La organizaci&#243;n profesional agraria respalda a los ganaderos afectados por este tipo de ataques, que se suceden cada vez con m&#225;s frecuencia","og_url":"https:\/\/www.asajacyl.com\/avila\/asaja-avila-informa\/asaja-reclama-a-la-junta-que-indemnice-como-dao-patrimonial-los-ataques-de-buitres-y-zorros","og_site_name":"ASAJA \u00c1vila","article_published_time":"2013-05-09T22:00:00+00:00","og_image":[{"width":816,"height":612,"url":"https:\/\/www.asajacyl.com\/avila\/wp-content\/uploads\/sites\/4\/2017\/12\/ataquezorromartiherrero.jpg","type":"image\/jpeg"}],"author":"Editor","twitter_card":"summary_large_image","twitter_misc":{"Escrito por":"Editor","Tiempo de lectura":"2 minutos"},"schema":{"@context":"https:\/\/schema.org","@graph":[{"@type":"WebPage","@id":"https:\/\/www.asajacyl.com\/avila\/asaja-avila-informa\/asaja-reclama-a-la-junta-que-indemnice-como-dao-patrimonial-los-ataques-de-buitres-y-zorros","url":"https:\/\/www.asajacyl.com\/avila\/asaja-avila-informa\/asaja-reclama-a-la-junta-que-indemnice-como-dao-patrimonial-los-ataques-de-buitres-y-zorros","name":"ASAJA reclama a la Junta que indemnice como da&#241;o patrimonial los ataques de buitres y zorros - ASAJA \u00c1vila","isPartOf":{"@id":"https:\/\/www.asajacyl.com\/avila\/#website"},"primaryImageOfPage":{"@id":"https:\/\/www.asajacyl.com\/avila\/asaja-avila-informa\/asaja-reclama-a-la-junta-que-indemnice-como-dao-patrimonial-los-ataques-de-buitres-y-zorros#primaryimage"},"image":{"@id":"https:\/\/www.asajacyl.com\/avila\/asaja-avila-informa\/asaja-reclama-a-la-junta-que-indemnice-como-dao-patrimonial-los-ataques-de-buitres-y-zorros#primaryimage"},"thumbnailUrl":"https:\/\/www.asajacyl.com\/avila\/wp-content\/uploads\/sites\/4\/2017\/12\/ataquezorromartiherrero.jpg","datePublished":"2013-05-09T22:00:00+00:00","author":{"@id":"https:\/\/www.asajacyl.com\/avila\/#\/schema\/person\/7e884476cee132331142e8ac9689f20c"},"description":"La organizaci&#243;n profesional agraria respalda a los ganaderos afectados por este tipo de ataques, que se suceden cada vez con m&#225;s frecuencia","breadcrumb":{"@id":"https:\/\/www.asajacyl.com\/avila\/asaja-avila-informa\/asaja-reclama-a-la-junta-que-indemnice-como-dao-patrimonial-los-ataques-de-buitres-y-zorros#breadcrumb"},"inLanguage":"es","potentialAction":[{"@type":"ReadAction","target":["https:\/\/www.asajacyl.com\/avila\/asaja-avila-informa\/asaja-reclama-a-la-junta-que-indemnice-como-dao-patrimonial-los-ataques-de-buitres-y-zorros"]}]},{"@type":"ImageObject","inLanguage":"es","@id":"https:\/\/www.asajacyl.com\/avila\/asaja-avila-informa\/asaja-reclama-a-la-junta-que-indemnice-como-dao-patrimonial-los-ataques-de-buitres-y-zorros#primaryimage","url":"https:\/\/www.asajacyl.com\/avila\/wp-content\/uploads\/sites\/4\/2017\/12\/ataquezorromartiherrero.jpg","contentUrl":"https:\/\/www.asajacyl.com\/avila\/wp-content\/uploads\/sites\/4\/2017\/12\/ataquezorromartiherrero.jpg","width":816,"height":612},{"@type":"BreadcrumbList","@id":"https:\/\/www.asajacyl.com\/avila\/asaja-avila-informa\/asaja-reclama-a-la-junta-que-indemnice-como-dao-patrimonial-los-ataques-de-buitres-y-zorros#breadcrumb","itemListElement":[{"@type":"ListItem","position":1,"name":"Portada","item":"https:\/\/www.asajacyl.com\/avila\/"},{"@type":"ListItem","position":2,"name":"ASAJA reclama a la Junta que indemnice como da&#241;o patrimonial los ataques de buitres y zorros"}]},{"@type":"WebSite","@id":"https:\/\/www.asajacyl.com\/avila\/#website","url":"https:\/\/www.asajacyl.com\/avila\/","name":"ASAJA \u00c1vila","description":"Otro sitio m\u00e1s de Provincias ASAJA Castilla y Le\u00f3n","potentialAction":[{"@type":"SearchAction","target":{"@type":"EntryPoint","urlTemplate":"https:\/\/www.asajacyl.com\/avila\/?s={search_term_string}"},"query-input":{"@type":"PropertyValueSpecification","valueRequired":true,"valueName":"search_term_string"}}],"inLanguage":"es"},{"@type":"Person","@id":"https:\/\/www.asajacyl.com\/avila\/#\/schema\/person\/7e884476cee132331142e8ac9689f20c","name":"Editor","image":{"@type":"ImageObject","inLanguage":"es","@id":"https:\/\/www.asajacyl.com\/avila\/#\/schema\/person\/image\/","url":"https:\/\/secure.gravatar.com\/avatar\/a2ef43c165669686cfcfb0e1ffa59869?s=96&d=mm&r=g","contentUrl":"https:\/\/secure.gravatar.com\/avatar\/a2ef43c165669686cfcfb0e1ffa59869?s=96&d=mm&r=g","caption":"Editor"},"url":"https:\/\/www.asajacyl.com\/avila\/author\/oscargg"}]}},"_links":{"self":[{"href":"https:\/\/www.asajacyl.com\/avila\/wp-json\/wp\/v2\/posts\/1605"}],"collection":[{"href":"https:\/\/www.asajacyl.com\/avila\/wp-json\/wp\/v2\/posts"}],"about":[{"href":"https:\/\/www.asajacyl.com\/avila\/wp-json\/wp\/v2\/types\/post"}],"author":[{"embeddable":true,"href":"https:\/\/www.asajacyl.com\/avila\/wp-json\/wp\/v2\/users\/3"}],"replies":[{"embeddable":true,"href":"https:\/\/www.asajacyl.com\/avila\/wp-json\/wp\/v2\/comments?post=1605"}],"version-history":[{"count":0,"href":"https:\/\/www.asajacyl.com\/avila\/wp-json\/wp\/v2\/posts\/1605\/revisions"}],"wp:featuredmedia":[{"embeddable":true,"href":"https:\/\/www.asajacyl.com\/avila\/wp-json\/wp\/v2\/media\/1606"}],"wp:attachment":[{"href":"https:\/\/www.asajacyl.com\/avila\/wp-json\/wp\/v2\/media?parent=1605"}],"wp:term":[{"taxonomy":"category","embeddable":true,"href":"https:\/\/www.asajacyl.com\/avila\/wp-json\/wp\/v2\/categories?post=1605"},{"taxonomy":"post_tag","embeddable":true,"href":"https:\/\/www.asajacyl.com\/avila\/wp-json\/wp\/v2\/tags?post=1605"}],"curies":[{"name":"wp","href":"https:\/\/api.w.org\/{rel}","templated":true}]}}