{"id":1680,"date":"2017-09-28T00:00:00","date_gmt":"2017-09-27T22:00:00","guid":{"rendered":"http:\/\/www.asajacyl.com\/avila\/sin-categoria\/los-ganaderos-son-los-ms-perjudicados-tras-un-incendio-forestal"},"modified":"2017-09-28T00:00:00","modified_gmt":"2017-09-27T22:00:00","slug":"los-ganaderos-son-los-ms-perjudicados-tras-un-incendio-forestal","status":"publish","type":"post","link":"https:\/\/www.asajacyl.com\/avila\/asaja-avila-informa\/los-ganaderos-son-los-ms-perjudicados-tras-un-incendio-forestal","title":{"rendered":"Los ganaderos son los m&#225;s perjudicados tras un incendio forestal"},"content":{"rendered":"<h2>Jos&#233; Antonio Turrado. Secretario General de ASAJA Castilla y Le&#243;n<\/h2>\n<p style=\"text-align: center;\">\n<img decoding=\"async\" src=\"\/avila\/wp-content\/uploads\/sites\/4\/2017\/12\/Turrado.jpg\"\/><\/p>\n<p style=\"margin: 0px; padding: 10px 0px; color: rgb(118, 118, 118); font-family: Arial, Helvetica, sans-serif; font-size: 14.3px; line-height: 22px;\">\nHemos asistido, un verano m&#225;s, a un largo cap&#237;tulo de incendios que han diezmado la riqueza de nuestros bosques y de nuestro medio natural en su conjunto. Por no meter todo en el mismo saco, debemos de diferenciar lo que es un incendio en tierras agr&#237;colas, normalmente causado de forma accidental por la maquinaria, de lo que es un incendio en montes y zona de pastoreo. Respecto al primero de los casos, el sector productor ya est&#225; poniendo todos los remedios posibles, y el da&#241;o medioambiental es m&#237;nimo o nulo si no se propaga a zonas boscosas que puedan estar en las proximidades de la masa agr&#237;cola. Los incendios m&#225;s graves son los segundos, los que afectan a superficie catalogada como de monte, y que por lo general se prodigan en la parte m&#225;s occidental de Castilla y Le&#243;n. Independientemente de que el sector agr&#237;cola y ganadero crea que el uso del fuego deber&#237;a de ser una pr&#225;ctica agron&#243;mica permitida, de indudables beneficios si es bien gestionada, somos conscientes de que hay una normativa en vigor que proh&#237;be quemar rastrojos y pastos, y que nosotros aceptamos que tenemos que cumplir. Mientras no ganemos en los despachos ese derecho a gestionar el fuego como herramienta agron&#243;mica, acatamos las prohibiciones que nos impone la normativa medioambiental, y desde una organizaci&#243;n responsable como la nuestra, no cabe otro consejo y recomendaci&#243;n a nuestros agricultores y ganaderos; por lo tanto, la administraci&#243;n nos tiene como aliados para apartar a los que queman el monte y para inculcar h&#225;bitos que eviten los incendios accidentales.<\/p>\n<div style=\"color: rgb(118, 118, 118); font-family: Arial, Helvetica, sans-serif; font-size: 14.3px; line-height: 22px;\">\n<p style=\"margin: 0px; padding: 10px 0px;\">\nLa ley establece una prohibici&#243;n de cinco a&#241;os para el aprovechamiento de los pastos una vez que se produce un incendio forestal. El legislador, dejado llevar por los prejuicios, ha querido as&#237; disuadir al ganadero para que no sea &#233;ste el que provoque intencionadamente el incendio, y que sea cuidadoso para que no se produzca por una negligencia en el desarrollo de la propia actividad agropecuaria. As&#237; las cosas, ning&#250;n ganadero, contra sus intereses, provoca un incendio a sabiendas de que en esa finca o fincas no va a poder meter sus animales en el largo periodo de cinco a&#241;os, ni utilizar dicha superficie para justificar el cobro de ayudas de la PAC.<\/p>\n<p style=\"margin: 0px; padding: 10px 0px;\">\nEl problema est&#225; en que el monte se quema, bien por un accidente o negligencia, o porque alguien, que no es el ganadero local, lo provoca intencionadamente. Y es a partir de esta situaci&#243;n cuando al ganadero local, que es el que crea riqueza y empleo en la zona, y cuida del entorno, se le echa literalmente de las tierras que ven&#237;a utilizando, oblig&#225;ndole a emigrar, lo que le crea un serio problema econ&#243;mico que pone en riesgo su explotaci&#243;n y el sustento de su familia. As&#237; las cosas, si en la Junta quieren poner orden a esto, tienen que empezar por acordarse de los damnificados y ayudarles, que es lo contrario de lo que est&#225;n haciendo ahora. Porque el resto de actores s&#237; sacan r&#233;dito de las llamas: la madera quemada se vende; las zonas quemadas se replantan de nuevo y se entresacan despu&#233;s; cuantas m&#225;s amenazas de incendio m&#225;s efectivos se contratan, de lo que se lucran empresas que se dedican a ello, y m&#225;s empleo se genera, de lo que se benefician los que por vocaci&#243;n o por necesidad optan a ese tipo de trabajos. Pero habiendo tantos intereses implicados en esto de los fuegos, cuando toca buscar culpables, la lectura simplista e interesada apunta &#250;nicamente a los ganaderos y a los pir&#243;manos. A muchos de nuestros ganaderos les quieren condenar a pena capital sin m&#225;s indicio de culpa que el ser ganadero, y este es casi el &#250;nico que no tiene nada que ganar y s&#237; mucho que perder tras un fuego.<\/p>\n<\/div>\n","protected":false},"excerpt":{"rendered":"<p>Jos&#233; Antonio Turrado. Secretario General de ASAJA Castilla y Le&#243;n<\/p>\n","protected":false},"author":3,"featured_media":1681,"comment_status":"open","ping_status":"open","sticky":false,"template":"","format":"standard","meta":{"footnotes":""},"categories":[8,19],"tags":[],"yoast_head":"<!-- This site is optimized with the Yoast SEO plugin v24.5 - https:\/\/yoast.com\/wordpress\/plugins\/seo\/ -->\n<title>Los ganaderos son los m&#225;s perjudicados tras un incendio forestal - ASAJA \u00c1vila<\/title>\n<meta name=\"description\" content=\"Jos&#233; Antonio Turrado. Secretario General de ASAJA Castilla y Le&#243;n\" \/>\n<meta name=\"robots\" content=\"index, follow, max-snippet:-1, max-image-preview:large, max-video-preview:-1\" \/>\n<link rel=\"canonical\" href=\"https:\/\/www.asajacyl.com\/avila\/asaja-avila-informa\/los-ganaderos-son-los-ms-perjudicados-tras-un-incendio-forestal\" \/>\n<meta property=\"og:locale\" content=\"es_ES\" \/>\n<meta property=\"og:type\" content=\"article\" \/>\n<meta property=\"og:title\" content=\"Los ganaderos son los m&#225;s perjudicados tras un incendio forestal - ASAJA \u00c1vila\" \/>\n<meta property=\"og:description\" content=\"Jos&#233; Antonio Turrado. Secretario General de ASAJA Castilla y Le&#243;n\" \/>\n<meta property=\"og:url\" content=\"https:\/\/www.asajacyl.com\/avila\/asaja-avila-informa\/los-ganaderos-son-los-ms-perjudicados-tras-un-incendio-forestal\" \/>\n<meta property=\"og:site_name\" content=\"ASAJA \u00c1vila\" \/>\n<meta property=\"article:published_time\" content=\"2017-09-27T22:00:00+00:00\" \/>\n<meta property=\"og:image\" content=\"https:\/\/www.asajacyl.com\/avila\/wp-content\/uploads\/sites\/4\/2017\/12\/Turrado.jpg\" \/>\n\t<meta property=\"og:image:width\" content=\"106\" \/>\n\t<meta property=\"og:image:height\" content=\"125\" \/>\n\t<meta property=\"og:image:type\" content=\"image\/jpeg\" \/>\n<meta name=\"author\" content=\"Editor\" \/>\n<meta name=\"twitter:card\" content=\"summary_large_image\" \/>\n<meta name=\"twitter:label1\" content=\"Escrito por\" \/>\n\t<meta name=\"twitter:data1\" content=\"Editor\" \/>\n\t<meta name=\"twitter:label2\" content=\"Tiempo de lectura\" \/>\n\t<meta name=\"twitter:data2\" content=\"3 minutos\" \/>\n<script type=\"application\/ld+json\" class=\"yoast-schema-graph\">{\"@context\":\"https:\/\/schema.org\",\"@graph\":[{\"@type\":\"WebPage\",\"@id\":\"https:\/\/www.asajacyl.com\/avila\/asaja-avila-informa\/los-ganaderos-son-los-ms-perjudicados-tras-un-incendio-forestal\",\"url\":\"https:\/\/www.asajacyl.com\/avila\/asaja-avila-informa\/los-ganaderos-son-los-ms-perjudicados-tras-un-incendio-forestal\",\"name\":\"Los ganaderos son los m&#225;s perjudicados tras un incendio forestal - ASAJA \u00c1vila\",\"isPartOf\":{\"@id\":\"https:\/\/www.asajacyl.com\/avila\/#website\"},\"primaryImageOfPage\":{\"@id\":\"https:\/\/www.asajacyl.com\/avila\/asaja-avila-informa\/los-ganaderos-son-los-ms-perjudicados-tras-un-incendio-forestal#primaryimage\"},\"image\":{\"@id\":\"https:\/\/www.asajacyl.com\/avila\/asaja-avila-informa\/los-ganaderos-son-los-ms-perjudicados-tras-un-incendio-forestal#primaryimage\"},\"thumbnailUrl\":\"https:\/\/www.asajacyl.com\/avila\/wp-content\/uploads\/sites\/4\/2017\/12\/Turrado.jpg\",\"datePublished\":\"2017-09-27T22:00:00+00:00\",\"author\":{\"@id\":\"https:\/\/www.asajacyl.com\/avila\/#\/schema\/person\/7e884476cee132331142e8ac9689f20c\"},\"description\":\"Jos&#233; Antonio Turrado. Secretario General de ASAJA Castilla y Le&#243;n\",\"breadcrumb\":{\"@id\":\"https:\/\/www.asajacyl.com\/avila\/asaja-avila-informa\/los-ganaderos-son-los-ms-perjudicados-tras-un-incendio-forestal#breadcrumb\"},\"inLanguage\":\"es\",\"potentialAction\":[{\"@type\":\"ReadAction\",\"target\":[\"https:\/\/www.asajacyl.com\/avila\/asaja-avila-informa\/los-ganaderos-son-los-ms-perjudicados-tras-un-incendio-forestal\"]}]},{\"@type\":\"ImageObject\",\"inLanguage\":\"es\",\"@id\":\"https:\/\/www.asajacyl.com\/avila\/asaja-avila-informa\/los-ganaderos-son-los-ms-perjudicados-tras-un-incendio-forestal#primaryimage\",\"url\":\"https:\/\/www.asajacyl.com\/avila\/wp-content\/uploads\/sites\/4\/2017\/12\/Turrado.jpg\",\"contentUrl\":\"https:\/\/www.asajacyl.com\/avila\/wp-content\/uploads\/sites\/4\/2017\/12\/Turrado.jpg\",\"width\":106,\"height\":125},{\"@type\":\"BreadcrumbList\",\"@id\":\"https:\/\/www.asajacyl.com\/avila\/asaja-avila-informa\/los-ganaderos-son-los-ms-perjudicados-tras-un-incendio-forestal#breadcrumb\",\"itemListElement\":[{\"@type\":\"ListItem\",\"position\":1,\"name\":\"Portada\",\"item\":\"https:\/\/www.asajacyl.com\/avila\/\"},{\"@type\":\"ListItem\",\"position\":2,\"name\":\"Los ganaderos son los m&#225;s perjudicados tras un incendio forestal\"}]},{\"@type\":\"WebSite\",\"@id\":\"https:\/\/www.asajacyl.com\/avila\/#website\",\"url\":\"https:\/\/www.asajacyl.com\/avila\/\",\"name\":\"ASAJA \u00c1vila\",\"description\":\"Otro sitio m\u00e1s de Provincias ASAJA Castilla y Le\u00f3n\",\"potentialAction\":[{\"@type\":\"SearchAction\",\"target\":{\"@type\":\"EntryPoint\",\"urlTemplate\":\"https:\/\/www.asajacyl.com\/avila\/?s={search_term_string}\"},\"query-input\":{\"@type\":\"PropertyValueSpecification\",\"valueRequired\":true,\"valueName\":\"search_term_string\"}}],\"inLanguage\":\"es\"},{\"@type\":\"Person\",\"@id\":\"https:\/\/www.asajacyl.com\/avila\/#\/schema\/person\/7e884476cee132331142e8ac9689f20c\",\"name\":\"Editor\",\"image\":{\"@type\":\"ImageObject\",\"inLanguage\":\"es\",\"@id\":\"https:\/\/www.asajacyl.com\/avila\/#\/schema\/person\/image\/\",\"url\":\"https:\/\/secure.gravatar.com\/avatar\/a2ef43c165669686cfcfb0e1ffa59869?s=96&d=mm&r=g\",\"contentUrl\":\"https:\/\/secure.gravatar.com\/avatar\/a2ef43c165669686cfcfb0e1ffa59869?s=96&d=mm&r=g\",\"caption\":\"Editor\"},\"url\":\"https:\/\/www.asajacyl.com\/avila\/author\/oscargg\"}]}<\/script>\n<!-- \/ Yoast SEO plugin. -->","yoast_head_json":{"title":"Los ganaderos son los m&#225;s perjudicados tras un incendio forestal - ASAJA \u00c1vila","description":"Jos&#233; Antonio Turrado. Secretario General de ASAJA Castilla y Le&#243;n","robots":{"index":"index","follow":"follow","max-snippet":"max-snippet:-1","max-image-preview":"max-image-preview:large","max-video-preview":"max-video-preview:-1"},"canonical":"https:\/\/www.asajacyl.com\/avila\/asaja-avila-informa\/los-ganaderos-son-los-ms-perjudicados-tras-un-incendio-forestal","og_locale":"es_ES","og_type":"article","og_title":"Los ganaderos son los m&#225;s perjudicados tras un incendio forestal - ASAJA \u00c1vila","og_description":"Jos&#233; Antonio Turrado. Secretario General de ASAJA Castilla y Le&#243;n","og_url":"https:\/\/www.asajacyl.com\/avila\/asaja-avila-informa\/los-ganaderos-son-los-ms-perjudicados-tras-un-incendio-forestal","og_site_name":"ASAJA \u00c1vila","article_published_time":"2017-09-27T22:00:00+00:00","og_image":[{"width":106,"height":125,"url":"https:\/\/www.asajacyl.com\/avila\/wp-content\/uploads\/sites\/4\/2017\/12\/Turrado.jpg","type":"image\/jpeg"}],"author":"Editor","twitter_card":"summary_large_image","twitter_misc":{"Escrito por":"Editor","Tiempo de lectura":"3 minutos"},"schema":{"@context":"https:\/\/schema.org","@graph":[{"@type":"WebPage","@id":"https:\/\/www.asajacyl.com\/avila\/asaja-avila-informa\/los-ganaderos-son-los-ms-perjudicados-tras-un-incendio-forestal","url":"https:\/\/www.asajacyl.com\/avila\/asaja-avila-informa\/los-ganaderos-son-los-ms-perjudicados-tras-un-incendio-forestal","name":"Los ganaderos son los m&#225;s perjudicados tras un incendio forestal - ASAJA \u00c1vila","isPartOf":{"@id":"https:\/\/www.asajacyl.com\/avila\/#website"},"primaryImageOfPage":{"@id":"https:\/\/www.asajacyl.com\/avila\/asaja-avila-informa\/los-ganaderos-son-los-ms-perjudicados-tras-un-incendio-forestal#primaryimage"},"image":{"@id":"https:\/\/www.asajacyl.com\/avila\/asaja-avila-informa\/los-ganaderos-son-los-ms-perjudicados-tras-un-incendio-forestal#primaryimage"},"thumbnailUrl":"https:\/\/www.asajacyl.com\/avila\/wp-content\/uploads\/sites\/4\/2017\/12\/Turrado.jpg","datePublished":"2017-09-27T22:00:00+00:00","author":{"@id":"https:\/\/www.asajacyl.com\/avila\/#\/schema\/person\/7e884476cee132331142e8ac9689f20c"},"description":"Jos&#233; Antonio Turrado. Secretario General de ASAJA Castilla y Le&#243;n","breadcrumb":{"@id":"https:\/\/www.asajacyl.com\/avila\/asaja-avila-informa\/los-ganaderos-son-los-ms-perjudicados-tras-un-incendio-forestal#breadcrumb"},"inLanguage":"es","potentialAction":[{"@type":"ReadAction","target":["https:\/\/www.asajacyl.com\/avila\/asaja-avila-informa\/los-ganaderos-son-los-ms-perjudicados-tras-un-incendio-forestal"]}]},{"@type":"ImageObject","inLanguage":"es","@id":"https:\/\/www.asajacyl.com\/avila\/asaja-avila-informa\/los-ganaderos-son-los-ms-perjudicados-tras-un-incendio-forestal#primaryimage","url":"https:\/\/www.asajacyl.com\/avila\/wp-content\/uploads\/sites\/4\/2017\/12\/Turrado.jpg","contentUrl":"https:\/\/www.asajacyl.com\/avila\/wp-content\/uploads\/sites\/4\/2017\/12\/Turrado.jpg","width":106,"height":125},{"@type":"BreadcrumbList","@id":"https:\/\/www.asajacyl.com\/avila\/asaja-avila-informa\/los-ganaderos-son-los-ms-perjudicados-tras-un-incendio-forestal#breadcrumb","itemListElement":[{"@type":"ListItem","position":1,"name":"Portada","item":"https:\/\/www.asajacyl.com\/avila\/"},{"@type":"ListItem","position":2,"name":"Los ganaderos son los m&#225;s perjudicados tras un incendio forestal"}]},{"@type":"WebSite","@id":"https:\/\/www.asajacyl.com\/avila\/#website","url":"https:\/\/www.asajacyl.com\/avila\/","name":"ASAJA \u00c1vila","description":"Otro sitio m\u00e1s de Provincias ASAJA Castilla y Le\u00f3n","potentialAction":[{"@type":"SearchAction","target":{"@type":"EntryPoint","urlTemplate":"https:\/\/www.asajacyl.com\/avila\/?s={search_term_string}"},"query-input":{"@type":"PropertyValueSpecification","valueRequired":true,"valueName":"search_term_string"}}],"inLanguage":"es"},{"@type":"Person","@id":"https:\/\/www.asajacyl.com\/avila\/#\/schema\/person\/7e884476cee132331142e8ac9689f20c","name":"Editor","image":{"@type":"ImageObject","inLanguage":"es","@id":"https:\/\/www.asajacyl.com\/avila\/#\/schema\/person\/image\/","url":"https:\/\/secure.gravatar.com\/avatar\/a2ef43c165669686cfcfb0e1ffa59869?s=96&d=mm&r=g","contentUrl":"https:\/\/secure.gravatar.com\/avatar\/a2ef43c165669686cfcfb0e1ffa59869?s=96&d=mm&r=g","caption":"Editor"},"url":"https:\/\/www.asajacyl.com\/avila\/author\/oscargg"}]}},"_links":{"self":[{"href":"https:\/\/www.asajacyl.com\/avila\/wp-json\/wp\/v2\/posts\/1680"}],"collection":[{"href":"https:\/\/www.asajacyl.com\/avila\/wp-json\/wp\/v2\/posts"}],"about":[{"href":"https:\/\/www.asajacyl.com\/avila\/wp-json\/wp\/v2\/types\/post"}],"author":[{"embeddable":true,"href":"https:\/\/www.asajacyl.com\/avila\/wp-json\/wp\/v2\/users\/3"}],"replies":[{"embeddable":true,"href":"https:\/\/www.asajacyl.com\/avila\/wp-json\/wp\/v2\/comments?post=1680"}],"version-history":[{"count":0,"href":"https:\/\/www.asajacyl.com\/avila\/wp-json\/wp\/v2\/posts\/1680\/revisions"}],"wp:featuredmedia":[{"embeddable":true,"href":"https:\/\/www.asajacyl.com\/avila\/wp-json\/wp\/v2\/media\/1681"}],"wp:attachment":[{"href":"https:\/\/www.asajacyl.com\/avila\/wp-json\/wp\/v2\/media?parent=1680"}],"wp:term":[{"taxonomy":"category","embeddable":true,"href":"https:\/\/www.asajacyl.com\/avila\/wp-json\/wp\/v2\/categories?post=1680"},{"taxonomy":"post_tag","embeddable":true,"href":"https:\/\/www.asajacyl.com\/avila\/wp-json\/wp\/v2\/tags?post=1680"}],"curies":[{"name":"wp","href":"https:\/\/api.w.org\/{rel}","templated":true}]}}