{"id":1844,"date":"2016-08-01T00:00:00","date_gmt":"2016-07-31T22:00:00","guid":{"rendered":"http:\/\/www.asajacyl.com\/avila\/sin-categoria\/aqu-la-tierra-el-barco-de-vila"},"modified":"2017-12-05T09:48:23","modified_gmt":"2017-12-05T08:48:23","slug":"aqu-la-tierra-el-barco-de-vila","status":"publish","type":"post","link":"https:\/\/www.asajacyl.com\/avila\/asaja-avila-informa\/aqu-la-tierra-el-barco-de-vila","title":{"rendered":"Aqu\u00ed la Tierra &#8211; El Barco de \u00c1vila"},"content":{"rendered":"<h2>El programa de RTVE &#8216;Aqu&#237; la Tierra&#8217; dedica su espacio &#8216;Furgo de verano&#8217; a El Barco de &#193;vila.<\/h2>\n<div style=\"width:100%;padding-top:64%;position:relative;border-bottom:1px solid #aaa;display:inline-block;background:#eee;background:rgba(255,255,255,0.9);\">\n<iframe allowfullscreen=\"\" frameborder=\"0\" name=\"La furgo de verano: Barco de &#193;vila \" scrolling=\"no\" src=\"http:\/\/www.rtve.es\/drmn\/embed\/video\/3677417\" style=\"width:100%;height:90%;position:absolute;left:0;top:0;overflow:hidden;\"><\/iframe><\/p>\n<div style=\"position:absolute;bottom:0;left:0;font-family:arial,helvetica,sans-serif;font-size:12px;line-height:1.833;display:inline-block;padding:5px 0 5px 10px;\">\n<span style=\"float:left;margin-right:10px;\"><img decoding=\"async\" src=\"\/avila\/wp-content\/uploads\/sites\/4\/2017\/12\/logoRTVEes.png\" style=\"height:20px;width:auto;background: transparent;padding:0;margin:0;\"\/><\/span> <a href=\"http:\/\/www.rtve.es\/alacarta\/videos\/aqui-la-tierra\/aqui-tierra-furgo-verano-barco-avila\/3677417\/\" style=\"color:#333;font-weight:bold;\" title=\"La furgo de verano: Barco de &#193;vila \"><strong>La furgo de verano: Barco de &#193;vila <\/strong><\/a><\/div>\n<\/div>\n","protected":false},"excerpt":{"rendered":"<p>El programa de RTVE &#8216;Aqu&#237; la Tierra&#8217; dedica su espacio &#8216;Furgo de verano&#8217; a El Barco de &#193;vila.<\/p>\n","protected":false},"author":3,"featured_media":1911,"comment_status":"open","ping_status":"open","sticky":false,"template":"","format":"standard","meta":{"footnotes":""},"categories":[8,11],"tags":[],"yoast_head":"<!-- This site is optimized with the Yoast SEO plugin v24.5 - https:\/\/yoast.com\/wordpress\/plugins\/seo\/ -->\n<title>Aqu\u00ed la Tierra - El Barco de \u00c1vila - ASAJA \u00c1vila<\/title>\n<meta name=\"description\" content=\"El programa de RTVE &#039;Aqu&#237; la Tierra&#039; dedica su espacio &#039;Furgo de verano&#039; a El Barco de &#193;vila.\" \/>\n<meta name=\"robots\" content=\"index, follow, max-snippet:-1, max-image-preview:large, max-video-preview:-1\" \/>\n<link rel=\"canonical\" href=\"https:\/\/www.asajacyl.com\/avila\/asaja-avila-informa\/aqu-la-tierra-el-barco-de-vila\" \/>\n<meta property=\"og:locale\" content=\"es_ES\" \/>\n<meta property=\"og:type\" content=\"article\" \/>\n<meta property=\"og:title\" content=\"Aqu\u00ed la Tierra - El Barco de \u00c1vila - ASAJA \u00c1vila\" \/>\n<meta property=\"og:description\" content=\"El programa de RTVE &#039;Aqu&#237; la Tierra&#039; dedica su espacio &#039;Furgo de verano&#039; a El Barco de &#193;vila.\" \/>\n<meta property=\"og:url\" content=\"https:\/\/www.asajacyl.com\/avila\/asaja-avila-informa\/aqu-la-tierra-el-barco-de-vila\" \/>\n<meta property=\"og:site_name\" content=\"ASAJA \u00c1vila\" \/>\n<meta property=\"article:published_time\" content=\"2016-07-31T22:00:00+00:00\" \/>\n<meta property=\"article:modified_time\" content=\"2017-12-05T08:48:23+00:00\" \/>\n<meta property=\"og:image\" content=\"https:\/\/www.asajacyl.com\/avila\/wp-content\/uploads\/sites\/4\/2016\/11\/torre_eiffel_barco_avila.png\" \/>\n\t<meta property=\"og:image:width\" content=\"1440\" \/>\n\t<meta property=\"og:image:height\" content=\"804\" \/>\n\t<meta property=\"og:image:type\" content=\"image\/png\" \/>\n<meta name=\"author\" content=\"Editor\" \/>\n<meta name=\"twitter:card\" content=\"summary_large_image\" \/>\n<meta name=\"twitter:label1\" content=\"Escrito por\" \/>\n\t<meta name=\"twitter:data1\" content=\"Editor\" \/>\n<script type=\"application\/ld+json\" class=\"yoast-schema-graph\">{\"@context\":\"https:\/\/schema.org\",\"@graph\":[{\"@type\":\"WebPage\",\"@id\":\"https:\/\/www.asajacyl.com\/avila\/asaja-avila-informa\/aqu-la-tierra-el-barco-de-vila\",\"url\":\"https:\/\/www.asajacyl.com\/avila\/asaja-avila-informa\/aqu-la-tierra-el-barco-de-vila\",\"name\":\"Aqu\u00ed la Tierra - El Barco de \u00c1vila - ASAJA \u00c1vila\",\"isPartOf\":{\"@id\":\"https:\/\/www.asajacyl.com\/avila\/#website\"},\"primaryImageOfPage\":{\"@id\":\"https:\/\/www.asajacyl.com\/avila\/asaja-avila-informa\/aqu-la-tierra-el-barco-de-vila#primaryimage\"},\"image\":{\"@id\":\"https:\/\/www.asajacyl.com\/avila\/asaja-avila-informa\/aqu-la-tierra-el-barco-de-vila#primaryimage\"},\"thumbnailUrl\":\"https:\/\/www.asajacyl.com\/avila\/wp-content\/uploads\/sites\/4\/2016\/11\/torre_eiffel_barco_avila.png\",\"datePublished\":\"2016-07-31T22:00:00+00:00\",\"dateModified\":\"2017-12-05T08:48:23+00:00\",\"author\":{\"@id\":\"https:\/\/www.asajacyl.com\/avila\/#\/schema\/person\/7e884476cee132331142e8ac9689f20c\"},\"description\":\"El programa de RTVE 'Aqu&#237; la Tierra' dedica su espacio 'Furgo de verano' a El Barco de &#193;vila.\",\"breadcrumb\":{\"@id\":\"https:\/\/www.asajacyl.com\/avila\/asaja-avila-informa\/aqu-la-tierra-el-barco-de-vila#breadcrumb\"},\"inLanguage\":\"es\",\"potentialAction\":[{\"@type\":\"ReadAction\",\"target\":[\"https:\/\/www.asajacyl.com\/avila\/asaja-avila-informa\/aqu-la-tierra-el-barco-de-vila\"]}]},{\"@type\":\"ImageObject\",\"inLanguage\":\"es\",\"@id\":\"https:\/\/www.asajacyl.com\/avila\/asaja-avila-informa\/aqu-la-tierra-el-barco-de-vila#primaryimage\",\"url\":\"https:\/\/www.asajacyl.com\/avila\/wp-content\/uploads\/sites\/4\/2016\/11\/torre_eiffel_barco_avila.png\",\"contentUrl\":\"https:\/\/www.asajacyl.com\/avila\/wp-content\/uploads\/sites\/4\/2016\/11\/torre_eiffel_barco_avila.png\",\"width\":1440,\"height\":804,\"caption\":\"La Torre Eiffel de El Barco de \u00c1vila\"},{\"@type\":\"BreadcrumbList\",\"@id\":\"https:\/\/www.asajacyl.com\/avila\/asaja-avila-informa\/aqu-la-tierra-el-barco-de-vila#breadcrumb\",\"itemListElement\":[{\"@type\":\"ListItem\",\"position\":1,\"name\":\"Portada\",\"item\":\"https:\/\/www.asajacyl.com\/avila\/\"},{\"@type\":\"ListItem\",\"position\":2,\"name\":\"Aqu\u00ed la Tierra &#8211; El Barco de \u00c1vila\"}]},{\"@type\":\"WebSite\",\"@id\":\"https:\/\/www.asajacyl.com\/avila\/#website\",\"url\":\"https:\/\/www.asajacyl.com\/avila\/\",\"name\":\"ASAJA \u00c1vila\",\"description\":\"Otro sitio m\u00e1s de Provincias ASAJA Castilla y Le\u00f3n\",\"potentialAction\":[{\"@type\":\"SearchAction\",\"target\":{\"@type\":\"EntryPoint\",\"urlTemplate\":\"https:\/\/www.asajacyl.com\/avila\/?s={search_term_string}\"},\"query-input\":{\"@type\":\"PropertyValueSpecification\",\"valueRequired\":true,\"valueName\":\"search_term_string\"}}],\"inLanguage\":\"es\"},{\"@type\":\"Person\",\"@id\":\"https:\/\/www.asajacyl.com\/avila\/#\/schema\/person\/7e884476cee132331142e8ac9689f20c\",\"name\":\"Editor\",\"image\":{\"@type\":\"ImageObject\",\"inLanguage\":\"es\",\"@id\":\"https:\/\/www.asajacyl.com\/avila\/#\/schema\/person\/image\/\",\"url\":\"https:\/\/secure.gravatar.com\/avatar\/a2ef43c165669686cfcfb0e1ffa59869?s=96&d=mm&r=g\",\"contentUrl\":\"https:\/\/secure.gravatar.com\/avatar\/a2ef43c165669686cfcfb0e1ffa59869?s=96&d=mm&r=g\",\"caption\":\"Editor\"},\"url\":\"https:\/\/www.asajacyl.com\/avila\/author\/oscargg\"}]}<\/script>\n<!-- \/ Yoast SEO plugin. -->","yoast_head_json":{"title":"Aqu\u00ed la Tierra - El Barco de \u00c1vila - ASAJA \u00c1vila","description":"El programa de RTVE 'Aqu&#237; la Tierra' dedica su espacio 'Furgo de verano' a El Barco de &#193;vila.","robots":{"index":"index","follow":"follow","max-snippet":"max-snippet:-1","max-image-preview":"max-image-preview:large","max-video-preview":"max-video-preview:-1"},"canonical":"https:\/\/www.asajacyl.com\/avila\/asaja-avila-informa\/aqu-la-tierra-el-barco-de-vila","og_locale":"es_ES","og_type":"article","og_title":"Aqu\u00ed la Tierra - El Barco de \u00c1vila - ASAJA \u00c1vila","og_description":"El programa de RTVE 'Aqu&#237; la Tierra' dedica su espacio 'Furgo de verano' a El Barco de &#193;vila.","og_url":"https:\/\/www.asajacyl.com\/avila\/asaja-avila-informa\/aqu-la-tierra-el-barco-de-vila","og_site_name":"ASAJA \u00c1vila","article_published_time":"2016-07-31T22:00:00+00:00","article_modified_time":"2017-12-05T08:48:23+00:00","og_image":[{"width":1440,"height":804,"url":"https:\/\/www.asajacyl.com\/avila\/wp-content\/uploads\/sites\/4\/2016\/11\/torre_eiffel_barco_avila.png","type":"image\/png"}],"author":"Editor","twitter_card":"summary_large_image","twitter_misc":{"Escrito por":"Editor"},"schema":{"@context":"https:\/\/schema.org","@graph":[{"@type":"WebPage","@id":"https:\/\/www.asajacyl.com\/avila\/asaja-avila-informa\/aqu-la-tierra-el-barco-de-vila","url":"https:\/\/www.asajacyl.com\/avila\/asaja-avila-informa\/aqu-la-tierra-el-barco-de-vila","name":"Aqu\u00ed la Tierra - El Barco de \u00c1vila - ASAJA \u00c1vila","isPartOf":{"@id":"https:\/\/www.asajacyl.com\/avila\/#website"},"primaryImageOfPage":{"@id":"https:\/\/www.asajacyl.com\/avila\/asaja-avila-informa\/aqu-la-tierra-el-barco-de-vila#primaryimage"},"image":{"@id":"https:\/\/www.asajacyl.com\/avila\/asaja-avila-informa\/aqu-la-tierra-el-barco-de-vila#primaryimage"},"thumbnailUrl":"https:\/\/www.asajacyl.com\/avila\/wp-content\/uploads\/sites\/4\/2016\/11\/torre_eiffel_barco_avila.png","datePublished":"2016-07-31T22:00:00+00:00","dateModified":"2017-12-05T08:48:23+00:00","author":{"@id":"https:\/\/www.asajacyl.com\/avila\/#\/schema\/person\/7e884476cee132331142e8ac9689f20c"},"description":"El programa de RTVE 'Aqu&#237; la Tierra' dedica su espacio 'Furgo de verano' a El Barco de &#193;vila.","breadcrumb":{"@id":"https:\/\/www.asajacyl.com\/avila\/asaja-avila-informa\/aqu-la-tierra-el-barco-de-vila#breadcrumb"},"inLanguage":"es","potentialAction":[{"@type":"ReadAction","target":["https:\/\/www.asajacyl.com\/avila\/asaja-avila-informa\/aqu-la-tierra-el-barco-de-vila"]}]},{"@type":"ImageObject","inLanguage":"es","@id":"https:\/\/www.asajacyl.com\/avila\/asaja-avila-informa\/aqu-la-tierra-el-barco-de-vila#primaryimage","url":"https:\/\/www.asajacyl.com\/avila\/wp-content\/uploads\/sites\/4\/2016\/11\/torre_eiffel_barco_avila.png","contentUrl":"https:\/\/www.asajacyl.com\/avila\/wp-content\/uploads\/sites\/4\/2016\/11\/torre_eiffel_barco_avila.png","width":1440,"height":804,"caption":"La Torre Eiffel de El Barco de \u00c1vila"},{"@type":"BreadcrumbList","@id":"https:\/\/www.asajacyl.com\/avila\/asaja-avila-informa\/aqu-la-tierra-el-barco-de-vila#breadcrumb","itemListElement":[{"@type":"ListItem","position":1,"name":"Portada","item":"https:\/\/www.asajacyl.com\/avila\/"},{"@type":"ListItem","position":2,"name":"Aqu\u00ed la Tierra &#8211; El Barco de \u00c1vila"}]},{"@type":"WebSite","@id":"https:\/\/www.asajacyl.com\/avila\/#website","url":"https:\/\/www.asajacyl.com\/avila\/","name":"ASAJA \u00c1vila","description":"Otro sitio m\u00e1s de Provincias ASAJA Castilla y Le\u00f3n","potentialAction":[{"@type":"SearchAction","target":{"@type":"EntryPoint","urlTemplate":"https:\/\/www.asajacyl.com\/avila\/?s={search_term_string}"},"query-input":{"@type":"PropertyValueSpecification","valueRequired":true,"valueName":"search_term_string"}}],"inLanguage":"es"},{"@type":"Person","@id":"https:\/\/www.asajacyl.com\/avila\/#\/schema\/person\/7e884476cee132331142e8ac9689f20c","name":"Editor","image":{"@type":"ImageObject","inLanguage":"es","@id":"https:\/\/www.asajacyl.com\/avila\/#\/schema\/person\/image\/","url":"https:\/\/secure.gravatar.com\/avatar\/a2ef43c165669686cfcfb0e1ffa59869?s=96&d=mm&r=g","contentUrl":"https:\/\/secure.gravatar.com\/avatar\/a2ef43c165669686cfcfb0e1ffa59869?s=96&d=mm&r=g","caption":"Editor"},"url":"https:\/\/www.asajacyl.com\/avila\/author\/oscargg"}]}},"_links":{"self":[{"href":"https:\/\/www.asajacyl.com\/avila\/wp-json\/wp\/v2\/posts\/1844"}],"collection":[{"href":"https:\/\/www.asajacyl.com\/avila\/wp-json\/wp\/v2\/posts"}],"about":[{"href":"https:\/\/www.asajacyl.com\/avila\/wp-json\/wp\/v2\/types\/post"}],"author":[{"embeddable":true,"href":"https:\/\/www.asajacyl.com\/avila\/wp-json\/wp\/v2\/users\/3"}],"replies":[{"embeddable":true,"href":"https:\/\/www.asajacyl.com\/avila\/wp-json\/wp\/v2\/comments?post=1844"}],"version-history":[{"count":2,"href":"https:\/\/www.asajacyl.com\/avila\/wp-json\/wp\/v2\/posts\/1844\/revisions"}],"predecessor-version":[{"id":1913,"href":"https:\/\/www.asajacyl.com\/avila\/wp-json\/wp\/v2\/posts\/1844\/revisions\/1913"}],"wp:featuredmedia":[{"embeddable":true,"href":"https:\/\/www.asajacyl.com\/avila\/wp-json\/wp\/v2\/media\/1911"}],"wp:attachment":[{"href":"https:\/\/www.asajacyl.com\/avila\/wp-json\/wp\/v2\/media?parent=1844"}],"wp:term":[{"taxonomy":"category","embeddable":true,"href":"https:\/\/www.asajacyl.com\/avila\/wp-json\/wp\/v2\/categories?post=1844"},{"taxonomy":"post_tag","embeddable":true,"href":"https:\/\/www.asajacyl.com\/avila\/wp-json\/wp\/v2\/tags?post=1844"}],"curies":[{"name":"wp","href":"https:\/\/api.w.org\/{rel}","templated":true}]}}