{"id":2351,"date":"2017-03-29T00:00:00","date_gmt":"2017-03-28T22:00:00","guid":{"rendered":"http:\/\/www.asajacyl.com\/avila\/sin-categoria\/plazos-para-los-seguros-agrarios-2017"},"modified":"2017-03-29T00:00:00","modified_gmt":"2017-03-28T22:00:00","slug":"plazos-para-los-seguros-agrarios-2017","status":"publish","type":"post","link":"https:\/\/www.asajacyl.com\/avila\/servicios-socio\/plazos-para-los-seguros-agrarios-2017","title":{"rendered":"Plazos para los seguros agrarios 2017"},"content":{"rendered":"<h2>ASAJA de &#193;vila te recuerda los plazos m&#225;s destacados para contratar tus SEGUROS AGRARIOS en esta campa&#241;a. <br \/>\nRecuerda que en ASAJA dispones de los mejores profesionales a tu servicio y cuentas con VENTAJAS EXCLUSIVAS, como la contraperitaci&#243;n gratuita en caso de siniestro o el seguimiento de la p&#243;liza.<\/h2>\n<div class=\"_2cuy _3dgx _2vxa\">\nASAJA de &#193;vila te recuerda los plazos m&#225;s destacados para contratar tus SEGUROS AGRARIOS en esta campa&#241;a.<\/div>\n<div class=\"_2cuy _3dgx _2vxa\">\n&#160;<\/div>\n<div class=\"_2cuy _3dgx _2vxa\">\nRecuerda que en ASAJA dispones de los mejores profesionales a tu servicio y cuentas con VENTAJAS EXCLUSIVAS, como la contraperitaci&#243;n gratuita en caso de siniestro o el seguimiento de la p&#243;liza.<\/div>\n<div class=\"_2cuy _3dgx _2vxa\">\n&#160;<\/div>\n<div class=\"_2cuy _3dgx _2vxa\">\n<img decoding=\"async\" alt=\"\" class=\"_h2z _297z _usd img\" id=\"u_g_2\" src=\"\/avila\/wp-content\/uploads\/sites\/4\/2017\/12\/17499360_1530485803652200_2645116656720232650_n.jpg?oh=e23fdd0015c9c4495896f6c1608bb5f2&amp;oe=5966a0d2\"\/><\/div>\n<div class=\"_2cuy _3dgx _2vxa\">\n&#160;<\/div>\n<div class=\"_2cuy _3dgx _2vxa\">\n&#160;<\/div>\n<div class=\"_2cuy _3dgx _2vxa\">\nPara m&#225;s informaci&#243;n, acude a tu <a href=\"http:\/\/www.asajacyl.com\/avila\/contactar.shtml\">oficina de ASAJA de &#193;vila de referencia<\/a> o llama al 920 100 857 \/ 920 302 350<\/div>\n","protected":false},"excerpt":{"rendered":"<p>ASAJA de &#193;vila te recuerda los plazos m&#225;s destacados para contratar tus SEGUROS AGRARIOS en esta campa&#241;a. <br \/>\nRecuerda que en ASAJA dispones de los mejores profesionales a tu servicio y cuentas con VENTAJAS EXCLUSIVAS, como la contraperitaci&#243;n gratuita en caso de siniestro o el seguimiento de la p&#243;liza.<\/p>\n","protected":false},"author":3,"featured_media":794,"comment_status":"open","ping_status":"open","sticky":false,"template":"","format":"standard","meta":{"footnotes":""},"categories":[24,9],"tags":[],"yoast_head":"<!-- This site is optimized with the Yoast SEO plugin v24.5 - https:\/\/yoast.com\/wordpress\/plugins\/seo\/ -->\n<title>Plazos para los seguros agrarios 2017 - ASAJA \u00c1vila<\/title>\n<meta name=\"description\" content=\"ASAJA de &#193;vila te recuerda los plazos m&#225;s destacados para contratar tus SEGUROS AGRARIOS en esta campa&#241;a. Recuerda que en ASAJA dispones de los mejores profesionales a tu servicio y cuentas con VENTAJAS EXCLUSIVAS, como la contraperitaci&#243;n gratuita en caso de siniestro o el seguimiento de la p&#243;liza.\" \/>\n<meta name=\"robots\" content=\"index, follow, max-snippet:-1, max-image-preview:large, max-video-preview:-1\" \/>\n<link rel=\"canonical\" href=\"https:\/\/www.asajacyl.com\/avila\/servicios-socio\/plazos-para-los-seguros-agrarios-2017\" \/>\n<meta property=\"og:locale\" content=\"es_ES\" \/>\n<meta property=\"og:type\" content=\"article\" \/>\n<meta property=\"og:title\" content=\"Plazos para los seguros agrarios 2017 - ASAJA \u00c1vila\" \/>\n<meta property=\"og:description\" content=\"ASAJA de &#193;vila te recuerda los plazos m&#225;s destacados para contratar tus SEGUROS AGRARIOS en esta campa&#241;a. Recuerda que en ASAJA dispones de los mejores profesionales a tu servicio y cuentas con VENTAJAS EXCLUSIVAS, como la contraperitaci&#243;n gratuita en caso de siniestro o el seguimiento de la p&#243;liza.\" \/>\n<meta property=\"og:url\" content=\"https:\/\/www.asajacyl.com\/avila\/servicios-socio\/plazos-para-los-seguros-agrarios-2017\" \/>\n<meta property=\"og:site_name\" content=\"ASAJA \u00c1vila\" \/>\n<meta property=\"article:published_time\" content=\"2017-03-28T22:00:00+00:00\" \/>\n<meta property=\"og:image\" content=\"https:\/\/www.asajacyl.com\/avila\/wp-content\/uploads\/sites\/4\/2017\/11\/im_predefinida_1920x1080.jpg\" \/>\n\t<meta property=\"og:image:width\" content=\"1920\" \/>\n\t<meta property=\"og:image:height\" content=\"1080\" \/>\n\t<meta property=\"og:image:type\" content=\"image\/jpeg\" \/>\n<meta name=\"author\" content=\"Editor\" \/>\n<meta name=\"twitter:card\" content=\"summary_large_image\" \/>\n<meta name=\"twitter:label1\" content=\"Escrito por\" \/>\n\t<meta name=\"twitter:data1\" content=\"Editor\" \/>\n\t<meta name=\"twitter:label2\" content=\"Tiempo de lectura\" \/>\n\t<meta name=\"twitter:data2\" content=\"1 minuto\" \/>\n<script type=\"application\/ld+json\" class=\"yoast-schema-graph\">{\"@context\":\"https:\/\/schema.org\",\"@graph\":[{\"@type\":\"WebPage\",\"@id\":\"https:\/\/www.asajacyl.com\/avila\/servicios-socio\/plazos-para-los-seguros-agrarios-2017\",\"url\":\"https:\/\/www.asajacyl.com\/avila\/servicios-socio\/plazos-para-los-seguros-agrarios-2017\",\"name\":\"Plazos para los seguros agrarios 2017 - ASAJA \u00c1vila\",\"isPartOf\":{\"@id\":\"https:\/\/www.asajacyl.com\/avila\/#website\"},\"primaryImageOfPage\":{\"@id\":\"https:\/\/www.asajacyl.com\/avila\/servicios-socio\/plazos-para-los-seguros-agrarios-2017#primaryimage\"},\"image\":{\"@id\":\"https:\/\/www.asajacyl.com\/avila\/servicios-socio\/plazos-para-los-seguros-agrarios-2017#primaryimage\"},\"thumbnailUrl\":\"https:\/\/www.asajacyl.com\/avila\/wp-content\/uploads\/sites\/4\/2017\/11\/im_predefinida_1920x1080.jpg\",\"datePublished\":\"2017-03-28T22:00:00+00:00\",\"author\":{\"@id\":\"https:\/\/www.asajacyl.com\/avila\/#\/schema\/person\/7e884476cee132331142e8ac9689f20c\"},\"description\":\"ASAJA de &#193;vila te recuerda los plazos m&#225;s destacados para contratar tus SEGUROS AGRARIOS en esta campa&#241;a. Recuerda que en ASAJA dispones de los mejores profesionales a tu servicio y cuentas con VENTAJAS EXCLUSIVAS, como la contraperitaci&#243;n gratuita en caso de siniestro o el seguimiento de la p&#243;liza.\",\"breadcrumb\":{\"@id\":\"https:\/\/www.asajacyl.com\/avila\/servicios-socio\/plazos-para-los-seguros-agrarios-2017#breadcrumb\"},\"inLanguage\":\"es\",\"potentialAction\":[{\"@type\":\"ReadAction\",\"target\":[\"https:\/\/www.asajacyl.com\/avila\/servicios-socio\/plazos-para-los-seguros-agrarios-2017\"]}]},{\"@type\":\"ImageObject\",\"inLanguage\":\"es\",\"@id\":\"https:\/\/www.asajacyl.com\/avila\/servicios-socio\/plazos-para-los-seguros-agrarios-2017#primaryimage\",\"url\":\"https:\/\/www.asajacyl.com\/avila\/wp-content\/uploads\/sites\/4\/2017\/11\/im_predefinida_1920x1080.jpg\",\"contentUrl\":\"https:\/\/www.asajacyl.com\/avila\/wp-content\/uploads\/sites\/4\/2017\/11\/im_predefinida_1920x1080.jpg\",\"width\":1920,\"height\":1080,\"caption\":\"Logotipo ASAJA \u00c1vila\"},{\"@type\":\"BreadcrumbList\",\"@id\":\"https:\/\/www.asajacyl.com\/avila\/servicios-socio\/plazos-para-los-seguros-agrarios-2017#breadcrumb\",\"itemListElement\":[{\"@type\":\"ListItem\",\"position\":1,\"name\":\"Portada\",\"item\":\"https:\/\/www.asajacyl.com\/avila\/\"},{\"@type\":\"ListItem\",\"position\":2,\"name\":\"Plazos para los seguros agrarios 2017\"}]},{\"@type\":\"WebSite\",\"@id\":\"https:\/\/www.asajacyl.com\/avila\/#website\",\"url\":\"https:\/\/www.asajacyl.com\/avila\/\",\"name\":\"ASAJA \u00c1vila\",\"description\":\"Otro sitio m\u00e1s de Provincias ASAJA Castilla y Le\u00f3n\",\"potentialAction\":[{\"@type\":\"SearchAction\",\"target\":{\"@type\":\"EntryPoint\",\"urlTemplate\":\"https:\/\/www.asajacyl.com\/avila\/?s={search_term_string}\"},\"query-input\":{\"@type\":\"PropertyValueSpecification\",\"valueRequired\":true,\"valueName\":\"search_term_string\"}}],\"inLanguage\":\"es\"},{\"@type\":\"Person\",\"@id\":\"https:\/\/www.asajacyl.com\/avila\/#\/schema\/person\/7e884476cee132331142e8ac9689f20c\",\"name\":\"Editor\",\"image\":{\"@type\":\"ImageObject\",\"inLanguage\":\"es\",\"@id\":\"https:\/\/www.asajacyl.com\/avila\/#\/schema\/person\/image\/\",\"url\":\"https:\/\/secure.gravatar.com\/avatar\/a2ef43c165669686cfcfb0e1ffa59869?s=96&d=mm&r=g\",\"contentUrl\":\"https:\/\/secure.gravatar.com\/avatar\/a2ef43c165669686cfcfb0e1ffa59869?s=96&d=mm&r=g\",\"caption\":\"Editor\"},\"url\":\"https:\/\/www.asajacyl.com\/avila\/author\/oscargg\"}]}<\/script>\n<!-- \/ Yoast SEO plugin. -->","yoast_head_json":{"title":"Plazos para los seguros agrarios 2017 - ASAJA \u00c1vila","description":"ASAJA de &#193;vila te recuerda los plazos m&#225;s destacados para contratar tus SEGUROS AGRARIOS en esta campa&#241;a. Recuerda que en ASAJA dispones de los mejores profesionales a tu servicio y cuentas con VENTAJAS EXCLUSIVAS, como la contraperitaci&#243;n gratuita en caso de siniestro o el seguimiento de la p&#243;liza.","robots":{"index":"index","follow":"follow","max-snippet":"max-snippet:-1","max-image-preview":"max-image-preview:large","max-video-preview":"max-video-preview:-1"},"canonical":"https:\/\/www.asajacyl.com\/avila\/servicios-socio\/plazos-para-los-seguros-agrarios-2017","og_locale":"es_ES","og_type":"article","og_title":"Plazos para los seguros agrarios 2017 - ASAJA \u00c1vila","og_description":"ASAJA de &#193;vila te recuerda los plazos m&#225;s destacados para contratar tus SEGUROS AGRARIOS en esta campa&#241;a. Recuerda que en ASAJA dispones de los mejores profesionales a tu servicio y cuentas con VENTAJAS EXCLUSIVAS, como la contraperitaci&#243;n gratuita en caso de siniestro o el seguimiento de la p&#243;liza.","og_url":"https:\/\/www.asajacyl.com\/avila\/servicios-socio\/plazos-para-los-seguros-agrarios-2017","og_site_name":"ASAJA \u00c1vila","article_published_time":"2017-03-28T22:00:00+00:00","og_image":[{"width":1920,"height":1080,"url":"https:\/\/www.asajacyl.com\/avila\/wp-content\/uploads\/sites\/4\/2017\/11\/im_predefinida_1920x1080.jpg","type":"image\/jpeg"}],"author":"Editor","twitter_card":"summary_large_image","twitter_misc":{"Escrito por":"Editor","Tiempo de lectura":"1 minuto"},"schema":{"@context":"https:\/\/schema.org","@graph":[{"@type":"WebPage","@id":"https:\/\/www.asajacyl.com\/avila\/servicios-socio\/plazos-para-los-seguros-agrarios-2017","url":"https:\/\/www.asajacyl.com\/avila\/servicios-socio\/plazos-para-los-seguros-agrarios-2017","name":"Plazos para los seguros agrarios 2017 - ASAJA \u00c1vila","isPartOf":{"@id":"https:\/\/www.asajacyl.com\/avila\/#website"},"primaryImageOfPage":{"@id":"https:\/\/www.asajacyl.com\/avila\/servicios-socio\/plazos-para-los-seguros-agrarios-2017#primaryimage"},"image":{"@id":"https:\/\/www.asajacyl.com\/avila\/servicios-socio\/plazos-para-los-seguros-agrarios-2017#primaryimage"},"thumbnailUrl":"https:\/\/www.asajacyl.com\/avila\/wp-content\/uploads\/sites\/4\/2017\/11\/im_predefinida_1920x1080.jpg","datePublished":"2017-03-28T22:00:00+00:00","author":{"@id":"https:\/\/www.asajacyl.com\/avila\/#\/schema\/person\/7e884476cee132331142e8ac9689f20c"},"description":"ASAJA de &#193;vila te recuerda los plazos m&#225;s destacados para contratar tus SEGUROS AGRARIOS en esta campa&#241;a. Recuerda que en ASAJA dispones de los mejores profesionales a tu servicio y cuentas con VENTAJAS EXCLUSIVAS, como la contraperitaci&#243;n gratuita en caso de siniestro o el seguimiento de la p&#243;liza.","breadcrumb":{"@id":"https:\/\/www.asajacyl.com\/avila\/servicios-socio\/plazos-para-los-seguros-agrarios-2017#breadcrumb"},"inLanguage":"es","potentialAction":[{"@type":"ReadAction","target":["https:\/\/www.asajacyl.com\/avila\/servicios-socio\/plazos-para-los-seguros-agrarios-2017"]}]},{"@type":"ImageObject","inLanguage":"es","@id":"https:\/\/www.asajacyl.com\/avila\/servicios-socio\/plazos-para-los-seguros-agrarios-2017#primaryimage","url":"https:\/\/www.asajacyl.com\/avila\/wp-content\/uploads\/sites\/4\/2017\/11\/im_predefinida_1920x1080.jpg","contentUrl":"https:\/\/www.asajacyl.com\/avila\/wp-content\/uploads\/sites\/4\/2017\/11\/im_predefinida_1920x1080.jpg","width":1920,"height":1080,"caption":"Logotipo ASAJA \u00c1vila"},{"@type":"BreadcrumbList","@id":"https:\/\/www.asajacyl.com\/avila\/servicios-socio\/plazos-para-los-seguros-agrarios-2017#breadcrumb","itemListElement":[{"@type":"ListItem","position":1,"name":"Portada","item":"https:\/\/www.asajacyl.com\/avila\/"},{"@type":"ListItem","position":2,"name":"Plazos para los seguros agrarios 2017"}]},{"@type":"WebSite","@id":"https:\/\/www.asajacyl.com\/avila\/#website","url":"https:\/\/www.asajacyl.com\/avila\/","name":"ASAJA \u00c1vila","description":"Otro sitio m\u00e1s de Provincias ASAJA Castilla y Le\u00f3n","potentialAction":[{"@type":"SearchAction","target":{"@type":"EntryPoint","urlTemplate":"https:\/\/www.asajacyl.com\/avila\/?s={search_term_string}"},"query-input":{"@type":"PropertyValueSpecification","valueRequired":true,"valueName":"search_term_string"}}],"inLanguage":"es"},{"@type":"Person","@id":"https:\/\/www.asajacyl.com\/avila\/#\/schema\/person\/7e884476cee132331142e8ac9689f20c","name":"Editor","image":{"@type":"ImageObject","inLanguage":"es","@id":"https:\/\/www.asajacyl.com\/avila\/#\/schema\/person\/image\/","url":"https:\/\/secure.gravatar.com\/avatar\/a2ef43c165669686cfcfb0e1ffa59869?s=96&d=mm&r=g","contentUrl":"https:\/\/secure.gravatar.com\/avatar\/a2ef43c165669686cfcfb0e1ffa59869?s=96&d=mm&r=g","caption":"Editor"},"url":"https:\/\/www.asajacyl.com\/avila\/author\/oscargg"}]}},"_links":{"self":[{"href":"https:\/\/www.asajacyl.com\/avila\/wp-json\/wp\/v2\/posts\/2351"}],"collection":[{"href":"https:\/\/www.asajacyl.com\/avila\/wp-json\/wp\/v2\/posts"}],"about":[{"href":"https:\/\/www.asajacyl.com\/avila\/wp-json\/wp\/v2\/types\/post"}],"author":[{"embeddable":true,"href":"https:\/\/www.asajacyl.com\/avila\/wp-json\/wp\/v2\/users\/3"}],"replies":[{"embeddable":true,"href":"https:\/\/www.asajacyl.com\/avila\/wp-json\/wp\/v2\/comments?post=2351"}],"version-history":[{"count":0,"href":"https:\/\/www.asajacyl.com\/avila\/wp-json\/wp\/v2\/posts\/2351\/revisions"}],"wp:featuredmedia":[{"embeddable":true,"href":"https:\/\/www.asajacyl.com\/avila\/wp-json\/wp\/v2\/media\/794"}],"wp:attachment":[{"href":"https:\/\/www.asajacyl.com\/avila\/wp-json\/wp\/v2\/media?parent=2351"}],"wp:term":[{"taxonomy":"category","embeddable":true,"href":"https:\/\/www.asajacyl.com\/avila\/wp-json\/wp\/v2\/categories?post=2351"},{"taxonomy":"post_tag","embeddable":true,"href":"https:\/\/www.asajacyl.com\/avila\/wp-json\/wp\/v2\/tags?post=2351"}],"curies":[{"name":"wp","href":"https:\/\/api.w.org\/{rel}","templated":true}]}}