{"id":2358,"date":"2017-03-08T00:00:00","date_gmt":"2017-03-07T23:00:00","guid":{"rendered":"http:\/\/www.asajacyl.com\/avila\/sin-categoria\/convocadas-las-ayudas-para-mejora-de-la-bioseguridad-de-las-explotaciones-ganaderas"},"modified":"2017-03-08T00:00:00","modified_gmt":"2017-03-07T23:00:00","slug":"convocadas-las-ayudas-para-mejora-de-la-bioseguridad-de-las-explotaciones-ganaderas","status":"publish","type":"post","link":"https:\/\/www.asajacyl.com\/avila\/servicios-socio\/convocadas-las-ayudas-para-mejora-de-la-bioseguridad-de-las-explotaciones-ganaderas","title":{"rendered":"Convocadas las ayudas para mejora de la bioseguridad de las explotaciones ganaderas"},"content":{"rendered":"<h2>La Consejer&#237;a de Agricultura y Ganader&#237;a convoca las ayudas, dirigidas a entidades locales, para las inversiones de creaci&#243;n, mejora o ampliaci&#243;n de infraestructuras en superficies pastables para mejorar la bioseguridad de las explotaciones ganaderas. El plazo de solicitud finaliza el 9 de abril.<\/h2>\n<p>La Consejer&#237;a de Agricultura y Ganader&#237;a convoca las ayudas, dirigidas a entidades locales, para las inversiones de creaci&#243;n, mejora o ampliaci&#243;n de infraestructuras en superficies pastables para mejorar la bioseguridad de las explotaciones ganaderas. El plazo de solicitud finaliza el 9 de abril. <br \/>\nLa ayuda cubre la totalidad de la inversi&#243;n realizada hasta un m&#225;ximo de 60.000 euros, incluido un IVA del 21%. <br \/>\nEntre las actuaciones objeto de subvenci&#243;n est&#225;n la construcci&#243;n de cercados, mangas de manejo, lazaretos y todas las infraestructuras que garanticen medidas de bioseguridad para las explotaciones ganaderas que accedan a las superficies pastables. <br \/>\nLas ayudas tienen como finalidad la implantaci&#243;n de instalaciones ganaderas que permitan conseguir unos niveles de seguridad sanitaria suficientes para la caba&#241;a ganadera y para los habitantes de poblaciones de las zonas rurales de la Comunidad de Castilla y Le&#243;n y minimicen la posible influencia de la fauna silvestre como reservorio y fuente de contagio de algunas enfermedades que afectan a la fauna dom&#233;stica, preservando tambi&#233;n la sanidad en el medio natural. <br \/>\nM&#225;s informaci&#243;n: <br \/>\nhttp:\/\/bocyl.jcyl.es\/boletines\/2017\/03\/08\/pdf\/BOCYL-D-08032017-29.pdf<\/p>\n","protected":false},"excerpt":{"rendered":"<p>La Consejer&#237;a de Agricultura y Ganader&#237;a convoca las ayudas, dirigidas a entidades locales, para las inversiones de creaci&#243;n, mejora o ampliaci&#243;n de infraestructuras en superficies pastables para mejorar la bioseguridad de las explotaciones ganaderas. El plazo de solicitud finaliza el 9 de abril.<\/p>\n","protected":false},"author":3,"featured_media":794,"comment_status":"open","ping_status":"open","sticky":false,"template":"","format":"standard","meta":{"footnotes":""},"categories":[24,9],"tags":[],"yoast_head":"<!-- This site is optimized with the Yoast SEO plugin v24.5 - https:\/\/yoast.com\/wordpress\/plugins\/seo\/ -->\n<title>Convocadas las ayudas para mejora de la bioseguridad de las explotaciones ganaderas - ASAJA \u00c1vila<\/title>\n<meta name=\"description\" content=\"La Consejer&#237;a de Agricultura y Ganader&#237;a convoca las ayudas, dirigidas a entidades locales, para las inversiones de creaci&#243;n, mejora o ampliaci&#243;n de infraestructuras en superficies pastables para mejorar la bioseguridad de las explotaciones ganaderas. El plazo de solicitud finaliza el 9 de abril.\" \/>\n<meta name=\"robots\" content=\"index, follow, max-snippet:-1, max-image-preview:large, max-video-preview:-1\" \/>\n<link rel=\"canonical\" href=\"https:\/\/www.asajacyl.com\/avila\/servicios-socio\/convocadas-las-ayudas-para-mejora-de-la-bioseguridad-de-las-explotaciones-ganaderas\" \/>\n<meta property=\"og:locale\" content=\"es_ES\" \/>\n<meta property=\"og:type\" content=\"article\" \/>\n<meta property=\"og:title\" content=\"Convocadas las ayudas para mejora de la bioseguridad de las explotaciones ganaderas - ASAJA \u00c1vila\" \/>\n<meta property=\"og:description\" content=\"La Consejer&#237;a de Agricultura y Ganader&#237;a convoca las ayudas, dirigidas a entidades locales, para las inversiones de creaci&#243;n, mejora o ampliaci&#243;n de infraestructuras en superficies pastables para mejorar la bioseguridad de las explotaciones ganaderas. El plazo de solicitud finaliza el 9 de abril.\" \/>\n<meta property=\"og:url\" content=\"https:\/\/www.asajacyl.com\/avila\/servicios-socio\/convocadas-las-ayudas-para-mejora-de-la-bioseguridad-de-las-explotaciones-ganaderas\" \/>\n<meta property=\"og:site_name\" content=\"ASAJA \u00c1vila\" \/>\n<meta property=\"article:published_time\" content=\"2017-03-07T23:00:00+00:00\" \/>\n<meta property=\"og:image\" content=\"https:\/\/www.asajacyl.com\/avila\/wp-content\/uploads\/sites\/4\/2017\/11\/im_predefinida_1920x1080.jpg\" \/>\n\t<meta property=\"og:image:width\" content=\"1920\" \/>\n\t<meta property=\"og:image:height\" content=\"1080\" \/>\n\t<meta property=\"og:image:type\" content=\"image\/jpeg\" \/>\n<meta name=\"author\" content=\"Editor\" \/>\n<meta name=\"twitter:card\" content=\"summary_large_image\" \/>\n<meta name=\"twitter:label1\" content=\"Escrito por\" \/>\n\t<meta name=\"twitter:data1\" content=\"Editor\" \/>\n\t<meta name=\"twitter:label2\" content=\"Tiempo de lectura\" \/>\n\t<meta name=\"twitter:data2\" content=\"1 minuto\" \/>\n<script type=\"application\/ld+json\" class=\"yoast-schema-graph\">{\"@context\":\"https:\/\/schema.org\",\"@graph\":[{\"@type\":\"WebPage\",\"@id\":\"https:\/\/www.asajacyl.com\/avila\/servicios-socio\/convocadas-las-ayudas-para-mejora-de-la-bioseguridad-de-las-explotaciones-ganaderas\",\"url\":\"https:\/\/www.asajacyl.com\/avila\/servicios-socio\/convocadas-las-ayudas-para-mejora-de-la-bioseguridad-de-las-explotaciones-ganaderas\",\"name\":\"Convocadas las ayudas para mejora de la bioseguridad de las explotaciones ganaderas - ASAJA \u00c1vila\",\"isPartOf\":{\"@id\":\"https:\/\/www.asajacyl.com\/avila\/#website\"},\"primaryImageOfPage\":{\"@id\":\"https:\/\/www.asajacyl.com\/avila\/servicios-socio\/convocadas-las-ayudas-para-mejora-de-la-bioseguridad-de-las-explotaciones-ganaderas#primaryimage\"},\"image\":{\"@id\":\"https:\/\/www.asajacyl.com\/avila\/servicios-socio\/convocadas-las-ayudas-para-mejora-de-la-bioseguridad-de-las-explotaciones-ganaderas#primaryimage\"},\"thumbnailUrl\":\"https:\/\/www.asajacyl.com\/avila\/wp-content\/uploads\/sites\/4\/2017\/11\/im_predefinida_1920x1080.jpg\",\"datePublished\":\"2017-03-07T23:00:00+00:00\",\"author\":{\"@id\":\"https:\/\/www.asajacyl.com\/avila\/#\/schema\/person\/7e884476cee132331142e8ac9689f20c\"},\"description\":\"La Consejer&#237;a de Agricultura y Ganader&#237;a convoca las ayudas, dirigidas a entidades locales, para las inversiones de creaci&#243;n, mejora o ampliaci&#243;n de infraestructuras en superficies pastables para mejorar la bioseguridad de las explotaciones ganaderas. El plazo de solicitud finaliza el 9 de abril.\",\"breadcrumb\":{\"@id\":\"https:\/\/www.asajacyl.com\/avila\/servicios-socio\/convocadas-las-ayudas-para-mejora-de-la-bioseguridad-de-las-explotaciones-ganaderas#breadcrumb\"},\"inLanguage\":\"es\",\"potentialAction\":[{\"@type\":\"ReadAction\",\"target\":[\"https:\/\/www.asajacyl.com\/avila\/servicios-socio\/convocadas-las-ayudas-para-mejora-de-la-bioseguridad-de-las-explotaciones-ganaderas\"]}]},{\"@type\":\"ImageObject\",\"inLanguage\":\"es\",\"@id\":\"https:\/\/www.asajacyl.com\/avila\/servicios-socio\/convocadas-las-ayudas-para-mejora-de-la-bioseguridad-de-las-explotaciones-ganaderas#primaryimage\",\"url\":\"https:\/\/www.asajacyl.com\/avila\/wp-content\/uploads\/sites\/4\/2017\/11\/im_predefinida_1920x1080.jpg\",\"contentUrl\":\"https:\/\/www.asajacyl.com\/avila\/wp-content\/uploads\/sites\/4\/2017\/11\/im_predefinida_1920x1080.jpg\",\"width\":1920,\"height\":1080,\"caption\":\"Logotipo ASAJA \u00c1vila\"},{\"@type\":\"BreadcrumbList\",\"@id\":\"https:\/\/www.asajacyl.com\/avila\/servicios-socio\/convocadas-las-ayudas-para-mejora-de-la-bioseguridad-de-las-explotaciones-ganaderas#breadcrumb\",\"itemListElement\":[{\"@type\":\"ListItem\",\"position\":1,\"name\":\"Portada\",\"item\":\"https:\/\/www.asajacyl.com\/avila\/\"},{\"@type\":\"ListItem\",\"position\":2,\"name\":\"Convocadas las ayudas para mejora de la bioseguridad de las explotaciones ganaderas\"}]},{\"@type\":\"WebSite\",\"@id\":\"https:\/\/www.asajacyl.com\/avila\/#website\",\"url\":\"https:\/\/www.asajacyl.com\/avila\/\",\"name\":\"ASAJA \u00c1vila\",\"description\":\"Otro sitio m\u00e1s de Provincias ASAJA Castilla y Le\u00f3n\",\"potentialAction\":[{\"@type\":\"SearchAction\",\"target\":{\"@type\":\"EntryPoint\",\"urlTemplate\":\"https:\/\/www.asajacyl.com\/avila\/?s={search_term_string}\"},\"query-input\":{\"@type\":\"PropertyValueSpecification\",\"valueRequired\":true,\"valueName\":\"search_term_string\"}}],\"inLanguage\":\"es\"},{\"@type\":\"Person\",\"@id\":\"https:\/\/www.asajacyl.com\/avila\/#\/schema\/person\/7e884476cee132331142e8ac9689f20c\",\"name\":\"Editor\",\"image\":{\"@type\":\"ImageObject\",\"inLanguage\":\"es\",\"@id\":\"https:\/\/www.asajacyl.com\/avila\/#\/schema\/person\/image\/\",\"url\":\"https:\/\/secure.gravatar.com\/avatar\/a2ef43c165669686cfcfb0e1ffa59869?s=96&d=mm&r=g\",\"contentUrl\":\"https:\/\/secure.gravatar.com\/avatar\/a2ef43c165669686cfcfb0e1ffa59869?s=96&d=mm&r=g\",\"caption\":\"Editor\"},\"url\":\"https:\/\/www.asajacyl.com\/avila\/author\/oscargg\"}]}<\/script>\n<!-- \/ Yoast SEO plugin. -->","yoast_head_json":{"title":"Convocadas las ayudas para mejora de la bioseguridad de las explotaciones ganaderas - ASAJA \u00c1vila","description":"La Consejer&#237;a de Agricultura y Ganader&#237;a convoca las ayudas, dirigidas a entidades locales, para las inversiones de creaci&#243;n, mejora o ampliaci&#243;n de infraestructuras en superficies pastables para mejorar la bioseguridad de las explotaciones ganaderas. El plazo de solicitud finaliza el 9 de abril.","robots":{"index":"index","follow":"follow","max-snippet":"max-snippet:-1","max-image-preview":"max-image-preview:large","max-video-preview":"max-video-preview:-1"},"canonical":"https:\/\/www.asajacyl.com\/avila\/servicios-socio\/convocadas-las-ayudas-para-mejora-de-la-bioseguridad-de-las-explotaciones-ganaderas","og_locale":"es_ES","og_type":"article","og_title":"Convocadas las ayudas para mejora de la bioseguridad de las explotaciones ganaderas - ASAJA \u00c1vila","og_description":"La Consejer&#237;a de Agricultura y Ganader&#237;a convoca las ayudas, dirigidas a entidades locales, para las inversiones de creaci&#243;n, mejora o ampliaci&#243;n de infraestructuras en superficies pastables para mejorar la bioseguridad de las explotaciones ganaderas. El plazo de solicitud finaliza el 9 de abril.","og_url":"https:\/\/www.asajacyl.com\/avila\/servicios-socio\/convocadas-las-ayudas-para-mejora-de-la-bioseguridad-de-las-explotaciones-ganaderas","og_site_name":"ASAJA \u00c1vila","article_published_time":"2017-03-07T23:00:00+00:00","og_image":[{"width":1920,"height":1080,"url":"https:\/\/www.asajacyl.com\/avila\/wp-content\/uploads\/sites\/4\/2017\/11\/im_predefinida_1920x1080.jpg","type":"image\/jpeg"}],"author":"Editor","twitter_card":"summary_large_image","twitter_misc":{"Escrito por":"Editor","Tiempo de lectura":"1 minuto"},"schema":{"@context":"https:\/\/schema.org","@graph":[{"@type":"WebPage","@id":"https:\/\/www.asajacyl.com\/avila\/servicios-socio\/convocadas-las-ayudas-para-mejora-de-la-bioseguridad-de-las-explotaciones-ganaderas","url":"https:\/\/www.asajacyl.com\/avila\/servicios-socio\/convocadas-las-ayudas-para-mejora-de-la-bioseguridad-de-las-explotaciones-ganaderas","name":"Convocadas las ayudas para mejora de la bioseguridad de las explotaciones ganaderas - ASAJA \u00c1vila","isPartOf":{"@id":"https:\/\/www.asajacyl.com\/avila\/#website"},"primaryImageOfPage":{"@id":"https:\/\/www.asajacyl.com\/avila\/servicios-socio\/convocadas-las-ayudas-para-mejora-de-la-bioseguridad-de-las-explotaciones-ganaderas#primaryimage"},"image":{"@id":"https:\/\/www.asajacyl.com\/avila\/servicios-socio\/convocadas-las-ayudas-para-mejora-de-la-bioseguridad-de-las-explotaciones-ganaderas#primaryimage"},"thumbnailUrl":"https:\/\/www.asajacyl.com\/avila\/wp-content\/uploads\/sites\/4\/2017\/11\/im_predefinida_1920x1080.jpg","datePublished":"2017-03-07T23:00:00+00:00","author":{"@id":"https:\/\/www.asajacyl.com\/avila\/#\/schema\/person\/7e884476cee132331142e8ac9689f20c"},"description":"La Consejer&#237;a de Agricultura y Ganader&#237;a convoca las ayudas, dirigidas a entidades locales, para las inversiones de creaci&#243;n, mejora o ampliaci&#243;n de infraestructuras en superficies pastables para mejorar la bioseguridad de las explotaciones ganaderas. El plazo de solicitud finaliza el 9 de abril.","breadcrumb":{"@id":"https:\/\/www.asajacyl.com\/avila\/servicios-socio\/convocadas-las-ayudas-para-mejora-de-la-bioseguridad-de-las-explotaciones-ganaderas#breadcrumb"},"inLanguage":"es","potentialAction":[{"@type":"ReadAction","target":["https:\/\/www.asajacyl.com\/avila\/servicios-socio\/convocadas-las-ayudas-para-mejora-de-la-bioseguridad-de-las-explotaciones-ganaderas"]}]},{"@type":"ImageObject","inLanguage":"es","@id":"https:\/\/www.asajacyl.com\/avila\/servicios-socio\/convocadas-las-ayudas-para-mejora-de-la-bioseguridad-de-las-explotaciones-ganaderas#primaryimage","url":"https:\/\/www.asajacyl.com\/avila\/wp-content\/uploads\/sites\/4\/2017\/11\/im_predefinida_1920x1080.jpg","contentUrl":"https:\/\/www.asajacyl.com\/avila\/wp-content\/uploads\/sites\/4\/2017\/11\/im_predefinida_1920x1080.jpg","width":1920,"height":1080,"caption":"Logotipo ASAJA \u00c1vila"},{"@type":"BreadcrumbList","@id":"https:\/\/www.asajacyl.com\/avila\/servicios-socio\/convocadas-las-ayudas-para-mejora-de-la-bioseguridad-de-las-explotaciones-ganaderas#breadcrumb","itemListElement":[{"@type":"ListItem","position":1,"name":"Portada","item":"https:\/\/www.asajacyl.com\/avila\/"},{"@type":"ListItem","position":2,"name":"Convocadas las ayudas para mejora de la bioseguridad de las explotaciones ganaderas"}]},{"@type":"WebSite","@id":"https:\/\/www.asajacyl.com\/avila\/#website","url":"https:\/\/www.asajacyl.com\/avila\/","name":"ASAJA \u00c1vila","description":"Otro sitio m\u00e1s de Provincias ASAJA Castilla y Le\u00f3n","potentialAction":[{"@type":"SearchAction","target":{"@type":"EntryPoint","urlTemplate":"https:\/\/www.asajacyl.com\/avila\/?s={search_term_string}"},"query-input":{"@type":"PropertyValueSpecification","valueRequired":true,"valueName":"search_term_string"}}],"inLanguage":"es"},{"@type":"Person","@id":"https:\/\/www.asajacyl.com\/avila\/#\/schema\/person\/7e884476cee132331142e8ac9689f20c","name":"Editor","image":{"@type":"ImageObject","inLanguage":"es","@id":"https:\/\/www.asajacyl.com\/avila\/#\/schema\/person\/image\/","url":"https:\/\/secure.gravatar.com\/avatar\/a2ef43c165669686cfcfb0e1ffa59869?s=96&d=mm&r=g","contentUrl":"https:\/\/secure.gravatar.com\/avatar\/a2ef43c165669686cfcfb0e1ffa59869?s=96&d=mm&r=g","caption":"Editor"},"url":"https:\/\/www.asajacyl.com\/avila\/author\/oscargg"}]}},"_links":{"self":[{"href":"https:\/\/www.asajacyl.com\/avila\/wp-json\/wp\/v2\/posts\/2358"}],"collection":[{"href":"https:\/\/www.asajacyl.com\/avila\/wp-json\/wp\/v2\/posts"}],"about":[{"href":"https:\/\/www.asajacyl.com\/avila\/wp-json\/wp\/v2\/types\/post"}],"author":[{"embeddable":true,"href":"https:\/\/www.asajacyl.com\/avila\/wp-json\/wp\/v2\/users\/3"}],"replies":[{"embeddable":true,"href":"https:\/\/www.asajacyl.com\/avila\/wp-json\/wp\/v2\/comments?post=2358"}],"version-history":[{"count":0,"href":"https:\/\/www.asajacyl.com\/avila\/wp-json\/wp\/v2\/posts\/2358\/revisions"}],"wp:featuredmedia":[{"embeddable":true,"href":"https:\/\/www.asajacyl.com\/avila\/wp-json\/wp\/v2\/media\/794"}],"wp:attachment":[{"href":"https:\/\/www.asajacyl.com\/avila\/wp-json\/wp\/v2\/media?parent=2358"}],"wp:term":[{"taxonomy":"category","embeddable":true,"href":"https:\/\/www.asajacyl.com\/avila\/wp-json\/wp\/v2\/categories?post=2358"},{"taxonomy":"post_tag","embeddable":true,"href":"https:\/\/www.asajacyl.com\/avila\/wp-json\/wp\/v2\/tags?post=2358"}],"curies":[{"name":"wp","href":"https:\/\/api.w.org\/{rel}","templated":true}]}}