{"id":2368,"date":"2017-02-24T00:00:00","date_gmt":"2017-02-23T23:00:00","guid":{"rendered":"http:\/\/www.asajacyl.com\/avila\/sin-categoria\/convocadas-ayudas-a-la-formacin-profesional-e-informacin-para-el-fomento-de-la-integracin-de-entidades-asociativas-agroalimentarias"},"modified":"2017-02-24T00:00:00","modified_gmt":"2017-02-23T23:00:00","slug":"convocadas-ayudas-a-la-formacin-profesional-e-informacin-para-el-fomento-de-la-integracin-de-entidades-asociativas-agroalimentarias","status":"publish","type":"post","link":"https:\/\/www.asajacyl.com\/avila\/servicios-socio\/convocadas-ayudas-a-la-formacin-profesional-e-informacin-para-el-fomento-de-la-integracin-de-entidades-asociativas-agroalimentarias","title":{"rendered":"Convocadas ayudas a la formaci&#243;n profesional e informaci&#243;n para el fomento de la integraci&#243;n de entidades asociativas agroalimentarias"},"content":{"rendered":"<h2>El Fondo Espa&#241;ol de Garant&#237;a Agraria (FEGA) convoca dos l&#237;neas de ayudas para el apoyo a acciones de formaci&#243;n profesional y adquisici&#243;n de competencias, as&#237; como para actividades de demostraci&#243;n  e informaci&#243;n,  para el fomento de la integraci&#243;n de entidades asociativas agroalimentarias de car&#225;cter supraauton&#243;mico, en el marco del Programa Nacional de Desarrollo Rural 2014 &#8211; 2020.<\/h2>\n<p style=\"margin-left:106.3pt;\">\nEl Fondo Espa&#241;ol de Garant&#237;a Agraria (FEGA) convoca dos l&#237;neas de ayudas para el apoyo a acciones de formaci&#243;n profesional y adquisici&#243;n de competencias, as&#237; como para actividades de demostraci&#243;n&#160; e informaci&#243;n,&#160; para el fomento de la integraci&#243;n de entidades asociativas agroalimentarias de car&#225;cter supraauton&#243;mico, en el marco del Programa Nacional de Desarrollo Rural 2014 &#8211; 2020.<\/p>\n<p style=\"margin-left:106.3pt;\">\nTanto las ayudas para formaci&#243;n profesional y adquisici&#243;n de competencias, como las destinadas a actividades de demostraci&#243;n y acciones de informaci&#243;n, contaran con un presupuesto de 472.693 euros cofinanciado en un 80% por FEADER y un 20% con cargo al presupuesto nacional.<\/p>\n<p style=\"margin-left:106.3pt;\">\nLas solicitudes de los dos tipos de ayuda se presentar&#225;n antes del 21 de marzo.<\/p>\n<p style=\"margin-left:106.3pt;\">\n<strong><u>AYUDAS FORMACI&#211;N PROFESIONAL Y ADQUISICI&#211;N COMPETENCIAS<\/u><\/strong><\/p>\n<p style=\"margin-left:106.3pt;\">\nPodr&#225;n solicitarlas las entidades p&#250;blicas o privadas prestadoras del servicio de formaci&#243;n que se comprometan a efectuar la totalidad de la actividad sujeta a ayuda.<\/p>\n<p style=\"margin-left:106.3pt;\">\nLa ayuda podr&#225; alcanzar el cien por cien de los gastos subvencionables que se hayan generado por la actuaci&#243;n, dentro de los siguientes l&#237;mites: por taller, 1.000 euros por alumno participante;&#160; por actividades de formaci&#243;n y aprendizaje, 6.500 euros por alumno que se pretenda formar; por entrenamiento, 3.500 euros por alumno participante.<\/p>\n<p style=\"margin-left:106.3pt;\">\n<strong><u>AYUDAS ACTIVIDADES DEMOSTRACI&#211;N E INFORMACI&#211;N<\/u><\/strong><\/p>\n<p style=\"margin-left:106.3pt;\">\nPodr&#225;n acceder a estas ayudas las entidades p&#250;blicas o privadas u organizaciones prestadoras del servicio de demostraci&#243;n o informaci&#243;n que se comprometan a efectuar la totalidad de la actividad sujeta a ayuda.<\/p>\n<p style=\"margin-left:106.3pt;\">\nLa ayuda podr&#225; alcanzar el cien por cien de los gastos subvencionables que se hayan generado por la actuaci&#243;n, dentro de un l&#237;mite m&#225;ximo de 8.000 euros por actuaci&#243;n.<\/p>\n","protected":false},"excerpt":{"rendered":"<p>El Fondo Espa&#241;ol de Garant&#237;a Agraria (FEGA) convoca dos l&#237;neas de ayudas para el apoyo a acciones de formaci&#243;n profesional y adquisici&#243;n de competencias, as&#237; como para actividades de demostraci&#243;n  e informaci&#243;n,  para el fomento de la integraci&#243;n de entidades asociativas agroalimentarias de car&#225;cter supraauton&#243;mico, en el marco del Programa Nacional de Desarrollo Rural 2014 &#8211; 2020.<\/p>\n","protected":false},"author":3,"featured_media":794,"comment_status":"open","ping_status":"open","sticky":false,"template":"","format":"standard","meta":{"footnotes":""},"categories":[24,9],"tags":[],"yoast_head":"<!-- This site is optimized with the Yoast SEO plugin v24.5 - https:\/\/yoast.com\/wordpress\/plugins\/seo\/ -->\n<title>Convocadas ayudas a la formaci&#243;n profesional e informaci&#243;n para el fomento de la integraci&#243;n de entidades asociativas agroalimentarias - ASAJA \u00c1vila<\/title>\n<meta name=\"description\" content=\"El Fondo Espa&#241;ol de Garant&#237;a Agraria (FEGA) convoca dos l&#237;neas de ayudas para el apoyo a acciones de formaci&#243;n profesional y adquisici&#243;n de competencias, as&#237; como para actividades de demostraci&#243;n e informaci&#243;n, para el fomento de la integraci&#243;n de entidades asociativas agroalimentarias de car&#225;cter supraauton&#243;mico, en el marco del Programa Nacional de Desarrollo Rural 2014 &#8211; 2020.\" \/>\n<meta name=\"robots\" content=\"index, follow, max-snippet:-1, max-image-preview:large, max-video-preview:-1\" \/>\n<link rel=\"canonical\" href=\"https:\/\/www.asajacyl.com\/avila\/servicios-socio\/convocadas-ayudas-a-la-formacin-profesional-e-informacin-para-el-fomento-de-la-integracin-de-entidades-asociativas-agroalimentarias\" \/>\n<meta property=\"og:locale\" content=\"es_ES\" \/>\n<meta property=\"og:type\" content=\"article\" \/>\n<meta property=\"og:title\" content=\"Convocadas ayudas a la formaci&#243;n profesional e informaci&#243;n para el fomento de la integraci&#243;n de entidades asociativas agroalimentarias - ASAJA \u00c1vila\" \/>\n<meta property=\"og:description\" content=\"El Fondo Espa&#241;ol de Garant&#237;a Agraria (FEGA) convoca dos l&#237;neas de ayudas para el apoyo a acciones de formaci&#243;n profesional y adquisici&#243;n de competencias, as&#237; como para actividades de demostraci&#243;n e informaci&#243;n, para el fomento de la integraci&#243;n de entidades asociativas agroalimentarias de car&#225;cter supraauton&#243;mico, en el marco del Programa Nacional de Desarrollo Rural 2014 &#8211; 2020.\" \/>\n<meta property=\"og:url\" content=\"https:\/\/www.asajacyl.com\/avila\/servicios-socio\/convocadas-ayudas-a-la-formacin-profesional-e-informacin-para-el-fomento-de-la-integracin-de-entidades-asociativas-agroalimentarias\" \/>\n<meta property=\"og:site_name\" content=\"ASAJA \u00c1vila\" \/>\n<meta property=\"article:published_time\" content=\"2017-02-23T23:00:00+00:00\" \/>\n<meta property=\"og:image\" content=\"https:\/\/www.asajacyl.com\/avila\/wp-content\/uploads\/sites\/4\/2017\/11\/im_predefinida_1920x1080.jpg\" \/>\n\t<meta property=\"og:image:width\" content=\"1920\" \/>\n\t<meta property=\"og:image:height\" content=\"1080\" \/>\n\t<meta property=\"og:image:type\" content=\"image\/jpeg\" \/>\n<meta name=\"author\" content=\"Editor\" \/>\n<meta name=\"twitter:card\" content=\"summary_large_image\" \/>\n<meta name=\"twitter:label1\" content=\"Escrito por\" \/>\n\t<meta name=\"twitter:data1\" content=\"Editor\" \/>\n\t<meta name=\"twitter:label2\" content=\"Tiempo de lectura\" \/>\n\t<meta name=\"twitter:data2\" content=\"2 minutos\" \/>\n<script type=\"application\/ld+json\" class=\"yoast-schema-graph\">{\"@context\":\"https:\/\/schema.org\",\"@graph\":[{\"@type\":\"WebPage\",\"@id\":\"https:\/\/www.asajacyl.com\/avila\/servicios-socio\/convocadas-ayudas-a-la-formacin-profesional-e-informacin-para-el-fomento-de-la-integracin-de-entidades-asociativas-agroalimentarias\",\"url\":\"https:\/\/www.asajacyl.com\/avila\/servicios-socio\/convocadas-ayudas-a-la-formacin-profesional-e-informacin-para-el-fomento-de-la-integracin-de-entidades-asociativas-agroalimentarias\",\"name\":\"Convocadas ayudas a la formaci&#243;n profesional e informaci&#243;n para el fomento de la integraci&#243;n de entidades asociativas agroalimentarias - ASAJA \u00c1vila\",\"isPartOf\":{\"@id\":\"https:\/\/www.asajacyl.com\/avila\/#website\"},\"primaryImageOfPage\":{\"@id\":\"https:\/\/www.asajacyl.com\/avila\/servicios-socio\/convocadas-ayudas-a-la-formacin-profesional-e-informacin-para-el-fomento-de-la-integracin-de-entidades-asociativas-agroalimentarias#primaryimage\"},\"image\":{\"@id\":\"https:\/\/www.asajacyl.com\/avila\/servicios-socio\/convocadas-ayudas-a-la-formacin-profesional-e-informacin-para-el-fomento-de-la-integracin-de-entidades-asociativas-agroalimentarias#primaryimage\"},\"thumbnailUrl\":\"https:\/\/www.asajacyl.com\/avila\/wp-content\/uploads\/sites\/4\/2017\/11\/im_predefinida_1920x1080.jpg\",\"datePublished\":\"2017-02-23T23:00:00+00:00\",\"author\":{\"@id\":\"https:\/\/www.asajacyl.com\/avila\/#\/schema\/person\/7e884476cee132331142e8ac9689f20c\"},\"description\":\"El Fondo Espa&#241;ol de Garant&#237;a Agraria (FEGA) convoca dos l&#237;neas de ayudas para el apoyo a acciones de formaci&#243;n profesional y adquisici&#243;n de competencias, as&#237; como para actividades de demostraci&#243;n e informaci&#243;n, para el fomento de la integraci&#243;n de entidades asociativas agroalimentarias de car&#225;cter supraauton&#243;mico, en el marco del Programa Nacional de Desarrollo Rural 2014 &#8211; 2020.\",\"breadcrumb\":{\"@id\":\"https:\/\/www.asajacyl.com\/avila\/servicios-socio\/convocadas-ayudas-a-la-formacin-profesional-e-informacin-para-el-fomento-de-la-integracin-de-entidades-asociativas-agroalimentarias#breadcrumb\"},\"inLanguage\":\"es\",\"potentialAction\":[{\"@type\":\"ReadAction\",\"target\":[\"https:\/\/www.asajacyl.com\/avila\/servicios-socio\/convocadas-ayudas-a-la-formacin-profesional-e-informacin-para-el-fomento-de-la-integracin-de-entidades-asociativas-agroalimentarias\"]}]},{\"@type\":\"ImageObject\",\"inLanguage\":\"es\",\"@id\":\"https:\/\/www.asajacyl.com\/avila\/servicios-socio\/convocadas-ayudas-a-la-formacin-profesional-e-informacin-para-el-fomento-de-la-integracin-de-entidades-asociativas-agroalimentarias#primaryimage\",\"url\":\"https:\/\/www.asajacyl.com\/avila\/wp-content\/uploads\/sites\/4\/2017\/11\/im_predefinida_1920x1080.jpg\",\"contentUrl\":\"https:\/\/www.asajacyl.com\/avila\/wp-content\/uploads\/sites\/4\/2017\/11\/im_predefinida_1920x1080.jpg\",\"width\":1920,\"height\":1080,\"caption\":\"Logotipo ASAJA \u00c1vila\"},{\"@type\":\"BreadcrumbList\",\"@id\":\"https:\/\/www.asajacyl.com\/avila\/servicios-socio\/convocadas-ayudas-a-la-formacin-profesional-e-informacin-para-el-fomento-de-la-integracin-de-entidades-asociativas-agroalimentarias#breadcrumb\",\"itemListElement\":[{\"@type\":\"ListItem\",\"position\":1,\"name\":\"Portada\",\"item\":\"https:\/\/www.asajacyl.com\/avila\/\"},{\"@type\":\"ListItem\",\"position\":2,\"name\":\"Convocadas ayudas a la formaci&#243;n profesional e informaci&#243;n para el fomento de la integraci&#243;n de entidades asociativas agroalimentarias\"}]},{\"@type\":\"WebSite\",\"@id\":\"https:\/\/www.asajacyl.com\/avila\/#website\",\"url\":\"https:\/\/www.asajacyl.com\/avila\/\",\"name\":\"ASAJA \u00c1vila\",\"description\":\"Otro sitio m\u00e1s de Provincias ASAJA Castilla y Le\u00f3n\",\"potentialAction\":[{\"@type\":\"SearchAction\",\"target\":{\"@type\":\"EntryPoint\",\"urlTemplate\":\"https:\/\/www.asajacyl.com\/avila\/?s={search_term_string}\"},\"query-input\":{\"@type\":\"PropertyValueSpecification\",\"valueRequired\":true,\"valueName\":\"search_term_string\"}}],\"inLanguage\":\"es\"},{\"@type\":\"Person\",\"@id\":\"https:\/\/www.asajacyl.com\/avila\/#\/schema\/person\/7e884476cee132331142e8ac9689f20c\",\"name\":\"Editor\",\"image\":{\"@type\":\"ImageObject\",\"inLanguage\":\"es\",\"@id\":\"https:\/\/www.asajacyl.com\/avila\/#\/schema\/person\/image\/\",\"url\":\"https:\/\/secure.gravatar.com\/avatar\/a2ef43c165669686cfcfb0e1ffa59869?s=96&d=mm&r=g\",\"contentUrl\":\"https:\/\/secure.gravatar.com\/avatar\/a2ef43c165669686cfcfb0e1ffa59869?s=96&d=mm&r=g\",\"caption\":\"Editor\"},\"url\":\"https:\/\/www.asajacyl.com\/avila\/author\/oscargg\"}]}<\/script>\n<!-- \/ Yoast SEO plugin. -->","yoast_head_json":{"title":"Convocadas ayudas a la formaci&#243;n profesional e informaci&#243;n para el fomento de la integraci&#243;n de entidades asociativas agroalimentarias - ASAJA \u00c1vila","description":"El Fondo Espa&#241;ol de Garant&#237;a Agraria (FEGA) convoca dos l&#237;neas de ayudas para el apoyo a acciones de formaci&#243;n profesional y adquisici&#243;n de competencias, as&#237; como para actividades de demostraci&#243;n e informaci&#243;n, para el fomento de la integraci&#243;n de entidades asociativas agroalimentarias de car&#225;cter supraauton&#243;mico, en el marco del Programa Nacional de Desarrollo Rural 2014 &#8211; 2020.","robots":{"index":"index","follow":"follow","max-snippet":"max-snippet:-1","max-image-preview":"max-image-preview:large","max-video-preview":"max-video-preview:-1"},"canonical":"https:\/\/www.asajacyl.com\/avila\/servicios-socio\/convocadas-ayudas-a-la-formacin-profesional-e-informacin-para-el-fomento-de-la-integracin-de-entidades-asociativas-agroalimentarias","og_locale":"es_ES","og_type":"article","og_title":"Convocadas ayudas a la formaci&#243;n profesional e informaci&#243;n para el fomento de la integraci&#243;n de entidades asociativas agroalimentarias - ASAJA \u00c1vila","og_description":"El Fondo Espa&#241;ol de Garant&#237;a Agraria (FEGA) convoca dos l&#237;neas de ayudas para el apoyo a acciones de formaci&#243;n profesional y adquisici&#243;n de competencias, as&#237; como para actividades de demostraci&#243;n e informaci&#243;n, para el fomento de la integraci&#243;n de entidades asociativas agroalimentarias de car&#225;cter supraauton&#243;mico, en el marco del Programa Nacional de Desarrollo Rural 2014 &#8211; 2020.","og_url":"https:\/\/www.asajacyl.com\/avila\/servicios-socio\/convocadas-ayudas-a-la-formacin-profesional-e-informacin-para-el-fomento-de-la-integracin-de-entidades-asociativas-agroalimentarias","og_site_name":"ASAJA \u00c1vila","article_published_time":"2017-02-23T23:00:00+00:00","og_image":[{"width":1920,"height":1080,"url":"https:\/\/www.asajacyl.com\/avila\/wp-content\/uploads\/sites\/4\/2017\/11\/im_predefinida_1920x1080.jpg","type":"image\/jpeg"}],"author":"Editor","twitter_card":"summary_large_image","twitter_misc":{"Escrito por":"Editor","Tiempo de lectura":"2 minutos"},"schema":{"@context":"https:\/\/schema.org","@graph":[{"@type":"WebPage","@id":"https:\/\/www.asajacyl.com\/avila\/servicios-socio\/convocadas-ayudas-a-la-formacin-profesional-e-informacin-para-el-fomento-de-la-integracin-de-entidades-asociativas-agroalimentarias","url":"https:\/\/www.asajacyl.com\/avila\/servicios-socio\/convocadas-ayudas-a-la-formacin-profesional-e-informacin-para-el-fomento-de-la-integracin-de-entidades-asociativas-agroalimentarias","name":"Convocadas ayudas a la formaci&#243;n profesional e informaci&#243;n para el fomento de la integraci&#243;n de entidades asociativas agroalimentarias - ASAJA \u00c1vila","isPartOf":{"@id":"https:\/\/www.asajacyl.com\/avila\/#website"},"primaryImageOfPage":{"@id":"https:\/\/www.asajacyl.com\/avila\/servicios-socio\/convocadas-ayudas-a-la-formacin-profesional-e-informacin-para-el-fomento-de-la-integracin-de-entidades-asociativas-agroalimentarias#primaryimage"},"image":{"@id":"https:\/\/www.asajacyl.com\/avila\/servicios-socio\/convocadas-ayudas-a-la-formacin-profesional-e-informacin-para-el-fomento-de-la-integracin-de-entidades-asociativas-agroalimentarias#primaryimage"},"thumbnailUrl":"https:\/\/www.asajacyl.com\/avila\/wp-content\/uploads\/sites\/4\/2017\/11\/im_predefinida_1920x1080.jpg","datePublished":"2017-02-23T23:00:00+00:00","author":{"@id":"https:\/\/www.asajacyl.com\/avila\/#\/schema\/person\/7e884476cee132331142e8ac9689f20c"},"description":"El Fondo Espa&#241;ol de Garant&#237;a Agraria (FEGA) convoca dos l&#237;neas de ayudas para el apoyo a acciones de formaci&#243;n profesional y adquisici&#243;n de competencias, as&#237; como para actividades de demostraci&#243;n e informaci&#243;n, para el fomento de la integraci&#243;n de entidades asociativas agroalimentarias de car&#225;cter supraauton&#243;mico, en el marco del Programa Nacional de Desarrollo Rural 2014 &#8211; 2020.","breadcrumb":{"@id":"https:\/\/www.asajacyl.com\/avila\/servicios-socio\/convocadas-ayudas-a-la-formacin-profesional-e-informacin-para-el-fomento-de-la-integracin-de-entidades-asociativas-agroalimentarias#breadcrumb"},"inLanguage":"es","potentialAction":[{"@type":"ReadAction","target":["https:\/\/www.asajacyl.com\/avila\/servicios-socio\/convocadas-ayudas-a-la-formacin-profesional-e-informacin-para-el-fomento-de-la-integracin-de-entidades-asociativas-agroalimentarias"]}]},{"@type":"ImageObject","inLanguage":"es","@id":"https:\/\/www.asajacyl.com\/avila\/servicios-socio\/convocadas-ayudas-a-la-formacin-profesional-e-informacin-para-el-fomento-de-la-integracin-de-entidades-asociativas-agroalimentarias#primaryimage","url":"https:\/\/www.asajacyl.com\/avila\/wp-content\/uploads\/sites\/4\/2017\/11\/im_predefinida_1920x1080.jpg","contentUrl":"https:\/\/www.asajacyl.com\/avila\/wp-content\/uploads\/sites\/4\/2017\/11\/im_predefinida_1920x1080.jpg","width":1920,"height":1080,"caption":"Logotipo ASAJA \u00c1vila"},{"@type":"BreadcrumbList","@id":"https:\/\/www.asajacyl.com\/avila\/servicios-socio\/convocadas-ayudas-a-la-formacin-profesional-e-informacin-para-el-fomento-de-la-integracin-de-entidades-asociativas-agroalimentarias#breadcrumb","itemListElement":[{"@type":"ListItem","position":1,"name":"Portada","item":"https:\/\/www.asajacyl.com\/avila\/"},{"@type":"ListItem","position":2,"name":"Convocadas ayudas a la formaci&#243;n profesional e informaci&#243;n para el fomento de la integraci&#243;n de entidades asociativas agroalimentarias"}]},{"@type":"WebSite","@id":"https:\/\/www.asajacyl.com\/avila\/#website","url":"https:\/\/www.asajacyl.com\/avila\/","name":"ASAJA \u00c1vila","description":"Otro sitio m\u00e1s de Provincias ASAJA Castilla y Le\u00f3n","potentialAction":[{"@type":"SearchAction","target":{"@type":"EntryPoint","urlTemplate":"https:\/\/www.asajacyl.com\/avila\/?s={search_term_string}"},"query-input":{"@type":"PropertyValueSpecification","valueRequired":true,"valueName":"search_term_string"}}],"inLanguage":"es"},{"@type":"Person","@id":"https:\/\/www.asajacyl.com\/avila\/#\/schema\/person\/7e884476cee132331142e8ac9689f20c","name":"Editor","image":{"@type":"ImageObject","inLanguage":"es","@id":"https:\/\/www.asajacyl.com\/avila\/#\/schema\/person\/image\/","url":"https:\/\/secure.gravatar.com\/avatar\/a2ef43c165669686cfcfb0e1ffa59869?s=96&d=mm&r=g","contentUrl":"https:\/\/secure.gravatar.com\/avatar\/a2ef43c165669686cfcfb0e1ffa59869?s=96&d=mm&r=g","caption":"Editor"},"url":"https:\/\/www.asajacyl.com\/avila\/author\/oscargg"}]}},"_links":{"self":[{"href":"https:\/\/www.asajacyl.com\/avila\/wp-json\/wp\/v2\/posts\/2368"}],"collection":[{"href":"https:\/\/www.asajacyl.com\/avila\/wp-json\/wp\/v2\/posts"}],"about":[{"href":"https:\/\/www.asajacyl.com\/avila\/wp-json\/wp\/v2\/types\/post"}],"author":[{"embeddable":true,"href":"https:\/\/www.asajacyl.com\/avila\/wp-json\/wp\/v2\/users\/3"}],"replies":[{"embeddable":true,"href":"https:\/\/www.asajacyl.com\/avila\/wp-json\/wp\/v2\/comments?post=2368"}],"version-history":[{"count":0,"href":"https:\/\/www.asajacyl.com\/avila\/wp-json\/wp\/v2\/posts\/2368\/revisions"}],"wp:featuredmedia":[{"embeddable":true,"href":"https:\/\/www.asajacyl.com\/avila\/wp-json\/wp\/v2\/media\/794"}],"wp:attachment":[{"href":"https:\/\/www.asajacyl.com\/avila\/wp-json\/wp\/v2\/media?parent=2368"}],"wp:term":[{"taxonomy":"category","embeddable":true,"href":"https:\/\/www.asajacyl.com\/avila\/wp-json\/wp\/v2\/categories?post=2368"},{"taxonomy":"post_tag","embeddable":true,"href":"https:\/\/www.asajacyl.com\/avila\/wp-json\/wp\/v2\/tags?post=2368"}],"curies":[{"name":"wp","href":"https:\/\/api.w.org\/{rel}","templated":true}]}}