{"id":2372,"date":"2016-09-02T00:00:00","date_gmt":"2016-09-01T22:00:00","guid":{"rendered":"http:\/\/www.asajacyl.com\/avila\/sin-categoria\/asaja-presenta-un-documento-estratgico-de-defensa-del-sector-agroganadero-para-los-prximos-aos"},"modified":"2016-09-02T00:00:00","modified_gmt":"2016-09-01T22:00:00","slug":"asaja-presenta-un-documento-estratgico-de-defensa-del-sector-agroganadero-para-los-prximos-aos","status":"publish","type":"post","link":"https:\/\/www.asajacyl.com\/avila\/servicios-socio\/asaja-presenta-un-documento-estratgico-de-defensa-del-sector-agroganadero-para-los-prximos-aos","title":{"rendered":"ASAJA presenta un documento estrat&#233;gico de defensa del sector agroganadero para los pr&#243;ximos a&#241;os"},"content":{"rendered":"<h2>&#8216;Respuestas para la agricultura y ganader&#237;a del futuro&#8217; es el nombre del documento, ratificado por el recientemente celebrado IX Congreso de ASAJA Castilla y Le&#243;n, que marcar&#225; la estrategia de defensa del sector de la organizaci&#243;n profesional agraria.<\/h2>\n<p>&#8216;Respuestas para la agricultura y ganader&#237;a del futuro&#8217; es el nombre del documento, ratificado por el IX Congreso de ASAJA Castilla y Le&#243;n, que marcar&#225; la estrategia de defensa del sector de la organizaci&#243;n profesional agraria.<\/p>\n<p>18 agricultores y ganaderos, socios de las distintas ASAJA provinciales, presentaron cada uno de los ep&#237;grafes del escrito, que comprende propuestas sobre materias tales como: acceso a la tierra; concentraci&#243;n parcelaria; cooperativismo agrario; regad&#237;os; apoyos p&#250;blicos, priorizar producciones, medio ambiente, I+D+I y formaci&#243;n, globalizaci&#243;n y preferencia comunitaria, prioridad al agricultor profesional, incorporaci&#243;n de j&#243;venes y mujeres, actividades complementarias, servicios al sector, seguros agrarios, medios de producci&#243;n, tributaci&#243;n y seguridad social, interprofesionales, y medio rural.<\/p>\n<p>De este modo, ASAJA se pronuncia de forma clara sobre cada cuesti&#243;n sectorial u horizontal que afecta al agricultor y ganadero, tratando de subrayar las diferencias, cuando las hay, respecto a los planteamientos de otras organizaciones agrarias u otros colectivos. Un cap&#237;tulo importante se destina al compromiso de ASAJA por la defensa del medio rural, donde viven y trabajan los socios de la organizaci&#243;n y sus familias, pidiendo medidas que redunden en el desarrollo de los pueblos y el bienestar de sus habitantes.<\/p>\n<p>En este enlace puede descargarse el documento:<\/p>\n","protected":false},"excerpt":{"rendered":"<p>&#8216;Respuestas para la agricultura y ganader&#237;a del futuro&#8217; es el nombre del documento, ratificado por el recientemente celebrado IX Congreso de ASAJA Castilla y Le&#243;n, que marcar&#225; la estrategia de defensa del sector de la organizaci&#243;n profesional agraria.<\/p>\n","protected":false},"author":3,"featured_media":2373,"comment_status":"open","ping_status":"open","sticky":false,"template":"","format":"standard","meta":{"footnotes":""},"categories":[24,9],"tags":[],"yoast_head":"<!-- This site is optimized with the Yoast SEO plugin v24.5 - https:\/\/yoast.com\/wordpress\/plugins\/seo\/ -->\n<title>ASAJA presenta un documento estrat&#233;gico de defensa del sector agroganadero para los pr&#243;ximos a&#241;os - ASAJA \u00c1vila<\/title>\n<meta name=\"description\" content=\"&#8216;Respuestas para la agricultura y ganader&#237;a del futuro&#8217; es el nombre del documento, ratificado por el recientemente celebrado IX Congreso de ASAJA Castilla y Le&#243;n, que marcar&#225; la estrategia de defensa del sector de la organizaci&#243;n profesional agraria.\" \/>\n<meta name=\"robots\" content=\"index, follow, max-snippet:-1, max-image-preview:large, max-video-preview:-1\" \/>\n<link rel=\"canonical\" href=\"https:\/\/www.asajacyl.com\/avila\/servicios-socio\/asaja-presenta-un-documento-estratgico-de-defensa-del-sector-agroganadero-para-los-prximos-aos\" \/>\n<meta property=\"og:locale\" content=\"es_ES\" \/>\n<meta property=\"og:type\" content=\"article\" \/>\n<meta property=\"og:title\" content=\"ASAJA presenta un documento estrat&#233;gico de defensa del sector agroganadero para los pr&#243;ximos a&#241;os - ASAJA \u00c1vila\" \/>\n<meta property=\"og:description\" content=\"&#8216;Respuestas para la agricultura y ganader&#237;a del futuro&#8217; es el nombre del documento, ratificado por el recientemente celebrado IX Congreso de ASAJA Castilla y Le&#243;n, que marcar&#225; la estrategia de defensa del sector de la organizaci&#243;n profesional agraria.\" \/>\n<meta property=\"og:url\" content=\"https:\/\/www.asajacyl.com\/avila\/servicios-socio\/asaja-presenta-un-documento-estratgico-de-defensa-del-sector-agroganadero-para-los-prximos-aos\" \/>\n<meta property=\"og:site_name\" content=\"ASAJA \u00c1vila\" \/>\n<meta property=\"article:published_time\" content=\"2016-09-01T22:00:00+00:00\" \/>\n<meta property=\"og:image\" content=\"https:\/\/www.asajacyl.com\/avila\/wp-content\/uploads\/sites\/4\/2017\/12\/IMG_20160826_114014.jpg\" \/>\n\t<meta property=\"og:image:width\" content=\"3264\" \/>\n\t<meta property=\"og:image:height\" content=\"2448\" \/>\n\t<meta property=\"og:image:type\" content=\"image\/jpeg\" \/>\n<meta name=\"author\" content=\"Editor\" \/>\n<meta name=\"twitter:card\" content=\"summary_large_image\" \/>\n<meta name=\"twitter:label1\" content=\"Escrito por\" \/>\n\t<meta name=\"twitter:data1\" content=\"Editor\" \/>\n\t<meta name=\"twitter:label2\" content=\"Tiempo de lectura\" \/>\n\t<meta name=\"twitter:data2\" content=\"1 minuto\" \/>\n<script type=\"application\/ld+json\" class=\"yoast-schema-graph\">{\"@context\":\"https:\/\/schema.org\",\"@graph\":[{\"@type\":\"WebPage\",\"@id\":\"https:\/\/www.asajacyl.com\/avila\/servicios-socio\/asaja-presenta-un-documento-estratgico-de-defensa-del-sector-agroganadero-para-los-prximos-aos\",\"url\":\"https:\/\/www.asajacyl.com\/avila\/servicios-socio\/asaja-presenta-un-documento-estratgico-de-defensa-del-sector-agroganadero-para-los-prximos-aos\",\"name\":\"ASAJA presenta un documento estrat&#233;gico de defensa del sector agroganadero para los pr&#243;ximos a&#241;os - ASAJA \u00c1vila\",\"isPartOf\":{\"@id\":\"https:\/\/www.asajacyl.com\/avila\/#website\"},\"primaryImageOfPage\":{\"@id\":\"https:\/\/www.asajacyl.com\/avila\/servicios-socio\/asaja-presenta-un-documento-estratgico-de-defensa-del-sector-agroganadero-para-los-prximos-aos#primaryimage\"},\"image\":{\"@id\":\"https:\/\/www.asajacyl.com\/avila\/servicios-socio\/asaja-presenta-un-documento-estratgico-de-defensa-del-sector-agroganadero-para-los-prximos-aos#primaryimage\"},\"thumbnailUrl\":\"https:\/\/www.asajacyl.com\/avila\/wp-content\/uploads\/sites\/4\/2017\/12\/IMG_20160826_114014.jpg\",\"datePublished\":\"2016-09-01T22:00:00+00:00\",\"author\":{\"@id\":\"https:\/\/www.asajacyl.com\/avila\/#\/schema\/person\/7e884476cee132331142e8ac9689f20c\"},\"description\":\"&#8216;Respuestas para la agricultura y ganader&#237;a del futuro&#8217; es el nombre del documento, ratificado por el recientemente celebrado IX Congreso de ASAJA Castilla y Le&#243;n, que marcar&#225; la estrategia de defensa del sector de la organizaci&#243;n profesional agraria.\",\"breadcrumb\":{\"@id\":\"https:\/\/www.asajacyl.com\/avila\/servicios-socio\/asaja-presenta-un-documento-estratgico-de-defensa-del-sector-agroganadero-para-los-prximos-aos#breadcrumb\"},\"inLanguage\":\"es\",\"potentialAction\":[{\"@type\":\"ReadAction\",\"target\":[\"https:\/\/www.asajacyl.com\/avila\/servicios-socio\/asaja-presenta-un-documento-estratgico-de-defensa-del-sector-agroganadero-para-los-prximos-aos\"]}]},{\"@type\":\"ImageObject\",\"inLanguage\":\"es\",\"@id\":\"https:\/\/www.asajacyl.com\/avila\/servicios-socio\/asaja-presenta-un-documento-estratgico-de-defensa-del-sector-agroganadero-para-los-prximos-aos#primaryimage\",\"url\":\"https:\/\/www.asajacyl.com\/avila\/wp-content\/uploads\/sites\/4\/2017\/12\/IMG_20160826_114014.jpg\",\"contentUrl\":\"https:\/\/www.asajacyl.com\/avila\/wp-content\/uploads\/sites\/4\/2017\/12\/IMG_20160826_114014.jpg\",\"width\":3264,\"height\":2448},{\"@type\":\"BreadcrumbList\",\"@id\":\"https:\/\/www.asajacyl.com\/avila\/servicios-socio\/asaja-presenta-un-documento-estratgico-de-defensa-del-sector-agroganadero-para-los-prximos-aos#breadcrumb\",\"itemListElement\":[{\"@type\":\"ListItem\",\"position\":1,\"name\":\"Portada\",\"item\":\"https:\/\/www.asajacyl.com\/avila\/\"},{\"@type\":\"ListItem\",\"position\":2,\"name\":\"ASAJA presenta un documento estrat&#233;gico de defensa del sector agroganadero para los pr&#243;ximos a&#241;os\"}]},{\"@type\":\"WebSite\",\"@id\":\"https:\/\/www.asajacyl.com\/avila\/#website\",\"url\":\"https:\/\/www.asajacyl.com\/avila\/\",\"name\":\"ASAJA \u00c1vila\",\"description\":\"Otro sitio m\u00e1s de Provincias ASAJA Castilla y Le\u00f3n\",\"potentialAction\":[{\"@type\":\"SearchAction\",\"target\":{\"@type\":\"EntryPoint\",\"urlTemplate\":\"https:\/\/www.asajacyl.com\/avila\/?s={search_term_string}\"},\"query-input\":{\"@type\":\"PropertyValueSpecification\",\"valueRequired\":true,\"valueName\":\"search_term_string\"}}],\"inLanguage\":\"es\"},{\"@type\":\"Person\",\"@id\":\"https:\/\/www.asajacyl.com\/avila\/#\/schema\/person\/7e884476cee132331142e8ac9689f20c\",\"name\":\"Editor\",\"image\":{\"@type\":\"ImageObject\",\"inLanguage\":\"es\",\"@id\":\"https:\/\/www.asajacyl.com\/avila\/#\/schema\/person\/image\/\",\"url\":\"https:\/\/secure.gravatar.com\/avatar\/a2ef43c165669686cfcfb0e1ffa59869?s=96&d=mm&r=g\",\"contentUrl\":\"https:\/\/secure.gravatar.com\/avatar\/a2ef43c165669686cfcfb0e1ffa59869?s=96&d=mm&r=g\",\"caption\":\"Editor\"},\"url\":\"https:\/\/www.asajacyl.com\/avila\/author\/oscargg\"}]}<\/script>\n<!-- \/ Yoast SEO plugin. -->","yoast_head_json":{"title":"ASAJA presenta un documento estrat&#233;gico de defensa del sector agroganadero para los pr&#243;ximos a&#241;os - ASAJA \u00c1vila","description":"&#8216;Respuestas para la agricultura y ganader&#237;a del futuro&#8217; es el nombre del documento, ratificado por el recientemente celebrado IX Congreso de ASAJA Castilla y Le&#243;n, que marcar&#225; la estrategia de defensa del sector de la organizaci&#243;n profesional agraria.","robots":{"index":"index","follow":"follow","max-snippet":"max-snippet:-1","max-image-preview":"max-image-preview:large","max-video-preview":"max-video-preview:-1"},"canonical":"https:\/\/www.asajacyl.com\/avila\/servicios-socio\/asaja-presenta-un-documento-estratgico-de-defensa-del-sector-agroganadero-para-los-prximos-aos","og_locale":"es_ES","og_type":"article","og_title":"ASAJA presenta un documento estrat&#233;gico de defensa del sector agroganadero para los pr&#243;ximos a&#241;os - ASAJA \u00c1vila","og_description":"&#8216;Respuestas para la agricultura y ganader&#237;a del futuro&#8217; es el nombre del documento, ratificado por el recientemente celebrado IX Congreso de ASAJA Castilla y Le&#243;n, que marcar&#225; la estrategia de defensa del sector de la organizaci&#243;n profesional agraria.","og_url":"https:\/\/www.asajacyl.com\/avila\/servicios-socio\/asaja-presenta-un-documento-estratgico-de-defensa-del-sector-agroganadero-para-los-prximos-aos","og_site_name":"ASAJA \u00c1vila","article_published_time":"2016-09-01T22:00:00+00:00","og_image":[{"width":3264,"height":2448,"url":"https:\/\/www.asajacyl.com\/avila\/wp-content\/uploads\/sites\/4\/2017\/12\/IMG_20160826_114014.jpg","type":"image\/jpeg"}],"author":"Editor","twitter_card":"summary_large_image","twitter_misc":{"Escrito por":"Editor","Tiempo de lectura":"1 minuto"},"schema":{"@context":"https:\/\/schema.org","@graph":[{"@type":"WebPage","@id":"https:\/\/www.asajacyl.com\/avila\/servicios-socio\/asaja-presenta-un-documento-estratgico-de-defensa-del-sector-agroganadero-para-los-prximos-aos","url":"https:\/\/www.asajacyl.com\/avila\/servicios-socio\/asaja-presenta-un-documento-estratgico-de-defensa-del-sector-agroganadero-para-los-prximos-aos","name":"ASAJA presenta un documento estrat&#233;gico de defensa del sector agroganadero para los pr&#243;ximos a&#241;os - ASAJA \u00c1vila","isPartOf":{"@id":"https:\/\/www.asajacyl.com\/avila\/#website"},"primaryImageOfPage":{"@id":"https:\/\/www.asajacyl.com\/avila\/servicios-socio\/asaja-presenta-un-documento-estratgico-de-defensa-del-sector-agroganadero-para-los-prximos-aos#primaryimage"},"image":{"@id":"https:\/\/www.asajacyl.com\/avila\/servicios-socio\/asaja-presenta-un-documento-estratgico-de-defensa-del-sector-agroganadero-para-los-prximos-aos#primaryimage"},"thumbnailUrl":"https:\/\/www.asajacyl.com\/avila\/wp-content\/uploads\/sites\/4\/2017\/12\/IMG_20160826_114014.jpg","datePublished":"2016-09-01T22:00:00+00:00","author":{"@id":"https:\/\/www.asajacyl.com\/avila\/#\/schema\/person\/7e884476cee132331142e8ac9689f20c"},"description":"&#8216;Respuestas para la agricultura y ganader&#237;a del futuro&#8217; es el nombre del documento, ratificado por el recientemente celebrado IX Congreso de ASAJA Castilla y Le&#243;n, que marcar&#225; la estrategia de defensa del sector de la organizaci&#243;n profesional agraria.","breadcrumb":{"@id":"https:\/\/www.asajacyl.com\/avila\/servicios-socio\/asaja-presenta-un-documento-estratgico-de-defensa-del-sector-agroganadero-para-los-prximos-aos#breadcrumb"},"inLanguage":"es","potentialAction":[{"@type":"ReadAction","target":["https:\/\/www.asajacyl.com\/avila\/servicios-socio\/asaja-presenta-un-documento-estratgico-de-defensa-del-sector-agroganadero-para-los-prximos-aos"]}]},{"@type":"ImageObject","inLanguage":"es","@id":"https:\/\/www.asajacyl.com\/avila\/servicios-socio\/asaja-presenta-un-documento-estratgico-de-defensa-del-sector-agroganadero-para-los-prximos-aos#primaryimage","url":"https:\/\/www.asajacyl.com\/avila\/wp-content\/uploads\/sites\/4\/2017\/12\/IMG_20160826_114014.jpg","contentUrl":"https:\/\/www.asajacyl.com\/avila\/wp-content\/uploads\/sites\/4\/2017\/12\/IMG_20160826_114014.jpg","width":3264,"height":2448},{"@type":"BreadcrumbList","@id":"https:\/\/www.asajacyl.com\/avila\/servicios-socio\/asaja-presenta-un-documento-estratgico-de-defensa-del-sector-agroganadero-para-los-prximos-aos#breadcrumb","itemListElement":[{"@type":"ListItem","position":1,"name":"Portada","item":"https:\/\/www.asajacyl.com\/avila\/"},{"@type":"ListItem","position":2,"name":"ASAJA presenta un documento estrat&#233;gico de defensa del sector agroganadero para los pr&#243;ximos a&#241;os"}]},{"@type":"WebSite","@id":"https:\/\/www.asajacyl.com\/avila\/#website","url":"https:\/\/www.asajacyl.com\/avila\/","name":"ASAJA \u00c1vila","description":"Otro sitio m\u00e1s de Provincias ASAJA Castilla y Le\u00f3n","potentialAction":[{"@type":"SearchAction","target":{"@type":"EntryPoint","urlTemplate":"https:\/\/www.asajacyl.com\/avila\/?s={search_term_string}"},"query-input":{"@type":"PropertyValueSpecification","valueRequired":true,"valueName":"search_term_string"}}],"inLanguage":"es"},{"@type":"Person","@id":"https:\/\/www.asajacyl.com\/avila\/#\/schema\/person\/7e884476cee132331142e8ac9689f20c","name":"Editor","image":{"@type":"ImageObject","inLanguage":"es","@id":"https:\/\/www.asajacyl.com\/avila\/#\/schema\/person\/image\/","url":"https:\/\/secure.gravatar.com\/avatar\/a2ef43c165669686cfcfb0e1ffa59869?s=96&d=mm&r=g","contentUrl":"https:\/\/secure.gravatar.com\/avatar\/a2ef43c165669686cfcfb0e1ffa59869?s=96&d=mm&r=g","caption":"Editor"},"url":"https:\/\/www.asajacyl.com\/avila\/author\/oscargg"}]}},"_links":{"self":[{"href":"https:\/\/www.asajacyl.com\/avila\/wp-json\/wp\/v2\/posts\/2372"}],"collection":[{"href":"https:\/\/www.asajacyl.com\/avila\/wp-json\/wp\/v2\/posts"}],"about":[{"href":"https:\/\/www.asajacyl.com\/avila\/wp-json\/wp\/v2\/types\/post"}],"author":[{"embeddable":true,"href":"https:\/\/www.asajacyl.com\/avila\/wp-json\/wp\/v2\/users\/3"}],"replies":[{"embeddable":true,"href":"https:\/\/www.asajacyl.com\/avila\/wp-json\/wp\/v2\/comments?post=2372"}],"version-history":[{"count":0,"href":"https:\/\/www.asajacyl.com\/avila\/wp-json\/wp\/v2\/posts\/2372\/revisions"}],"wp:featuredmedia":[{"embeddable":true,"href":"https:\/\/www.asajacyl.com\/avila\/wp-json\/wp\/v2\/media\/2373"}],"wp:attachment":[{"href":"https:\/\/www.asajacyl.com\/avila\/wp-json\/wp\/v2\/media?parent=2372"}],"wp:term":[{"taxonomy":"category","embeddable":true,"href":"https:\/\/www.asajacyl.com\/avila\/wp-json\/wp\/v2\/categories?post=2372"},{"taxonomy":"post_tag","embeddable":true,"href":"https:\/\/www.asajacyl.com\/avila\/wp-json\/wp\/v2\/tags?post=2372"}],"curies":[{"name":"wp","href":"https:\/\/api.w.org\/{rel}","templated":true}]}}