{"id":2376,"date":"2016-06-08T00:00:00","date_gmt":"2016-06-07T22:00:00","guid":{"rendered":"http:\/\/www.asajacyl.com\/avila\/sin-categoria\/el-seguro-de-compensacin-por-prdida-de-pastos-podr-suscribirse-entre-el-1-de-julio-y-el-10-de-septiembre"},"modified":"2016-06-08T00:00:00","modified_gmt":"2016-06-07T22:00:00","slug":"el-seguro-de-compensacin-por-prdida-de-pastos-podr-suscribirse-entre-el-1-de-julio-y-el-10-de-septiembre","status":"publish","type":"post","link":"https:\/\/www.asajacyl.com\/avila\/servicios-socio\/el-seguro-de-compensacin-por-prdida-de-pastos-podr-suscribirse-entre-el-1-de-julio-y-el-10-de-septiembre","title":{"rendered":"El seguro de compensaci&#243;n por p&#233;rdida de pastos podr&#225; suscribirse entre el 1 de julio y el 10 de septiembre."},"content":{"rendered":"<h2>Pueden asegurarse las explotaciones inscritas en el Registro General de Explotaciones Ganaderas (REGA), de ganado bovino reproductor, ganado ovino y caprino reproductor y ganado equino reproductor en extensivo. Las garant&#237;as del seguro incluyen la totalidad de los animales existentes en las explotaciones.<\/h2>\n<p>Pueden asegurarse las explotaciones inscritas en el Registro General de Explotaciones Ganaderas (REGA), de ganado bovino reproductor, ganado ovino y caprino reproductor y ganado equino reproductor en extensivo. Las garant&#237;as del seguro incluyen la totalidad de los animales existentes en las explotaciones. <br \/>\nSe consideran pastos aquellas superficies de terrenos susceptibles de producir alimento para ganado, tales como pastizales, praderas, rastrojos, barbechos, montes o matorrales. <br \/>\nEl asegurador, si lo desea, podr&#225; incluir en una misma declaraci&#243;n de seguro, animales de distinta clase, siempre que sea con la misma combinaci&#243;n. Otro requisito es que en las explotaciones aseguradas los animales est&#233;n sometidos a t&#233;cnicas ganaderas correctas, que se cumplan las normas b&#225;sicas sanitarias y que la alimentaci&#243;n del ganado dependa del aprovechamiento de pastos. <br \/>\nEl seguro de compensaci&#243;n por p&#233;rdida de pastos podr&#225; suscribirse desde el 1 de julio y hasta el pr&#243;ximo 10 de septiembre. El periodo de garant&#237;a ser&#225; del 1 de octubre de 2016 al 30 de junio de 2017. <br \/>\nEn cuanto al valor del suplemento de alimentaci&#243;n, se establece entre 360 y 180 euros para el bovino y el equino y entre 53 y 27 euros para el ovino y caprino.<\/p>\n","protected":false},"excerpt":{"rendered":"<p>Pueden asegurarse las explotaciones inscritas en el Registro General de Explotaciones Ganaderas (REGA), de ganado bovino reproductor, ganado ovino y caprino reproductor y ganado equino reproductor en extensivo. Las garant&#237;as del seguro incluyen la totalidad de los animales existentes en las explotaciones.<\/p>\n","protected":false},"author":3,"featured_media":794,"comment_status":"open","ping_status":"open","sticky":false,"template":"","format":"standard","meta":{"footnotes":""},"categories":[24,9],"tags":[],"yoast_head":"<!-- This site is optimized with the Yoast SEO plugin v24.5 - https:\/\/yoast.com\/wordpress\/plugins\/seo\/ -->\n<title>El seguro de compensaci&#243;n por p&#233;rdida de pastos podr&#225; suscribirse entre el 1 de julio y el 10 de septiembre. - ASAJA \u00c1vila<\/title>\n<meta name=\"description\" content=\"Pueden asegurarse las explotaciones inscritas en el Registro General de Explotaciones Ganaderas (REGA), de ganado bovino reproductor, ganado ovino y caprino reproductor y ganado equino reproductor en extensivo. Las garant&#237;as del seguro incluyen la totalidad de los animales existentes en las explotaciones.\" \/>\n<meta name=\"robots\" content=\"index, follow, max-snippet:-1, max-image-preview:large, max-video-preview:-1\" \/>\n<link rel=\"canonical\" href=\"https:\/\/www.asajacyl.com\/avila\/servicios-socio\/el-seguro-de-compensacin-por-prdida-de-pastos-podr-suscribirse-entre-el-1-de-julio-y-el-10-de-septiembre\" \/>\n<meta property=\"og:locale\" content=\"es_ES\" \/>\n<meta property=\"og:type\" content=\"article\" \/>\n<meta property=\"og:title\" content=\"El seguro de compensaci&#243;n por p&#233;rdida de pastos podr&#225; suscribirse entre el 1 de julio y el 10 de septiembre. - ASAJA \u00c1vila\" \/>\n<meta property=\"og:description\" content=\"Pueden asegurarse las explotaciones inscritas en el Registro General de Explotaciones Ganaderas (REGA), de ganado bovino reproductor, ganado ovino y caprino reproductor y ganado equino reproductor en extensivo. Las garant&#237;as del seguro incluyen la totalidad de los animales existentes en las explotaciones.\" \/>\n<meta property=\"og:url\" content=\"https:\/\/www.asajacyl.com\/avila\/servicios-socio\/el-seguro-de-compensacin-por-prdida-de-pastos-podr-suscribirse-entre-el-1-de-julio-y-el-10-de-septiembre\" \/>\n<meta property=\"og:site_name\" content=\"ASAJA \u00c1vila\" \/>\n<meta property=\"article:published_time\" content=\"2016-06-07T22:00:00+00:00\" \/>\n<meta property=\"og:image\" content=\"https:\/\/www.asajacyl.com\/avila\/wp-content\/uploads\/sites\/4\/2017\/11\/im_predefinida_1920x1080.jpg\" \/>\n\t<meta property=\"og:image:width\" content=\"1920\" \/>\n\t<meta property=\"og:image:height\" content=\"1080\" \/>\n\t<meta property=\"og:image:type\" content=\"image\/jpeg\" \/>\n<meta name=\"author\" content=\"Editor\" \/>\n<meta name=\"twitter:card\" content=\"summary_large_image\" \/>\n<meta name=\"twitter:label1\" content=\"Escrito por\" \/>\n\t<meta name=\"twitter:data1\" content=\"Editor\" \/>\n\t<meta name=\"twitter:label2\" content=\"Tiempo de lectura\" \/>\n\t<meta name=\"twitter:data2\" content=\"1 minuto\" \/>\n<script type=\"application\/ld+json\" class=\"yoast-schema-graph\">{\"@context\":\"https:\/\/schema.org\",\"@graph\":[{\"@type\":\"WebPage\",\"@id\":\"https:\/\/www.asajacyl.com\/avila\/servicios-socio\/el-seguro-de-compensacin-por-prdida-de-pastos-podr-suscribirse-entre-el-1-de-julio-y-el-10-de-septiembre\",\"url\":\"https:\/\/www.asajacyl.com\/avila\/servicios-socio\/el-seguro-de-compensacin-por-prdida-de-pastos-podr-suscribirse-entre-el-1-de-julio-y-el-10-de-septiembre\",\"name\":\"El seguro de compensaci&#243;n por p&#233;rdida de pastos podr&#225; suscribirse entre el 1 de julio y el 10 de septiembre. - ASAJA \u00c1vila\",\"isPartOf\":{\"@id\":\"https:\/\/www.asajacyl.com\/avila\/#website\"},\"primaryImageOfPage\":{\"@id\":\"https:\/\/www.asajacyl.com\/avila\/servicios-socio\/el-seguro-de-compensacin-por-prdida-de-pastos-podr-suscribirse-entre-el-1-de-julio-y-el-10-de-septiembre#primaryimage\"},\"image\":{\"@id\":\"https:\/\/www.asajacyl.com\/avila\/servicios-socio\/el-seguro-de-compensacin-por-prdida-de-pastos-podr-suscribirse-entre-el-1-de-julio-y-el-10-de-septiembre#primaryimage\"},\"thumbnailUrl\":\"https:\/\/www.asajacyl.com\/avila\/wp-content\/uploads\/sites\/4\/2017\/11\/im_predefinida_1920x1080.jpg\",\"datePublished\":\"2016-06-07T22:00:00+00:00\",\"author\":{\"@id\":\"https:\/\/www.asajacyl.com\/avila\/#\/schema\/person\/7e884476cee132331142e8ac9689f20c\"},\"description\":\"Pueden asegurarse las explotaciones inscritas en el Registro General de Explotaciones Ganaderas (REGA), de ganado bovino reproductor, ganado ovino y caprino reproductor y ganado equino reproductor en extensivo. Las garant&#237;as del seguro incluyen la totalidad de los animales existentes en las explotaciones.\",\"breadcrumb\":{\"@id\":\"https:\/\/www.asajacyl.com\/avila\/servicios-socio\/el-seguro-de-compensacin-por-prdida-de-pastos-podr-suscribirse-entre-el-1-de-julio-y-el-10-de-septiembre#breadcrumb\"},\"inLanguage\":\"es\",\"potentialAction\":[{\"@type\":\"ReadAction\",\"target\":[\"https:\/\/www.asajacyl.com\/avila\/servicios-socio\/el-seguro-de-compensacin-por-prdida-de-pastos-podr-suscribirse-entre-el-1-de-julio-y-el-10-de-septiembre\"]}]},{\"@type\":\"ImageObject\",\"inLanguage\":\"es\",\"@id\":\"https:\/\/www.asajacyl.com\/avila\/servicios-socio\/el-seguro-de-compensacin-por-prdida-de-pastos-podr-suscribirse-entre-el-1-de-julio-y-el-10-de-septiembre#primaryimage\",\"url\":\"https:\/\/www.asajacyl.com\/avila\/wp-content\/uploads\/sites\/4\/2017\/11\/im_predefinida_1920x1080.jpg\",\"contentUrl\":\"https:\/\/www.asajacyl.com\/avila\/wp-content\/uploads\/sites\/4\/2017\/11\/im_predefinida_1920x1080.jpg\",\"width\":1920,\"height\":1080,\"caption\":\"Logotipo ASAJA \u00c1vila\"},{\"@type\":\"BreadcrumbList\",\"@id\":\"https:\/\/www.asajacyl.com\/avila\/servicios-socio\/el-seguro-de-compensacin-por-prdida-de-pastos-podr-suscribirse-entre-el-1-de-julio-y-el-10-de-septiembre#breadcrumb\",\"itemListElement\":[{\"@type\":\"ListItem\",\"position\":1,\"name\":\"Portada\",\"item\":\"https:\/\/www.asajacyl.com\/avila\/\"},{\"@type\":\"ListItem\",\"position\":2,\"name\":\"El seguro de compensaci&#243;n por p&#233;rdida de pastos podr&#225; suscribirse entre el 1 de julio y el 10 de septiembre.\"}]},{\"@type\":\"WebSite\",\"@id\":\"https:\/\/www.asajacyl.com\/avila\/#website\",\"url\":\"https:\/\/www.asajacyl.com\/avila\/\",\"name\":\"ASAJA \u00c1vila\",\"description\":\"Otro sitio m\u00e1s de Provincias ASAJA Castilla y Le\u00f3n\",\"potentialAction\":[{\"@type\":\"SearchAction\",\"target\":{\"@type\":\"EntryPoint\",\"urlTemplate\":\"https:\/\/www.asajacyl.com\/avila\/?s={search_term_string}\"},\"query-input\":{\"@type\":\"PropertyValueSpecification\",\"valueRequired\":true,\"valueName\":\"search_term_string\"}}],\"inLanguage\":\"es\"},{\"@type\":\"Person\",\"@id\":\"https:\/\/www.asajacyl.com\/avila\/#\/schema\/person\/7e884476cee132331142e8ac9689f20c\",\"name\":\"Editor\",\"image\":{\"@type\":\"ImageObject\",\"inLanguage\":\"es\",\"@id\":\"https:\/\/www.asajacyl.com\/avila\/#\/schema\/person\/image\/\",\"url\":\"https:\/\/secure.gravatar.com\/avatar\/a2ef43c165669686cfcfb0e1ffa59869?s=96&d=mm&r=g\",\"contentUrl\":\"https:\/\/secure.gravatar.com\/avatar\/a2ef43c165669686cfcfb0e1ffa59869?s=96&d=mm&r=g\",\"caption\":\"Editor\"},\"url\":\"https:\/\/www.asajacyl.com\/avila\/author\/oscargg\"}]}<\/script>\n<!-- \/ Yoast SEO plugin. -->","yoast_head_json":{"title":"El seguro de compensaci&#243;n por p&#233;rdida de pastos podr&#225; suscribirse entre el 1 de julio y el 10 de septiembre. - ASAJA \u00c1vila","description":"Pueden asegurarse las explotaciones inscritas en el Registro General de Explotaciones Ganaderas (REGA), de ganado bovino reproductor, ganado ovino y caprino reproductor y ganado equino reproductor en extensivo. Las garant&#237;as del seguro incluyen la totalidad de los animales existentes en las explotaciones.","robots":{"index":"index","follow":"follow","max-snippet":"max-snippet:-1","max-image-preview":"max-image-preview:large","max-video-preview":"max-video-preview:-1"},"canonical":"https:\/\/www.asajacyl.com\/avila\/servicios-socio\/el-seguro-de-compensacin-por-prdida-de-pastos-podr-suscribirse-entre-el-1-de-julio-y-el-10-de-septiembre","og_locale":"es_ES","og_type":"article","og_title":"El seguro de compensaci&#243;n por p&#233;rdida de pastos podr&#225; suscribirse entre el 1 de julio y el 10 de septiembre. - ASAJA \u00c1vila","og_description":"Pueden asegurarse las explotaciones inscritas en el Registro General de Explotaciones Ganaderas (REGA), de ganado bovino reproductor, ganado ovino y caprino reproductor y ganado equino reproductor en extensivo. Las garant&#237;as del seguro incluyen la totalidad de los animales existentes en las explotaciones.","og_url":"https:\/\/www.asajacyl.com\/avila\/servicios-socio\/el-seguro-de-compensacin-por-prdida-de-pastos-podr-suscribirse-entre-el-1-de-julio-y-el-10-de-septiembre","og_site_name":"ASAJA \u00c1vila","article_published_time":"2016-06-07T22:00:00+00:00","og_image":[{"width":1920,"height":1080,"url":"https:\/\/www.asajacyl.com\/avila\/wp-content\/uploads\/sites\/4\/2017\/11\/im_predefinida_1920x1080.jpg","type":"image\/jpeg"}],"author":"Editor","twitter_card":"summary_large_image","twitter_misc":{"Escrito por":"Editor","Tiempo de lectura":"1 minuto"},"schema":{"@context":"https:\/\/schema.org","@graph":[{"@type":"WebPage","@id":"https:\/\/www.asajacyl.com\/avila\/servicios-socio\/el-seguro-de-compensacin-por-prdida-de-pastos-podr-suscribirse-entre-el-1-de-julio-y-el-10-de-septiembre","url":"https:\/\/www.asajacyl.com\/avila\/servicios-socio\/el-seguro-de-compensacin-por-prdida-de-pastos-podr-suscribirse-entre-el-1-de-julio-y-el-10-de-septiembre","name":"El seguro de compensaci&#243;n por p&#233;rdida de pastos podr&#225; suscribirse entre el 1 de julio y el 10 de septiembre. - ASAJA \u00c1vila","isPartOf":{"@id":"https:\/\/www.asajacyl.com\/avila\/#website"},"primaryImageOfPage":{"@id":"https:\/\/www.asajacyl.com\/avila\/servicios-socio\/el-seguro-de-compensacin-por-prdida-de-pastos-podr-suscribirse-entre-el-1-de-julio-y-el-10-de-septiembre#primaryimage"},"image":{"@id":"https:\/\/www.asajacyl.com\/avila\/servicios-socio\/el-seguro-de-compensacin-por-prdida-de-pastos-podr-suscribirse-entre-el-1-de-julio-y-el-10-de-septiembre#primaryimage"},"thumbnailUrl":"https:\/\/www.asajacyl.com\/avila\/wp-content\/uploads\/sites\/4\/2017\/11\/im_predefinida_1920x1080.jpg","datePublished":"2016-06-07T22:00:00+00:00","author":{"@id":"https:\/\/www.asajacyl.com\/avila\/#\/schema\/person\/7e884476cee132331142e8ac9689f20c"},"description":"Pueden asegurarse las explotaciones inscritas en el Registro General de Explotaciones Ganaderas (REGA), de ganado bovino reproductor, ganado ovino y caprino reproductor y ganado equino reproductor en extensivo. Las garant&#237;as del seguro incluyen la totalidad de los animales existentes en las explotaciones.","breadcrumb":{"@id":"https:\/\/www.asajacyl.com\/avila\/servicios-socio\/el-seguro-de-compensacin-por-prdida-de-pastos-podr-suscribirse-entre-el-1-de-julio-y-el-10-de-septiembre#breadcrumb"},"inLanguage":"es","potentialAction":[{"@type":"ReadAction","target":["https:\/\/www.asajacyl.com\/avila\/servicios-socio\/el-seguro-de-compensacin-por-prdida-de-pastos-podr-suscribirse-entre-el-1-de-julio-y-el-10-de-septiembre"]}]},{"@type":"ImageObject","inLanguage":"es","@id":"https:\/\/www.asajacyl.com\/avila\/servicios-socio\/el-seguro-de-compensacin-por-prdida-de-pastos-podr-suscribirse-entre-el-1-de-julio-y-el-10-de-septiembre#primaryimage","url":"https:\/\/www.asajacyl.com\/avila\/wp-content\/uploads\/sites\/4\/2017\/11\/im_predefinida_1920x1080.jpg","contentUrl":"https:\/\/www.asajacyl.com\/avila\/wp-content\/uploads\/sites\/4\/2017\/11\/im_predefinida_1920x1080.jpg","width":1920,"height":1080,"caption":"Logotipo ASAJA \u00c1vila"},{"@type":"BreadcrumbList","@id":"https:\/\/www.asajacyl.com\/avila\/servicios-socio\/el-seguro-de-compensacin-por-prdida-de-pastos-podr-suscribirse-entre-el-1-de-julio-y-el-10-de-septiembre#breadcrumb","itemListElement":[{"@type":"ListItem","position":1,"name":"Portada","item":"https:\/\/www.asajacyl.com\/avila\/"},{"@type":"ListItem","position":2,"name":"El seguro de compensaci&#243;n por p&#233;rdida de pastos podr&#225; suscribirse entre el 1 de julio y el 10 de septiembre."}]},{"@type":"WebSite","@id":"https:\/\/www.asajacyl.com\/avila\/#website","url":"https:\/\/www.asajacyl.com\/avila\/","name":"ASAJA \u00c1vila","description":"Otro sitio m\u00e1s de Provincias ASAJA Castilla y Le\u00f3n","potentialAction":[{"@type":"SearchAction","target":{"@type":"EntryPoint","urlTemplate":"https:\/\/www.asajacyl.com\/avila\/?s={search_term_string}"},"query-input":{"@type":"PropertyValueSpecification","valueRequired":true,"valueName":"search_term_string"}}],"inLanguage":"es"},{"@type":"Person","@id":"https:\/\/www.asajacyl.com\/avila\/#\/schema\/person\/7e884476cee132331142e8ac9689f20c","name":"Editor","image":{"@type":"ImageObject","inLanguage":"es","@id":"https:\/\/www.asajacyl.com\/avila\/#\/schema\/person\/image\/","url":"https:\/\/secure.gravatar.com\/avatar\/a2ef43c165669686cfcfb0e1ffa59869?s=96&d=mm&r=g","contentUrl":"https:\/\/secure.gravatar.com\/avatar\/a2ef43c165669686cfcfb0e1ffa59869?s=96&d=mm&r=g","caption":"Editor"},"url":"https:\/\/www.asajacyl.com\/avila\/author\/oscargg"}]}},"_links":{"self":[{"href":"https:\/\/www.asajacyl.com\/avila\/wp-json\/wp\/v2\/posts\/2376"}],"collection":[{"href":"https:\/\/www.asajacyl.com\/avila\/wp-json\/wp\/v2\/posts"}],"about":[{"href":"https:\/\/www.asajacyl.com\/avila\/wp-json\/wp\/v2\/types\/post"}],"author":[{"embeddable":true,"href":"https:\/\/www.asajacyl.com\/avila\/wp-json\/wp\/v2\/users\/3"}],"replies":[{"embeddable":true,"href":"https:\/\/www.asajacyl.com\/avila\/wp-json\/wp\/v2\/comments?post=2376"}],"version-history":[{"count":0,"href":"https:\/\/www.asajacyl.com\/avila\/wp-json\/wp\/v2\/posts\/2376\/revisions"}],"wp:featuredmedia":[{"embeddable":true,"href":"https:\/\/www.asajacyl.com\/avila\/wp-json\/wp\/v2\/media\/794"}],"wp:attachment":[{"href":"https:\/\/www.asajacyl.com\/avila\/wp-json\/wp\/v2\/media?parent=2376"}],"wp:term":[{"taxonomy":"category","embeddable":true,"href":"https:\/\/www.asajacyl.com\/avila\/wp-json\/wp\/v2\/categories?post=2376"},{"taxonomy":"post_tag","embeddable":true,"href":"https:\/\/www.asajacyl.com\/avila\/wp-json\/wp\/v2\/tags?post=2376"}],"curies":[{"name":"wp","href":"https:\/\/api.w.org\/{rel}","templated":true}]}}