{"id":2378,"date":"2016-06-01T00:00:00","date_gmt":"2016-05-31T22:00:00","guid":{"rendered":"http:\/\/www.asajacyl.com\/avila\/sin-categoria\/convocada-la-ayuda-vinculada-a-los-planes-de-reestructuracin-y-reconversin-de-viedos-en-castilla-y-len-para-la-campaa-vitcola-2016-2017"},"modified":"2016-06-01T00:00:00","modified_gmt":"2016-05-31T22:00:00","slug":"convocada-la-ayuda-vinculada-a-los-planes-de-reestructuracin-y-reconversin-de-viedos-en-castilla-y-len-para-la-campaa-vitcola-2016-2017","status":"publish","type":"post","link":"https:\/\/www.asajacyl.com\/avila\/servicios-socio\/convocada-la-ayuda-vinculada-a-los-planes-de-reestructuracin-y-reconversin-de-viedos-en-castilla-y-len-para-la-campaa-vitcola-2016-2017","title":{"rendered":"Convocada la ayuda vinculada a los planes de reestructuraci&#243;n y reconversi&#243;n de vi&#241;edos en Castilla y Le&#243;n para la campa&#241;a vit&#237;cola 2016\/2017"},"content":{"rendered":"<h2>Hasta el 30 junio puede solicitarse la ayuda vinculada a los planes de reestructuraci&#243;n y reconversi&#243;n de vi&#241;edos en Castilla y Le&#243;n para la campa&#241;a vit&#237;cola 2016\/2017, seg&#250;n publica el Bocyl.<\/h2>\n<p>\nHasta el 30 junio puede solicitarse la ayuda vinculada a los planes de reestructuraci&#243;n y reconversi&#243;n de vi&#241;edos en Castilla y Le&#243;n para la campa&#241;a vit&#237;cola 2016\/2017, seg&#250;n publica el <a href=\"http:\/\/bocyl.jcyl.es\/boletines\/2016\/06\/01\/pdf\/BOCYL-D-01062016-20.pdf\">Bocyl<\/a>. La Consejer&#237;a de Agricultura vuelve a convocar planes de reestructuraci&#243;n, ahora para el siguiente a&#241;o (campa&#241;a vit&#237;cola 2016\/17). El plazo de presentaci&#243;n de solicitudes termina el 30 de junio, por lo que los interesados pueden dirigirse ya a las oficinas de ASAJA.<\/p>\n<p><strong>&#191;Qu&#233; requisitos debo cumplir?<\/strong><\/p>\n<p>Para ser incluidos en un plan de reestructuraci&#243;n y reconversi&#243;n de vi&#241;edos aprobado los part&#237;cipes deben cumplir los siguientes requisitos:<\/p>\n<p>&#160;&#160;&#160; Estar inscrito como titular de explotaci&#243;n en el registro de explotaciones agrarias de Castilla y Le&#243;n.<br \/>\n&#160;&#160;&#160; Cumplir con la normativa vigente en materia de plantaciones de vi&#241;edo para cualquiera de las superficies de vi&#241;edo de su explotaci&#243;n, es decir, no ser titular ni de vi&#241;edo ilegal ni de vi&#241;edo no autorizado.<br \/>\n&#160;&#160;&#160; Hallarse al corriente en el cumplimiento de sus obligaciones tributarias, y frente a la Seguridad Social.<br \/>\n&#160;&#160;&#160; No incurrir en ninguna de las dem&#225;s circunstancias previstas en los apartados 2 y 3 del art&#237;culo 13 de la Ley General de Subvenciones.<br \/>\n&#160;&#160;&#160; Ser part&#237;cipes de un &#250;nico plan presentado en la convocatoria de estas ayudas.<br \/>\n&#160;&#160;&#160; No solicitar ni haber solicitado ninguna otra ayuda, subvenci&#243;n, ingreso o recurso de cualquier Administraci&#243;n P&#250;blica que tenga por objeto la misma finalidad y la misma superficie de vi&#241;edo que la contenida en el plan que presenta.<\/p>\n<p><strong>&#191;Para qu&#233; es la ayuda?<\/strong><\/p>\n<p>La ayuda a la reestructuraci&#243;n y reconversi&#243;n de vi&#241;edos ser&#225; de aplicaci&#243;n a los vi&#241;edos que se destinen a la producci&#243;n de uva de vinificaci&#243;n en Castilla y Le&#243;n.<\/p>\n<p>Las <u>actividades subvencionables<\/u> son:<\/p>\n<p>&#160;&#160;&#160; La reimplantaci&#243;n de vi&#241;edos.<br \/>\n&#160;&#160;&#160; La reconversi&#243;n varietal del vi&#241;edo.<br \/>\n&#160;&#160;&#160; La mejora de las t&#233;cnicas de gesti&#243;n de vi&#241;edos.<\/p>\n<p><strong>Cuant&#237;a:<\/strong><\/p>\n<p>Se podr&#225;n conceder ayudas para:<\/p>\n<p>&#160;&#160;&#160; Compensar a los viticultores participantes en el plan por la p&#233;rdida de ingresos derivada de la aplicaci&#243;n del mismo.<br \/>\n&#160;&#160;&#160; Participar en los costes de la reestructuraci&#243;n y reconversi&#243;n de vi&#241;edos.<\/p>\n<p>La ayuda para participar en los costes de la reimplantaci&#243;n, reconversi&#243;n y mejora de las t&#233;cnicas de gesti&#243;n del vi&#241;edo ser&#225; el resultado de aplicar el 50 % para los planes colectivos, y un 15% inferior para los planes individuales, a los importes m&#225;ximos establecidos para cada una de las operaciones recogidas en el cuadro 1 &#8220;Importes de la contribuci&#243;n a los costes&#8221;.<\/p>\n<p><strong>&#191;Qu&#233; plazo tengo para solicitarlo?:<\/strong><\/p>\n<p>Desde el 2 de junio de 2016 hasta el 30 de junio de 2016.<\/p>\n","protected":false},"excerpt":{"rendered":"<p>Hasta el 30 junio puede solicitarse la ayuda vinculada a los planes de reestructuraci&#243;n y reconversi&#243;n de vi&#241;edos en Castilla y Le&#243;n para la campa&#241;a vit&#237;cola 2016\/2017, seg&#250;n publica el Bocyl.<\/p>\n","protected":false},"author":3,"featured_media":2379,"comment_status":"open","ping_status":"open","sticky":false,"template":"","format":"standard","meta":{"footnotes":""},"categories":[24,9],"tags":[],"yoast_head":"<!-- This site is optimized with the Yoast SEO plugin v24.5 - https:\/\/yoast.com\/wordpress\/plugins\/seo\/ -->\n<title>Convocada la ayuda vinculada a los planes de reestructuraci&#243;n y reconversi&#243;n de vi&#241;edos en Castilla y Le&#243;n para la campa&#241;a vit&#237;cola 2016\/2017 - ASAJA \u00c1vila<\/title>\n<meta name=\"description\" content=\"Hasta el 30 junio puede solicitarse la ayuda vinculada a los planes de reestructuraci&#243;n y reconversi&#243;n de vi&#241;edos en Castilla y Le&#243;n para la campa&#241;a vit&#237;cola 2016\/2017, seg&#250;n publica el Bocyl.\" \/>\n<meta name=\"robots\" content=\"index, follow, max-snippet:-1, max-image-preview:large, max-video-preview:-1\" \/>\n<link rel=\"canonical\" href=\"https:\/\/www.asajacyl.com\/avila\/servicios-socio\/convocada-la-ayuda-vinculada-a-los-planes-de-reestructuracin-y-reconversin-de-viedos-en-castilla-y-len-para-la-campaa-vitcola-2016-2017\" \/>\n<meta property=\"og:locale\" content=\"es_ES\" \/>\n<meta property=\"og:type\" content=\"article\" \/>\n<meta property=\"og:title\" content=\"Convocada la ayuda vinculada a los planes de reestructuraci&#243;n y reconversi&#243;n de vi&#241;edos en Castilla y Le&#243;n para la campa&#241;a vit&#237;cola 2016\/2017 - ASAJA \u00c1vila\" \/>\n<meta property=\"og:description\" content=\"Hasta el 30 junio puede solicitarse la ayuda vinculada a los planes de reestructuraci&#243;n y reconversi&#243;n de vi&#241;edos en Castilla y Le&#243;n para la campa&#241;a vit&#237;cola 2016\/2017, seg&#250;n publica el Bocyl.\" \/>\n<meta property=\"og:url\" content=\"https:\/\/www.asajacyl.com\/avila\/servicios-socio\/convocada-la-ayuda-vinculada-a-los-planes-de-reestructuracin-y-reconversin-de-viedos-en-castilla-y-len-para-la-campaa-vitcola-2016-2017\" \/>\n<meta property=\"og:site_name\" content=\"ASAJA \u00c1vila\" \/>\n<meta property=\"article:published_time\" content=\"2016-05-31T22:00:00+00:00\" \/>\n<meta property=\"og:image\" content=\"https:\/\/www.asajacyl.com\/avila\/wp-content\/uploads\/sites\/4\/2017\/12\/vinedo.jpg\" \/>\n\t<meta property=\"og:image:width\" content=\"2304\" \/>\n\t<meta property=\"og:image:height\" content=\"3072\" \/>\n\t<meta property=\"og:image:type\" content=\"image\/jpeg\" \/>\n<meta name=\"author\" content=\"Editor\" \/>\n<meta name=\"twitter:card\" content=\"summary_large_image\" \/>\n<meta name=\"twitter:label1\" content=\"Escrito por\" \/>\n\t<meta name=\"twitter:data1\" content=\"Editor\" \/>\n\t<meta name=\"twitter:label2\" content=\"Tiempo de lectura\" \/>\n\t<meta name=\"twitter:data2\" content=\"2 minutos\" \/>\n<script type=\"application\/ld+json\" class=\"yoast-schema-graph\">{\"@context\":\"https:\/\/schema.org\",\"@graph\":[{\"@type\":\"WebPage\",\"@id\":\"https:\/\/www.asajacyl.com\/avila\/servicios-socio\/convocada-la-ayuda-vinculada-a-los-planes-de-reestructuracin-y-reconversin-de-viedos-en-castilla-y-len-para-la-campaa-vitcola-2016-2017\",\"url\":\"https:\/\/www.asajacyl.com\/avila\/servicios-socio\/convocada-la-ayuda-vinculada-a-los-planes-de-reestructuracin-y-reconversin-de-viedos-en-castilla-y-len-para-la-campaa-vitcola-2016-2017\",\"name\":\"Convocada la ayuda vinculada a los planes de reestructuraci&#243;n y reconversi&#243;n de vi&#241;edos en Castilla y Le&#243;n para la campa&#241;a vit&#237;cola 2016\/2017 - ASAJA \u00c1vila\",\"isPartOf\":{\"@id\":\"https:\/\/www.asajacyl.com\/avila\/#website\"},\"primaryImageOfPage\":{\"@id\":\"https:\/\/www.asajacyl.com\/avila\/servicios-socio\/convocada-la-ayuda-vinculada-a-los-planes-de-reestructuracin-y-reconversin-de-viedos-en-castilla-y-len-para-la-campaa-vitcola-2016-2017#primaryimage\"},\"image\":{\"@id\":\"https:\/\/www.asajacyl.com\/avila\/servicios-socio\/convocada-la-ayuda-vinculada-a-los-planes-de-reestructuracin-y-reconversin-de-viedos-en-castilla-y-len-para-la-campaa-vitcola-2016-2017#primaryimage\"},\"thumbnailUrl\":\"https:\/\/www.asajacyl.com\/avila\/wp-content\/uploads\/sites\/4\/2017\/12\/vinedo.jpg\",\"datePublished\":\"2016-05-31T22:00:00+00:00\",\"author\":{\"@id\":\"https:\/\/www.asajacyl.com\/avila\/#\/schema\/person\/7e884476cee132331142e8ac9689f20c\"},\"description\":\"Hasta el 30 junio puede solicitarse la ayuda vinculada a los planes de reestructuraci&#243;n y reconversi&#243;n de vi&#241;edos en Castilla y Le&#243;n para la campa&#241;a vit&#237;cola 2016\/2017, seg&#250;n publica el Bocyl.\",\"breadcrumb\":{\"@id\":\"https:\/\/www.asajacyl.com\/avila\/servicios-socio\/convocada-la-ayuda-vinculada-a-los-planes-de-reestructuracin-y-reconversin-de-viedos-en-castilla-y-len-para-la-campaa-vitcola-2016-2017#breadcrumb\"},\"inLanguage\":\"es\",\"potentialAction\":[{\"@type\":\"ReadAction\",\"target\":[\"https:\/\/www.asajacyl.com\/avila\/servicios-socio\/convocada-la-ayuda-vinculada-a-los-planes-de-reestructuracin-y-reconversin-de-viedos-en-castilla-y-len-para-la-campaa-vitcola-2016-2017\"]}]},{\"@type\":\"ImageObject\",\"inLanguage\":\"es\",\"@id\":\"https:\/\/www.asajacyl.com\/avila\/servicios-socio\/convocada-la-ayuda-vinculada-a-los-planes-de-reestructuracin-y-reconversin-de-viedos-en-castilla-y-len-para-la-campaa-vitcola-2016-2017#primaryimage\",\"url\":\"https:\/\/www.asajacyl.com\/avila\/wp-content\/uploads\/sites\/4\/2017\/12\/vinedo.jpg\",\"contentUrl\":\"https:\/\/www.asajacyl.com\/avila\/wp-content\/uploads\/sites\/4\/2017\/12\/vinedo.jpg\",\"width\":2304,\"height\":3072},{\"@type\":\"BreadcrumbList\",\"@id\":\"https:\/\/www.asajacyl.com\/avila\/servicios-socio\/convocada-la-ayuda-vinculada-a-los-planes-de-reestructuracin-y-reconversin-de-viedos-en-castilla-y-len-para-la-campaa-vitcola-2016-2017#breadcrumb\",\"itemListElement\":[{\"@type\":\"ListItem\",\"position\":1,\"name\":\"Portada\",\"item\":\"https:\/\/www.asajacyl.com\/avila\/\"},{\"@type\":\"ListItem\",\"position\":2,\"name\":\"Convocada la ayuda vinculada a los planes de reestructuraci&#243;n y reconversi&#243;n de vi&#241;edos en Castilla y Le&#243;n para la campa&#241;a vit&#237;cola 2016\/2017\"}]},{\"@type\":\"WebSite\",\"@id\":\"https:\/\/www.asajacyl.com\/avila\/#website\",\"url\":\"https:\/\/www.asajacyl.com\/avila\/\",\"name\":\"ASAJA \u00c1vila\",\"description\":\"Otro sitio m\u00e1s de Provincias ASAJA Castilla y Le\u00f3n\",\"potentialAction\":[{\"@type\":\"SearchAction\",\"target\":{\"@type\":\"EntryPoint\",\"urlTemplate\":\"https:\/\/www.asajacyl.com\/avila\/?s={search_term_string}\"},\"query-input\":{\"@type\":\"PropertyValueSpecification\",\"valueRequired\":true,\"valueName\":\"search_term_string\"}}],\"inLanguage\":\"es\"},{\"@type\":\"Person\",\"@id\":\"https:\/\/www.asajacyl.com\/avila\/#\/schema\/person\/7e884476cee132331142e8ac9689f20c\",\"name\":\"Editor\",\"image\":{\"@type\":\"ImageObject\",\"inLanguage\":\"es\",\"@id\":\"https:\/\/www.asajacyl.com\/avila\/#\/schema\/person\/image\/\",\"url\":\"https:\/\/secure.gravatar.com\/avatar\/a2ef43c165669686cfcfb0e1ffa59869?s=96&d=mm&r=g\",\"contentUrl\":\"https:\/\/secure.gravatar.com\/avatar\/a2ef43c165669686cfcfb0e1ffa59869?s=96&d=mm&r=g\",\"caption\":\"Editor\"},\"url\":\"https:\/\/www.asajacyl.com\/avila\/author\/oscargg\"}]}<\/script>\n<!-- \/ Yoast SEO plugin. -->","yoast_head_json":{"title":"Convocada la ayuda vinculada a los planes de reestructuraci&#243;n y reconversi&#243;n de vi&#241;edos en Castilla y Le&#243;n para la campa&#241;a vit&#237;cola 2016\/2017 - ASAJA \u00c1vila","description":"Hasta el 30 junio puede solicitarse la ayuda vinculada a los planes de reestructuraci&#243;n y reconversi&#243;n de vi&#241;edos en Castilla y Le&#243;n para la campa&#241;a vit&#237;cola 2016\/2017, seg&#250;n publica el Bocyl.","robots":{"index":"index","follow":"follow","max-snippet":"max-snippet:-1","max-image-preview":"max-image-preview:large","max-video-preview":"max-video-preview:-1"},"canonical":"https:\/\/www.asajacyl.com\/avila\/servicios-socio\/convocada-la-ayuda-vinculada-a-los-planes-de-reestructuracin-y-reconversin-de-viedos-en-castilla-y-len-para-la-campaa-vitcola-2016-2017","og_locale":"es_ES","og_type":"article","og_title":"Convocada la ayuda vinculada a los planes de reestructuraci&#243;n y reconversi&#243;n de vi&#241;edos en Castilla y Le&#243;n para la campa&#241;a vit&#237;cola 2016\/2017 - ASAJA \u00c1vila","og_description":"Hasta el 30 junio puede solicitarse la ayuda vinculada a los planes de reestructuraci&#243;n y reconversi&#243;n de vi&#241;edos en Castilla y Le&#243;n para la campa&#241;a vit&#237;cola 2016\/2017, seg&#250;n publica el Bocyl.","og_url":"https:\/\/www.asajacyl.com\/avila\/servicios-socio\/convocada-la-ayuda-vinculada-a-los-planes-de-reestructuracin-y-reconversin-de-viedos-en-castilla-y-len-para-la-campaa-vitcola-2016-2017","og_site_name":"ASAJA \u00c1vila","article_published_time":"2016-05-31T22:00:00+00:00","og_image":[{"width":2304,"height":3072,"url":"https:\/\/www.asajacyl.com\/avila\/wp-content\/uploads\/sites\/4\/2017\/12\/vinedo.jpg","type":"image\/jpeg"}],"author":"Editor","twitter_card":"summary_large_image","twitter_misc":{"Escrito por":"Editor","Tiempo de lectura":"2 minutos"},"schema":{"@context":"https:\/\/schema.org","@graph":[{"@type":"WebPage","@id":"https:\/\/www.asajacyl.com\/avila\/servicios-socio\/convocada-la-ayuda-vinculada-a-los-planes-de-reestructuracin-y-reconversin-de-viedos-en-castilla-y-len-para-la-campaa-vitcola-2016-2017","url":"https:\/\/www.asajacyl.com\/avila\/servicios-socio\/convocada-la-ayuda-vinculada-a-los-planes-de-reestructuracin-y-reconversin-de-viedos-en-castilla-y-len-para-la-campaa-vitcola-2016-2017","name":"Convocada la ayuda vinculada a los planes de reestructuraci&#243;n y reconversi&#243;n de vi&#241;edos en Castilla y Le&#243;n para la campa&#241;a vit&#237;cola 2016\/2017 - ASAJA \u00c1vila","isPartOf":{"@id":"https:\/\/www.asajacyl.com\/avila\/#website"},"primaryImageOfPage":{"@id":"https:\/\/www.asajacyl.com\/avila\/servicios-socio\/convocada-la-ayuda-vinculada-a-los-planes-de-reestructuracin-y-reconversin-de-viedos-en-castilla-y-len-para-la-campaa-vitcola-2016-2017#primaryimage"},"image":{"@id":"https:\/\/www.asajacyl.com\/avila\/servicios-socio\/convocada-la-ayuda-vinculada-a-los-planes-de-reestructuracin-y-reconversin-de-viedos-en-castilla-y-len-para-la-campaa-vitcola-2016-2017#primaryimage"},"thumbnailUrl":"https:\/\/www.asajacyl.com\/avila\/wp-content\/uploads\/sites\/4\/2017\/12\/vinedo.jpg","datePublished":"2016-05-31T22:00:00+00:00","author":{"@id":"https:\/\/www.asajacyl.com\/avila\/#\/schema\/person\/7e884476cee132331142e8ac9689f20c"},"description":"Hasta el 30 junio puede solicitarse la ayuda vinculada a los planes de reestructuraci&#243;n y reconversi&#243;n de vi&#241;edos en Castilla y Le&#243;n para la campa&#241;a vit&#237;cola 2016\/2017, seg&#250;n publica el Bocyl.","breadcrumb":{"@id":"https:\/\/www.asajacyl.com\/avila\/servicios-socio\/convocada-la-ayuda-vinculada-a-los-planes-de-reestructuracin-y-reconversin-de-viedos-en-castilla-y-len-para-la-campaa-vitcola-2016-2017#breadcrumb"},"inLanguage":"es","potentialAction":[{"@type":"ReadAction","target":["https:\/\/www.asajacyl.com\/avila\/servicios-socio\/convocada-la-ayuda-vinculada-a-los-planes-de-reestructuracin-y-reconversin-de-viedos-en-castilla-y-len-para-la-campaa-vitcola-2016-2017"]}]},{"@type":"ImageObject","inLanguage":"es","@id":"https:\/\/www.asajacyl.com\/avila\/servicios-socio\/convocada-la-ayuda-vinculada-a-los-planes-de-reestructuracin-y-reconversin-de-viedos-en-castilla-y-len-para-la-campaa-vitcola-2016-2017#primaryimage","url":"https:\/\/www.asajacyl.com\/avila\/wp-content\/uploads\/sites\/4\/2017\/12\/vinedo.jpg","contentUrl":"https:\/\/www.asajacyl.com\/avila\/wp-content\/uploads\/sites\/4\/2017\/12\/vinedo.jpg","width":2304,"height":3072},{"@type":"BreadcrumbList","@id":"https:\/\/www.asajacyl.com\/avila\/servicios-socio\/convocada-la-ayuda-vinculada-a-los-planes-de-reestructuracin-y-reconversin-de-viedos-en-castilla-y-len-para-la-campaa-vitcola-2016-2017#breadcrumb","itemListElement":[{"@type":"ListItem","position":1,"name":"Portada","item":"https:\/\/www.asajacyl.com\/avila\/"},{"@type":"ListItem","position":2,"name":"Convocada la ayuda vinculada a los planes de reestructuraci&#243;n y reconversi&#243;n de vi&#241;edos en Castilla y Le&#243;n para la campa&#241;a vit&#237;cola 2016\/2017"}]},{"@type":"WebSite","@id":"https:\/\/www.asajacyl.com\/avila\/#website","url":"https:\/\/www.asajacyl.com\/avila\/","name":"ASAJA \u00c1vila","description":"Otro sitio m\u00e1s de Provincias ASAJA Castilla y Le\u00f3n","potentialAction":[{"@type":"SearchAction","target":{"@type":"EntryPoint","urlTemplate":"https:\/\/www.asajacyl.com\/avila\/?s={search_term_string}"},"query-input":{"@type":"PropertyValueSpecification","valueRequired":true,"valueName":"search_term_string"}}],"inLanguage":"es"},{"@type":"Person","@id":"https:\/\/www.asajacyl.com\/avila\/#\/schema\/person\/7e884476cee132331142e8ac9689f20c","name":"Editor","image":{"@type":"ImageObject","inLanguage":"es","@id":"https:\/\/www.asajacyl.com\/avila\/#\/schema\/person\/image\/","url":"https:\/\/secure.gravatar.com\/avatar\/a2ef43c165669686cfcfb0e1ffa59869?s=96&d=mm&r=g","contentUrl":"https:\/\/secure.gravatar.com\/avatar\/a2ef43c165669686cfcfb0e1ffa59869?s=96&d=mm&r=g","caption":"Editor"},"url":"https:\/\/www.asajacyl.com\/avila\/author\/oscargg"}]}},"_links":{"self":[{"href":"https:\/\/www.asajacyl.com\/avila\/wp-json\/wp\/v2\/posts\/2378"}],"collection":[{"href":"https:\/\/www.asajacyl.com\/avila\/wp-json\/wp\/v2\/posts"}],"about":[{"href":"https:\/\/www.asajacyl.com\/avila\/wp-json\/wp\/v2\/types\/post"}],"author":[{"embeddable":true,"href":"https:\/\/www.asajacyl.com\/avila\/wp-json\/wp\/v2\/users\/3"}],"replies":[{"embeddable":true,"href":"https:\/\/www.asajacyl.com\/avila\/wp-json\/wp\/v2\/comments?post=2378"}],"version-history":[{"count":0,"href":"https:\/\/www.asajacyl.com\/avila\/wp-json\/wp\/v2\/posts\/2378\/revisions"}],"wp:featuredmedia":[{"embeddable":true,"href":"https:\/\/www.asajacyl.com\/avila\/wp-json\/wp\/v2\/media\/2379"}],"wp:attachment":[{"href":"https:\/\/www.asajacyl.com\/avila\/wp-json\/wp\/v2\/media?parent=2378"}],"wp:term":[{"taxonomy":"category","embeddable":true,"href":"https:\/\/www.asajacyl.com\/avila\/wp-json\/wp\/v2\/categories?post=2378"},{"taxonomy":"post_tag","embeddable":true,"href":"https:\/\/www.asajacyl.com\/avila\/wp-json\/wp\/v2\/tags?post=2378"}],"curies":[{"name":"wp","href":"https:\/\/api.w.org\/{rel}","templated":true}]}}