{"id":2380,"date":"2016-05-23T00:00:00","date_gmt":"2016-05-22T22:00:00","guid":{"rendered":"http:\/\/www.asajacyl.com\/avila\/sin-categoria\/comunicar-en-el-plazo-de-7-das-los-movimientos-de-ganado-vacuno"},"modified":"2016-05-23T00:00:00","modified_gmt":"2016-05-22T22:00:00","slug":"comunicar-en-el-plazo-de-7-das-los-movimientos-de-ganado-vacuno","status":"publish","type":"post","link":"https:\/\/www.asajacyl.com\/avila\/servicios-socio\/comunicar-en-el-plazo-de-7-das-los-movimientos-de-ganado-vacuno","title":{"rendered":"Comunicar en el plazo de 7 d&#237;as los movimientos de ganado vacuno"},"content":{"rendered":"<h2>ASAJA recuerda a los ganaderos de vacuno que en el plazo de 7 d&#237;as han de comunicar en la Unidad Veterinaria el nacimiento de los animales, la entrada si se importa de terceros pa&#237;ses o procede de un pa&#237;s comunitario, la llegada de otra explotaci&#243;n, el fallecimiento, o la salida hacia otra explotaci&#243;n.<\/h2>\n<p>ASAJA recuerda a los ganaderos de vacuno que en el plazo de 7 d&#237;as han de comunicar en la Unidad Veterinaria el nacimiento de los animales, la entrada si se importa de terceros pa&#237;ses o procede de un pa&#237;s comunitario, la llegada de otra explotaci&#243;n, el fallecimiento, o la salida hacia otra explotaci&#243;n. <br \/>\nEl incumplimiento de estos plazos supone sanciones en materia sectorial, penalizaciones en la PAC por incumplimiento de las normas de condicionalidad, y dejar de percibir primas asociadas como la ayuda al vacuno de cebo. <br \/>\nLos bovinos han de estar identificados con doble crotal en cada oreja antes de los 20 d&#237;as tras el nacimiento, disponer del Documento de Identificaci&#243;n Bovina, y el ganadero ha de tener actualizado el libro de registro de explotaci&#243;n.<\/p>\n","protected":false},"excerpt":{"rendered":"<p>ASAJA recuerda a los ganaderos de vacuno que en el plazo de 7 d&#237;as han de comunicar en la Unidad Veterinaria el nacimiento de los animales, la entrada si se importa de terceros pa&#237;ses o procede de un pa&#237;s comunitario, la llegada de otra explotaci&#243;n, el fallecimiento, o la salida hacia otra explotaci&#243;n.<\/p>\n","protected":false},"author":3,"featured_media":794,"comment_status":"open","ping_status":"open","sticky":false,"template":"","format":"standard","meta":{"footnotes":""},"categories":[24,9],"tags":[],"yoast_head":"<!-- This site is optimized with the Yoast SEO plugin v24.5 - https:\/\/yoast.com\/wordpress\/plugins\/seo\/ -->\n<title>Comunicar en el plazo de 7 d&#237;as los movimientos de ganado vacuno - ASAJA \u00c1vila<\/title>\n<meta name=\"description\" content=\"ASAJA recuerda a los ganaderos de vacuno que en el plazo de 7 d&#237;as han de comunicar en la Unidad Veterinaria el nacimiento de los animales, la entrada si se importa de terceros pa&#237;ses o procede de un pa&#237;s comunitario, la llegada de otra explotaci&#243;n, el fallecimiento, o la salida hacia otra explotaci&#243;n.\" \/>\n<meta name=\"robots\" content=\"index, follow, max-snippet:-1, max-image-preview:large, max-video-preview:-1\" \/>\n<link rel=\"canonical\" href=\"https:\/\/www.asajacyl.com\/avila\/servicios-socio\/comunicar-en-el-plazo-de-7-das-los-movimientos-de-ganado-vacuno\" \/>\n<meta property=\"og:locale\" content=\"es_ES\" \/>\n<meta property=\"og:type\" content=\"article\" \/>\n<meta property=\"og:title\" content=\"Comunicar en el plazo de 7 d&#237;as los movimientos de ganado vacuno - ASAJA \u00c1vila\" \/>\n<meta property=\"og:description\" content=\"ASAJA recuerda a los ganaderos de vacuno que en el plazo de 7 d&#237;as han de comunicar en la Unidad Veterinaria el nacimiento de los animales, la entrada si se importa de terceros pa&#237;ses o procede de un pa&#237;s comunitario, la llegada de otra explotaci&#243;n, el fallecimiento, o la salida hacia otra explotaci&#243;n.\" \/>\n<meta property=\"og:url\" content=\"https:\/\/www.asajacyl.com\/avila\/servicios-socio\/comunicar-en-el-plazo-de-7-das-los-movimientos-de-ganado-vacuno\" \/>\n<meta property=\"og:site_name\" content=\"ASAJA \u00c1vila\" \/>\n<meta property=\"article:published_time\" content=\"2016-05-22T22:00:00+00:00\" \/>\n<meta property=\"og:image\" content=\"https:\/\/www.asajacyl.com\/avila\/wp-content\/uploads\/sites\/4\/2017\/11\/im_predefinida_1920x1080.jpg\" \/>\n\t<meta property=\"og:image:width\" content=\"1920\" \/>\n\t<meta property=\"og:image:height\" content=\"1080\" \/>\n\t<meta property=\"og:image:type\" content=\"image\/jpeg\" \/>\n<meta name=\"author\" content=\"Editor\" \/>\n<meta name=\"twitter:card\" content=\"summary_large_image\" \/>\n<meta name=\"twitter:label1\" content=\"Escrito por\" \/>\n\t<meta name=\"twitter:data1\" content=\"Editor\" \/>\n\t<meta name=\"twitter:label2\" content=\"Tiempo de lectura\" \/>\n\t<meta name=\"twitter:data2\" content=\"1 minuto\" \/>\n<script type=\"application\/ld+json\" class=\"yoast-schema-graph\">{\"@context\":\"https:\/\/schema.org\",\"@graph\":[{\"@type\":\"WebPage\",\"@id\":\"https:\/\/www.asajacyl.com\/avila\/servicios-socio\/comunicar-en-el-plazo-de-7-das-los-movimientos-de-ganado-vacuno\",\"url\":\"https:\/\/www.asajacyl.com\/avila\/servicios-socio\/comunicar-en-el-plazo-de-7-das-los-movimientos-de-ganado-vacuno\",\"name\":\"Comunicar en el plazo de 7 d&#237;as los movimientos de ganado vacuno - ASAJA \u00c1vila\",\"isPartOf\":{\"@id\":\"https:\/\/www.asajacyl.com\/avila\/#website\"},\"primaryImageOfPage\":{\"@id\":\"https:\/\/www.asajacyl.com\/avila\/servicios-socio\/comunicar-en-el-plazo-de-7-das-los-movimientos-de-ganado-vacuno#primaryimage\"},\"image\":{\"@id\":\"https:\/\/www.asajacyl.com\/avila\/servicios-socio\/comunicar-en-el-plazo-de-7-das-los-movimientos-de-ganado-vacuno#primaryimage\"},\"thumbnailUrl\":\"https:\/\/www.asajacyl.com\/avila\/wp-content\/uploads\/sites\/4\/2017\/11\/im_predefinida_1920x1080.jpg\",\"datePublished\":\"2016-05-22T22:00:00+00:00\",\"author\":{\"@id\":\"https:\/\/www.asajacyl.com\/avila\/#\/schema\/person\/7e884476cee132331142e8ac9689f20c\"},\"description\":\"ASAJA recuerda a los ganaderos de vacuno que en el plazo de 7 d&#237;as han de comunicar en la Unidad Veterinaria el nacimiento de los animales, la entrada si se importa de terceros pa&#237;ses o procede de un pa&#237;s comunitario, la llegada de otra explotaci&#243;n, el fallecimiento, o la salida hacia otra explotaci&#243;n.\",\"breadcrumb\":{\"@id\":\"https:\/\/www.asajacyl.com\/avila\/servicios-socio\/comunicar-en-el-plazo-de-7-das-los-movimientos-de-ganado-vacuno#breadcrumb\"},\"inLanguage\":\"es\",\"potentialAction\":[{\"@type\":\"ReadAction\",\"target\":[\"https:\/\/www.asajacyl.com\/avila\/servicios-socio\/comunicar-en-el-plazo-de-7-das-los-movimientos-de-ganado-vacuno\"]}]},{\"@type\":\"ImageObject\",\"inLanguage\":\"es\",\"@id\":\"https:\/\/www.asajacyl.com\/avila\/servicios-socio\/comunicar-en-el-plazo-de-7-das-los-movimientos-de-ganado-vacuno#primaryimage\",\"url\":\"https:\/\/www.asajacyl.com\/avila\/wp-content\/uploads\/sites\/4\/2017\/11\/im_predefinida_1920x1080.jpg\",\"contentUrl\":\"https:\/\/www.asajacyl.com\/avila\/wp-content\/uploads\/sites\/4\/2017\/11\/im_predefinida_1920x1080.jpg\",\"width\":1920,\"height\":1080,\"caption\":\"Logotipo ASAJA \u00c1vila\"},{\"@type\":\"BreadcrumbList\",\"@id\":\"https:\/\/www.asajacyl.com\/avila\/servicios-socio\/comunicar-en-el-plazo-de-7-das-los-movimientos-de-ganado-vacuno#breadcrumb\",\"itemListElement\":[{\"@type\":\"ListItem\",\"position\":1,\"name\":\"Portada\",\"item\":\"https:\/\/www.asajacyl.com\/avila\/\"},{\"@type\":\"ListItem\",\"position\":2,\"name\":\"Comunicar en el plazo de 7 d&#237;as los movimientos de ganado vacuno\"}]},{\"@type\":\"WebSite\",\"@id\":\"https:\/\/www.asajacyl.com\/avila\/#website\",\"url\":\"https:\/\/www.asajacyl.com\/avila\/\",\"name\":\"ASAJA \u00c1vila\",\"description\":\"Otro sitio m\u00e1s de Provincias ASAJA Castilla y Le\u00f3n\",\"potentialAction\":[{\"@type\":\"SearchAction\",\"target\":{\"@type\":\"EntryPoint\",\"urlTemplate\":\"https:\/\/www.asajacyl.com\/avila\/?s={search_term_string}\"},\"query-input\":{\"@type\":\"PropertyValueSpecification\",\"valueRequired\":true,\"valueName\":\"search_term_string\"}}],\"inLanguage\":\"es\"},{\"@type\":\"Person\",\"@id\":\"https:\/\/www.asajacyl.com\/avila\/#\/schema\/person\/7e884476cee132331142e8ac9689f20c\",\"name\":\"Editor\",\"image\":{\"@type\":\"ImageObject\",\"inLanguage\":\"es\",\"@id\":\"https:\/\/www.asajacyl.com\/avila\/#\/schema\/person\/image\/\",\"url\":\"https:\/\/secure.gravatar.com\/avatar\/a2ef43c165669686cfcfb0e1ffa59869?s=96&d=mm&r=g\",\"contentUrl\":\"https:\/\/secure.gravatar.com\/avatar\/a2ef43c165669686cfcfb0e1ffa59869?s=96&d=mm&r=g\",\"caption\":\"Editor\"},\"url\":\"https:\/\/www.asajacyl.com\/avila\/author\/oscargg\"}]}<\/script>\n<!-- \/ Yoast SEO plugin. -->","yoast_head_json":{"title":"Comunicar en el plazo de 7 d&#237;as los movimientos de ganado vacuno - ASAJA \u00c1vila","description":"ASAJA recuerda a los ganaderos de vacuno que en el plazo de 7 d&#237;as han de comunicar en la Unidad Veterinaria el nacimiento de los animales, la entrada si se importa de terceros pa&#237;ses o procede de un pa&#237;s comunitario, la llegada de otra explotaci&#243;n, el fallecimiento, o la salida hacia otra explotaci&#243;n.","robots":{"index":"index","follow":"follow","max-snippet":"max-snippet:-1","max-image-preview":"max-image-preview:large","max-video-preview":"max-video-preview:-1"},"canonical":"https:\/\/www.asajacyl.com\/avila\/servicios-socio\/comunicar-en-el-plazo-de-7-das-los-movimientos-de-ganado-vacuno","og_locale":"es_ES","og_type":"article","og_title":"Comunicar en el plazo de 7 d&#237;as los movimientos de ganado vacuno - ASAJA \u00c1vila","og_description":"ASAJA recuerda a los ganaderos de vacuno que en el plazo de 7 d&#237;as han de comunicar en la Unidad Veterinaria el nacimiento de los animales, la entrada si se importa de terceros pa&#237;ses o procede de un pa&#237;s comunitario, la llegada de otra explotaci&#243;n, el fallecimiento, o la salida hacia otra explotaci&#243;n.","og_url":"https:\/\/www.asajacyl.com\/avila\/servicios-socio\/comunicar-en-el-plazo-de-7-das-los-movimientos-de-ganado-vacuno","og_site_name":"ASAJA \u00c1vila","article_published_time":"2016-05-22T22:00:00+00:00","og_image":[{"width":1920,"height":1080,"url":"https:\/\/www.asajacyl.com\/avila\/wp-content\/uploads\/sites\/4\/2017\/11\/im_predefinida_1920x1080.jpg","type":"image\/jpeg"}],"author":"Editor","twitter_card":"summary_large_image","twitter_misc":{"Escrito por":"Editor","Tiempo de lectura":"1 minuto"},"schema":{"@context":"https:\/\/schema.org","@graph":[{"@type":"WebPage","@id":"https:\/\/www.asajacyl.com\/avila\/servicios-socio\/comunicar-en-el-plazo-de-7-das-los-movimientos-de-ganado-vacuno","url":"https:\/\/www.asajacyl.com\/avila\/servicios-socio\/comunicar-en-el-plazo-de-7-das-los-movimientos-de-ganado-vacuno","name":"Comunicar en el plazo de 7 d&#237;as los movimientos de ganado vacuno - ASAJA \u00c1vila","isPartOf":{"@id":"https:\/\/www.asajacyl.com\/avila\/#website"},"primaryImageOfPage":{"@id":"https:\/\/www.asajacyl.com\/avila\/servicios-socio\/comunicar-en-el-plazo-de-7-das-los-movimientos-de-ganado-vacuno#primaryimage"},"image":{"@id":"https:\/\/www.asajacyl.com\/avila\/servicios-socio\/comunicar-en-el-plazo-de-7-das-los-movimientos-de-ganado-vacuno#primaryimage"},"thumbnailUrl":"https:\/\/www.asajacyl.com\/avila\/wp-content\/uploads\/sites\/4\/2017\/11\/im_predefinida_1920x1080.jpg","datePublished":"2016-05-22T22:00:00+00:00","author":{"@id":"https:\/\/www.asajacyl.com\/avila\/#\/schema\/person\/7e884476cee132331142e8ac9689f20c"},"description":"ASAJA recuerda a los ganaderos de vacuno que en el plazo de 7 d&#237;as han de comunicar en la Unidad Veterinaria el nacimiento de los animales, la entrada si se importa de terceros pa&#237;ses o procede de un pa&#237;s comunitario, la llegada de otra explotaci&#243;n, el fallecimiento, o la salida hacia otra explotaci&#243;n.","breadcrumb":{"@id":"https:\/\/www.asajacyl.com\/avila\/servicios-socio\/comunicar-en-el-plazo-de-7-das-los-movimientos-de-ganado-vacuno#breadcrumb"},"inLanguage":"es","potentialAction":[{"@type":"ReadAction","target":["https:\/\/www.asajacyl.com\/avila\/servicios-socio\/comunicar-en-el-plazo-de-7-das-los-movimientos-de-ganado-vacuno"]}]},{"@type":"ImageObject","inLanguage":"es","@id":"https:\/\/www.asajacyl.com\/avila\/servicios-socio\/comunicar-en-el-plazo-de-7-das-los-movimientos-de-ganado-vacuno#primaryimage","url":"https:\/\/www.asajacyl.com\/avila\/wp-content\/uploads\/sites\/4\/2017\/11\/im_predefinida_1920x1080.jpg","contentUrl":"https:\/\/www.asajacyl.com\/avila\/wp-content\/uploads\/sites\/4\/2017\/11\/im_predefinida_1920x1080.jpg","width":1920,"height":1080,"caption":"Logotipo ASAJA \u00c1vila"},{"@type":"BreadcrumbList","@id":"https:\/\/www.asajacyl.com\/avila\/servicios-socio\/comunicar-en-el-plazo-de-7-das-los-movimientos-de-ganado-vacuno#breadcrumb","itemListElement":[{"@type":"ListItem","position":1,"name":"Portada","item":"https:\/\/www.asajacyl.com\/avila\/"},{"@type":"ListItem","position":2,"name":"Comunicar en el plazo de 7 d&#237;as los movimientos de ganado vacuno"}]},{"@type":"WebSite","@id":"https:\/\/www.asajacyl.com\/avila\/#website","url":"https:\/\/www.asajacyl.com\/avila\/","name":"ASAJA \u00c1vila","description":"Otro sitio m\u00e1s de Provincias ASAJA Castilla y Le\u00f3n","potentialAction":[{"@type":"SearchAction","target":{"@type":"EntryPoint","urlTemplate":"https:\/\/www.asajacyl.com\/avila\/?s={search_term_string}"},"query-input":{"@type":"PropertyValueSpecification","valueRequired":true,"valueName":"search_term_string"}}],"inLanguage":"es"},{"@type":"Person","@id":"https:\/\/www.asajacyl.com\/avila\/#\/schema\/person\/7e884476cee132331142e8ac9689f20c","name":"Editor","image":{"@type":"ImageObject","inLanguage":"es","@id":"https:\/\/www.asajacyl.com\/avila\/#\/schema\/person\/image\/","url":"https:\/\/secure.gravatar.com\/avatar\/a2ef43c165669686cfcfb0e1ffa59869?s=96&d=mm&r=g","contentUrl":"https:\/\/secure.gravatar.com\/avatar\/a2ef43c165669686cfcfb0e1ffa59869?s=96&d=mm&r=g","caption":"Editor"},"url":"https:\/\/www.asajacyl.com\/avila\/author\/oscargg"}]}},"_links":{"self":[{"href":"https:\/\/www.asajacyl.com\/avila\/wp-json\/wp\/v2\/posts\/2380"}],"collection":[{"href":"https:\/\/www.asajacyl.com\/avila\/wp-json\/wp\/v2\/posts"}],"about":[{"href":"https:\/\/www.asajacyl.com\/avila\/wp-json\/wp\/v2\/types\/post"}],"author":[{"embeddable":true,"href":"https:\/\/www.asajacyl.com\/avila\/wp-json\/wp\/v2\/users\/3"}],"replies":[{"embeddable":true,"href":"https:\/\/www.asajacyl.com\/avila\/wp-json\/wp\/v2\/comments?post=2380"}],"version-history":[{"count":0,"href":"https:\/\/www.asajacyl.com\/avila\/wp-json\/wp\/v2\/posts\/2380\/revisions"}],"wp:featuredmedia":[{"embeddable":true,"href":"https:\/\/www.asajacyl.com\/avila\/wp-json\/wp\/v2\/media\/794"}],"wp:attachment":[{"href":"https:\/\/www.asajacyl.com\/avila\/wp-json\/wp\/v2\/media?parent=2380"}],"wp:term":[{"taxonomy":"category","embeddable":true,"href":"https:\/\/www.asajacyl.com\/avila\/wp-json\/wp\/v2\/categories?post=2380"},{"taxonomy":"post_tag","embeddable":true,"href":"https:\/\/www.asajacyl.com\/avila\/wp-json\/wp\/v2\/tags?post=2380"}],"curies":[{"name":"wp","href":"https:\/\/api.w.org\/{rel}","templated":true}]}}