{"id":2383,"date":"2016-05-11T00:00:00","date_gmt":"2016-05-10T22:00:00","guid":{"rendered":"http:\/\/www.asajacyl.com\/avila\/sin-categoria\/jornada-sobre-reduccin-de-costes-en-el-regado-el-19-de-mayo"},"modified":"2016-05-11T00:00:00","modified_gmt":"2016-05-10T22:00:00","slug":"jornada-sobre-reduccin-de-costes-en-el-regado-el-19-de-mayo","status":"publish","type":"post","link":"https:\/\/www.asajacyl.com\/avila\/servicios-socio\/jornada-sobre-reduccin-de-costes-en-el-regado-el-19-de-mayo","title":{"rendered":"Jornada sobre Reducci&#243;n de Costes en el Regad&#237;o, el 19 de mayo"},"content":{"rendered":"<h2>AIMCRA, con la colaboraci&#243;n de la Junta de Castilla y Le&#243;n, organiza una Jornada sobre Reducci&#243;n de Costes en el Regad&#237;o. Tendr&#225; lugar el 19 de mayo en el Sal&#243;n de Actos de la Consejer&#237;a de Agricultura y Ganader&#237;a, en Valladolid.<\/h2>\n<p>AIMCRA, con la colaboraci&#243;n de la Junta de Castilla y Le&#243;n, organiza una Jornada sobre Reducci&#243;n de Costes en el Regad&#237;o. Tendr&#225; lugar el 19 de mayo en el Sal&#243;n de Actos de la Consejer&#237;a de Agricultura y Ganader&#237;a, en Valladolid. <\/p>\n<p>En concreto, la jornada se centra en la factura el&#233;ctrica y la eficiencia energ&#233;tica. Se centrar&#225; en aspectos como el coste del riego y la competitividad en la remolacha, se expondr&#225;n casos pr&#225;cticos de reducci&#243;n del coste energ&#233;tico en sondeos particulares y se analizar&#225; la eficiencia h&#237;drica coo herramienta de ahorro energ&#233;tico, entre otras cuestiones. <\/p>\n<p>Est&#225; dirigida a agricultores, comunicades de regantes, fabricantes e instaladores de equipos de riego y de equipos el&#233;ctricos, consultoras de energ&#237;a y medio ambiente, ingenier&#237;as energ&#233;ticas, centros de investigaci&#243;n en agricultura, energ&#237;a y medioambiente y profesores y estudiantes universitarios. <\/p>\n<p>La asistencia a esta jornada servir&#225; como justificante de formaci&#243;n para la percepci&#243;n de las ayudas agroambientales de la remolacha en Castilla y Le&#243;n.  <\/p>\n<p>El plazo de inscripci&#243;n finaliza el d&#237;a 16 de mayo. Es necesaria la inscripci&#243;n telef&#243;nica 983204777 o a trav&#233;s de la web www.aimcra.es <\/p>\n<p>Para m&#225;s informaci&#243;n sobre esta jornada, descargar documento adjunto.<\/p>\n","protected":false},"excerpt":{"rendered":"<p>AIMCRA, con la colaboraci&#243;n de la Junta de Castilla y Le&#243;n, organiza una Jornada sobre Reducci&#243;n de Costes en el Regad&#237;o. Tendr&#225; lugar el 19 de mayo en el Sal&#243;n de Actos de la Consejer&#237;a de Agricultura y Ganader&#237;a, en Valladolid.<\/p>\n","protected":false},"author":3,"featured_media":794,"comment_status":"open","ping_status":"open","sticky":false,"template":"","format":"standard","meta":{"footnotes":""},"categories":[24,9],"tags":[],"yoast_head":"<!-- This site is optimized with the Yoast SEO plugin v24.5 - https:\/\/yoast.com\/wordpress\/plugins\/seo\/ -->\n<title>Jornada sobre Reducci&#243;n de Costes en el Regad&#237;o, el 19 de mayo - ASAJA \u00c1vila<\/title>\n<meta name=\"description\" content=\"AIMCRA, con la colaboraci&#243;n de la Junta de Castilla y Le&#243;n, organiza una Jornada sobre Reducci&#243;n de Costes en el Regad&#237;o. Tendr&#225; lugar el 19 de mayo en el Sal&#243;n de Actos de la Consejer&#237;a de Agricultura y Ganader&#237;a, en Valladolid.\" \/>\n<meta name=\"robots\" content=\"index, follow, max-snippet:-1, max-image-preview:large, max-video-preview:-1\" \/>\n<link rel=\"canonical\" href=\"https:\/\/www.asajacyl.com\/avila\/servicios-socio\/jornada-sobre-reduccin-de-costes-en-el-regado-el-19-de-mayo\" \/>\n<meta property=\"og:locale\" content=\"es_ES\" \/>\n<meta property=\"og:type\" content=\"article\" \/>\n<meta property=\"og:title\" content=\"Jornada sobre Reducci&#243;n de Costes en el Regad&#237;o, el 19 de mayo - ASAJA \u00c1vila\" \/>\n<meta property=\"og:description\" content=\"AIMCRA, con la colaboraci&#243;n de la Junta de Castilla y Le&#243;n, organiza una Jornada sobre Reducci&#243;n de Costes en el Regad&#237;o. Tendr&#225; lugar el 19 de mayo en el Sal&#243;n de Actos de la Consejer&#237;a de Agricultura y Ganader&#237;a, en Valladolid.\" \/>\n<meta property=\"og:url\" content=\"https:\/\/www.asajacyl.com\/avila\/servicios-socio\/jornada-sobre-reduccin-de-costes-en-el-regado-el-19-de-mayo\" \/>\n<meta property=\"og:site_name\" content=\"ASAJA \u00c1vila\" \/>\n<meta property=\"article:published_time\" content=\"2016-05-10T22:00:00+00:00\" \/>\n<meta property=\"og:image\" content=\"https:\/\/www.asajacyl.com\/avila\/wp-content\/uploads\/sites\/4\/2017\/11\/im_predefinida_1920x1080.jpg\" \/>\n\t<meta property=\"og:image:width\" content=\"1920\" \/>\n\t<meta property=\"og:image:height\" content=\"1080\" \/>\n\t<meta property=\"og:image:type\" content=\"image\/jpeg\" \/>\n<meta name=\"author\" content=\"Editor\" \/>\n<meta name=\"twitter:card\" content=\"summary_large_image\" \/>\n<meta name=\"twitter:label1\" content=\"Escrito por\" \/>\n\t<meta name=\"twitter:data1\" content=\"Editor\" \/>\n\t<meta name=\"twitter:label2\" content=\"Tiempo de lectura\" \/>\n\t<meta name=\"twitter:data2\" content=\"1 minuto\" \/>\n<script type=\"application\/ld+json\" class=\"yoast-schema-graph\">{\"@context\":\"https:\/\/schema.org\",\"@graph\":[{\"@type\":\"WebPage\",\"@id\":\"https:\/\/www.asajacyl.com\/avila\/servicios-socio\/jornada-sobre-reduccin-de-costes-en-el-regado-el-19-de-mayo\",\"url\":\"https:\/\/www.asajacyl.com\/avila\/servicios-socio\/jornada-sobre-reduccin-de-costes-en-el-regado-el-19-de-mayo\",\"name\":\"Jornada sobre Reducci&#243;n de Costes en el Regad&#237;o, el 19 de mayo - ASAJA \u00c1vila\",\"isPartOf\":{\"@id\":\"https:\/\/www.asajacyl.com\/avila\/#website\"},\"primaryImageOfPage\":{\"@id\":\"https:\/\/www.asajacyl.com\/avila\/servicios-socio\/jornada-sobre-reduccin-de-costes-en-el-regado-el-19-de-mayo#primaryimage\"},\"image\":{\"@id\":\"https:\/\/www.asajacyl.com\/avila\/servicios-socio\/jornada-sobre-reduccin-de-costes-en-el-regado-el-19-de-mayo#primaryimage\"},\"thumbnailUrl\":\"https:\/\/www.asajacyl.com\/avila\/wp-content\/uploads\/sites\/4\/2017\/11\/im_predefinida_1920x1080.jpg\",\"datePublished\":\"2016-05-10T22:00:00+00:00\",\"author\":{\"@id\":\"https:\/\/www.asajacyl.com\/avila\/#\/schema\/person\/7e884476cee132331142e8ac9689f20c\"},\"description\":\"AIMCRA, con la colaboraci&#243;n de la Junta de Castilla y Le&#243;n, organiza una Jornada sobre Reducci&#243;n de Costes en el Regad&#237;o. Tendr&#225; lugar el 19 de mayo en el Sal&#243;n de Actos de la Consejer&#237;a de Agricultura y Ganader&#237;a, en Valladolid.\",\"breadcrumb\":{\"@id\":\"https:\/\/www.asajacyl.com\/avila\/servicios-socio\/jornada-sobre-reduccin-de-costes-en-el-regado-el-19-de-mayo#breadcrumb\"},\"inLanguage\":\"es\",\"potentialAction\":[{\"@type\":\"ReadAction\",\"target\":[\"https:\/\/www.asajacyl.com\/avila\/servicios-socio\/jornada-sobre-reduccin-de-costes-en-el-regado-el-19-de-mayo\"]}]},{\"@type\":\"ImageObject\",\"inLanguage\":\"es\",\"@id\":\"https:\/\/www.asajacyl.com\/avila\/servicios-socio\/jornada-sobre-reduccin-de-costes-en-el-regado-el-19-de-mayo#primaryimage\",\"url\":\"https:\/\/www.asajacyl.com\/avila\/wp-content\/uploads\/sites\/4\/2017\/11\/im_predefinida_1920x1080.jpg\",\"contentUrl\":\"https:\/\/www.asajacyl.com\/avila\/wp-content\/uploads\/sites\/4\/2017\/11\/im_predefinida_1920x1080.jpg\",\"width\":1920,\"height\":1080,\"caption\":\"Logotipo ASAJA \u00c1vila\"},{\"@type\":\"BreadcrumbList\",\"@id\":\"https:\/\/www.asajacyl.com\/avila\/servicios-socio\/jornada-sobre-reduccin-de-costes-en-el-regado-el-19-de-mayo#breadcrumb\",\"itemListElement\":[{\"@type\":\"ListItem\",\"position\":1,\"name\":\"Portada\",\"item\":\"https:\/\/www.asajacyl.com\/avila\/\"},{\"@type\":\"ListItem\",\"position\":2,\"name\":\"Jornada sobre Reducci&#243;n de Costes en el Regad&#237;o, el 19 de mayo\"}]},{\"@type\":\"WebSite\",\"@id\":\"https:\/\/www.asajacyl.com\/avila\/#website\",\"url\":\"https:\/\/www.asajacyl.com\/avila\/\",\"name\":\"ASAJA \u00c1vila\",\"description\":\"Otro sitio m\u00e1s de Provincias ASAJA Castilla y Le\u00f3n\",\"potentialAction\":[{\"@type\":\"SearchAction\",\"target\":{\"@type\":\"EntryPoint\",\"urlTemplate\":\"https:\/\/www.asajacyl.com\/avila\/?s={search_term_string}\"},\"query-input\":{\"@type\":\"PropertyValueSpecification\",\"valueRequired\":true,\"valueName\":\"search_term_string\"}}],\"inLanguage\":\"es\"},{\"@type\":\"Person\",\"@id\":\"https:\/\/www.asajacyl.com\/avila\/#\/schema\/person\/7e884476cee132331142e8ac9689f20c\",\"name\":\"Editor\",\"image\":{\"@type\":\"ImageObject\",\"inLanguage\":\"es\",\"@id\":\"https:\/\/www.asajacyl.com\/avila\/#\/schema\/person\/image\/\",\"url\":\"https:\/\/secure.gravatar.com\/avatar\/a2ef43c165669686cfcfb0e1ffa59869?s=96&d=mm&r=g\",\"contentUrl\":\"https:\/\/secure.gravatar.com\/avatar\/a2ef43c165669686cfcfb0e1ffa59869?s=96&d=mm&r=g\",\"caption\":\"Editor\"},\"url\":\"https:\/\/www.asajacyl.com\/avila\/author\/oscargg\"}]}<\/script>\n<!-- \/ Yoast SEO plugin. -->","yoast_head_json":{"title":"Jornada sobre Reducci&#243;n de Costes en el Regad&#237;o, el 19 de mayo - ASAJA \u00c1vila","description":"AIMCRA, con la colaboraci&#243;n de la Junta de Castilla y Le&#243;n, organiza una Jornada sobre Reducci&#243;n de Costes en el Regad&#237;o. Tendr&#225; lugar el 19 de mayo en el Sal&#243;n de Actos de la Consejer&#237;a de Agricultura y Ganader&#237;a, en Valladolid.","robots":{"index":"index","follow":"follow","max-snippet":"max-snippet:-1","max-image-preview":"max-image-preview:large","max-video-preview":"max-video-preview:-1"},"canonical":"https:\/\/www.asajacyl.com\/avila\/servicios-socio\/jornada-sobre-reduccin-de-costes-en-el-regado-el-19-de-mayo","og_locale":"es_ES","og_type":"article","og_title":"Jornada sobre Reducci&#243;n de Costes en el Regad&#237;o, el 19 de mayo - ASAJA \u00c1vila","og_description":"AIMCRA, con la colaboraci&#243;n de la Junta de Castilla y Le&#243;n, organiza una Jornada sobre Reducci&#243;n de Costes en el Regad&#237;o. Tendr&#225; lugar el 19 de mayo en el Sal&#243;n de Actos de la Consejer&#237;a de Agricultura y Ganader&#237;a, en Valladolid.","og_url":"https:\/\/www.asajacyl.com\/avila\/servicios-socio\/jornada-sobre-reduccin-de-costes-en-el-regado-el-19-de-mayo","og_site_name":"ASAJA \u00c1vila","article_published_time":"2016-05-10T22:00:00+00:00","og_image":[{"width":1920,"height":1080,"url":"https:\/\/www.asajacyl.com\/avila\/wp-content\/uploads\/sites\/4\/2017\/11\/im_predefinida_1920x1080.jpg","type":"image\/jpeg"}],"author":"Editor","twitter_card":"summary_large_image","twitter_misc":{"Escrito por":"Editor","Tiempo de lectura":"1 minuto"},"schema":{"@context":"https:\/\/schema.org","@graph":[{"@type":"WebPage","@id":"https:\/\/www.asajacyl.com\/avila\/servicios-socio\/jornada-sobre-reduccin-de-costes-en-el-regado-el-19-de-mayo","url":"https:\/\/www.asajacyl.com\/avila\/servicios-socio\/jornada-sobre-reduccin-de-costes-en-el-regado-el-19-de-mayo","name":"Jornada sobre Reducci&#243;n de Costes en el Regad&#237;o, el 19 de mayo - ASAJA \u00c1vila","isPartOf":{"@id":"https:\/\/www.asajacyl.com\/avila\/#website"},"primaryImageOfPage":{"@id":"https:\/\/www.asajacyl.com\/avila\/servicios-socio\/jornada-sobre-reduccin-de-costes-en-el-regado-el-19-de-mayo#primaryimage"},"image":{"@id":"https:\/\/www.asajacyl.com\/avila\/servicios-socio\/jornada-sobre-reduccin-de-costes-en-el-regado-el-19-de-mayo#primaryimage"},"thumbnailUrl":"https:\/\/www.asajacyl.com\/avila\/wp-content\/uploads\/sites\/4\/2017\/11\/im_predefinida_1920x1080.jpg","datePublished":"2016-05-10T22:00:00+00:00","author":{"@id":"https:\/\/www.asajacyl.com\/avila\/#\/schema\/person\/7e884476cee132331142e8ac9689f20c"},"description":"AIMCRA, con la colaboraci&#243;n de la Junta de Castilla y Le&#243;n, organiza una Jornada sobre Reducci&#243;n de Costes en el Regad&#237;o. Tendr&#225; lugar el 19 de mayo en el Sal&#243;n de Actos de la Consejer&#237;a de Agricultura y Ganader&#237;a, en Valladolid.","breadcrumb":{"@id":"https:\/\/www.asajacyl.com\/avila\/servicios-socio\/jornada-sobre-reduccin-de-costes-en-el-regado-el-19-de-mayo#breadcrumb"},"inLanguage":"es","potentialAction":[{"@type":"ReadAction","target":["https:\/\/www.asajacyl.com\/avila\/servicios-socio\/jornada-sobre-reduccin-de-costes-en-el-regado-el-19-de-mayo"]}]},{"@type":"ImageObject","inLanguage":"es","@id":"https:\/\/www.asajacyl.com\/avila\/servicios-socio\/jornada-sobre-reduccin-de-costes-en-el-regado-el-19-de-mayo#primaryimage","url":"https:\/\/www.asajacyl.com\/avila\/wp-content\/uploads\/sites\/4\/2017\/11\/im_predefinida_1920x1080.jpg","contentUrl":"https:\/\/www.asajacyl.com\/avila\/wp-content\/uploads\/sites\/4\/2017\/11\/im_predefinida_1920x1080.jpg","width":1920,"height":1080,"caption":"Logotipo ASAJA \u00c1vila"},{"@type":"BreadcrumbList","@id":"https:\/\/www.asajacyl.com\/avila\/servicios-socio\/jornada-sobre-reduccin-de-costes-en-el-regado-el-19-de-mayo#breadcrumb","itemListElement":[{"@type":"ListItem","position":1,"name":"Portada","item":"https:\/\/www.asajacyl.com\/avila\/"},{"@type":"ListItem","position":2,"name":"Jornada sobre Reducci&#243;n de Costes en el Regad&#237;o, el 19 de mayo"}]},{"@type":"WebSite","@id":"https:\/\/www.asajacyl.com\/avila\/#website","url":"https:\/\/www.asajacyl.com\/avila\/","name":"ASAJA \u00c1vila","description":"Otro sitio m\u00e1s de Provincias ASAJA Castilla y Le\u00f3n","potentialAction":[{"@type":"SearchAction","target":{"@type":"EntryPoint","urlTemplate":"https:\/\/www.asajacyl.com\/avila\/?s={search_term_string}"},"query-input":{"@type":"PropertyValueSpecification","valueRequired":true,"valueName":"search_term_string"}}],"inLanguage":"es"},{"@type":"Person","@id":"https:\/\/www.asajacyl.com\/avila\/#\/schema\/person\/7e884476cee132331142e8ac9689f20c","name":"Editor","image":{"@type":"ImageObject","inLanguage":"es","@id":"https:\/\/www.asajacyl.com\/avila\/#\/schema\/person\/image\/","url":"https:\/\/secure.gravatar.com\/avatar\/a2ef43c165669686cfcfb0e1ffa59869?s=96&d=mm&r=g","contentUrl":"https:\/\/secure.gravatar.com\/avatar\/a2ef43c165669686cfcfb0e1ffa59869?s=96&d=mm&r=g","caption":"Editor"},"url":"https:\/\/www.asajacyl.com\/avila\/author\/oscargg"}]}},"_links":{"self":[{"href":"https:\/\/www.asajacyl.com\/avila\/wp-json\/wp\/v2\/posts\/2383"}],"collection":[{"href":"https:\/\/www.asajacyl.com\/avila\/wp-json\/wp\/v2\/posts"}],"about":[{"href":"https:\/\/www.asajacyl.com\/avila\/wp-json\/wp\/v2\/types\/post"}],"author":[{"embeddable":true,"href":"https:\/\/www.asajacyl.com\/avila\/wp-json\/wp\/v2\/users\/3"}],"replies":[{"embeddable":true,"href":"https:\/\/www.asajacyl.com\/avila\/wp-json\/wp\/v2\/comments?post=2383"}],"version-history":[{"count":0,"href":"https:\/\/www.asajacyl.com\/avila\/wp-json\/wp\/v2\/posts\/2383\/revisions"}],"wp:featuredmedia":[{"embeddable":true,"href":"https:\/\/www.asajacyl.com\/avila\/wp-json\/wp\/v2\/media\/794"}],"wp:attachment":[{"href":"https:\/\/www.asajacyl.com\/avila\/wp-json\/wp\/v2\/media?parent=2383"}],"wp:term":[{"taxonomy":"category","embeddable":true,"href":"https:\/\/www.asajacyl.com\/avila\/wp-json\/wp\/v2\/categories?post=2383"},{"taxonomy":"post_tag","embeddable":true,"href":"https:\/\/www.asajacyl.com\/avila\/wp-json\/wp\/v2\/tags?post=2383"}],"curies":[{"name":"wp","href":"https:\/\/api.w.org\/{rel}","templated":true}]}}