{"id":2385,"date":"2016-05-06T00:00:00","date_gmt":"2016-05-05T22:00:00","guid":{"rendered":"http:\/\/www.asajacyl.com\/avila\/sin-categoria\/publicadas-las-reducciones-de-mdulos-del-irpf-para-actividades-agrarias"},"modified":"2016-05-06T00:00:00","modified_gmt":"2016-05-05T22:00:00","slug":"publicadas-las-reducciones-de-mdulos-del-irpf-para-actividades-agrarias","status":"publish","type":"post","link":"https:\/\/www.asajacyl.com\/avila\/servicios-socio\/publicadas-las-reducciones-de-mdulos-del-irpf-para-actividades-agrarias","title":{"rendered":"Publicadas las reducciones de m&#243;dulos del IRPF para actividades agrarias"},"content":{"rendered":"<h2>El Ministerio de Hacienda ha publicado la orden que contiene las reducciones de los &#237;ndices de rendimiento neto aplicables en 2015 por las actividades agr&#237;colas y ganaderas afectadas por circunstancias excepcionales, y que benefician a doce municipios de &#193;vila.<\/h2>\n<div class=\"descripcion span99 pbottom4\" itemprop=\"articleBody\">\n<p>\nEn la <em>provincia de &#193;vila<\/em>, Hacienda aplica reducciones especiales en 12 municipios de La <strong>Mora&#241;a y el Valle Ambl&#233;s<\/strong>. <strong>En Fuente El Sauz, Madrigal, Mingorr&#237;a y Mu&#241;ogalindo <\/strong>se establece un &#237;ndice neto de rendimiento del 0,13 para el cereal y la leguminosa (normalmente, del 0,26) y para las oelaginosas, el &#237;ndice es del 0,16 (normalmente, del 0,32).<\/p>\n<p>\n<br \/>\nEn <strong>Aldeaseca, Blascosancho, Cabezas del Pozo, Langa. Mamblas, Mancera de Arriba, Padiernos y Pajares de Adaja<\/strong>, se aplica un &#237;ndice de, 0,18 para cereal y leguminosa, y del 0,22 para oleaginosas. Tambi&#233;n se contempla una bonificaci&#243;n fiscal para el cerezo de El Arenal, que pasa del 0,37 al 0,19.&#160;&#160; &#160;<\/p>\n<p>\n<br \/>\nCon car&#225;cter general, en todas las provincias se han reducido los m&#243;dulos de apicultura (0,18), bovino de leche (0,16), bovino de carne extensivo (0,09), bovino de cr&#237;a extensivo (0,18), cunicultura (0,07), frutos c&#237;tricos (0,22), productos del olivo (0,22), productos hort&#237;colas: tomate (0,22), ovino y caprino de carne extensivo (0,09), ovino y caprino de leche extensivo (0,18), porcino de carne extensivo (0,09) y porcino de cr&#237;a extensivo (0,18).<\/p>\n<p>\n<br \/>\nAdem&#225;s, como consecuencia del elevado impacto que tuvo la sequ&#237;a en el consumo de piensos durante el per&#237;odo impositivo 2015, se reduce el &#237;ndice corrector por piensos adquiridos a terceros aplicable a las actividades.<\/p>\n<\/div>\n","protected":false},"excerpt":{"rendered":"<p>El Ministerio de Hacienda ha publicado la orden que contiene las reducciones de los &#237;ndices de rendimiento neto aplicables en 2015 por las actividades agr&#237;colas y ganaderas afectadas por circunstancias excepcionales, y que benefician a doce municipios de &#193;vila.<\/p>\n","protected":false},"author":3,"featured_media":794,"comment_status":"open","ping_status":"open","sticky":false,"template":"","format":"standard","meta":{"footnotes":""},"categories":[24,9],"tags":[],"yoast_head":"<!-- This site is optimized with the Yoast SEO plugin v24.5 - https:\/\/yoast.com\/wordpress\/plugins\/seo\/ -->\n<title>Publicadas las reducciones de m&#243;dulos del IRPF para actividades agrarias - ASAJA \u00c1vila<\/title>\n<meta name=\"description\" content=\"El Ministerio de Hacienda ha publicado la orden que contiene las reducciones de los &#237;ndices de rendimiento neto aplicables en 2015 por las actividades agr&#237;colas y ganaderas afectadas por circunstancias excepcionales, y que benefician a doce municipios de &#193;vila.\" \/>\n<meta name=\"robots\" content=\"index, follow, max-snippet:-1, max-image-preview:large, max-video-preview:-1\" \/>\n<link rel=\"canonical\" href=\"https:\/\/www.asajacyl.com\/avila\/servicios-socio\/publicadas-las-reducciones-de-mdulos-del-irpf-para-actividades-agrarias\" \/>\n<meta property=\"og:locale\" content=\"es_ES\" \/>\n<meta property=\"og:type\" content=\"article\" \/>\n<meta property=\"og:title\" content=\"Publicadas las reducciones de m&#243;dulos del IRPF para actividades agrarias - ASAJA \u00c1vila\" \/>\n<meta property=\"og:description\" content=\"El Ministerio de Hacienda ha publicado la orden que contiene las reducciones de los &#237;ndices de rendimiento neto aplicables en 2015 por las actividades agr&#237;colas y ganaderas afectadas por circunstancias excepcionales, y que benefician a doce municipios de &#193;vila.\" \/>\n<meta property=\"og:url\" content=\"https:\/\/www.asajacyl.com\/avila\/servicios-socio\/publicadas-las-reducciones-de-mdulos-del-irpf-para-actividades-agrarias\" \/>\n<meta property=\"og:site_name\" content=\"ASAJA \u00c1vila\" \/>\n<meta property=\"article:published_time\" content=\"2016-05-05T22:00:00+00:00\" \/>\n<meta property=\"og:image\" content=\"https:\/\/www.asajacyl.com\/avila\/wp-content\/uploads\/sites\/4\/2017\/11\/im_predefinida_1920x1080.jpg\" \/>\n\t<meta property=\"og:image:width\" content=\"1920\" \/>\n\t<meta property=\"og:image:height\" content=\"1080\" \/>\n\t<meta property=\"og:image:type\" content=\"image\/jpeg\" \/>\n<meta name=\"author\" content=\"Editor\" \/>\n<meta name=\"twitter:card\" content=\"summary_large_image\" \/>\n<meta name=\"twitter:label1\" content=\"Escrito por\" \/>\n\t<meta name=\"twitter:data1\" content=\"Editor\" \/>\n\t<meta name=\"twitter:label2\" content=\"Tiempo de lectura\" \/>\n\t<meta name=\"twitter:data2\" content=\"1 minuto\" \/>\n<script type=\"application\/ld+json\" class=\"yoast-schema-graph\">{\"@context\":\"https:\/\/schema.org\",\"@graph\":[{\"@type\":\"WebPage\",\"@id\":\"https:\/\/www.asajacyl.com\/avila\/servicios-socio\/publicadas-las-reducciones-de-mdulos-del-irpf-para-actividades-agrarias\",\"url\":\"https:\/\/www.asajacyl.com\/avila\/servicios-socio\/publicadas-las-reducciones-de-mdulos-del-irpf-para-actividades-agrarias\",\"name\":\"Publicadas las reducciones de m&#243;dulos del IRPF para actividades agrarias - ASAJA \u00c1vila\",\"isPartOf\":{\"@id\":\"https:\/\/www.asajacyl.com\/avila\/#website\"},\"primaryImageOfPage\":{\"@id\":\"https:\/\/www.asajacyl.com\/avila\/servicios-socio\/publicadas-las-reducciones-de-mdulos-del-irpf-para-actividades-agrarias#primaryimage\"},\"image\":{\"@id\":\"https:\/\/www.asajacyl.com\/avila\/servicios-socio\/publicadas-las-reducciones-de-mdulos-del-irpf-para-actividades-agrarias#primaryimage\"},\"thumbnailUrl\":\"https:\/\/www.asajacyl.com\/avila\/wp-content\/uploads\/sites\/4\/2017\/11\/im_predefinida_1920x1080.jpg\",\"datePublished\":\"2016-05-05T22:00:00+00:00\",\"author\":{\"@id\":\"https:\/\/www.asajacyl.com\/avila\/#\/schema\/person\/7e884476cee132331142e8ac9689f20c\"},\"description\":\"El Ministerio de Hacienda ha publicado la orden que contiene las reducciones de los &#237;ndices de rendimiento neto aplicables en 2015 por las actividades agr&#237;colas y ganaderas afectadas por circunstancias excepcionales, y que benefician a doce municipios de &#193;vila.\",\"breadcrumb\":{\"@id\":\"https:\/\/www.asajacyl.com\/avila\/servicios-socio\/publicadas-las-reducciones-de-mdulos-del-irpf-para-actividades-agrarias#breadcrumb\"},\"inLanguage\":\"es\",\"potentialAction\":[{\"@type\":\"ReadAction\",\"target\":[\"https:\/\/www.asajacyl.com\/avila\/servicios-socio\/publicadas-las-reducciones-de-mdulos-del-irpf-para-actividades-agrarias\"]}]},{\"@type\":\"ImageObject\",\"inLanguage\":\"es\",\"@id\":\"https:\/\/www.asajacyl.com\/avila\/servicios-socio\/publicadas-las-reducciones-de-mdulos-del-irpf-para-actividades-agrarias#primaryimage\",\"url\":\"https:\/\/www.asajacyl.com\/avila\/wp-content\/uploads\/sites\/4\/2017\/11\/im_predefinida_1920x1080.jpg\",\"contentUrl\":\"https:\/\/www.asajacyl.com\/avila\/wp-content\/uploads\/sites\/4\/2017\/11\/im_predefinida_1920x1080.jpg\",\"width\":1920,\"height\":1080,\"caption\":\"Logotipo ASAJA \u00c1vila\"},{\"@type\":\"BreadcrumbList\",\"@id\":\"https:\/\/www.asajacyl.com\/avila\/servicios-socio\/publicadas-las-reducciones-de-mdulos-del-irpf-para-actividades-agrarias#breadcrumb\",\"itemListElement\":[{\"@type\":\"ListItem\",\"position\":1,\"name\":\"Portada\",\"item\":\"https:\/\/www.asajacyl.com\/avila\/\"},{\"@type\":\"ListItem\",\"position\":2,\"name\":\"Publicadas las reducciones de m&#243;dulos del IRPF para actividades agrarias\"}]},{\"@type\":\"WebSite\",\"@id\":\"https:\/\/www.asajacyl.com\/avila\/#website\",\"url\":\"https:\/\/www.asajacyl.com\/avila\/\",\"name\":\"ASAJA \u00c1vila\",\"description\":\"Otro sitio m\u00e1s de Provincias ASAJA Castilla y Le\u00f3n\",\"potentialAction\":[{\"@type\":\"SearchAction\",\"target\":{\"@type\":\"EntryPoint\",\"urlTemplate\":\"https:\/\/www.asajacyl.com\/avila\/?s={search_term_string}\"},\"query-input\":{\"@type\":\"PropertyValueSpecification\",\"valueRequired\":true,\"valueName\":\"search_term_string\"}}],\"inLanguage\":\"es\"},{\"@type\":\"Person\",\"@id\":\"https:\/\/www.asajacyl.com\/avila\/#\/schema\/person\/7e884476cee132331142e8ac9689f20c\",\"name\":\"Editor\",\"image\":{\"@type\":\"ImageObject\",\"inLanguage\":\"es\",\"@id\":\"https:\/\/www.asajacyl.com\/avila\/#\/schema\/person\/image\/\",\"url\":\"https:\/\/secure.gravatar.com\/avatar\/a2ef43c165669686cfcfb0e1ffa59869?s=96&d=mm&r=g\",\"contentUrl\":\"https:\/\/secure.gravatar.com\/avatar\/a2ef43c165669686cfcfb0e1ffa59869?s=96&d=mm&r=g\",\"caption\":\"Editor\"},\"url\":\"https:\/\/www.asajacyl.com\/avila\/author\/oscargg\"}]}<\/script>\n<!-- \/ Yoast SEO plugin. -->","yoast_head_json":{"title":"Publicadas las reducciones de m&#243;dulos del IRPF para actividades agrarias - ASAJA \u00c1vila","description":"El Ministerio de Hacienda ha publicado la orden que contiene las reducciones de los &#237;ndices de rendimiento neto aplicables en 2015 por las actividades agr&#237;colas y ganaderas afectadas por circunstancias excepcionales, y que benefician a doce municipios de &#193;vila.","robots":{"index":"index","follow":"follow","max-snippet":"max-snippet:-1","max-image-preview":"max-image-preview:large","max-video-preview":"max-video-preview:-1"},"canonical":"https:\/\/www.asajacyl.com\/avila\/servicios-socio\/publicadas-las-reducciones-de-mdulos-del-irpf-para-actividades-agrarias","og_locale":"es_ES","og_type":"article","og_title":"Publicadas las reducciones de m&#243;dulos del IRPF para actividades agrarias - ASAJA \u00c1vila","og_description":"El Ministerio de Hacienda ha publicado la orden que contiene las reducciones de los &#237;ndices de rendimiento neto aplicables en 2015 por las actividades agr&#237;colas y ganaderas afectadas por circunstancias excepcionales, y que benefician a doce municipios de &#193;vila.","og_url":"https:\/\/www.asajacyl.com\/avila\/servicios-socio\/publicadas-las-reducciones-de-mdulos-del-irpf-para-actividades-agrarias","og_site_name":"ASAJA \u00c1vila","article_published_time":"2016-05-05T22:00:00+00:00","og_image":[{"width":1920,"height":1080,"url":"https:\/\/www.asajacyl.com\/avila\/wp-content\/uploads\/sites\/4\/2017\/11\/im_predefinida_1920x1080.jpg","type":"image\/jpeg"}],"author":"Editor","twitter_card":"summary_large_image","twitter_misc":{"Escrito por":"Editor","Tiempo de lectura":"1 minuto"},"schema":{"@context":"https:\/\/schema.org","@graph":[{"@type":"WebPage","@id":"https:\/\/www.asajacyl.com\/avila\/servicios-socio\/publicadas-las-reducciones-de-mdulos-del-irpf-para-actividades-agrarias","url":"https:\/\/www.asajacyl.com\/avila\/servicios-socio\/publicadas-las-reducciones-de-mdulos-del-irpf-para-actividades-agrarias","name":"Publicadas las reducciones de m&#243;dulos del IRPF para actividades agrarias - ASAJA \u00c1vila","isPartOf":{"@id":"https:\/\/www.asajacyl.com\/avila\/#website"},"primaryImageOfPage":{"@id":"https:\/\/www.asajacyl.com\/avila\/servicios-socio\/publicadas-las-reducciones-de-mdulos-del-irpf-para-actividades-agrarias#primaryimage"},"image":{"@id":"https:\/\/www.asajacyl.com\/avila\/servicios-socio\/publicadas-las-reducciones-de-mdulos-del-irpf-para-actividades-agrarias#primaryimage"},"thumbnailUrl":"https:\/\/www.asajacyl.com\/avila\/wp-content\/uploads\/sites\/4\/2017\/11\/im_predefinida_1920x1080.jpg","datePublished":"2016-05-05T22:00:00+00:00","author":{"@id":"https:\/\/www.asajacyl.com\/avila\/#\/schema\/person\/7e884476cee132331142e8ac9689f20c"},"description":"El Ministerio de Hacienda ha publicado la orden que contiene las reducciones de los &#237;ndices de rendimiento neto aplicables en 2015 por las actividades agr&#237;colas y ganaderas afectadas por circunstancias excepcionales, y que benefician a doce municipios de &#193;vila.","breadcrumb":{"@id":"https:\/\/www.asajacyl.com\/avila\/servicios-socio\/publicadas-las-reducciones-de-mdulos-del-irpf-para-actividades-agrarias#breadcrumb"},"inLanguage":"es","potentialAction":[{"@type":"ReadAction","target":["https:\/\/www.asajacyl.com\/avila\/servicios-socio\/publicadas-las-reducciones-de-mdulos-del-irpf-para-actividades-agrarias"]}]},{"@type":"ImageObject","inLanguage":"es","@id":"https:\/\/www.asajacyl.com\/avila\/servicios-socio\/publicadas-las-reducciones-de-mdulos-del-irpf-para-actividades-agrarias#primaryimage","url":"https:\/\/www.asajacyl.com\/avila\/wp-content\/uploads\/sites\/4\/2017\/11\/im_predefinida_1920x1080.jpg","contentUrl":"https:\/\/www.asajacyl.com\/avila\/wp-content\/uploads\/sites\/4\/2017\/11\/im_predefinida_1920x1080.jpg","width":1920,"height":1080,"caption":"Logotipo ASAJA \u00c1vila"},{"@type":"BreadcrumbList","@id":"https:\/\/www.asajacyl.com\/avila\/servicios-socio\/publicadas-las-reducciones-de-mdulos-del-irpf-para-actividades-agrarias#breadcrumb","itemListElement":[{"@type":"ListItem","position":1,"name":"Portada","item":"https:\/\/www.asajacyl.com\/avila\/"},{"@type":"ListItem","position":2,"name":"Publicadas las reducciones de m&#243;dulos del IRPF para actividades agrarias"}]},{"@type":"WebSite","@id":"https:\/\/www.asajacyl.com\/avila\/#website","url":"https:\/\/www.asajacyl.com\/avila\/","name":"ASAJA \u00c1vila","description":"Otro sitio m\u00e1s de Provincias ASAJA Castilla y Le\u00f3n","potentialAction":[{"@type":"SearchAction","target":{"@type":"EntryPoint","urlTemplate":"https:\/\/www.asajacyl.com\/avila\/?s={search_term_string}"},"query-input":{"@type":"PropertyValueSpecification","valueRequired":true,"valueName":"search_term_string"}}],"inLanguage":"es"},{"@type":"Person","@id":"https:\/\/www.asajacyl.com\/avila\/#\/schema\/person\/7e884476cee132331142e8ac9689f20c","name":"Editor","image":{"@type":"ImageObject","inLanguage":"es","@id":"https:\/\/www.asajacyl.com\/avila\/#\/schema\/person\/image\/","url":"https:\/\/secure.gravatar.com\/avatar\/a2ef43c165669686cfcfb0e1ffa59869?s=96&d=mm&r=g","contentUrl":"https:\/\/secure.gravatar.com\/avatar\/a2ef43c165669686cfcfb0e1ffa59869?s=96&d=mm&r=g","caption":"Editor"},"url":"https:\/\/www.asajacyl.com\/avila\/author\/oscargg"}]}},"_links":{"self":[{"href":"https:\/\/www.asajacyl.com\/avila\/wp-json\/wp\/v2\/posts\/2385"}],"collection":[{"href":"https:\/\/www.asajacyl.com\/avila\/wp-json\/wp\/v2\/posts"}],"about":[{"href":"https:\/\/www.asajacyl.com\/avila\/wp-json\/wp\/v2\/types\/post"}],"author":[{"embeddable":true,"href":"https:\/\/www.asajacyl.com\/avila\/wp-json\/wp\/v2\/users\/3"}],"replies":[{"embeddable":true,"href":"https:\/\/www.asajacyl.com\/avila\/wp-json\/wp\/v2\/comments?post=2385"}],"version-history":[{"count":0,"href":"https:\/\/www.asajacyl.com\/avila\/wp-json\/wp\/v2\/posts\/2385\/revisions"}],"wp:featuredmedia":[{"embeddable":true,"href":"https:\/\/www.asajacyl.com\/avila\/wp-json\/wp\/v2\/media\/794"}],"wp:attachment":[{"href":"https:\/\/www.asajacyl.com\/avila\/wp-json\/wp\/v2\/media?parent=2385"}],"wp:term":[{"taxonomy":"category","embeddable":true,"href":"https:\/\/www.asajacyl.com\/avila\/wp-json\/wp\/v2\/categories?post=2385"},{"taxonomy":"post_tag","embeddable":true,"href":"https:\/\/www.asajacyl.com\/avila\/wp-json\/wp\/v2\/tags?post=2385"}],"curies":[{"name":"wp","href":"https:\/\/api.w.org\/{rel}","templated":true}]}}