{"id":2388,"date":"2016-04-07T00:00:00","date_gmt":"2016-04-06T22:00:00","guid":{"rendered":"http:\/\/www.asajacyl.com\/avila\/sin-categoria\/la-jcyl-subvencionar-actuaciones-de-mejora-de-eficiencia-energtica"},"modified":"2016-04-07T00:00:00","modified_gmt":"2016-04-06T22:00:00","slug":"la-jcyl-subvencionar-actuaciones-de-mejora-de-eficiencia-energtica","status":"publish","type":"post","link":"https:\/\/www.asajacyl.com\/avila\/servicios-socio\/la-jcyl-subvencionar-actuaciones-de-mejora-de-eficiencia-energtica","title":{"rendered":"La JCyL subvencionar&#225; actuaciones de mejora de eficiencia energ&#233;tica"},"content":{"rendered":"<h2>El Bolet&#237;n Oficial de Castilla y Le&#243;n ha publicado las bases reguladoras de las subvenciones dirigidas a mejorar la eficiencia energ&#233;tica del sector empresarial en la Comunidad, incluyendo agricultores y ganaderos a t&#237;tulo principal.<\/h2>\n<p>\nEl Bolet&#237;n Oficial de Castilla y Le&#243;n ha publicado las <a href=\"http:\/\/bocyl.jcyl.es\/boletines\/2016\/04\/07\/pdf\/BOCYL-D-07042016-2.pdf\">bases reguladoras de las subvenciones <\/a>dirigidas a mejorar la eficiencia energ&#233;tica del sector empresarial en la Comunidad, incluyendo agricultores y ganaderos a t&#237;tulo principal. &#160;<\/p>\n<p>\nEntre los beneficiarios figuran los aut&#243;nomos, agricultores y ganaderos a t&#237;tulo principal, que no tengan la condici&#243;n de sociedades de cualquier tipo o cooperativas.<\/p>\n<p>\nEn el programa 1, mejora de la eficiencia energ&#233;tica en el sector industrial productivo de Castilla y Le&#243;n, se subvenciona:<\/p>\n<ul>\n<li>\nSustituci&#243;n de equipos consumidores de energ&#237;a por otros que generen un ahorro energ&#233;tico o mejoren la eficiencia energ&#233;tica.<\/li>\n<li>\nSustituci&#243;n y\/o instalaci&#243;n de sistemas de control de variables energ&#233;ticas.<\/li>\n<li>\nInstalaci&#243;n de recuperadores de efluentes t&#233;rmicos.<\/li>\n<li>\nImplantaci&#243;n de sistemas de gesti&#243;n energ&#233;tica.<\/li>\n<\/ul>\n<p>\nLa cuant&#237;a de subvenci&#243;n no superar&#225; el 30% del coste elegible subvencionable, ni ser&#225; inferior a un 15% sobre dicho coste.<\/p>\n<p>\nSe trata de unas ayudas cofinanciables por el Fondo Europeo de Desarrollo Regional.<\/p>\n<p>\n&#160;<\/p>\n","protected":false},"excerpt":{"rendered":"<p>El Bolet&#237;n Oficial de Castilla y Le&#243;n ha publicado las bases reguladoras de las subvenciones dirigidas a mejorar la eficiencia energ&#233;tica del sector empresarial en la Comunidad, incluyendo agricultores y ganaderos a t&#237;tulo principal.<\/p>\n","protected":false},"author":3,"featured_media":794,"comment_status":"open","ping_status":"open","sticky":false,"template":"","format":"standard","meta":{"footnotes":""},"categories":[24,9],"tags":[],"yoast_head":"<!-- This site is optimized with the Yoast SEO plugin v24.5 - https:\/\/yoast.com\/wordpress\/plugins\/seo\/ -->\n<title>La JCyL subvencionar&#225; actuaciones de mejora de eficiencia energ&#233;tica - ASAJA \u00c1vila<\/title>\n<meta name=\"description\" content=\"El Bolet&#237;n Oficial de Castilla y Le&#243;n ha publicado las bases reguladoras de las subvenciones dirigidas a mejorar la eficiencia energ&#233;tica del sector empresarial en la Comunidad, incluyendo agricultores y ganaderos a t&#237;tulo principal.\" \/>\n<meta name=\"robots\" content=\"index, follow, max-snippet:-1, max-image-preview:large, max-video-preview:-1\" \/>\n<link rel=\"canonical\" href=\"https:\/\/www.asajacyl.com\/avila\/servicios-socio\/la-jcyl-subvencionar-actuaciones-de-mejora-de-eficiencia-energtica\" \/>\n<meta property=\"og:locale\" content=\"es_ES\" \/>\n<meta property=\"og:type\" content=\"article\" \/>\n<meta property=\"og:title\" content=\"La JCyL subvencionar&#225; actuaciones de mejora de eficiencia energ&#233;tica - ASAJA \u00c1vila\" \/>\n<meta property=\"og:description\" content=\"El Bolet&#237;n Oficial de Castilla y Le&#243;n ha publicado las bases reguladoras de las subvenciones dirigidas a mejorar la eficiencia energ&#233;tica del sector empresarial en la Comunidad, incluyendo agricultores y ganaderos a t&#237;tulo principal.\" \/>\n<meta property=\"og:url\" content=\"https:\/\/www.asajacyl.com\/avila\/servicios-socio\/la-jcyl-subvencionar-actuaciones-de-mejora-de-eficiencia-energtica\" \/>\n<meta property=\"og:site_name\" content=\"ASAJA \u00c1vila\" \/>\n<meta property=\"article:published_time\" content=\"2016-04-06T22:00:00+00:00\" \/>\n<meta property=\"og:image\" content=\"https:\/\/www.asajacyl.com\/avila\/wp-content\/uploads\/sites\/4\/2017\/11\/im_predefinida_1920x1080.jpg\" \/>\n\t<meta property=\"og:image:width\" content=\"1920\" \/>\n\t<meta property=\"og:image:height\" content=\"1080\" \/>\n\t<meta property=\"og:image:type\" content=\"image\/jpeg\" \/>\n<meta name=\"author\" content=\"Editor\" \/>\n<meta name=\"twitter:card\" content=\"summary_large_image\" \/>\n<meta name=\"twitter:label1\" content=\"Escrito por\" \/>\n\t<meta name=\"twitter:data1\" content=\"Editor\" \/>\n\t<meta name=\"twitter:label2\" content=\"Tiempo de lectura\" \/>\n\t<meta name=\"twitter:data2\" content=\"1 minuto\" \/>\n<script type=\"application\/ld+json\" class=\"yoast-schema-graph\">{\"@context\":\"https:\/\/schema.org\",\"@graph\":[{\"@type\":\"WebPage\",\"@id\":\"https:\/\/www.asajacyl.com\/avila\/servicios-socio\/la-jcyl-subvencionar-actuaciones-de-mejora-de-eficiencia-energtica\",\"url\":\"https:\/\/www.asajacyl.com\/avila\/servicios-socio\/la-jcyl-subvencionar-actuaciones-de-mejora-de-eficiencia-energtica\",\"name\":\"La JCyL subvencionar&#225; actuaciones de mejora de eficiencia energ&#233;tica - ASAJA \u00c1vila\",\"isPartOf\":{\"@id\":\"https:\/\/www.asajacyl.com\/avila\/#website\"},\"primaryImageOfPage\":{\"@id\":\"https:\/\/www.asajacyl.com\/avila\/servicios-socio\/la-jcyl-subvencionar-actuaciones-de-mejora-de-eficiencia-energtica#primaryimage\"},\"image\":{\"@id\":\"https:\/\/www.asajacyl.com\/avila\/servicios-socio\/la-jcyl-subvencionar-actuaciones-de-mejora-de-eficiencia-energtica#primaryimage\"},\"thumbnailUrl\":\"https:\/\/www.asajacyl.com\/avila\/wp-content\/uploads\/sites\/4\/2017\/11\/im_predefinida_1920x1080.jpg\",\"datePublished\":\"2016-04-06T22:00:00+00:00\",\"author\":{\"@id\":\"https:\/\/www.asajacyl.com\/avila\/#\/schema\/person\/7e884476cee132331142e8ac9689f20c\"},\"description\":\"El Bolet&#237;n Oficial de Castilla y Le&#243;n ha publicado las bases reguladoras de las subvenciones dirigidas a mejorar la eficiencia energ&#233;tica del sector empresarial en la Comunidad, incluyendo agricultores y ganaderos a t&#237;tulo principal.\",\"breadcrumb\":{\"@id\":\"https:\/\/www.asajacyl.com\/avila\/servicios-socio\/la-jcyl-subvencionar-actuaciones-de-mejora-de-eficiencia-energtica#breadcrumb\"},\"inLanguage\":\"es\",\"potentialAction\":[{\"@type\":\"ReadAction\",\"target\":[\"https:\/\/www.asajacyl.com\/avila\/servicios-socio\/la-jcyl-subvencionar-actuaciones-de-mejora-de-eficiencia-energtica\"]}]},{\"@type\":\"ImageObject\",\"inLanguage\":\"es\",\"@id\":\"https:\/\/www.asajacyl.com\/avila\/servicios-socio\/la-jcyl-subvencionar-actuaciones-de-mejora-de-eficiencia-energtica#primaryimage\",\"url\":\"https:\/\/www.asajacyl.com\/avila\/wp-content\/uploads\/sites\/4\/2017\/11\/im_predefinida_1920x1080.jpg\",\"contentUrl\":\"https:\/\/www.asajacyl.com\/avila\/wp-content\/uploads\/sites\/4\/2017\/11\/im_predefinida_1920x1080.jpg\",\"width\":1920,\"height\":1080,\"caption\":\"Logotipo ASAJA \u00c1vila\"},{\"@type\":\"BreadcrumbList\",\"@id\":\"https:\/\/www.asajacyl.com\/avila\/servicios-socio\/la-jcyl-subvencionar-actuaciones-de-mejora-de-eficiencia-energtica#breadcrumb\",\"itemListElement\":[{\"@type\":\"ListItem\",\"position\":1,\"name\":\"Portada\",\"item\":\"https:\/\/www.asajacyl.com\/avila\/\"},{\"@type\":\"ListItem\",\"position\":2,\"name\":\"La JCyL subvencionar&#225; actuaciones de mejora de eficiencia energ&#233;tica\"}]},{\"@type\":\"WebSite\",\"@id\":\"https:\/\/www.asajacyl.com\/avila\/#website\",\"url\":\"https:\/\/www.asajacyl.com\/avila\/\",\"name\":\"ASAJA \u00c1vila\",\"description\":\"Otro sitio m\u00e1s de Provincias ASAJA Castilla y Le\u00f3n\",\"potentialAction\":[{\"@type\":\"SearchAction\",\"target\":{\"@type\":\"EntryPoint\",\"urlTemplate\":\"https:\/\/www.asajacyl.com\/avila\/?s={search_term_string}\"},\"query-input\":{\"@type\":\"PropertyValueSpecification\",\"valueRequired\":true,\"valueName\":\"search_term_string\"}}],\"inLanguage\":\"es\"},{\"@type\":\"Person\",\"@id\":\"https:\/\/www.asajacyl.com\/avila\/#\/schema\/person\/7e884476cee132331142e8ac9689f20c\",\"name\":\"Editor\",\"image\":{\"@type\":\"ImageObject\",\"inLanguage\":\"es\",\"@id\":\"https:\/\/www.asajacyl.com\/avila\/#\/schema\/person\/image\/\",\"url\":\"https:\/\/secure.gravatar.com\/avatar\/a2ef43c165669686cfcfb0e1ffa59869?s=96&d=mm&r=g\",\"contentUrl\":\"https:\/\/secure.gravatar.com\/avatar\/a2ef43c165669686cfcfb0e1ffa59869?s=96&d=mm&r=g\",\"caption\":\"Editor\"},\"url\":\"https:\/\/www.asajacyl.com\/avila\/author\/oscargg\"}]}<\/script>\n<!-- \/ Yoast SEO plugin. -->","yoast_head_json":{"title":"La JCyL subvencionar&#225; actuaciones de mejora de eficiencia energ&#233;tica - ASAJA \u00c1vila","description":"El Bolet&#237;n Oficial de Castilla y Le&#243;n ha publicado las bases reguladoras de las subvenciones dirigidas a mejorar la eficiencia energ&#233;tica del sector empresarial en la Comunidad, incluyendo agricultores y ganaderos a t&#237;tulo principal.","robots":{"index":"index","follow":"follow","max-snippet":"max-snippet:-1","max-image-preview":"max-image-preview:large","max-video-preview":"max-video-preview:-1"},"canonical":"https:\/\/www.asajacyl.com\/avila\/servicios-socio\/la-jcyl-subvencionar-actuaciones-de-mejora-de-eficiencia-energtica","og_locale":"es_ES","og_type":"article","og_title":"La JCyL subvencionar&#225; actuaciones de mejora de eficiencia energ&#233;tica - ASAJA \u00c1vila","og_description":"El Bolet&#237;n Oficial de Castilla y Le&#243;n ha publicado las bases reguladoras de las subvenciones dirigidas a mejorar la eficiencia energ&#233;tica del sector empresarial en la Comunidad, incluyendo agricultores y ganaderos a t&#237;tulo principal.","og_url":"https:\/\/www.asajacyl.com\/avila\/servicios-socio\/la-jcyl-subvencionar-actuaciones-de-mejora-de-eficiencia-energtica","og_site_name":"ASAJA \u00c1vila","article_published_time":"2016-04-06T22:00:00+00:00","og_image":[{"width":1920,"height":1080,"url":"https:\/\/www.asajacyl.com\/avila\/wp-content\/uploads\/sites\/4\/2017\/11\/im_predefinida_1920x1080.jpg","type":"image\/jpeg"}],"author":"Editor","twitter_card":"summary_large_image","twitter_misc":{"Escrito por":"Editor","Tiempo de lectura":"1 minuto"},"schema":{"@context":"https:\/\/schema.org","@graph":[{"@type":"WebPage","@id":"https:\/\/www.asajacyl.com\/avila\/servicios-socio\/la-jcyl-subvencionar-actuaciones-de-mejora-de-eficiencia-energtica","url":"https:\/\/www.asajacyl.com\/avila\/servicios-socio\/la-jcyl-subvencionar-actuaciones-de-mejora-de-eficiencia-energtica","name":"La JCyL subvencionar&#225; actuaciones de mejora de eficiencia energ&#233;tica - ASAJA \u00c1vila","isPartOf":{"@id":"https:\/\/www.asajacyl.com\/avila\/#website"},"primaryImageOfPage":{"@id":"https:\/\/www.asajacyl.com\/avila\/servicios-socio\/la-jcyl-subvencionar-actuaciones-de-mejora-de-eficiencia-energtica#primaryimage"},"image":{"@id":"https:\/\/www.asajacyl.com\/avila\/servicios-socio\/la-jcyl-subvencionar-actuaciones-de-mejora-de-eficiencia-energtica#primaryimage"},"thumbnailUrl":"https:\/\/www.asajacyl.com\/avila\/wp-content\/uploads\/sites\/4\/2017\/11\/im_predefinida_1920x1080.jpg","datePublished":"2016-04-06T22:00:00+00:00","author":{"@id":"https:\/\/www.asajacyl.com\/avila\/#\/schema\/person\/7e884476cee132331142e8ac9689f20c"},"description":"El Bolet&#237;n Oficial de Castilla y Le&#243;n ha publicado las bases reguladoras de las subvenciones dirigidas a mejorar la eficiencia energ&#233;tica del sector empresarial en la Comunidad, incluyendo agricultores y ganaderos a t&#237;tulo principal.","breadcrumb":{"@id":"https:\/\/www.asajacyl.com\/avila\/servicios-socio\/la-jcyl-subvencionar-actuaciones-de-mejora-de-eficiencia-energtica#breadcrumb"},"inLanguage":"es","potentialAction":[{"@type":"ReadAction","target":["https:\/\/www.asajacyl.com\/avila\/servicios-socio\/la-jcyl-subvencionar-actuaciones-de-mejora-de-eficiencia-energtica"]}]},{"@type":"ImageObject","inLanguage":"es","@id":"https:\/\/www.asajacyl.com\/avila\/servicios-socio\/la-jcyl-subvencionar-actuaciones-de-mejora-de-eficiencia-energtica#primaryimage","url":"https:\/\/www.asajacyl.com\/avila\/wp-content\/uploads\/sites\/4\/2017\/11\/im_predefinida_1920x1080.jpg","contentUrl":"https:\/\/www.asajacyl.com\/avila\/wp-content\/uploads\/sites\/4\/2017\/11\/im_predefinida_1920x1080.jpg","width":1920,"height":1080,"caption":"Logotipo ASAJA \u00c1vila"},{"@type":"BreadcrumbList","@id":"https:\/\/www.asajacyl.com\/avila\/servicios-socio\/la-jcyl-subvencionar-actuaciones-de-mejora-de-eficiencia-energtica#breadcrumb","itemListElement":[{"@type":"ListItem","position":1,"name":"Portada","item":"https:\/\/www.asajacyl.com\/avila\/"},{"@type":"ListItem","position":2,"name":"La JCyL subvencionar&#225; actuaciones de mejora de eficiencia energ&#233;tica"}]},{"@type":"WebSite","@id":"https:\/\/www.asajacyl.com\/avila\/#website","url":"https:\/\/www.asajacyl.com\/avila\/","name":"ASAJA \u00c1vila","description":"Otro sitio m\u00e1s de Provincias ASAJA Castilla y Le\u00f3n","potentialAction":[{"@type":"SearchAction","target":{"@type":"EntryPoint","urlTemplate":"https:\/\/www.asajacyl.com\/avila\/?s={search_term_string}"},"query-input":{"@type":"PropertyValueSpecification","valueRequired":true,"valueName":"search_term_string"}}],"inLanguage":"es"},{"@type":"Person","@id":"https:\/\/www.asajacyl.com\/avila\/#\/schema\/person\/7e884476cee132331142e8ac9689f20c","name":"Editor","image":{"@type":"ImageObject","inLanguage":"es","@id":"https:\/\/www.asajacyl.com\/avila\/#\/schema\/person\/image\/","url":"https:\/\/secure.gravatar.com\/avatar\/a2ef43c165669686cfcfb0e1ffa59869?s=96&d=mm&r=g","contentUrl":"https:\/\/secure.gravatar.com\/avatar\/a2ef43c165669686cfcfb0e1ffa59869?s=96&d=mm&r=g","caption":"Editor"},"url":"https:\/\/www.asajacyl.com\/avila\/author\/oscargg"}]}},"_links":{"self":[{"href":"https:\/\/www.asajacyl.com\/avila\/wp-json\/wp\/v2\/posts\/2388"}],"collection":[{"href":"https:\/\/www.asajacyl.com\/avila\/wp-json\/wp\/v2\/posts"}],"about":[{"href":"https:\/\/www.asajacyl.com\/avila\/wp-json\/wp\/v2\/types\/post"}],"author":[{"embeddable":true,"href":"https:\/\/www.asajacyl.com\/avila\/wp-json\/wp\/v2\/users\/3"}],"replies":[{"embeddable":true,"href":"https:\/\/www.asajacyl.com\/avila\/wp-json\/wp\/v2\/comments?post=2388"}],"version-history":[{"count":0,"href":"https:\/\/www.asajacyl.com\/avila\/wp-json\/wp\/v2\/posts\/2388\/revisions"}],"wp:featuredmedia":[{"embeddable":true,"href":"https:\/\/www.asajacyl.com\/avila\/wp-json\/wp\/v2\/media\/794"}],"wp:attachment":[{"href":"https:\/\/www.asajacyl.com\/avila\/wp-json\/wp\/v2\/media?parent=2388"}],"wp:term":[{"taxonomy":"category","embeddable":true,"href":"https:\/\/www.asajacyl.com\/avila\/wp-json\/wp\/v2\/categories?post=2388"},{"taxonomy":"post_tag","embeddable":true,"href":"https:\/\/www.asajacyl.com\/avila\/wp-json\/wp\/v2\/tags?post=2388"}],"curies":[{"name":"wp","href":"https:\/\/api.w.org\/{rel}","templated":true}]}}