{"id":2390,"date":"2016-04-05T00:00:00","date_gmt":"2016-04-04T22:00:00","guid":{"rendered":"http:\/\/www.asajacyl.com\/avila\/sin-categoria\/nuevo-protocolo-de-lengua-azul-con-francia"},"modified":"2016-04-05T00:00:00","modified_gmt":"2016-04-04T22:00:00","slug":"nuevo-protocolo-de-lengua-azul-con-francia","status":"publish","type":"post","link":"https:\/\/www.asajacyl.com\/avila\/servicios-socio\/nuevo-protocolo-de-lengua-azul-con-francia","title":{"rendered":"Nuevo protocolo de lengua azul con Francia"},"content":{"rendered":"<h2>Espa&#241;a ha firmado un nuevo protocolo bilateral con Francia sobre la lengua azul para el movimiento de animales de las especies bovino, ovino y caprino destinados a cr&#237;a y engorde.Ha entrado en vigor el 1 de abril.<\/h2>\n<p>Espa&#241;a ha firmado un nuevo protocolo bilateral con Francia sobre la lengua azul para el movimiento de animales de las especies bovino, ovino y caprino destinados a cr&#237;a y engorde.Ha entrado en vigor el 1 de abril. <br \/>\nEste nuevo protocolo contiene las siguientes novedades:<\/p>\n<p>-Los animales mayores de 70 d&#237;as deben estar vacunados y adem&#225;s proceder de una explotaci&#243;n vacunada, o bien con 14 d&#237;as de protecci&#243;n del ataque de vectores +PCR negativa.<\/p>\n<p>-Los animales menores de 70 d&#237;as deben proceder de madre vacunada y adem&#225;s de una explotaci&#243;n vacunada, o bien con 14 d&#237;as protegidos del ataque de vectores + PCR negativa.<\/p>\n<p>-En relaci&#243;n a la certificaci&#243;n que ampara el movimiento, los certificados de vacunaci&#243;n, resultados anal&#237;ticos, etc. deben adjuntarse como documento PDF en el sistema TRACES, tanto para animales de Francia a Espa&#241;a como viceversa. <\/p>\n<p>-Tambi&#233;n se ha acordado que en el caso de primovacunaciones s&#243;lo es necesario grabar la fecha en la que fue finalizada dicha vacunaci&#243;n, que es la fecha en la que se aplica la segunda dosis.<\/p>\n","protected":false},"excerpt":{"rendered":"<p>Espa&#241;a ha firmado un nuevo protocolo bilateral con Francia sobre la lengua azul para el movimiento de animales de las especies bovino, ovino y caprino destinados a cr&#237;a y engorde.Ha entrado en vigor el 1 de abril.<\/p>\n","protected":false},"author":3,"featured_media":794,"comment_status":"open","ping_status":"open","sticky":false,"template":"","format":"standard","meta":{"footnotes":""},"categories":[24,9],"tags":[],"yoast_head":"<!-- This site is optimized with the Yoast SEO plugin v24.5 - https:\/\/yoast.com\/wordpress\/plugins\/seo\/ -->\n<title>Nuevo protocolo de lengua azul con Francia - ASAJA \u00c1vila<\/title>\n<meta name=\"description\" content=\"Espa&#241;a ha firmado un nuevo protocolo bilateral con Francia sobre la lengua azul para el movimiento de animales de las especies bovino, ovino y caprino destinados a cr&#237;a y engorde.Ha entrado en vigor el 1 de abril.\" \/>\n<meta name=\"robots\" content=\"index, follow, max-snippet:-1, max-image-preview:large, max-video-preview:-1\" \/>\n<link rel=\"canonical\" href=\"https:\/\/www.asajacyl.com\/avila\/servicios-socio\/nuevo-protocolo-de-lengua-azul-con-francia\" \/>\n<meta property=\"og:locale\" content=\"es_ES\" \/>\n<meta property=\"og:type\" content=\"article\" \/>\n<meta property=\"og:title\" content=\"Nuevo protocolo de lengua azul con Francia - ASAJA \u00c1vila\" \/>\n<meta property=\"og:description\" content=\"Espa&#241;a ha firmado un nuevo protocolo bilateral con Francia sobre la lengua azul para el movimiento de animales de las especies bovino, ovino y caprino destinados a cr&#237;a y engorde.Ha entrado en vigor el 1 de abril.\" \/>\n<meta property=\"og:url\" content=\"https:\/\/www.asajacyl.com\/avila\/servicios-socio\/nuevo-protocolo-de-lengua-azul-con-francia\" \/>\n<meta property=\"og:site_name\" content=\"ASAJA \u00c1vila\" \/>\n<meta property=\"article:published_time\" content=\"2016-04-04T22:00:00+00:00\" \/>\n<meta property=\"og:image\" content=\"https:\/\/www.asajacyl.com\/avila\/wp-content\/uploads\/sites\/4\/2017\/11\/im_predefinida_1920x1080.jpg\" \/>\n\t<meta property=\"og:image:width\" content=\"1920\" \/>\n\t<meta property=\"og:image:height\" content=\"1080\" \/>\n\t<meta property=\"og:image:type\" content=\"image\/jpeg\" \/>\n<meta name=\"author\" content=\"Editor\" \/>\n<meta name=\"twitter:card\" content=\"summary_large_image\" \/>\n<meta name=\"twitter:label1\" content=\"Escrito por\" \/>\n\t<meta name=\"twitter:data1\" content=\"Editor\" \/>\n\t<meta name=\"twitter:label2\" content=\"Tiempo de lectura\" \/>\n\t<meta name=\"twitter:data2\" content=\"1 minuto\" \/>\n<script type=\"application\/ld+json\" class=\"yoast-schema-graph\">{\"@context\":\"https:\/\/schema.org\",\"@graph\":[{\"@type\":\"WebPage\",\"@id\":\"https:\/\/www.asajacyl.com\/avila\/servicios-socio\/nuevo-protocolo-de-lengua-azul-con-francia\",\"url\":\"https:\/\/www.asajacyl.com\/avila\/servicios-socio\/nuevo-protocolo-de-lengua-azul-con-francia\",\"name\":\"Nuevo protocolo de lengua azul con Francia - ASAJA \u00c1vila\",\"isPartOf\":{\"@id\":\"https:\/\/www.asajacyl.com\/avila\/#website\"},\"primaryImageOfPage\":{\"@id\":\"https:\/\/www.asajacyl.com\/avila\/servicios-socio\/nuevo-protocolo-de-lengua-azul-con-francia#primaryimage\"},\"image\":{\"@id\":\"https:\/\/www.asajacyl.com\/avila\/servicios-socio\/nuevo-protocolo-de-lengua-azul-con-francia#primaryimage\"},\"thumbnailUrl\":\"https:\/\/www.asajacyl.com\/avila\/wp-content\/uploads\/sites\/4\/2017\/11\/im_predefinida_1920x1080.jpg\",\"datePublished\":\"2016-04-04T22:00:00+00:00\",\"author\":{\"@id\":\"https:\/\/www.asajacyl.com\/avila\/#\/schema\/person\/7e884476cee132331142e8ac9689f20c\"},\"description\":\"Espa&#241;a ha firmado un nuevo protocolo bilateral con Francia sobre la lengua azul para el movimiento de animales de las especies bovino, ovino y caprino destinados a cr&#237;a y engorde.Ha entrado en vigor el 1 de abril.\",\"breadcrumb\":{\"@id\":\"https:\/\/www.asajacyl.com\/avila\/servicios-socio\/nuevo-protocolo-de-lengua-azul-con-francia#breadcrumb\"},\"inLanguage\":\"es\",\"potentialAction\":[{\"@type\":\"ReadAction\",\"target\":[\"https:\/\/www.asajacyl.com\/avila\/servicios-socio\/nuevo-protocolo-de-lengua-azul-con-francia\"]}]},{\"@type\":\"ImageObject\",\"inLanguage\":\"es\",\"@id\":\"https:\/\/www.asajacyl.com\/avila\/servicios-socio\/nuevo-protocolo-de-lengua-azul-con-francia#primaryimage\",\"url\":\"https:\/\/www.asajacyl.com\/avila\/wp-content\/uploads\/sites\/4\/2017\/11\/im_predefinida_1920x1080.jpg\",\"contentUrl\":\"https:\/\/www.asajacyl.com\/avila\/wp-content\/uploads\/sites\/4\/2017\/11\/im_predefinida_1920x1080.jpg\",\"width\":1920,\"height\":1080,\"caption\":\"Logotipo ASAJA \u00c1vila\"},{\"@type\":\"BreadcrumbList\",\"@id\":\"https:\/\/www.asajacyl.com\/avila\/servicios-socio\/nuevo-protocolo-de-lengua-azul-con-francia#breadcrumb\",\"itemListElement\":[{\"@type\":\"ListItem\",\"position\":1,\"name\":\"Portada\",\"item\":\"https:\/\/www.asajacyl.com\/avila\/\"},{\"@type\":\"ListItem\",\"position\":2,\"name\":\"Nuevo protocolo de lengua azul con Francia\"}]},{\"@type\":\"WebSite\",\"@id\":\"https:\/\/www.asajacyl.com\/avila\/#website\",\"url\":\"https:\/\/www.asajacyl.com\/avila\/\",\"name\":\"ASAJA \u00c1vila\",\"description\":\"Otro sitio m\u00e1s de Provincias ASAJA Castilla y Le\u00f3n\",\"potentialAction\":[{\"@type\":\"SearchAction\",\"target\":{\"@type\":\"EntryPoint\",\"urlTemplate\":\"https:\/\/www.asajacyl.com\/avila\/?s={search_term_string}\"},\"query-input\":{\"@type\":\"PropertyValueSpecification\",\"valueRequired\":true,\"valueName\":\"search_term_string\"}}],\"inLanguage\":\"es\"},{\"@type\":\"Person\",\"@id\":\"https:\/\/www.asajacyl.com\/avila\/#\/schema\/person\/7e884476cee132331142e8ac9689f20c\",\"name\":\"Editor\",\"image\":{\"@type\":\"ImageObject\",\"inLanguage\":\"es\",\"@id\":\"https:\/\/www.asajacyl.com\/avila\/#\/schema\/person\/image\/\",\"url\":\"https:\/\/secure.gravatar.com\/avatar\/a2ef43c165669686cfcfb0e1ffa59869?s=96&d=mm&r=g\",\"contentUrl\":\"https:\/\/secure.gravatar.com\/avatar\/a2ef43c165669686cfcfb0e1ffa59869?s=96&d=mm&r=g\",\"caption\":\"Editor\"},\"url\":\"https:\/\/www.asajacyl.com\/avila\/author\/oscargg\"}]}<\/script>\n<!-- \/ Yoast SEO plugin. -->","yoast_head_json":{"title":"Nuevo protocolo de lengua azul con Francia - ASAJA \u00c1vila","description":"Espa&#241;a ha firmado un nuevo protocolo bilateral con Francia sobre la lengua azul para el movimiento de animales de las especies bovino, ovino y caprino destinados a cr&#237;a y engorde.Ha entrado en vigor el 1 de abril.","robots":{"index":"index","follow":"follow","max-snippet":"max-snippet:-1","max-image-preview":"max-image-preview:large","max-video-preview":"max-video-preview:-1"},"canonical":"https:\/\/www.asajacyl.com\/avila\/servicios-socio\/nuevo-protocolo-de-lengua-azul-con-francia","og_locale":"es_ES","og_type":"article","og_title":"Nuevo protocolo de lengua azul con Francia - ASAJA \u00c1vila","og_description":"Espa&#241;a ha firmado un nuevo protocolo bilateral con Francia sobre la lengua azul para el movimiento de animales de las especies bovino, ovino y caprino destinados a cr&#237;a y engorde.Ha entrado en vigor el 1 de abril.","og_url":"https:\/\/www.asajacyl.com\/avila\/servicios-socio\/nuevo-protocolo-de-lengua-azul-con-francia","og_site_name":"ASAJA \u00c1vila","article_published_time":"2016-04-04T22:00:00+00:00","og_image":[{"width":1920,"height":1080,"url":"https:\/\/www.asajacyl.com\/avila\/wp-content\/uploads\/sites\/4\/2017\/11\/im_predefinida_1920x1080.jpg","type":"image\/jpeg"}],"author":"Editor","twitter_card":"summary_large_image","twitter_misc":{"Escrito por":"Editor","Tiempo de lectura":"1 minuto"},"schema":{"@context":"https:\/\/schema.org","@graph":[{"@type":"WebPage","@id":"https:\/\/www.asajacyl.com\/avila\/servicios-socio\/nuevo-protocolo-de-lengua-azul-con-francia","url":"https:\/\/www.asajacyl.com\/avila\/servicios-socio\/nuevo-protocolo-de-lengua-azul-con-francia","name":"Nuevo protocolo de lengua azul con Francia - ASAJA \u00c1vila","isPartOf":{"@id":"https:\/\/www.asajacyl.com\/avila\/#website"},"primaryImageOfPage":{"@id":"https:\/\/www.asajacyl.com\/avila\/servicios-socio\/nuevo-protocolo-de-lengua-azul-con-francia#primaryimage"},"image":{"@id":"https:\/\/www.asajacyl.com\/avila\/servicios-socio\/nuevo-protocolo-de-lengua-azul-con-francia#primaryimage"},"thumbnailUrl":"https:\/\/www.asajacyl.com\/avila\/wp-content\/uploads\/sites\/4\/2017\/11\/im_predefinida_1920x1080.jpg","datePublished":"2016-04-04T22:00:00+00:00","author":{"@id":"https:\/\/www.asajacyl.com\/avila\/#\/schema\/person\/7e884476cee132331142e8ac9689f20c"},"description":"Espa&#241;a ha firmado un nuevo protocolo bilateral con Francia sobre la lengua azul para el movimiento de animales de las especies bovino, ovino y caprino destinados a cr&#237;a y engorde.Ha entrado en vigor el 1 de abril.","breadcrumb":{"@id":"https:\/\/www.asajacyl.com\/avila\/servicios-socio\/nuevo-protocolo-de-lengua-azul-con-francia#breadcrumb"},"inLanguage":"es","potentialAction":[{"@type":"ReadAction","target":["https:\/\/www.asajacyl.com\/avila\/servicios-socio\/nuevo-protocolo-de-lengua-azul-con-francia"]}]},{"@type":"ImageObject","inLanguage":"es","@id":"https:\/\/www.asajacyl.com\/avila\/servicios-socio\/nuevo-protocolo-de-lengua-azul-con-francia#primaryimage","url":"https:\/\/www.asajacyl.com\/avila\/wp-content\/uploads\/sites\/4\/2017\/11\/im_predefinida_1920x1080.jpg","contentUrl":"https:\/\/www.asajacyl.com\/avila\/wp-content\/uploads\/sites\/4\/2017\/11\/im_predefinida_1920x1080.jpg","width":1920,"height":1080,"caption":"Logotipo ASAJA \u00c1vila"},{"@type":"BreadcrumbList","@id":"https:\/\/www.asajacyl.com\/avila\/servicios-socio\/nuevo-protocolo-de-lengua-azul-con-francia#breadcrumb","itemListElement":[{"@type":"ListItem","position":1,"name":"Portada","item":"https:\/\/www.asajacyl.com\/avila\/"},{"@type":"ListItem","position":2,"name":"Nuevo protocolo de lengua azul con Francia"}]},{"@type":"WebSite","@id":"https:\/\/www.asajacyl.com\/avila\/#website","url":"https:\/\/www.asajacyl.com\/avila\/","name":"ASAJA \u00c1vila","description":"Otro sitio m\u00e1s de Provincias ASAJA Castilla y Le\u00f3n","potentialAction":[{"@type":"SearchAction","target":{"@type":"EntryPoint","urlTemplate":"https:\/\/www.asajacyl.com\/avila\/?s={search_term_string}"},"query-input":{"@type":"PropertyValueSpecification","valueRequired":true,"valueName":"search_term_string"}}],"inLanguage":"es"},{"@type":"Person","@id":"https:\/\/www.asajacyl.com\/avila\/#\/schema\/person\/7e884476cee132331142e8ac9689f20c","name":"Editor","image":{"@type":"ImageObject","inLanguage":"es","@id":"https:\/\/www.asajacyl.com\/avila\/#\/schema\/person\/image\/","url":"https:\/\/secure.gravatar.com\/avatar\/a2ef43c165669686cfcfb0e1ffa59869?s=96&d=mm&r=g","contentUrl":"https:\/\/secure.gravatar.com\/avatar\/a2ef43c165669686cfcfb0e1ffa59869?s=96&d=mm&r=g","caption":"Editor"},"url":"https:\/\/www.asajacyl.com\/avila\/author\/oscargg"}]}},"_links":{"self":[{"href":"https:\/\/www.asajacyl.com\/avila\/wp-json\/wp\/v2\/posts\/2390"}],"collection":[{"href":"https:\/\/www.asajacyl.com\/avila\/wp-json\/wp\/v2\/posts"}],"about":[{"href":"https:\/\/www.asajacyl.com\/avila\/wp-json\/wp\/v2\/types\/post"}],"author":[{"embeddable":true,"href":"https:\/\/www.asajacyl.com\/avila\/wp-json\/wp\/v2\/users\/3"}],"replies":[{"embeddable":true,"href":"https:\/\/www.asajacyl.com\/avila\/wp-json\/wp\/v2\/comments?post=2390"}],"version-history":[{"count":0,"href":"https:\/\/www.asajacyl.com\/avila\/wp-json\/wp\/v2\/posts\/2390\/revisions"}],"wp:featuredmedia":[{"embeddable":true,"href":"https:\/\/www.asajacyl.com\/avila\/wp-json\/wp\/v2\/media\/794"}],"wp:attachment":[{"href":"https:\/\/www.asajacyl.com\/avila\/wp-json\/wp\/v2\/media?parent=2390"}],"wp:term":[{"taxonomy":"category","embeddable":true,"href":"https:\/\/www.asajacyl.com\/avila\/wp-json\/wp\/v2\/categories?post=2390"},{"taxonomy":"post_tag","embeddable":true,"href":"https:\/\/www.asajacyl.com\/avila\/wp-json\/wp\/v2\/tags?post=2390"}],"curies":[{"name":"wp","href":"https:\/\/api.w.org\/{rel}","templated":true}]}}