{"id":2405,"date":"2016-02-29T00:00:00","date_gmt":"2016-02-28T23:00:00","guid":{"rendered":"http:\/\/www.asajacyl.com\/avila\/sin-categoria\/el-pib-agrcola-creci-el-19-el-ao-pasado"},"modified":"2016-02-29T00:00:00","modified_gmt":"2016-02-28T23:00:00","slug":"el-pib-agrcola-creci-el-19-el-ao-pasado","status":"publish","type":"post","link":"https:\/\/www.asajacyl.com\/avila\/servicios-socio\/el-pib-agrcola-creci-el-19-el-ao-pasado","title":{"rendered":"El PIB agr&#237;cola creci&#243; el 1,9 % el a&#241;o pasado"},"content":{"rendered":"<h2>La econom&#237;a espa&#241;ola generada por la actividad agr&#237;cola, ganadera, selv&#237;cola y pesquera creci&#243; un 1,9 % en 2015 respecto a 2014, y un 2,7 % en el &#250;ltimo trimestre del pasado ejercicio respecto al anterior.<\/h2>\n<p>La econom&#237;a espa&#241;ola generada por la actividad agr&#237;cola, ganadera, selv&#237;cola y pesquera creci&#243; un 1,9 % en 2015 respecto a 2014, y un 2,7 % en el &#250;ltimo trimestre del pasado ejercicio respecto al anterior.<\/p>\n<p>El Producto Interior Bruto (PIB) espa&#241;ol subi&#243; para el conjunto de actividades econ&#243;micas un 3,2 % en 2015 y el 0,8 % en el cuarto trimestre respecto al anterior, con una contribuci&#243;n similar de la demanda nacional y una aportaci&#243;n menos negativa de la demanda exterior. La tasa de crecimiento del PIB agr&#237;cola en el cuarto trimestre fue id&#233;ntica a la registrada en el tercer trimestre (2,7 %) y superior al 1 % del segundo trimestre y al -0,3 % del primer trimestre de 2015.<\/p>\n<p>\nFuente: Efeagro y Contabilidad Nacional Trimestral del Instituto Nacional de Estad&#237;stica (INE).<\/p>\n","protected":false},"excerpt":{"rendered":"<p>La econom&#237;a espa&#241;ola generada por la actividad agr&#237;cola, ganadera, selv&#237;cola y pesquera creci&#243; un 1,9 % en 2015 respecto a 2014, y un 2,7 % en el &#250;ltimo trimestre del pasado ejercicio respecto al anterior.<\/p>\n","protected":false},"author":3,"featured_media":794,"comment_status":"open","ping_status":"open","sticky":false,"template":"","format":"standard","meta":{"footnotes":""},"categories":[24,9],"tags":[],"yoast_head":"<!-- This site is optimized with the Yoast SEO plugin v24.5 - https:\/\/yoast.com\/wordpress\/plugins\/seo\/ -->\n<title>El PIB agr&#237;cola creci&#243; el 1,9 % el a&#241;o pasado - ASAJA \u00c1vila<\/title>\n<meta name=\"description\" content=\"La econom&#237;a espa&#241;ola generada por la actividad agr&#237;cola, ganadera, selv&#237;cola y pesquera creci&#243; un 1,9 % en 2015 respecto a 2014, y un 2,7 % en el &#250;ltimo trimestre del pasado ejercicio respecto al anterior.\" \/>\n<meta name=\"robots\" content=\"index, follow, max-snippet:-1, max-image-preview:large, max-video-preview:-1\" \/>\n<link rel=\"canonical\" href=\"https:\/\/www.asajacyl.com\/avila\/servicios-socio\/el-pib-agrcola-creci-el-19-el-ao-pasado\" \/>\n<meta property=\"og:locale\" content=\"es_ES\" \/>\n<meta property=\"og:type\" content=\"article\" \/>\n<meta property=\"og:title\" content=\"El PIB agr&#237;cola creci&#243; el 1,9 % el a&#241;o pasado - ASAJA \u00c1vila\" \/>\n<meta property=\"og:description\" content=\"La econom&#237;a espa&#241;ola generada por la actividad agr&#237;cola, ganadera, selv&#237;cola y pesquera creci&#243; un 1,9 % en 2015 respecto a 2014, y un 2,7 % en el &#250;ltimo trimestre del pasado ejercicio respecto al anterior.\" \/>\n<meta property=\"og:url\" content=\"https:\/\/www.asajacyl.com\/avila\/servicios-socio\/el-pib-agrcola-creci-el-19-el-ao-pasado\" \/>\n<meta property=\"og:site_name\" content=\"ASAJA \u00c1vila\" \/>\n<meta property=\"article:published_time\" content=\"2016-02-28T23:00:00+00:00\" \/>\n<meta property=\"og:image\" content=\"https:\/\/www.asajacyl.com\/avila\/wp-content\/uploads\/sites\/4\/2017\/11\/im_predefinida_1920x1080.jpg\" \/>\n\t<meta property=\"og:image:width\" content=\"1920\" \/>\n\t<meta property=\"og:image:height\" content=\"1080\" \/>\n\t<meta property=\"og:image:type\" content=\"image\/jpeg\" \/>\n<meta name=\"author\" content=\"Editor\" \/>\n<meta name=\"twitter:card\" content=\"summary_large_image\" \/>\n<meta name=\"twitter:label1\" content=\"Escrito por\" \/>\n\t<meta name=\"twitter:data1\" content=\"Editor\" \/>\n\t<meta name=\"twitter:label2\" content=\"Tiempo de lectura\" \/>\n\t<meta name=\"twitter:data2\" content=\"1 minuto\" \/>\n<script type=\"application\/ld+json\" class=\"yoast-schema-graph\">{\"@context\":\"https:\/\/schema.org\",\"@graph\":[{\"@type\":\"WebPage\",\"@id\":\"https:\/\/www.asajacyl.com\/avila\/servicios-socio\/el-pib-agrcola-creci-el-19-el-ao-pasado\",\"url\":\"https:\/\/www.asajacyl.com\/avila\/servicios-socio\/el-pib-agrcola-creci-el-19-el-ao-pasado\",\"name\":\"El PIB agr&#237;cola creci&#243; el 1,9 % el a&#241;o pasado - ASAJA \u00c1vila\",\"isPartOf\":{\"@id\":\"https:\/\/www.asajacyl.com\/avila\/#website\"},\"primaryImageOfPage\":{\"@id\":\"https:\/\/www.asajacyl.com\/avila\/servicios-socio\/el-pib-agrcola-creci-el-19-el-ao-pasado#primaryimage\"},\"image\":{\"@id\":\"https:\/\/www.asajacyl.com\/avila\/servicios-socio\/el-pib-agrcola-creci-el-19-el-ao-pasado#primaryimage\"},\"thumbnailUrl\":\"https:\/\/www.asajacyl.com\/avila\/wp-content\/uploads\/sites\/4\/2017\/11\/im_predefinida_1920x1080.jpg\",\"datePublished\":\"2016-02-28T23:00:00+00:00\",\"author\":{\"@id\":\"https:\/\/www.asajacyl.com\/avila\/#\/schema\/person\/7e884476cee132331142e8ac9689f20c\"},\"description\":\"La econom&#237;a espa&#241;ola generada por la actividad agr&#237;cola, ganadera, selv&#237;cola y pesquera creci&#243; un 1,9 % en 2015 respecto a 2014, y un 2,7 % en el &#250;ltimo trimestre del pasado ejercicio respecto al anterior.\",\"breadcrumb\":{\"@id\":\"https:\/\/www.asajacyl.com\/avila\/servicios-socio\/el-pib-agrcola-creci-el-19-el-ao-pasado#breadcrumb\"},\"inLanguage\":\"es\",\"potentialAction\":[{\"@type\":\"ReadAction\",\"target\":[\"https:\/\/www.asajacyl.com\/avila\/servicios-socio\/el-pib-agrcola-creci-el-19-el-ao-pasado\"]}]},{\"@type\":\"ImageObject\",\"inLanguage\":\"es\",\"@id\":\"https:\/\/www.asajacyl.com\/avila\/servicios-socio\/el-pib-agrcola-creci-el-19-el-ao-pasado#primaryimage\",\"url\":\"https:\/\/www.asajacyl.com\/avila\/wp-content\/uploads\/sites\/4\/2017\/11\/im_predefinida_1920x1080.jpg\",\"contentUrl\":\"https:\/\/www.asajacyl.com\/avila\/wp-content\/uploads\/sites\/4\/2017\/11\/im_predefinida_1920x1080.jpg\",\"width\":1920,\"height\":1080,\"caption\":\"Logotipo ASAJA \u00c1vila\"},{\"@type\":\"BreadcrumbList\",\"@id\":\"https:\/\/www.asajacyl.com\/avila\/servicios-socio\/el-pib-agrcola-creci-el-19-el-ao-pasado#breadcrumb\",\"itemListElement\":[{\"@type\":\"ListItem\",\"position\":1,\"name\":\"Portada\",\"item\":\"https:\/\/www.asajacyl.com\/avila\/\"},{\"@type\":\"ListItem\",\"position\":2,\"name\":\"El PIB agr&#237;cola creci&#243; el 1,9 % el a&#241;o pasado\"}]},{\"@type\":\"WebSite\",\"@id\":\"https:\/\/www.asajacyl.com\/avila\/#website\",\"url\":\"https:\/\/www.asajacyl.com\/avila\/\",\"name\":\"ASAJA \u00c1vila\",\"description\":\"Otro sitio m\u00e1s de Provincias ASAJA Castilla y Le\u00f3n\",\"potentialAction\":[{\"@type\":\"SearchAction\",\"target\":{\"@type\":\"EntryPoint\",\"urlTemplate\":\"https:\/\/www.asajacyl.com\/avila\/?s={search_term_string}\"},\"query-input\":{\"@type\":\"PropertyValueSpecification\",\"valueRequired\":true,\"valueName\":\"search_term_string\"}}],\"inLanguage\":\"es\"},{\"@type\":\"Person\",\"@id\":\"https:\/\/www.asajacyl.com\/avila\/#\/schema\/person\/7e884476cee132331142e8ac9689f20c\",\"name\":\"Editor\",\"image\":{\"@type\":\"ImageObject\",\"inLanguage\":\"es\",\"@id\":\"https:\/\/www.asajacyl.com\/avila\/#\/schema\/person\/image\/\",\"url\":\"https:\/\/secure.gravatar.com\/avatar\/a2ef43c165669686cfcfb0e1ffa59869?s=96&d=mm&r=g\",\"contentUrl\":\"https:\/\/secure.gravatar.com\/avatar\/a2ef43c165669686cfcfb0e1ffa59869?s=96&d=mm&r=g\",\"caption\":\"Editor\"},\"url\":\"https:\/\/www.asajacyl.com\/avila\/author\/oscargg\"}]}<\/script>\n<!-- \/ Yoast SEO plugin. -->","yoast_head_json":{"title":"El PIB agr&#237;cola creci&#243; el 1,9 % el a&#241;o pasado - ASAJA \u00c1vila","description":"La econom&#237;a espa&#241;ola generada por la actividad agr&#237;cola, ganadera, selv&#237;cola y pesquera creci&#243; un 1,9 % en 2015 respecto a 2014, y un 2,7 % en el &#250;ltimo trimestre del pasado ejercicio respecto al anterior.","robots":{"index":"index","follow":"follow","max-snippet":"max-snippet:-1","max-image-preview":"max-image-preview:large","max-video-preview":"max-video-preview:-1"},"canonical":"https:\/\/www.asajacyl.com\/avila\/servicios-socio\/el-pib-agrcola-creci-el-19-el-ao-pasado","og_locale":"es_ES","og_type":"article","og_title":"El PIB agr&#237;cola creci&#243; el 1,9 % el a&#241;o pasado - ASAJA \u00c1vila","og_description":"La econom&#237;a espa&#241;ola generada por la actividad agr&#237;cola, ganadera, selv&#237;cola y pesquera creci&#243; un 1,9 % en 2015 respecto a 2014, y un 2,7 % en el &#250;ltimo trimestre del pasado ejercicio respecto al anterior.","og_url":"https:\/\/www.asajacyl.com\/avila\/servicios-socio\/el-pib-agrcola-creci-el-19-el-ao-pasado","og_site_name":"ASAJA \u00c1vila","article_published_time":"2016-02-28T23:00:00+00:00","og_image":[{"width":1920,"height":1080,"url":"https:\/\/www.asajacyl.com\/avila\/wp-content\/uploads\/sites\/4\/2017\/11\/im_predefinida_1920x1080.jpg","type":"image\/jpeg"}],"author":"Editor","twitter_card":"summary_large_image","twitter_misc":{"Escrito por":"Editor","Tiempo de lectura":"1 minuto"},"schema":{"@context":"https:\/\/schema.org","@graph":[{"@type":"WebPage","@id":"https:\/\/www.asajacyl.com\/avila\/servicios-socio\/el-pib-agrcola-creci-el-19-el-ao-pasado","url":"https:\/\/www.asajacyl.com\/avila\/servicios-socio\/el-pib-agrcola-creci-el-19-el-ao-pasado","name":"El PIB agr&#237;cola creci&#243; el 1,9 % el a&#241;o pasado - ASAJA \u00c1vila","isPartOf":{"@id":"https:\/\/www.asajacyl.com\/avila\/#website"},"primaryImageOfPage":{"@id":"https:\/\/www.asajacyl.com\/avila\/servicios-socio\/el-pib-agrcola-creci-el-19-el-ao-pasado#primaryimage"},"image":{"@id":"https:\/\/www.asajacyl.com\/avila\/servicios-socio\/el-pib-agrcola-creci-el-19-el-ao-pasado#primaryimage"},"thumbnailUrl":"https:\/\/www.asajacyl.com\/avila\/wp-content\/uploads\/sites\/4\/2017\/11\/im_predefinida_1920x1080.jpg","datePublished":"2016-02-28T23:00:00+00:00","author":{"@id":"https:\/\/www.asajacyl.com\/avila\/#\/schema\/person\/7e884476cee132331142e8ac9689f20c"},"description":"La econom&#237;a espa&#241;ola generada por la actividad agr&#237;cola, ganadera, selv&#237;cola y pesquera creci&#243; un 1,9 % en 2015 respecto a 2014, y un 2,7 % en el &#250;ltimo trimestre del pasado ejercicio respecto al anterior.","breadcrumb":{"@id":"https:\/\/www.asajacyl.com\/avila\/servicios-socio\/el-pib-agrcola-creci-el-19-el-ao-pasado#breadcrumb"},"inLanguage":"es","potentialAction":[{"@type":"ReadAction","target":["https:\/\/www.asajacyl.com\/avila\/servicios-socio\/el-pib-agrcola-creci-el-19-el-ao-pasado"]}]},{"@type":"ImageObject","inLanguage":"es","@id":"https:\/\/www.asajacyl.com\/avila\/servicios-socio\/el-pib-agrcola-creci-el-19-el-ao-pasado#primaryimage","url":"https:\/\/www.asajacyl.com\/avila\/wp-content\/uploads\/sites\/4\/2017\/11\/im_predefinida_1920x1080.jpg","contentUrl":"https:\/\/www.asajacyl.com\/avila\/wp-content\/uploads\/sites\/4\/2017\/11\/im_predefinida_1920x1080.jpg","width":1920,"height":1080,"caption":"Logotipo ASAJA \u00c1vila"},{"@type":"BreadcrumbList","@id":"https:\/\/www.asajacyl.com\/avila\/servicios-socio\/el-pib-agrcola-creci-el-19-el-ao-pasado#breadcrumb","itemListElement":[{"@type":"ListItem","position":1,"name":"Portada","item":"https:\/\/www.asajacyl.com\/avila\/"},{"@type":"ListItem","position":2,"name":"El PIB agr&#237;cola creci&#243; el 1,9 % el a&#241;o pasado"}]},{"@type":"WebSite","@id":"https:\/\/www.asajacyl.com\/avila\/#website","url":"https:\/\/www.asajacyl.com\/avila\/","name":"ASAJA \u00c1vila","description":"Otro sitio m\u00e1s de Provincias ASAJA Castilla y Le\u00f3n","potentialAction":[{"@type":"SearchAction","target":{"@type":"EntryPoint","urlTemplate":"https:\/\/www.asajacyl.com\/avila\/?s={search_term_string}"},"query-input":{"@type":"PropertyValueSpecification","valueRequired":true,"valueName":"search_term_string"}}],"inLanguage":"es"},{"@type":"Person","@id":"https:\/\/www.asajacyl.com\/avila\/#\/schema\/person\/7e884476cee132331142e8ac9689f20c","name":"Editor","image":{"@type":"ImageObject","inLanguage":"es","@id":"https:\/\/www.asajacyl.com\/avila\/#\/schema\/person\/image\/","url":"https:\/\/secure.gravatar.com\/avatar\/a2ef43c165669686cfcfb0e1ffa59869?s=96&d=mm&r=g","contentUrl":"https:\/\/secure.gravatar.com\/avatar\/a2ef43c165669686cfcfb0e1ffa59869?s=96&d=mm&r=g","caption":"Editor"},"url":"https:\/\/www.asajacyl.com\/avila\/author\/oscargg"}]}},"_links":{"self":[{"href":"https:\/\/www.asajacyl.com\/avila\/wp-json\/wp\/v2\/posts\/2405"}],"collection":[{"href":"https:\/\/www.asajacyl.com\/avila\/wp-json\/wp\/v2\/posts"}],"about":[{"href":"https:\/\/www.asajacyl.com\/avila\/wp-json\/wp\/v2\/types\/post"}],"author":[{"embeddable":true,"href":"https:\/\/www.asajacyl.com\/avila\/wp-json\/wp\/v2\/users\/3"}],"replies":[{"embeddable":true,"href":"https:\/\/www.asajacyl.com\/avila\/wp-json\/wp\/v2\/comments?post=2405"}],"version-history":[{"count":0,"href":"https:\/\/www.asajacyl.com\/avila\/wp-json\/wp\/v2\/posts\/2405\/revisions"}],"wp:featuredmedia":[{"embeddable":true,"href":"https:\/\/www.asajacyl.com\/avila\/wp-json\/wp\/v2\/media\/794"}],"wp:attachment":[{"href":"https:\/\/www.asajacyl.com\/avila\/wp-json\/wp\/v2\/media?parent=2405"}],"wp:term":[{"taxonomy":"category","embeddable":true,"href":"https:\/\/www.asajacyl.com\/avila\/wp-json\/wp\/v2\/categories?post=2405"},{"taxonomy":"post_tag","embeddable":true,"href":"https:\/\/www.asajacyl.com\/avila\/wp-json\/wp\/v2\/tags?post=2405"}],"curies":[{"name":"wp","href":"https:\/\/api.w.org\/{rel}","templated":true}]}}