{"id":2416,"date":"2016-02-19T00:00:00","date_gmt":"2016-02-18T23:00:00","guid":{"rendered":"http:\/\/www.asajacyl.com\/avila\/sin-categoria\/cae-el-precio-de-la-leche-de-cabra-en-un-14-en-castilla-y-len-durante-2015"},"modified":"2016-02-19T00:00:00","modified_gmt":"2016-02-18T23:00:00","slug":"cae-el-precio-de-la-leche-de-cabra-en-un-14-en-castilla-y-len-durante-2015","status":"publish","type":"post","link":"https:\/\/www.asajacyl.com\/avila\/servicios-socio\/cae-el-precio-de-la-leche-de-cabra-en-un-14-en-castilla-y-len-durante-2015","title":{"rendered":"Cae el precio de la leche de cabra en un 14% en Castilla y Le&#243;n durante 2015"},"content":{"rendered":"<h2>Aumenta la producci&#243;n pero caen los precios. Es el balance del a&#241;o 2015 en el sector caprino de orientaci&#243;n lechera en castilla y Le&#243;n, donde se ha incrementado la producci&#243;n en un 17,6%, hasta llegar a los 25,7 millones de litros, pero han ca&#237;do los precios un 14,6%, desde los 0,763 euros a los 0,680 euros.<\/h2>\n<p>\nAumenta la producci&#243;n pero caen los precios. Es el balance del a&#241;o 2015 en el sector caprino de orientaci&#243;n lechera en castilla y Le&#243;n, donde se ha incrementado la producci&#243;n en un <strong>17,6%, hasta llegar a los 25,7 millones de litros, pero han ca&#237;do los precios un <\/strong>14,6%, desde los 0,763 euros a los 0,680 euros.<\/p>\n<p>\nAs&#237; se desprende de los datos del Fondo Espa&#241;ol de Garant&#237;a Agraria (FEGA) sobre el caprino de leche. En Espa&#241;a, se registra un crecimiento de la producci&#243;n del 22,3%, <strong>hasta alcanzar&#160;los &#160;415,8 millones de litros desde los 329,8 de la campa&#241;a<\/strong> pasada<strong>. Andaluc&#237;a aglutina casi el 45% de esa producci&#243;n con 176,3 millones de litro increment&#225;ndose un 23% desde los 143,2 de 2014<\/strong>.<\/p>\n<p>\nTambi&#233;n crece el n&#250;mero de ganaderos en 110, hasta alcanzar los 5.192. En Castilla y Le&#243;n se pasa de 322 a 334, ganando 12 profesionales.<\/p>\n<p>\nEl aspecto m&#225;s negativo y preocupante la ca&#237;da de precios que se cuantifica en una merma del 17% en el territorio nacional. <strong>El precio del litro de leche de cabra ha pasado de cobrarse como promedio en 2014 a 0,782 euros a los 0,649 &#8364; de la &#250;ltima campa&#241;a. <\/strong><\/p>\n<p>\nEn unos par&#225;metros muy similares se sit&#250;a <strong>el precio por hectogrado que percibe el ganadero por cada 100 litros entregrados en virtud de la calidad de la leche. As&#237; para el conjunto de Espa&#241;a el descenso es del 16,7% al bajar de los&#160;&#160;8,84 euros de 2014 a los 7,37; <\/strong>mientras que en Castilla y Le&#243;n, la reducci&#243;n es del 14,4% al bajar de los 8,83 euros a los 7,56 cuantificados en 2015.<\/p>\n","protected":false},"excerpt":{"rendered":"<p>Aumenta la producci&#243;n pero caen los precios. Es el balance del a&#241;o 2015 en el sector caprino de orientaci&#243;n lechera en castilla y Le&#243;n, donde se ha incrementado la producci&#243;n en un 17,6%, hasta llegar a los 25,7 millones de litros, pero han ca&#237;do los precios un 14,6%, desde los 0,763 euros a los 0,680 euros.<\/p>\n","protected":false},"author":3,"featured_media":794,"comment_status":"open","ping_status":"open","sticky":false,"template":"","format":"standard","meta":{"footnotes":""},"categories":[24,9],"tags":[],"yoast_head":"<!-- This site is optimized with the Yoast SEO plugin v24.5 - https:\/\/yoast.com\/wordpress\/plugins\/seo\/ -->\n<title>Cae el precio de la leche de cabra en un 14% en Castilla y Le&#243;n durante 2015 - ASAJA \u00c1vila<\/title>\n<meta name=\"description\" content=\"Aumenta la producci&#243;n pero caen los precios. Es el balance del a&#241;o 2015 en el sector caprino de orientaci&#243;n lechera en castilla y Le&#243;n, donde se ha incrementado la producci&#243;n en un 17,6%, hasta llegar a los 25,7 millones de litros, pero han ca&#237;do los precios un 14,6%, desde los 0,763 euros a los 0,680 euros.\" \/>\n<meta name=\"robots\" content=\"index, follow, max-snippet:-1, max-image-preview:large, max-video-preview:-1\" \/>\n<link rel=\"canonical\" href=\"https:\/\/www.asajacyl.com\/avila\/servicios-socio\/cae-el-precio-de-la-leche-de-cabra-en-un-14-en-castilla-y-len-durante-2015\" \/>\n<meta property=\"og:locale\" content=\"es_ES\" \/>\n<meta property=\"og:type\" content=\"article\" \/>\n<meta property=\"og:title\" content=\"Cae el precio de la leche de cabra en un 14% en Castilla y Le&#243;n durante 2015 - ASAJA \u00c1vila\" \/>\n<meta property=\"og:description\" content=\"Aumenta la producci&#243;n pero caen los precios. Es el balance del a&#241;o 2015 en el sector caprino de orientaci&#243;n lechera en castilla y Le&#243;n, donde se ha incrementado la producci&#243;n en un 17,6%, hasta llegar a los 25,7 millones de litros, pero han ca&#237;do los precios un 14,6%, desde los 0,763 euros a los 0,680 euros.\" \/>\n<meta property=\"og:url\" content=\"https:\/\/www.asajacyl.com\/avila\/servicios-socio\/cae-el-precio-de-la-leche-de-cabra-en-un-14-en-castilla-y-len-durante-2015\" \/>\n<meta property=\"og:site_name\" content=\"ASAJA \u00c1vila\" \/>\n<meta property=\"article:published_time\" content=\"2016-02-18T23:00:00+00:00\" \/>\n<meta property=\"og:image\" content=\"https:\/\/www.asajacyl.com\/avila\/wp-content\/uploads\/sites\/4\/2017\/11\/im_predefinida_1920x1080.jpg\" \/>\n\t<meta property=\"og:image:width\" content=\"1920\" \/>\n\t<meta property=\"og:image:height\" content=\"1080\" \/>\n\t<meta property=\"og:image:type\" content=\"image\/jpeg\" \/>\n<meta name=\"author\" content=\"Editor\" \/>\n<meta name=\"twitter:card\" content=\"summary_large_image\" \/>\n<meta name=\"twitter:label1\" content=\"Escrito por\" \/>\n\t<meta name=\"twitter:data1\" content=\"Editor\" \/>\n\t<meta name=\"twitter:label2\" content=\"Tiempo de lectura\" \/>\n\t<meta name=\"twitter:data2\" content=\"2 minutos\" \/>\n<script type=\"application\/ld+json\" class=\"yoast-schema-graph\">{\"@context\":\"https:\/\/schema.org\",\"@graph\":[{\"@type\":\"WebPage\",\"@id\":\"https:\/\/www.asajacyl.com\/avila\/servicios-socio\/cae-el-precio-de-la-leche-de-cabra-en-un-14-en-castilla-y-len-durante-2015\",\"url\":\"https:\/\/www.asajacyl.com\/avila\/servicios-socio\/cae-el-precio-de-la-leche-de-cabra-en-un-14-en-castilla-y-len-durante-2015\",\"name\":\"Cae el precio de la leche de cabra en un 14% en Castilla y Le&#243;n durante 2015 - ASAJA \u00c1vila\",\"isPartOf\":{\"@id\":\"https:\/\/www.asajacyl.com\/avila\/#website\"},\"primaryImageOfPage\":{\"@id\":\"https:\/\/www.asajacyl.com\/avila\/servicios-socio\/cae-el-precio-de-la-leche-de-cabra-en-un-14-en-castilla-y-len-durante-2015#primaryimage\"},\"image\":{\"@id\":\"https:\/\/www.asajacyl.com\/avila\/servicios-socio\/cae-el-precio-de-la-leche-de-cabra-en-un-14-en-castilla-y-len-durante-2015#primaryimage\"},\"thumbnailUrl\":\"https:\/\/www.asajacyl.com\/avila\/wp-content\/uploads\/sites\/4\/2017\/11\/im_predefinida_1920x1080.jpg\",\"datePublished\":\"2016-02-18T23:00:00+00:00\",\"author\":{\"@id\":\"https:\/\/www.asajacyl.com\/avila\/#\/schema\/person\/7e884476cee132331142e8ac9689f20c\"},\"description\":\"Aumenta la producci&#243;n pero caen los precios. Es el balance del a&#241;o 2015 en el sector caprino de orientaci&#243;n lechera en castilla y Le&#243;n, donde se ha incrementado la producci&#243;n en un 17,6%, hasta llegar a los 25,7 millones de litros, pero han ca&#237;do los precios un 14,6%, desde los 0,763 euros a los 0,680 euros.\",\"breadcrumb\":{\"@id\":\"https:\/\/www.asajacyl.com\/avila\/servicios-socio\/cae-el-precio-de-la-leche-de-cabra-en-un-14-en-castilla-y-len-durante-2015#breadcrumb\"},\"inLanguage\":\"es\",\"potentialAction\":[{\"@type\":\"ReadAction\",\"target\":[\"https:\/\/www.asajacyl.com\/avila\/servicios-socio\/cae-el-precio-de-la-leche-de-cabra-en-un-14-en-castilla-y-len-durante-2015\"]}]},{\"@type\":\"ImageObject\",\"inLanguage\":\"es\",\"@id\":\"https:\/\/www.asajacyl.com\/avila\/servicios-socio\/cae-el-precio-de-la-leche-de-cabra-en-un-14-en-castilla-y-len-durante-2015#primaryimage\",\"url\":\"https:\/\/www.asajacyl.com\/avila\/wp-content\/uploads\/sites\/4\/2017\/11\/im_predefinida_1920x1080.jpg\",\"contentUrl\":\"https:\/\/www.asajacyl.com\/avila\/wp-content\/uploads\/sites\/4\/2017\/11\/im_predefinida_1920x1080.jpg\",\"width\":1920,\"height\":1080,\"caption\":\"Logotipo ASAJA \u00c1vila\"},{\"@type\":\"BreadcrumbList\",\"@id\":\"https:\/\/www.asajacyl.com\/avila\/servicios-socio\/cae-el-precio-de-la-leche-de-cabra-en-un-14-en-castilla-y-len-durante-2015#breadcrumb\",\"itemListElement\":[{\"@type\":\"ListItem\",\"position\":1,\"name\":\"Portada\",\"item\":\"https:\/\/www.asajacyl.com\/avila\/\"},{\"@type\":\"ListItem\",\"position\":2,\"name\":\"Cae el precio de la leche de cabra en un 14% en Castilla y Le&#243;n durante 2015\"}]},{\"@type\":\"WebSite\",\"@id\":\"https:\/\/www.asajacyl.com\/avila\/#website\",\"url\":\"https:\/\/www.asajacyl.com\/avila\/\",\"name\":\"ASAJA \u00c1vila\",\"description\":\"Otro sitio m\u00e1s de Provincias ASAJA Castilla y Le\u00f3n\",\"potentialAction\":[{\"@type\":\"SearchAction\",\"target\":{\"@type\":\"EntryPoint\",\"urlTemplate\":\"https:\/\/www.asajacyl.com\/avila\/?s={search_term_string}\"},\"query-input\":{\"@type\":\"PropertyValueSpecification\",\"valueRequired\":true,\"valueName\":\"search_term_string\"}}],\"inLanguage\":\"es\"},{\"@type\":\"Person\",\"@id\":\"https:\/\/www.asajacyl.com\/avila\/#\/schema\/person\/7e884476cee132331142e8ac9689f20c\",\"name\":\"Editor\",\"image\":{\"@type\":\"ImageObject\",\"inLanguage\":\"es\",\"@id\":\"https:\/\/www.asajacyl.com\/avila\/#\/schema\/person\/image\/\",\"url\":\"https:\/\/secure.gravatar.com\/avatar\/a2ef43c165669686cfcfb0e1ffa59869?s=96&d=mm&r=g\",\"contentUrl\":\"https:\/\/secure.gravatar.com\/avatar\/a2ef43c165669686cfcfb0e1ffa59869?s=96&d=mm&r=g\",\"caption\":\"Editor\"},\"url\":\"https:\/\/www.asajacyl.com\/avila\/author\/oscargg\"}]}<\/script>\n<!-- \/ Yoast SEO plugin. -->","yoast_head_json":{"title":"Cae el precio de la leche de cabra en un 14% en Castilla y Le&#243;n durante 2015 - ASAJA \u00c1vila","description":"Aumenta la producci&#243;n pero caen los precios. Es el balance del a&#241;o 2015 en el sector caprino de orientaci&#243;n lechera en castilla y Le&#243;n, donde se ha incrementado la producci&#243;n en un 17,6%, hasta llegar a los 25,7 millones de litros, pero han ca&#237;do los precios un 14,6%, desde los 0,763 euros a los 0,680 euros.","robots":{"index":"index","follow":"follow","max-snippet":"max-snippet:-1","max-image-preview":"max-image-preview:large","max-video-preview":"max-video-preview:-1"},"canonical":"https:\/\/www.asajacyl.com\/avila\/servicios-socio\/cae-el-precio-de-la-leche-de-cabra-en-un-14-en-castilla-y-len-durante-2015","og_locale":"es_ES","og_type":"article","og_title":"Cae el precio de la leche de cabra en un 14% en Castilla y Le&#243;n durante 2015 - ASAJA \u00c1vila","og_description":"Aumenta la producci&#243;n pero caen los precios. Es el balance del a&#241;o 2015 en el sector caprino de orientaci&#243;n lechera en castilla y Le&#243;n, donde se ha incrementado la producci&#243;n en un 17,6%, hasta llegar a los 25,7 millones de litros, pero han ca&#237;do los precios un 14,6%, desde los 0,763 euros a los 0,680 euros.","og_url":"https:\/\/www.asajacyl.com\/avila\/servicios-socio\/cae-el-precio-de-la-leche-de-cabra-en-un-14-en-castilla-y-len-durante-2015","og_site_name":"ASAJA \u00c1vila","article_published_time":"2016-02-18T23:00:00+00:00","og_image":[{"width":1920,"height":1080,"url":"https:\/\/www.asajacyl.com\/avila\/wp-content\/uploads\/sites\/4\/2017\/11\/im_predefinida_1920x1080.jpg","type":"image\/jpeg"}],"author":"Editor","twitter_card":"summary_large_image","twitter_misc":{"Escrito por":"Editor","Tiempo de lectura":"2 minutos"},"schema":{"@context":"https:\/\/schema.org","@graph":[{"@type":"WebPage","@id":"https:\/\/www.asajacyl.com\/avila\/servicios-socio\/cae-el-precio-de-la-leche-de-cabra-en-un-14-en-castilla-y-len-durante-2015","url":"https:\/\/www.asajacyl.com\/avila\/servicios-socio\/cae-el-precio-de-la-leche-de-cabra-en-un-14-en-castilla-y-len-durante-2015","name":"Cae el precio de la leche de cabra en un 14% en Castilla y Le&#243;n durante 2015 - ASAJA \u00c1vila","isPartOf":{"@id":"https:\/\/www.asajacyl.com\/avila\/#website"},"primaryImageOfPage":{"@id":"https:\/\/www.asajacyl.com\/avila\/servicios-socio\/cae-el-precio-de-la-leche-de-cabra-en-un-14-en-castilla-y-len-durante-2015#primaryimage"},"image":{"@id":"https:\/\/www.asajacyl.com\/avila\/servicios-socio\/cae-el-precio-de-la-leche-de-cabra-en-un-14-en-castilla-y-len-durante-2015#primaryimage"},"thumbnailUrl":"https:\/\/www.asajacyl.com\/avila\/wp-content\/uploads\/sites\/4\/2017\/11\/im_predefinida_1920x1080.jpg","datePublished":"2016-02-18T23:00:00+00:00","author":{"@id":"https:\/\/www.asajacyl.com\/avila\/#\/schema\/person\/7e884476cee132331142e8ac9689f20c"},"description":"Aumenta la producci&#243;n pero caen los precios. Es el balance del a&#241;o 2015 en el sector caprino de orientaci&#243;n lechera en castilla y Le&#243;n, donde se ha incrementado la producci&#243;n en un 17,6%, hasta llegar a los 25,7 millones de litros, pero han ca&#237;do los precios un 14,6%, desde los 0,763 euros a los 0,680 euros.","breadcrumb":{"@id":"https:\/\/www.asajacyl.com\/avila\/servicios-socio\/cae-el-precio-de-la-leche-de-cabra-en-un-14-en-castilla-y-len-durante-2015#breadcrumb"},"inLanguage":"es","potentialAction":[{"@type":"ReadAction","target":["https:\/\/www.asajacyl.com\/avila\/servicios-socio\/cae-el-precio-de-la-leche-de-cabra-en-un-14-en-castilla-y-len-durante-2015"]}]},{"@type":"ImageObject","inLanguage":"es","@id":"https:\/\/www.asajacyl.com\/avila\/servicios-socio\/cae-el-precio-de-la-leche-de-cabra-en-un-14-en-castilla-y-len-durante-2015#primaryimage","url":"https:\/\/www.asajacyl.com\/avila\/wp-content\/uploads\/sites\/4\/2017\/11\/im_predefinida_1920x1080.jpg","contentUrl":"https:\/\/www.asajacyl.com\/avila\/wp-content\/uploads\/sites\/4\/2017\/11\/im_predefinida_1920x1080.jpg","width":1920,"height":1080,"caption":"Logotipo ASAJA \u00c1vila"},{"@type":"BreadcrumbList","@id":"https:\/\/www.asajacyl.com\/avila\/servicios-socio\/cae-el-precio-de-la-leche-de-cabra-en-un-14-en-castilla-y-len-durante-2015#breadcrumb","itemListElement":[{"@type":"ListItem","position":1,"name":"Portada","item":"https:\/\/www.asajacyl.com\/avila\/"},{"@type":"ListItem","position":2,"name":"Cae el precio de la leche de cabra en un 14% en Castilla y Le&#243;n durante 2015"}]},{"@type":"WebSite","@id":"https:\/\/www.asajacyl.com\/avila\/#website","url":"https:\/\/www.asajacyl.com\/avila\/","name":"ASAJA \u00c1vila","description":"Otro sitio m\u00e1s de Provincias ASAJA Castilla y Le\u00f3n","potentialAction":[{"@type":"SearchAction","target":{"@type":"EntryPoint","urlTemplate":"https:\/\/www.asajacyl.com\/avila\/?s={search_term_string}"},"query-input":{"@type":"PropertyValueSpecification","valueRequired":true,"valueName":"search_term_string"}}],"inLanguage":"es"},{"@type":"Person","@id":"https:\/\/www.asajacyl.com\/avila\/#\/schema\/person\/7e884476cee132331142e8ac9689f20c","name":"Editor","image":{"@type":"ImageObject","inLanguage":"es","@id":"https:\/\/www.asajacyl.com\/avila\/#\/schema\/person\/image\/","url":"https:\/\/secure.gravatar.com\/avatar\/a2ef43c165669686cfcfb0e1ffa59869?s=96&d=mm&r=g","contentUrl":"https:\/\/secure.gravatar.com\/avatar\/a2ef43c165669686cfcfb0e1ffa59869?s=96&d=mm&r=g","caption":"Editor"},"url":"https:\/\/www.asajacyl.com\/avila\/author\/oscargg"}]}},"_links":{"self":[{"href":"https:\/\/www.asajacyl.com\/avila\/wp-json\/wp\/v2\/posts\/2416"}],"collection":[{"href":"https:\/\/www.asajacyl.com\/avila\/wp-json\/wp\/v2\/posts"}],"about":[{"href":"https:\/\/www.asajacyl.com\/avila\/wp-json\/wp\/v2\/types\/post"}],"author":[{"embeddable":true,"href":"https:\/\/www.asajacyl.com\/avila\/wp-json\/wp\/v2\/users\/3"}],"replies":[{"embeddable":true,"href":"https:\/\/www.asajacyl.com\/avila\/wp-json\/wp\/v2\/comments?post=2416"}],"version-history":[{"count":0,"href":"https:\/\/www.asajacyl.com\/avila\/wp-json\/wp\/v2\/posts\/2416\/revisions"}],"wp:featuredmedia":[{"embeddable":true,"href":"https:\/\/www.asajacyl.com\/avila\/wp-json\/wp\/v2\/media\/794"}],"wp:attachment":[{"href":"https:\/\/www.asajacyl.com\/avila\/wp-json\/wp\/v2\/media?parent=2416"}],"wp:term":[{"taxonomy":"category","embeddable":true,"href":"https:\/\/www.asajacyl.com\/avila\/wp-json\/wp\/v2\/categories?post=2416"},{"taxonomy":"post_tag","embeddable":true,"href":"https:\/\/www.asajacyl.com\/avila\/wp-json\/wp\/v2\/tags?post=2416"}],"curies":[{"name":"wp","href":"https:\/\/api.w.org\/{rel}","templated":true}]}}