{"id":2420,"date":"2016-02-02T00:00:00","date_gmt":"2016-02-01T23:00:00","guid":{"rendered":"http:\/\/www.asajacyl.com\/avila\/sin-categoria\/el-ministerio-de-agricultura-publica-la-resolucin-sobre-la-aplicacin-del-rgimen-de-autorizaciones-de-plantaciones-de-viedo-en-2016"},"modified":"2016-02-02T00:00:00","modified_gmt":"2016-02-01T23:00:00","slug":"el-ministerio-de-agricultura-publica-la-resolucin-sobre-la-aplicacin-del-rgimen-de-autorizaciones-de-plantaciones-de-viedo-en-2016","status":"publish","type":"post","link":"https:\/\/www.asajacyl.com\/avila\/servicios-socio\/el-ministerio-de-agricultura-publica-la-resolucin-sobre-la-aplicacin-del-rgimen-de-autorizaciones-de-plantaciones-de-viedo-en-2016","title":{"rendered":"El Ministerio de Agricultura publica la resoluci&#243;n sobre la aplicaci&#243;n del r&#233;gimen de autorizaciones de plantaciones de vi&#241;edo en 2016"},"content":{"rendered":"<h2>El Ministerio de Agricultura, Alimentaci&#243;n y Medio Ambiente ha publicado en el Bolet&#237;n Oficial del Estado la resoluci&#243;n sobre la aplicaci&#243;n del r&#233;gimen de autorizaciones de plantaciones de vi&#241;edo en 2016.<\/h2>\n<p>El Ministerio de Agricultura, Alimentaci&#243;n y Medio Ambiente ha publicado en el Bolet&#237;n Oficial del Estado la resoluci&#243;n sobre la aplicaci&#243;n del r&#233;gimen de autorizaciones de plantaciones de vi&#241;edo en 2016.<\/p>\n<p>Con esta resoluci&#243;n se da cumplimiento a la obligaci&#243;n prevista en la normativa comunitaria de publicar, por parte de los Estados miembros, las decisiones relativas a la aplicaci&#243;n del r&#233;gimen de autorizaciones de vi&#241;edo antes del 1 de marzo. En desarrollo de esa normativa, el Real Decreto 740\/2015 de 31 de julio establece que dichas decisiones se publicar&#225;n en el BOE antes del 1 de febrero de cada a&#241;o.<\/p>\n<p>En el primer a&#241;o de aplicaci&#243;n del nuevo r&#233;gimen de autorizaciones de plantaciones de vi&#241;edo, el Ministerio, una vez analizadas las observaciones realizadas por parte de organizaciones representativas del sector y de las Comunidades Aut&#243;nomas en el tr&#225;mite de audiencia, fija en 4.173 hect&#225;reas la superficie que se podr&#225; conceder para autorizaciones para nuevas plantaciones de vi&#241;edo, que equivale al 0,43% de la superficie nacional plantada a 31 de julio de 2015.<\/p>\n<p>Adem&#225;s, mediante esta resoluci&#243;n el Ministerio estima las recomendaciones presentadas por los Consejos Reguladores de las Denominaciones de Origen Protegidas (DOP) de Chacol&#237; de Bizkaia, Navarra, Ribera del Duero y Rioja, as&#237; como por la Interprofesional del Vino de Rioja para aplicar en sus DOP limitaciones a las nuevas plantaciones y\/o restricciones a las solicitudes de autorizaciones de replantaci&#243;n y de conversi&#243;n de derechos de plantaci&#243;n.<\/p>\n<p>La publicaci&#243;n de la Orden por la que se regula el potencial de producci&#243;n vit&#237;cola en Castilla y Le&#243;n va a permitir que se puedan realizar nuevas plantaciones de vi&#241;edo. Para ello, los viticultores o bodegas que deseen plantar vi&#241;edo podr&#225;n hacerlo de tres formas: mediante la conversi&#243;n de los derechos vigentes hasta 2020 en autorizaciones de plantaci&#243;n, arrancando vi&#241;edo viejo propio para obtener la autorizaci&#243;n de replantaci&#243;n o con la obtenci&#243;n de nuevas autorizaciones de plantaci&#243;n de las concesiones otorgadas por el Ministerio de Agricultura, Alimentaci&#243;n y Medio Ambiente.<\/p>\n<p>La Consejer&#237;a de Agricultura y Ganader&#237;a ha incluido en la nueva normativa una serie de medidas que contribuyen a facilitar las tramitaciones. Para simplificar la inscripci&#243;n en varios registros oficiales, se incorpora la gesti&#243;n del Registro Vit&#237;cola a la Secci&#243;n Vit&#237;cola del Registro de Explotaciones de Castilla y Le&#243;n (REACYL). Las mejoras se concretan tambi&#233;n en la reducci&#243;n de los plazos de resoluci&#243;n de los expedientes de replantaci&#243;n de vi&#241;edo y conversi&#243;n de los derechos, pasando de seis a tres meses. Adem&#225;s, para facilitar la tramitaci&#243;n al viticultor, se reduce un 30 % el n&#250;mero de formularios de las solicitudes derivadas de la tramitaci&#243;n de actuaciones en materia vit&#237;cola, pasando de siete a cinco formularios. Con la intenci&#243;n de facilitar las tareas administrativas que han de desarrollar los viticultores se podr&#225; realizar la solicitud conjunta de las ayudas a los planes de restructuraci&#243;n y reconversi&#243;n de vi&#241;edo, cuya Orden de convocatoria se publicar&#225; durante el mes de febrero. Esto permitir&#225; solicitar en el mismo impreso la autorizaci&#243;n de plantaci&#243;n y la petici&#243;n de ayuda.<\/p>\n<p>Tambi&#233;n se implementar&#225; la presentaci&#243;n telem&#225;tica de las solicitudes de vi&#241;edo as&#237; como la notificaci&#243;n electr&#243;nica y el viticultor podr&#225; acceder a los datos actualizados de su explotaci&#243;n de vi&#241;edo a trav&#233;s de la Ficha Vit&#237;cola Electr&#243;nica que se pondr&#225; en marcha durante este a&#241;o. Durante las tres &#250;ltimas d&#233;cadas este sector en Castilla y Le&#243;n ha experimentado un continuo desarrollo. Actualmente la superficie plantada de vi&#241;edo es de 75.335 hect&#225;reas, pertenecientes a 60.000 viticultores, de las que el 86 % se encuentran amparadas por figuras de calidad.<\/p>\n<p>Nuevo marco normativo<\/p>\n<p>El pasado 31 de diciembre desaparec&#237;a el sistema de derechos de plantaci&#243;n de vi&#241;edo y pasaba a convertirse en un r&#233;gimen de autorizaciones de plantaciones. La nueva normativa comunitaria se transpone a la legislaci&#243;n de la Comunidad a trav&#233;s de la Orden de regulaci&#243;n del potencial vit&#237;cola de Castilla y Le&#243;n que acaba de publicar la Consejer&#237;a de Agricultura y Ganader&#237;a. Esta regulaci&#243;n supone una tendencia a una mayor libertad de actuaciones en la ordenaci&#243;n del sector aunque se mantiene la prohibici&#243;n de plantaciones de vi&#241;edo hasta 2030, salvo en los casos que existan autorizaciones por las tres v&#237;as expuestas anteriormente<\/p>\n","protected":false},"excerpt":{"rendered":"<p>El Ministerio de Agricultura, Alimentaci&#243;n y Medio Ambiente ha publicado en el Bolet&#237;n Oficial del Estado la resoluci&#243;n sobre la aplicaci&#243;n del r&#233;gimen de autorizaciones de plantaciones de vi&#241;edo en 2016.<\/p>\n","protected":false},"author":3,"featured_media":794,"comment_status":"open","ping_status":"open","sticky":false,"template":"","format":"standard","meta":{"footnotes":""},"categories":[24,9],"tags":[],"yoast_head":"<!-- This site is optimized with the Yoast SEO plugin v24.5 - https:\/\/yoast.com\/wordpress\/plugins\/seo\/ -->\n<title>El Ministerio de Agricultura publica la resoluci&#243;n sobre la aplicaci&#243;n del r&#233;gimen de autorizaciones de plantaciones de vi&#241;edo en 2016 - ASAJA \u00c1vila<\/title>\n<meta name=\"description\" content=\"El Ministerio de Agricultura, Alimentaci&#243;n y Medio Ambiente ha publicado en el Bolet&#237;n Oficial del Estado la resoluci&#243;n sobre la aplicaci&#243;n del r&#233;gimen de autorizaciones de plantaciones de vi&#241;edo en 2016.\" \/>\n<meta name=\"robots\" content=\"index, follow, max-snippet:-1, max-image-preview:large, max-video-preview:-1\" \/>\n<link rel=\"canonical\" href=\"https:\/\/www.asajacyl.com\/avila\/servicios-socio\/el-ministerio-de-agricultura-publica-la-resolucin-sobre-la-aplicacin-del-rgimen-de-autorizaciones-de-plantaciones-de-viedo-en-2016\" \/>\n<meta property=\"og:locale\" content=\"es_ES\" \/>\n<meta property=\"og:type\" content=\"article\" \/>\n<meta property=\"og:title\" content=\"El Ministerio de Agricultura publica la resoluci&#243;n sobre la aplicaci&#243;n del r&#233;gimen de autorizaciones de plantaciones de vi&#241;edo en 2016 - ASAJA \u00c1vila\" \/>\n<meta property=\"og:description\" content=\"El Ministerio de Agricultura, Alimentaci&#243;n y Medio Ambiente ha publicado en el Bolet&#237;n Oficial del Estado la resoluci&#243;n sobre la aplicaci&#243;n del r&#233;gimen de autorizaciones de plantaciones de vi&#241;edo en 2016.\" \/>\n<meta property=\"og:url\" content=\"https:\/\/www.asajacyl.com\/avila\/servicios-socio\/el-ministerio-de-agricultura-publica-la-resolucin-sobre-la-aplicacin-del-rgimen-de-autorizaciones-de-plantaciones-de-viedo-en-2016\" \/>\n<meta property=\"og:site_name\" content=\"ASAJA \u00c1vila\" \/>\n<meta property=\"article:published_time\" content=\"2016-02-01T23:00:00+00:00\" \/>\n<meta property=\"og:image\" content=\"https:\/\/www.asajacyl.com\/avila\/wp-content\/uploads\/sites\/4\/2017\/11\/im_predefinida_1920x1080.jpg\" \/>\n\t<meta property=\"og:image:width\" content=\"1920\" \/>\n\t<meta property=\"og:image:height\" content=\"1080\" \/>\n\t<meta property=\"og:image:type\" content=\"image\/jpeg\" \/>\n<meta name=\"author\" content=\"Editor\" \/>\n<meta name=\"twitter:card\" content=\"summary_large_image\" \/>\n<meta name=\"twitter:label1\" content=\"Escrito por\" \/>\n\t<meta name=\"twitter:data1\" content=\"Editor\" \/>\n\t<meta name=\"twitter:label2\" content=\"Tiempo de lectura\" \/>\n\t<meta name=\"twitter:data2\" content=\"4 minutos\" \/>\n<script type=\"application\/ld+json\" class=\"yoast-schema-graph\">{\"@context\":\"https:\/\/schema.org\",\"@graph\":[{\"@type\":\"WebPage\",\"@id\":\"https:\/\/www.asajacyl.com\/avila\/servicios-socio\/el-ministerio-de-agricultura-publica-la-resolucin-sobre-la-aplicacin-del-rgimen-de-autorizaciones-de-plantaciones-de-viedo-en-2016\",\"url\":\"https:\/\/www.asajacyl.com\/avila\/servicios-socio\/el-ministerio-de-agricultura-publica-la-resolucin-sobre-la-aplicacin-del-rgimen-de-autorizaciones-de-plantaciones-de-viedo-en-2016\",\"name\":\"El Ministerio de Agricultura publica la resoluci&#243;n sobre la aplicaci&#243;n del r&#233;gimen de autorizaciones de plantaciones de vi&#241;edo en 2016 - ASAJA \u00c1vila\",\"isPartOf\":{\"@id\":\"https:\/\/www.asajacyl.com\/avila\/#website\"},\"primaryImageOfPage\":{\"@id\":\"https:\/\/www.asajacyl.com\/avila\/servicios-socio\/el-ministerio-de-agricultura-publica-la-resolucin-sobre-la-aplicacin-del-rgimen-de-autorizaciones-de-plantaciones-de-viedo-en-2016#primaryimage\"},\"image\":{\"@id\":\"https:\/\/www.asajacyl.com\/avila\/servicios-socio\/el-ministerio-de-agricultura-publica-la-resolucin-sobre-la-aplicacin-del-rgimen-de-autorizaciones-de-plantaciones-de-viedo-en-2016#primaryimage\"},\"thumbnailUrl\":\"https:\/\/www.asajacyl.com\/avila\/wp-content\/uploads\/sites\/4\/2017\/11\/im_predefinida_1920x1080.jpg\",\"datePublished\":\"2016-02-01T23:00:00+00:00\",\"author\":{\"@id\":\"https:\/\/www.asajacyl.com\/avila\/#\/schema\/person\/7e884476cee132331142e8ac9689f20c\"},\"description\":\"El Ministerio de Agricultura, Alimentaci&#243;n y Medio Ambiente ha publicado en el Bolet&#237;n Oficial del Estado la resoluci&#243;n sobre la aplicaci&#243;n del r&#233;gimen de autorizaciones de plantaciones de vi&#241;edo en 2016.\",\"breadcrumb\":{\"@id\":\"https:\/\/www.asajacyl.com\/avila\/servicios-socio\/el-ministerio-de-agricultura-publica-la-resolucin-sobre-la-aplicacin-del-rgimen-de-autorizaciones-de-plantaciones-de-viedo-en-2016#breadcrumb\"},\"inLanguage\":\"es\",\"potentialAction\":[{\"@type\":\"ReadAction\",\"target\":[\"https:\/\/www.asajacyl.com\/avila\/servicios-socio\/el-ministerio-de-agricultura-publica-la-resolucin-sobre-la-aplicacin-del-rgimen-de-autorizaciones-de-plantaciones-de-viedo-en-2016\"]}]},{\"@type\":\"ImageObject\",\"inLanguage\":\"es\",\"@id\":\"https:\/\/www.asajacyl.com\/avila\/servicios-socio\/el-ministerio-de-agricultura-publica-la-resolucin-sobre-la-aplicacin-del-rgimen-de-autorizaciones-de-plantaciones-de-viedo-en-2016#primaryimage\",\"url\":\"https:\/\/www.asajacyl.com\/avila\/wp-content\/uploads\/sites\/4\/2017\/11\/im_predefinida_1920x1080.jpg\",\"contentUrl\":\"https:\/\/www.asajacyl.com\/avila\/wp-content\/uploads\/sites\/4\/2017\/11\/im_predefinida_1920x1080.jpg\",\"width\":1920,\"height\":1080,\"caption\":\"Logotipo ASAJA \u00c1vila\"},{\"@type\":\"BreadcrumbList\",\"@id\":\"https:\/\/www.asajacyl.com\/avila\/servicios-socio\/el-ministerio-de-agricultura-publica-la-resolucin-sobre-la-aplicacin-del-rgimen-de-autorizaciones-de-plantaciones-de-viedo-en-2016#breadcrumb\",\"itemListElement\":[{\"@type\":\"ListItem\",\"position\":1,\"name\":\"Portada\",\"item\":\"https:\/\/www.asajacyl.com\/avila\/\"},{\"@type\":\"ListItem\",\"position\":2,\"name\":\"El Ministerio de Agricultura publica la resoluci&#243;n sobre la aplicaci&#243;n del r&#233;gimen de autorizaciones de plantaciones de vi&#241;edo en 2016\"}]},{\"@type\":\"WebSite\",\"@id\":\"https:\/\/www.asajacyl.com\/avila\/#website\",\"url\":\"https:\/\/www.asajacyl.com\/avila\/\",\"name\":\"ASAJA \u00c1vila\",\"description\":\"Otro sitio m\u00e1s de Provincias ASAJA Castilla y Le\u00f3n\",\"potentialAction\":[{\"@type\":\"SearchAction\",\"target\":{\"@type\":\"EntryPoint\",\"urlTemplate\":\"https:\/\/www.asajacyl.com\/avila\/?s={search_term_string}\"},\"query-input\":{\"@type\":\"PropertyValueSpecification\",\"valueRequired\":true,\"valueName\":\"search_term_string\"}}],\"inLanguage\":\"es\"},{\"@type\":\"Person\",\"@id\":\"https:\/\/www.asajacyl.com\/avila\/#\/schema\/person\/7e884476cee132331142e8ac9689f20c\",\"name\":\"Editor\",\"image\":{\"@type\":\"ImageObject\",\"inLanguage\":\"es\",\"@id\":\"https:\/\/www.asajacyl.com\/avila\/#\/schema\/person\/image\/\",\"url\":\"https:\/\/secure.gravatar.com\/avatar\/a2ef43c165669686cfcfb0e1ffa59869?s=96&d=mm&r=g\",\"contentUrl\":\"https:\/\/secure.gravatar.com\/avatar\/a2ef43c165669686cfcfb0e1ffa59869?s=96&d=mm&r=g\",\"caption\":\"Editor\"},\"url\":\"https:\/\/www.asajacyl.com\/avila\/author\/oscargg\"}]}<\/script>\n<!-- \/ Yoast SEO plugin. -->","yoast_head_json":{"title":"El Ministerio de Agricultura publica la resoluci&#243;n sobre la aplicaci&#243;n del r&#233;gimen de autorizaciones de plantaciones de vi&#241;edo en 2016 - ASAJA \u00c1vila","description":"El Ministerio de Agricultura, Alimentaci&#243;n y Medio Ambiente ha publicado en el Bolet&#237;n Oficial del Estado la resoluci&#243;n sobre la aplicaci&#243;n del r&#233;gimen de autorizaciones de plantaciones de vi&#241;edo en 2016.","robots":{"index":"index","follow":"follow","max-snippet":"max-snippet:-1","max-image-preview":"max-image-preview:large","max-video-preview":"max-video-preview:-1"},"canonical":"https:\/\/www.asajacyl.com\/avila\/servicios-socio\/el-ministerio-de-agricultura-publica-la-resolucin-sobre-la-aplicacin-del-rgimen-de-autorizaciones-de-plantaciones-de-viedo-en-2016","og_locale":"es_ES","og_type":"article","og_title":"El Ministerio de Agricultura publica la resoluci&#243;n sobre la aplicaci&#243;n del r&#233;gimen de autorizaciones de plantaciones de vi&#241;edo en 2016 - ASAJA \u00c1vila","og_description":"El Ministerio de Agricultura, Alimentaci&#243;n y Medio Ambiente ha publicado en el Bolet&#237;n Oficial del Estado la resoluci&#243;n sobre la aplicaci&#243;n del r&#233;gimen de autorizaciones de plantaciones de vi&#241;edo en 2016.","og_url":"https:\/\/www.asajacyl.com\/avila\/servicios-socio\/el-ministerio-de-agricultura-publica-la-resolucin-sobre-la-aplicacin-del-rgimen-de-autorizaciones-de-plantaciones-de-viedo-en-2016","og_site_name":"ASAJA \u00c1vila","article_published_time":"2016-02-01T23:00:00+00:00","og_image":[{"width":1920,"height":1080,"url":"https:\/\/www.asajacyl.com\/avila\/wp-content\/uploads\/sites\/4\/2017\/11\/im_predefinida_1920x1080.jpg","type":"image\/jpeg"}],"author":"Editor","twitter_card":"summary_large_image","twitter_misc":{"Escrito por":"Editor","Tiempo de lectura":"4 minutos"},"schema":{"@context":"https:\/\/schema.org","@graph":[{"@type":"WebPage","@id":"https:\/\/www.asajacyl.com\/avila\/servicios-socio\/el-ministerio-de-agricultura-publica-la-resolucin-sobre-la-aplicacin-del-rgimen-de-autorizaciones-de-plantaciones-de-viedo-en-2016","url":"https:\/\/www.asajacyl.com\/avila\/servicios-socio\/el-ministerio-de-agricultura-publica-la-resolucin-sobre-la-aplicacin-del-rgimen-de-autorizaciones-de-plantaciones-de-viedo-en-2016","name":"El Ministerio de Agricultura publica la resoluci&#243;n sobre la aplicaci&#243;n del r&#233;gimen de autorizaciones de plantaciones de vi&#241;edo en 2016 - ASAJA \u00c1vila","isPartOf":{"@id":"https:\/\/www.asajacyl.com\/avila\/#website"},"primaryImageOfPage":{"@id":"https:\/\/www.asajacyl.com\/avila\/servicios-socio\/el-ministerio-de-agricultura-publica-la-resolucin-sobre-la-aplicacin-del-rgimen-de-autorizaciones-de-plantaciones-de-viedo-en-2016#primaryimage"},"image":{"@id":"https:\/\/www.asajacyl.com\/avila\/servicios-socio\/el-ministerio-de-agricultura-publica-la-resolucin-sobre-la-aplicacin-del-rgimen-de-autorizaciones-de-plantaciones-de-viedo-en-2016#primaryimage"},"thumbnailUrl":"https:\/\/www.asajacyl.com\/avila\/wp-content\/uploads\/sites\/4\/2017\/11\/im_predefinida_1920x1080.jpg","datePublished":"2016-02-01T23:00:00+00:00","author":{"@id":"https:\/\/www.asajacyl.com\/avila\/#\/schema\/person\/7e884476cee132331142e8ac9689f20c"},"description":"El Ministerio de Agricultura, Alimentaci&#243;n y Medio Ambiente ha publicado en el Bolet&#237;n Oficial del Estado la resoluci&#243;n sobre la aplicaci&#243;n del r&#233;gimen de autorizaciones de plantaciones de vi&#241;edo en 2016.","breadcrumb":{"@id":"https:\/\/www.asajacyl.com\/avila\/servicios-socio\/el-ministerio-de-agricultura-publica-la-resolucin-sobre-la-aplicacin-del-rgimen-de-autorizaciones-de-plantaciones-de-viedo-en-2016#breadcrumb"},"inLanguage":"es","potentialAction":[{"@type":"ReadAction","target":["https:\/\/www.asajacyl.com\/avila\/servicios-socio\/el-ministerio-de-agricultura-publica-la-resolucin-sobre-la-aplicacin-del-rgimen-de-autorizaciones-de-plantaciones-de-viedo-en-2016"]}]},{"@type":"ImageObject","inLanguage":"es","@id":"https:\/\/www.asajacyl.com\/avila\/servicios-socio\/el-ministerio-de-agricultura-publica-la-resolucin-sobre-la-aplicacin-del-rgimen-de-autorizaciones-de-plantaciones-de-viedo-en-2016#primaryimage","url":"https:\/\/www.asajacyl.com\/avila\/wp-content\/uploads\/sites\/4\/2017\/11\/im_predefinida_1920x1080.jpg","contentUrl":"https:\/\/www.asajacyl.com\/avila\/wp-content\/uploads\/sites\/4\/2017\/11\/im_predefinida_1920x1080.jpg","width":1920,"height":1080,"caption":"Logotipo ASAJA \u00c1vila"},{"@type":"BreadcrumbList","@id":"https:\/\/www.asajacyl.com\/avila\/servicios-socio\/el-ministerio-de-agricultura-publica-la-resolucin-sobre-la-aplicacin-del-rgimen-de-autorizaciones-de-plantaciones-de-viedo-en-2016#breadcrumb","itemListElement":[{"@type":"ListItem","position":1,"name":"Portada","item":"https:\/\/www.asajacyl.com\/avila\/"},{"@type":"ListItem","position":2,"name":"El Ministerio de Agricultura publica la resoluci&#243;n sobre la aplicaci&#243;n del r&#233;gimen de autorizaciones de plantaciones de vi&#241;edo en 2016"}]},{"@type":"WebSite","@id":"https:\/\/www.asajacyl.com\/avila\/#website","url":"https:\/\/www.asajacyl.com\/avila\/","name":"ASAJA \u00c1vila","description":"Otro sitio m\u00e1s de Provincias ASAJA Castilla y Le\u00f3n","potentialAction":[{"@type":"SearchAction","target":{"@type":"EntryPoint","urlTemplate":"https:\/\/www.asajacyl.com\/avila\/?s={search_term_string}"},"query-input":{"@type":"PropertyValueSpecification","valueRequired":true,"valueName":"search_term_string"}}],"inLanguage":"es"},{"@type":"Person","@id":"https:\/\/www.asajacyl.com\/avila\/#\/schema\/person\/7e884476cee132331142e8ac9689f20c","name":"Editor","image":{"@type":"ImageObject","inLanguage":"es","@id":"https:\/\/www.asajacyl.com\/avila\/#\/schema\/person\/image\/","url":"https:\/\/secure.gravatar.com\/avatar\/a2ef43c165669686cfcfb0e1ffa59869?s=96&d=mm&r=g","contentUrl":"https:\/\/secure.gravatar.com\/avatar\/a2ef43c165669686cfcfb0e1ffa59869?s=96&d=mm&r=g","caption":"Editor"},"url":"https:\/\/www.asajacyl.com\/avila\/author\/oscargg"}]}},"_links":{"self":[{"href":"https:\/\/www.asajacyl.com\/avila\/wp-json\/wp\/v2\/posts\/2420"}],"collection":[{"href":"https:\/\/www.asajacyl.com\/avila\/wp-json\/wp\/v2\/posts"}],"about":[{"href":"https:\/\/www.asajacyl.com\/avila\/wp-json\/wp\/v2\/types\/post"}],"author":[{"embeddable":true,"href":"https:\/\/www.asajacyl.com\/avila\/wp-json\/wp\/v2\/users\/3"}],"replies":[{"embeddable":true,"href":"https:\/\/www.asajacyl.com\/avila\/wp-json\/wp\/v2\/comments?post=2420"}],"version-history":[{"count":0,"href":"https:\/\/www.asajacyl.com\/avila\/wp-json\/wp\/v2\/posts\/2420\/revisions"}],"wp:featuredmedia":[{"embeddable":true,"href":"https:\/\/www.asajacyl.com\/avila\/wp-json\/wp\/v2\/media\/794"}],"wp:attachment":[{"href":"https:\/\/www.asajacyl.com\/avila\/wp-json\/wp\/v2\/media?parent=2420"}],"wp:term":[{"taxonomy":"category","embeddable":true,"href":"https:\/\/www.asajacyl.com\/avila\/wp-json\/wp\/v2\/categories?post=2420"},{"taxonomy":"post_tag","embeddable":true,"href":"https:\/\/www.asajacyl.com\/avila\/wp-json\/wp\/v2\/tags?post=2420"}],"curies":[{"name":"wp","href":"https:\/\/api.w.org\/{rel}","templated":true}]}}