{"id":2421,"date":"2016-02-01T00:00:00","date_gmt":"2016-01-31T23:00:00","guid":{"rendered":"http:\/\/www.asajacyl.com\/avila\/sin-categoria\/azucarera-prorroga-el-incentivo-de-arranque-en-sus-fbricas-de-toro-y-la-baeza"},"modified":"2016-02-01T00:00:00","modified_gmt":"2016-01-31T23:00:00","slug":"azucarera-prorroga-el-incentivo-de-arranque-en-sus-fbricas-de-toro-y-la-baeza","status":"publish","type":"post","link":"https:\/\/www.asajacyl.com\/avila\/servicios-socio\/azucarera-prorroga-el-incentivo-de-arranque-en-sus-fbricas-de-toro-y-la-baeza","title":{"rendered":"Azucarera prorroga el incentivo de arranque en sus f&#225;bricas de Toro y La Ba&#241;eza"},"content":{"rendered":"<h2>Azucarera prorroga el incentivo de arranque hasta el lunes 15 de febrero inclusive. La empresa mantiene el incentivo dirigido a sus agricultores con remolacha pendiente de arrancar con id&#233;nticas condiciones a las planteadas anteriormente.<\/h2>\n<p>Azucarera prorroga el incentivo de arranque hasta el lunes 15 de febrero inclusive. La empresa mantiene el incentivo dirigido a sus agricultores con remolacha pendiente de arrancar con id&#233;nticas condiciones a las planteadas anteriormente:<\/p>\n<p>&#8211; Garantiza la recepci&#243;n en La Ba&#241;eza de toda la remolacha pendiente de arranque en la zona de influencia de la f&#225;brica de Toro. Los agricultores de Toro mantendr&#225;n las mismas condiciones contratadas inicialmente con su f&#225;brica: percibir&#225;n a pleno precio la remolacha excedentaria, cobrar&#225;n la prima de sostenibilidad, entregar&#225;n la remolacha sin descoronar y no asumir&#225;n el mayor coste del transporte a La Ba&#241;eza.<\/p>\n<p>&#8211; Azucarera asumir&#225; el coste de transporte de la remolacha &#8211; que es lo habitual en todos los centros &#8211; y tambi&#233;n el diferencial de coste de transporte desde Toro a La Ba&#241;eza, as&#237; como el transporte de las tierras adheridas a la remolacha, correspondiente a la ra&#237;z arrancada hasta el pr&#243;ximo 15 de febrero. <\/p>\n<p>&#8211; La empresa  seguir&#225;  la evoluci&#243;n de la meteorolog&#237;a  e informar&#225; a sus cultivadores de posibles acciones adicionales, una vez transcurridas las pr&#243;ximas dos semanas.<\/p>\n<p>Situaci&#243;n de los descuentos en Toro y  La Ba&#241;eza<br \/>\nAzucarera est&#225; monitorizando los descuentos de la remolacha contratada en Toro que se ha desplazado a La Ba&#241;eza. La empresa informa de que no existen diferencias significativas entre los resultados de los an&#225;lisis efectuados en el laboratorio de Toro y los efectuados en el laboratorio de La Ba&#241;eza, lo que pone de manifiesto que ambos laboratorios funcionan con los mismos est&#225;ndares de calidad y procedimientos:<\/p>\n<p>En cuanto a los descuentos de la remolacha sembrada en el entorno de La Ba&#241;eza, de los an&#225;lisis cualitativos realizados por Azucarera durante esta campa&#241;a se desprende que los descuentos est&#225;n siendo superiores en La Ba&#241;eza debido a la mayor presencia de piedras y barro por las caracter&#237;sticas estructurales de las tierras, y a la existencia de m&#225;s pudriciones.  As&#237; lo corrobora tambi&#233;n el hecho de que el n&#250;mero de toneladas de arena y piedras gestionadas por Azucarera en La Ba&#241;eza sea superior en m&#225;s del doble al n&#250;mero de toneladas que se gestionan en la f&#225;brica de Toro (35.554 toneladas en La Ba&#241;eza durante la campa&#241;a 14\/15 frente a las 17.705 toneladas de Toro). <\/p>\n<p>Resoluci&#243;n de reclamaciones<br \/>\nLa empresa recuerda a sus agricultores remolacheros que, para los casos en los que no est&#233;n conformes con el descuento obtenido, existe un protocolo de revisi&#243;n de descuentos abierto a todos los agricultores que lo quieran utilizar. Actualmente hay cuatro canales de comunicaci&#243;n de Azucarera y sus remolacheros: la aplicaci&#243;n m&#243;vil, el centro de atenci&#243;n al remolachero de la p&#225;gina web, las consultas directas en f&#225;brica en el horario de atenci&#243;n establecido  y las visitas semanales de los agricultores a las f&#225;bricas. <\/p>\n<p>Dicho protocolo ha sido consensuado con las organizaciones agrarias acreditadas en los laboratorios de cada f&#225;brica y se ha utilizado tanto en la campa&#241;a sur, como en las dos f&#225;bricas del norte ya cerradas. Las organizaciones agrarias son peri&#243;dicamente informadas del n&#250;mero de reclamaciones recibidas y de la resoluci&#243;n de las mismas conforme al mismo. <\/p>\n<p>El protocolo para resolver las reclamaciones consiste en un estudio estad&#237;stico objetivo en el que se utiliza la desviaci&#243;n est&#225;ndar de los valores tanto de descuento como polarizaci&#243;n de dicho agricultor, en un entorno de 14 valores pr&#243;ximos al valor reclamado en fechas de entrega anteriores y posteriores a la del descuento reclamado. Si el descuento que se reclama est&#225; fuera de los l&#237;mites que marca la desviaci&#243;n est&#225;ndar, la reclamaci&#243;n ser&#225; aceptada. <\/p>\n<p>El sistema de reclamaciones que se ha implantado cuenta, por tanto, con el consenso de las Organizaciones Profesionales Agrarias, se aplica de forma transparente y objetiva y est&#225; abierto a todos los agricultores que deseen utilizarlo.<\/p>\n","protected":false},"excerpt":{"rendered":"<p>Azucarera prorroga el incentivo de arranque hasta el lunes 15 de febrero inclusive. La empresa mantiene el incentivo dirigido a sus agricultores con remolacha pendiente de arrancar con id&#233;nticas condiciones a las planteadas anteriormente.<\/p>\n","protected":false},"author":3,"featured_media":794,"comment_status":"open","ping_status":"open","sticky":false,"template":"","format":"standard","meta":{"footnotes":""},"categories":[24,9],"tags":[],"yoast_head":"<!-- This site is optimized with the Yoast SEO plugin v24.5 - https:\/\/yoast.com\/wordpress\/plugins\/seo\/ -->\n<title>Azucarera prorroga el incentivo de arranque en sus f&#225;bricas de Toro y La Ba&#241;eza - ASAJA \u00c1vila<\/title>\n<meta name=\"description\" content=\"Azucarera prorroga el incentivo de arranque hasta el lunes 15 de febrero inclusive. La empresa mantiene el incentivo dirigido a sus agricultores con remolacha pendiente de arrancar con id&#233;nticas condiciones a las planteadas anteriormente.\" \/>\n<meta name=\"robots\" content=\"index, follow, max-snippet:-1, max-image-preview:large, max-video-preview:-1\" \/>\n<link rel=\"canonical\" href=\"https:\/\/www.asajacyl.com\/avila\/servicios-socio\/azucarera-prorroga-el-incentivo-de-arranque-en-sus-fbricas-de-toro-y-la-baeza\" \/>\n<meta property=\"og:locale\" content=\"es_ES\" \/>\n<meta property=\"og:type\" content=\"article\" \/>\n<meta property=\"og:title\" content=\"Azucarera prorroga el incentivo de arranque en sus f&#225;bricas de Toro y La Ba&#241;eza - ASAJA \u00c1vila\" \/>\n<meta property=\"og:description\" content=\"Azucarera prorroga el incentivo de arranque hasta el lunes 15 de febrero inclusive. La empresa mantiene el incentivo dirigido a sus agricultores con remolacha pendiente de arrancar con id&#233;nticas condiciones a las planteadas anteriormente.\" \/>\n<meta property=\"og:url\" content=\"https:\/\/www.asajacyl.com\/avila\/servicios-socio\/azucarera-prorroga-el-incentivo-de-arranque-en-sus-fbricas-de-toro-y-la-baeza\" \/>\n<meta property=\"og:site_name\" content=\"ASAJA \u00c1vila\" \/>\n<meta property=\"article:published_time\" content=\"2016-01-31T23:00:00+00:00\" \/>\n<meta property=\"og:image\" content=\"https:\/\/www.asajacyl.com\/avila\/wp-content\/uploads\/sites\/4\/2017\/11\/im_predefinida_1920x1080.jpg\" \/>\n\t<meta property=\"og:image:width\" content=\"1920\" \/>\n\t<meta property=\"og:image:height\" content=\"1080\" \/>\n\t<meta property=\"og:image:type\" content=\"image\/jpeg\" \/>\n<meta name=\"author\" content=\"Editor\" \/>\n<meta name=\"twitter:card\" content=\"summary_large_image\" \/>\n<meta name=\"twitter:label1\" content=\"Escrito por\" \/>\n\t<meta name=\"twitter:data1\" content=\"Editor\" \/>\n\t<meta name=\"twitter:label2\" content=\"Tiempo de lectura\" \/>\n\t<meta name=\"twitter:data2\" content=\"4 minutos\" \/>\n<script type=\"application\/ld+json\" class=\"yoast-schema-graph\">{\"@context\":\"https:\/\/schema.org\",\"@graph\":[{\"@type\":\"WebPage\",\"@id\":\"https:\/\/www.asajacyl.com\/avila\/servicios-socio\/azucarera-prorroga-el-incentivo-de-arranque-en-sus-fbricas-de-toro-y-la-baeza\",\"url\":\"https:\/\/www.asajacyl.com\/avila\/servicios-socio\/azucarera-prorroga-el-incentivo-de-arranque-en-sus-fbricas-de-toro-y-la-baeza\",\"name\":\"Azucarera prorroga el incentivo de arranque en sus f&#225;bricas de Toro y La Ba&#241;eza - ASAJA \u00c1vila\",\"isPartOf\":{\"@id\":\"https:\/\/www.asajacyl.com\/avila\/#website\"},\"primaryImageOfPage\":{\"@id\":\"https:\/\/www.asajacyl.com\/avila\/servicios-socio\/azucarera-prorroga-el-incentivo-de-arranque-en-sus-fbricas-de-toro-y-la-baeza#primaryimage\"},\"image\":{\"@id\":\"https:\/\/www.asajacyl.com\/avila\/servicios-socio\/azucarera-prorroga-el-incentivo-de-arranque-en-sus-fbricas-de-toro-y-la-baeza#primaryimage\"},\"thumbnailUrl\":\"https:\/\/www.asajacyl.com\/avila\/wp-content\/uploads\/sites\/4\/2017\/11\/im_predefinida_1920x1080.jpg\",\"datePublished\":\"2016-01-31T23:00:00+00:00\",\"author\":{\"@id\":\"https:\/\/www.asajacyl.com\/avila\/#\/schema\/person\/7e884476cee132331142e8ac9689f20c\"},\"description\":\"Azucarera prorroga el incentivo de arranque hasta el lunes 15 de febrero inclusive. La empresa mantiene el incentivo dirigido a sus agricultores con remolacha pendiente de arrancar con id&#233;nticas condiciones a las planteadas anteriormente.\",\"breadcrumb\":{\"@id\":\"https:\/\/www.asajacyl.com\/avila\/servicios-socio\/azucarera-prorroga-el-incentivo-de-arranque-en-sus-fbricas-de-toro-y-la-baeza#breadcrumb\"},\"inLanguage\":\"es\",\"potentialAction\":[{\"@type\":\"ReadAction\",\"target\":[\"https:\/\/www.asajacyl.com\/avila\/servicios-socio\/azucarera-prorroga-el-incentivo-de-arranque-en-sus-fbricas-de-toro-y-la-baeza\"]}]},{\"@type\":\"ImageObject\",\"inLanguage\":\"es\",\"@id\":\"https:\/\/www.asajacyl.com\/avila\/servicios-socio\/azucarera-prorroga-el-incentivo-de-arranque-en-sus-fbricas-de-toro-y-la-baeza#primaryimage\",\"url\":\"https:\/\/www.asajacyl.com\/avila\/wp-content\/uploads\/sites\/4\/2017\/11\/im_predefinida_1920x1080.jpg\",\"contentUrl\":\"https:\/\/www.asajacyl.com\/avila\/wp-content\/uploads\/sites\/4\/2017\/11\/im_predefinida_1920x1080.jpg\",\"width\":1920,\"height\":1080,\"caption\":\"Logotipo ASAJA \u00c1vila\"},{\"@type\":\"BreadcrumbList\",\"@id\":\"https:\/\/www.asajacyl.com\/avila\/servicios-socio\/azucarera-prorroga-el-incentivo-de-arranque-en-sus-fbricas-de-toro-y-la-baeza#breadcrumb\",\"itemListElement\":[{\"@type\":\"ListItem\",\"position\":1,\"name\":\"Portada\",\"item\":\"https:\/\/www.asajacyl.com\/avila\/\"},{\"@type\":\"ListItem\",\"position\":2,\"name\":\"Azucarera prorroga el incentivo de arranque en sus f&#225;bricas de Toro y La Ba&#241;eza\"}]},{\"@type\":\"WebSite\",\"@id\":\"https:\/\/www.asajacyl.com\/avila\/#website\",\"url\":\"https:\/\/www.asajacyl.com\/avila\/\",\"name\":\"ASAJA \u00c1vila\",\"description\":\"Otro sitio m\u00e1s de Provincias ASAJA Castilla y Le\u00f3n\",\"potentialAction\":[{\"@type\":\"SearchAction\",\"target\":{\"@type\":\"EntryPoint\",\"urlTemplate\":\"https:\/\/www.asajacyl.com\/avila\/?s={search_term_string}\"},\"query-input\":{\"@type\":\"PropertyValueSpecification\",\"valueRequired\":true,\"valueName\":\"search_term_string\"}}],\"inLanguage\":\"es\"},{\"@type\":\"Person\",\"@id\":\"https:\/\/www.asajacyl.com\/avila\/#\/schema\/person\/7e884476cee132331142e8ac9689f20c\",\"name\":\"Editor\",\"image\":{\"@type\":\"ImageObject\",\"inLanguage\":\"es\",\"@id\":\"https:\/\/www.asajacyl.com\/avila\/#\/schema\/person\/image\/\",\"url\":\"https:\/\/secure.gravatar.com\/avatar\/a2ef43c165669686cfcfb0e1ffa59869?s=96&d=mm&r=g\",\"contentUrl\":\"https:\/\/secure.gravatar.com\/avatar\/a2ef43c165669686cfcfb0e1ffa59869?s=96&d=mm&r=g\",\"caption\":\"Editor\"},\"url\":\"https:\/\/www.asajacyl.com\/avila\/author\/oscargg\"}]}<\/script>\n<!-- \/ Yoast SEO plugin. -->","yoast_head_json":{"title":"Azucarera prorroga el incentivo de arranque en sus f&#225;bricas de Toro y La Ba&#241;eza - ASAJA \u00c1vila","description":"Azucarera prorroga el incentivo de arranque hasta el lunes 15 de febrero inclusive. La empresa mantiene el incentivo dirigido a sus agricultores con remolacha pendiente de arrancar con id&#233;nticas condiciones a las planteadas anteriormente.","robots":{"index":"index","follow":"follow","max-snippet":"max-snippet:-1","max-image-preview":"max-image-preview:large","max-video-preview":"max-video-preview:-1"},"canonical":"https:\/\/www.asajacyl.com\/avila\/servicios-socio\/azucarera-prorroga-el-incentivo-de-arranque-en-sus-fbricas-de-toro-y-la-baeza","og_locale":"es_ES","og_type":"article","og_title":"Azucarera prorroga el incentivo de arranque en sus f&#225;bricas de Toro y La Ba&#241;eza - ASAJA \u00c1vila","og_description":"Azucarera prorroga el incentivo de arranque hasta el lunes 15 de febrero inclusive. La empresa mantiene el incentivo dirigido a sus agricultores con remolacha pendiente de arrancar con id&#233;nticas condiciones a las planteadas anteriormente.","og_url":"https:\/\/www.asajacyl.com\/avila\/servicios-socio\/azucarera-prorroga-el-incentivo-de-arranque-en-sus-fbricas-de-toro-y-la-baeza","og_site_name":"ASAJA \u00c1vila","article_published_time":"2016-01-31T23:00:00+00:00","og_image":[{"width":1920,"height":1080,"url":"https:\/\/www.asajacyl.com\/avila\/wp-content\/uploads\/sites\/4\/2017\/11\/im_predefinida_1920x1080.jpg","type":"image\/jpeg"}],"author":"Editor","twitter_card":"summary_large_image","twitter_misc":{"Escrito por":"Editor","Tiempo de lectura":"4 minutos"},"schema":{"@context":"https:\/\/schema.org","@graph":[{"@type":"WebPage","@id":"https:\/\/www.asajacyl.com\/avila\/servicios-socio\/azucarera-prorroga-el-incentivo-de-arranque-en-sus-fbricas-de-toro-y-la-baeza","url":"https:\/\/www.asajacyl.com\/avila\/servicios-socio\/azucarera-prorroga-el-incentivo-de-arranque-en-sus-fbricas-de-toro-y-la-baeza","name":"Azucarera prorroga el incentivo de arranque en sus f&#225;bricas de Toro y La Ba&#241;eza - ASAJA \u00c1vila","isPartOf":{"@id":"https:\/\/www.asajacyl.com\/avila\/#website"},"primaryImageOfPage":{"@id":"https:\/\/www.asajacyl.com\/avila\/servicios-socio\/azucarera-prorroga-el-incentivo-de-arranque-en-sus-fbricas-de-toro-y-la-baeza#primaryimage"},"image":{"@id":"https:\/\/www.asajacyl.com\/avila\/servicios-socio\/azucarera-prorroga-el-incentivo-de-arranque-en-sus-fbricas-de-toro-y-la-baeza#primaryimage"},"thumbnailUrl":"https:\/\/www.asajacyl.com\/avila\/wp-content\/uploads\/sites\/4\/2017\/11\/im_predefinida_1920x1080.jpg","datePublished":"2016-01-31T23:00:00+00:00","author":{"@id":"https:\/\/www.asajacyl.com\/avila\/#\/schema\/person\/7e884476cee132331142e8ac9689f20c"},"description":"Azucarera prorroga el incentivo de arranque hasta el lunes 15 de febrero inclusive. La empresa mantiene el incentivo dirigido a sus agricultores con remolacha pendiente de arrancar con id&#233;nticas condiciones a las planteadas anteriormente.","breadcrumb":{"@id":"https:\/\/www.asajacyl.com\/avila\/servicios-socio\/azucarera-prorroga-el-incentivo-de-arranque-en-sus-fbricas-de-toro-y-la-baeza#breadcrumb"},"inLanguage":"es","potentialAction":[{"@type":"ReadAction","target":["https:\/\/www.asajacyl.com\/avila\/servicios-socio\/azucarera-prorroga-el-incentivo-de-arranque-en-sus-fbricas-de-toro-y-la-baeza"]}]},{"@type":"ImageObject","inLanguage":"es","@id":"https:\/\/www.asajacyl.com\/avila\/servicios-socio\/azucarera-prorroga-el-incentivo-de-arranque-en-sus-fbricas-de-toro-y-la-baeza#primaryimage","url":"https:\/\/www.asajacyl.com\/avila\/wp-content\/uploads\/sites\/4\/2017\/11\/im_predefinida_1920x1080.jpg","contentUrl":"https:\/\/www.asajacyl.com\/avila\/wp-content\/uploads\/sites\/4\/2017\/11\/im_predefinida_1920x1080.jpg","width":1920,"height":1080,"caption":"Logotipo ASAJA \u00c1vila"},{"@type":"BreadcrumbList","@id":"https:\/\/www.asajacyl.com\/avila\/servicios-socio\/azucarera-prorroga-el-incentivo-de-arranque-en-sus-fbricas-de-toro-y-la-baeza#breadcrumb","itemListElement":[{"@type":"ListItem","position":1,"name":"Portada","item":"https:\/\/www.asajacyl.com\/avila\/"},{"@type":"ListItem","position":2,"name":"Azucarera prorroga el incentivo de arranque en sus f&#225;bricas de Toro y La Ba&#241;eza"}]},{"@type":"WebSite","@id":"https:\/\/www.asajacyl.com\/avila\/#website","url":"https:\/\/www.asajacyl.com\/avila\/","name":"ASAJA \u00c1vila","description":"Otro sitio m\u00e1s de Provincias ASAJA Castilla y Le\u00f3n","potentialAction":[{"@type":"SearchAction","target":{"@type":"EntryPoint","urlTemplate":"https:\/\/www.asajacyl.com\/avila\/?s={search_term_string}"},"query-input":{"@type":"PropertyValueSpecification","valueRequired":true,"valueName":"search_term_string"}}],"inLanguage":"es"},{"@type":"Person","@id":"https:\/\/www.asajacyl.com\/avila\/#\/schema\/person\/7e884476cee132331142e8ac9689f20c","name":"Editor","image":{"@type":"ImageObject","inLanguage":"es","@id":"https:\/\/www.asajacyl.com\/avila\/#\/schema\/person\/image\/","url":"https:\/\/secure.gravatar.com\/avatar\/a2ef43c165669686cfcfb0e1ffa59869?s=96&d=mm&r=g","contentUrl":"https:\/\/secure.gravatar.com\/avatar\/a2ef43c165669686cfcfb0e1ffa59869?s=96&d=mm&r=g","caption":"Editor"},"url":"https:\/\/www.asajacyl.com\/avila\/author\/oscargg"}]}},"_links":{"self":[{"href":"https:\/\/www.asajacyl.com\/avila\/wp-json\/wp\/v2\/posts\/2421"}],"collection":[{"href":"https:\/\/www.asajacyl.com\/avila\/wp-json\/wp\/v2\/posts"}],"about":[{"href":"https:\/\/www.asajacyl.com\/avila\/wp-json\/wp\/v2\/types\/post"}],"author":[{"embeddable":true,"href":"https:\/\/www.asajacyl.com\/avila\/wp-json\/wp\/v2\/users\/3"}],"replies":[{"embeddable":true,"href":"https:\/\/www.asajacyl.com\/avila\/wp-json\/wp\/v2\/comments?post=2421"}],"version-history":[{"count":0,"href":"https:\/\/www.asajacyl.com\/avila\/wp-json\/wp\/v2\/posts\/2421\/revisions"}],"wp:featuredmedia":[{"embeddable":true,"href":"https:\/\/www.asajacyl.com\/avila\/wp-json\/wp\/v2\/media\/794"}],"wp:attachment":[{"href":"https:\/\/www.asajacyl.com\/avila\/wp-json\/wp\/v2\/media?parent=2421"}],"wp:term":[{"taxonomy":"category","embeddable":true,"href":"https:\/\/www.asajacyl.com\/avila\/wp-json\/wp\/v2\/categories?post=2421"},{"taxonomy":"post_tag","embeddable":true,"href":"https:\/\/www.asajacyl.com\/avila\/wp-json\/wp\/v2\/tags?post=2421"}],"curies":[{"name":"wp","href":"https:\/\/api.w.org\/{rel}","templated":true}]}}