{"id":2428,"date":"2016-01-13T00:00:00","date_gmt":"2016-01-12T23:00:00","guid":{"rendered":"http:\/\/www.asajacyl.com\/avila\/sin-categoria\/nace-infopac-servicio-digital-informativo-para-dispositivos-mviles-sobre-la-pac-impulsado-por-el-fega"},"modified":"2016-01-13T00:00:00","modified_gmt":"2016-01-12T23:00:00","slug":"nace-infopac-servicio-digital-informativo-para-dispositivos-mviles-sobre-la-pac-impulsado-por-el-fega","status":"publish","type":"post","link":"https:\/\/www.asajacyl.com\/avila\/servicios-socio\/nace-infopac-servicio-digital-informativo-para-dispositivos-mviles-sobre-la-pac-impulsado-por-el-fega","title":{"rendered":"Nace InfoPAC, servicio digital informativo para dispositivos m&#243;viles sobre la PAC impulsado por el FEGA"},"content":{"rendered":"<h2>Ya puede descargarse en el m&#243;vil InfoPAC, servicio digital informativo para dispositivos m&#243;viles sobre la Pol&#237;tica Agraria Com&#250;n impulsado por el FEGA.<\/h2>\n<div class=\"articulo_descripcion articulo_descripcion_plantilla-defecto-articulo articulo_descripcion_servicios articulo_descripcion_true\">\n<p>\nYa puede descargarse en el m&#243;vil InfoPAC, servicio digital informativo para dispositivos m&#243;viles sobre la Pol&#237;tica Agraria Com&#250;n impulsado por el Fondo Espa&#241;ol de Garant&#237;a Agraria (FEGA) y el Ministerio de Agricultura de Espa&#241;a (MAGRAMA).<\/p>\n<p>\nLa aplicaci&#243;n oficial de asesoramiento de la PAC est&#225; dirigida a agricultores y t&#233;cnicos que pueden acceder a las ultimas noticias sobre la PAC en Espa&#241;a, un cat&#225;logo de documentos pr&#225;cticos de referencia para descargar, un consultorio abierto online donde preguntar a los expertos las dudas de interpretaci&#243;n que se produzcan y finalmente consultar instant&#225;neamente los derechos PAC reconocidos.<\/p>\n<p>\nDesde hoy, la APP se puede descargar en las <strong>plataformas Android e IOS<\/strong>.<\/p>\n<p>\nEl Fondo Espa&#241;ol de Garant&#237;a Agraria es el organismo estatal encargado de coordinar la gesti&#243;n de los fondos europeos agr&#237;colas juntos con las respectivas comunidades aut&#243;nomas espa&#241;olas.<\/p>\n<p>\nEnlace para efectuar la descarga gratuita:<\/p>\n<p>\n<a class=\"articulo_relacionado_link\" href=\"https:\/\/play.google.com\/store\/apps\/details?id=mobile.chil.org.infopac&amp;referrer=utm_source%3DAndroidPIT%26utm_medium%3DAndroidPIT%26utm_campaign%3DAndroidPIT\" target=\"_blank\" title=\"https:\/\/play.google.com\/store\/apps\/details?id=mobile.chil.org.infopac&amp;referrer=utm_source%3DAndroidPIT%26utm_medium%3DAndroidPIT%26utm_campaign%3DAndroidPIT\">https:\/\/play.google.com\/store\/apps\/details?id=mobile.chil.org.infopac&amp;referrer=utm_source%3DAndroidPIT%26utm_medium%3DAndroidPIT%26utm_campaign%3DAndroidPIT<\/a><\/p>\n<\/div>\n","protected":false},"excerpt":{"rendered":"<p>Ya puede descargarse en el m&#243;vil InfoPAC, servicio digital informativo para dispositivos m&#243;viles sobre la Pol&#237;tica Agraria Com&#250;n impulsado por el FEGA.<\/p>\n","protected":false},"author":3,"featured_media":794,"comment_status":"open","ping_status":"open","sticky":false,"template":"","format":"standard","meta":{"footnotes":""},"categories":[24,9],"tags":[],"yoast_head":"<!-- This site is optimized with the Yoast SEO plugin v24.5 - https:\/\/yoast.com\/wordpress\/plugins\/seo\/ -->\n<title>Nace InfoPAC, servicio digital informativo para dispositivos m&#243;viles sobre la PAC impulsado por el FEGA - ASAJA \u00c1vila<\/title>\n<meta name=\"description\" content=\"Ya puede descargarse en el m&#243;vil InfoPAC, servicio digital informativo para dispositivos m&#243;viles sobre la Pol&#237;tica Agraria Com&#250;n impulsado por el FEGA.\" \/>\n<meta name=\"robots\" content=\"index, follow, max-snippet:-1, max-image-preview:large, max-video-preview:-1\" \/>\n<link rel=\"canonical\" href=\"https:\/\/www.asajacyl.com\/avila\/servicios-socio\/nace-infopac-servicio-digital-informativo-para-dispositivos-mviles-sobre-la-pac-impulsado-por-el-fega\" \/>\n<meta property=\"og:locale\" content=\"es_ES\" \/>\n<meta property=\"og:type\" content=\"article\" \/>\n<meta property=\"og:title\" content=\"Nace InfoPAC, servicio digital informativo para dispositivos m&#243;viles sobre la PAC impulsado por el FEGA - ASAJA \u00c1vila\" \/>\n<meta property=\"og:description\" content=\"Ya puede descargarse en el m&#243;vil InfoPAC, servicio digital informativo para dispositivos m&#243;viles sobre la Pol&#237;tica Agraria Com&#250;n impulsado por el FEGA.\" \/>\n<meta property=\"og:url\" content=\"https:\/\/www.asajacyl.com\/avila\/servicios-socio\/nace-infopac-servicio-digital-informativo-para-dispositivos-mviles-sobre-la-pac-impulsado-por-el-fega\" \/>\n<meta property=\"og:site_name\" content=\"ASAJA \u00c1vila\" \/>\n<meta property=\"article:published_time\" content=\"2016-01-12T23:00:00+00:00\" \/>\n<meta property=\"og:image\" content=\"https:\/\/www.asajacyl.com\/avila\/wp-content\/uploads\/sites\/4\/2017\/11\/im_predefinida_1920x1080.jpg\" \/>\n\t<meta property=\"og:image:width\" content=\"1920\" \/>\n\t<meta property=\"og:image:height\" content=\"1080\" \/>\n\t<meta property=\"og:image:type\" content=\"image\/jpeg\" \/>\n<meta name=\"author\" content=\"Editor\" \/>\n<meta name=\"twitter:card\" content=\"summary_large_image\" \/>\n<meta name=\"twitter:label1\" content=\"Escrito por\" \/>\n\t<meta name=\"twitter:data1\" content=\"Editor\" \/>\n\t<meta name=\"twitter:label2\" content=\"Tiempo de lectura\" \/>\n\t<meta name=\"twitter:data2\" content=\"1 minuto\" \/>\n<script type=\"application\/ld+json\" class=\"yoast-schema-graph\">{\"@context\":\"https:\/\/schema.org\",\"@graph\":[{\"@type\":\"WebPage\",\"@id\":\"https:\/\/www.asajacyl.com\/avila\/servicios-socio\/nace-infopac-servicio-digital-informativo-para-dispositivos-mviles-sobre-la-pac-impulsado-por-el-fega\",\"url\":\"https:\/\/www.asajacyl.com\/avila\/servicios-socio\/nace-infopac-servicio-digital-informativo-para-dispositivos-mviles-sobre-la-pac-impulsado-por-el-fega\",\"name\":\"Nace InfoPAC, servicio digital informativo para dispositivos m&#243;viles sobre la PAC impulsado por el FEGA - ASAJA \u00c1vila\",\"isPartOf\":{\"@id\":\"https:\/\/www.asajacyl.com\/avila\/#website\"},\"primaryImageOfPage\":{\"@id\":\"https:\/\/www.asajacyl.com\/avila\/servicios-socio\/nace-infopac-servicio-digital-informativo-para-dispositivos-mviles-sobre-la-pac-impulsado-por-el-fega#primaryimage\"},\"image\":{\"@id\":\"https:\/\/www.asajacyl.com\/avila\/servicios-socio\/nace-infopac-servicio-digital-informativo-para-dispositivos-mviles-sobre-la-pac-impulsado-por-el-fega#primaryimage\"},\"thumbnailUrl\":\"https:\/\/www.asajacyl.com\/avila\/wp-content\/uploads\/sites\/4\/2017\/11\/im_predefinida_1920x1080.jpg\",\"datePublished\":\"2016-01-12T23:00:00+00:00\",\"author\":{\"@id\":\"https:\/\/www.asajacyl.com\/avila\/#\/schema\/person\/7e884476cee132331142e8ac9689f20c\"},\"description\":\"Ya puede descargarse en el m&#243;vil InfoPAC, servicio digital informativo para dispositivos m&#243;viles sobre la Pol&#237;tica Agraria Com&#250;n impulsado por el FEGA.\",\"breadcrumb\":{\"@id\":\"https:\/\/www.asajacyl.com\/avila\/servicios-socio\/nace-infopac-servicio-digital-informativo-para-dispositivos-mviles-sobre-la-pac-impulsado-por-el-fega#breadcrumb\"},\"inLanguage\":\"es\",\"potentialAction\":[{\"@type\":\"ReadAction\",\"target\":[\"https:\/\/www.asajacyl.com\/avila\/servicios-socio\/nace-infopac-servicio-digital-informativo-para-dispositivos-mviles-sobre-la-pac-impulsado-por-el-fega\"]}]},{\"@type\":\"ImageObject\",\"inLanguage\":\"es\",\"@id\":\"https:\/\/www.asajacyl.com\/avila\/servicios-socio\/nace-infopac-servicio-digital-informativo-para-dispositivos-mviles-sobre-la-pac-impulsado-por-el-fega#primaryimage\",\"url\":\"https:\/\/www.asajacyl.com\/avila\/wp-content\/uploads\/sites\/4\/2017\/11\/im_predefinida_1920x1080.jpg\",\"contentUrl\":\"https:\/\/www.asajacyl.com\/avila\/wp-content\/uploads\/sites\/4\/2017\/11\/im_predefinida_1920x1080.jpg\",\"width\":1920,\"height\":1080,\"caption\":\"Logotipo ASAJA \u00c1vila\"},{\"@type\":\"BreadcrumbList\",\"@id\":\"https:\/\/www.asajacyl.com\/avila\/servicios-socio\/nace-infopac-servicio-digital-informativo-para-dispositivos-mviles-sobre-la-pac-impulsado-por-el-fega#breadcrumb\",\"itemListElement\":[{\"@type\":\"ListItem\",\"position\":1,\"name\":\"Portada\",\"item\":\"https:\/\/www.asajacyl.com\/avila\/\"},{\"@type\":\"ListItem\",\"position\":2,\"name\":\"Nace InfoPAC, servicio digital informativo para dispositivos m&#243;viles sobre la PAC impulsado por el FEGA\"}]},{\"@type\":\"WebSite\",\"@id\":\"https:\/\/www.asajacyl.com\/avila\/#website\",\"url\":\"https:\/\/www.asajacyl.com\/avila\/\",\"name\":\"ASAJA \u00c1vila\",\"description\":\"Otro sitio m\u00e1s de Provincias ASAJA Castilla y Le\u00f3n\",\"potentialAction\":[{\"@type\":\"SearchAction\",\"target\":{\"@type\":\"EntryPoint\",\"urlTemplate\":\"https:\/\/www.asajacyl.com\/avila\/?s={search_term_string}\"},\"query-input\":{\"@type\":\"PropertyValueSpecification\",\"valueRequired\":true,\"valueName\":\"search_term_string\"}}],\"inLanguage\":\"es\"},{\"@type\":\"Person\",\"@id\":\"https:\/\/www.asajacyl.com\/avila\/#\/schema\/person\/7e884476cee132331142e8ac9689f20c\",\"name\":\"Editor\",\"image\":{\"@type\":\"ImageObject\",\"inLanguage\":\"es\",\"@id\":\"https:\/\/www.asajacyl.com\/avila\/#\/schema\/person\/image\/\",\"url\":\"https:\/\/secure.gravatar.com\/avatar\/a2ef43c165669686cfcfb0e1ffa59869?s=96&d=mm&r=g\",\"contentUrl\":\"https:\/\/secure.gravatar.com\/avatar\/a2ef43c165669686cfcfb0e1ffa59869?s=96&d=mm&r=g\",\"caption\":\"Editor\"},\"url\":\"https:\/\/www.asajacyl.com\/avila\/author\/oscargg\"}]}<\/script>\n<!-- \/ Yoast SEO plugin. -->","yoast_head_json":{"title":"Nace InfoPAC, servicio digital informativo para dispositivos m&#243;viles sobre la PAC impulsado por el FEGA - ASAJA \u00c1vila","description":"Ya puede descargarse en el m&#243;vil InfoPAC, servicio digital informativo para dispositivos m&#243;viles sobre la Pol&#237;tica Agraria Com&#250;n impulsado por el FEGA.","robots":{"index":"index","follow":"follow","max-snippet":"max-snippet:-1","max-image-preview":"max-image-preview:large","max-video-preview":"max-video-preview:-1"},"canonical":"https:\/\/www.asajacyl.com\/avila\/servicios-socio\/nace-infopac-servicio-digital-informativo-para-dispositivos-mviles-sobre-la-pac-impulsado-por-el-fega","og_locale":"es_ES","og_type":"article","og_title":"Nace InfoPAC, servicio digital informativo para dispositivos m&#243;viles sobre la PAC impulsado por el FEGA - ASAJA \u00c1vila","og_description":"Ya puede descargarse en el m&#243;vil InfoPAC, servicio digital informativo para dispositivos m&#243;viles sobre la Pol&#237;tica Agraria Com&#250;n impulsado por el FEGA.","og_url":"https:\/\/www.asajacyl.com\/avila\/servicios-socio\/nace-infopac-servicio-digital-informativo-para-dispositivos-mviles-sobre-la-pac-impulsado-por-el-fega","og_site_name":"ASAJA \u00c1vila","article_published_time":"2016-01-12T23:00:00+00:00","og_image":[{"width":1920,"height":1080,"url":"https:\/\/www.asajacyl.com\/avila\/wp-content\/uploads\/sites\/4\/2017\/11\/im_predefinida_1920x1080.jpg","type":"image\/jpeg"}],"author":"Editor","twitter_card":"summary_large_image","twitter_misc":{"Escrito por":"Editor","Tiempo de lectura":"1 minuto"},"schema":{"@context":"https:\/\/schema.org","@graph":[{"@type":"WebPage","@id":"https:\/\/www.asajacyl.com\/avila\/servicios-socio\/nace-infopac-servicio-digital-informativo-para-dispositivos-mviles-sobre-la-pac-impulsado-por-el-fega","url":"https:\/\/www.asajacyl.com\/avila\/servicios-socio\/nace-infopac-servicio-digital-informativo-para-dispositivos-mviles-sobre-la-pac-impulsado-por-el-fega","name":"Nace InfoPAC, servicio digital informativo para dispositivos m&#243;viles sobre la PAC impulsado por el FEGA - ASAJA \u00c1vila","isPartOf":{"@id":"https:\/\/www.asajacyl.com\/avila\/#website"},"primaryImageOfPage":{"@id":"https:\/\/www.asajacyl.com\/avila\/servicios-socio\/nace-infopac-servicio-digital-informativo-para-dispositivos-mviles-sobre-la-pac-impulsado-por-el-fega#primaryimage"},"image":{"@id":"https:\/\/www.asajacyl.com\/avila\/servicios-socio\/nace-infopac-servicio-digital-informativo-para-dispositivos-mviles-sobre-la-pac-impulsado-por-el-fega#primaryimage"},"thumbnailUrl":"https:\/\/www.asajacyl.com\/avila\/wp-content\/uploads\/sites\/4\/2017\/11\/im_predefinida_1920x1080.jpg","datePublished":"2016-01-12T23:00:00+00:00","author":{"@id":"https:\/\/www.asajacyl.com\/avila\/#\/schema\/person\/7e884476cee132331142e8ac9689f20c"},"description":"Ya puede descargarse en el m&#243;vil InfoPAC, servicio digital informativo para dispositivos m&#243;viles sobre la Pol&#237;tica Agraria Com&#250;n impulsado por el FEGA.","breadcrumb":{"@id":"https:\/\/www.asajacyl.com\/avila\/servicios-socio\/nace-infopac-servicio-digital-informativo-para-dispositivos-mviles-sobre-la-pac-impulsado-por-el-fega#breadcrumb"},"inLanguage":"es","potentialAction":[{"@type":"ReadAction","target":["https:\/\/www.asajacyl.com\/avila\/servicios-socio\/nace-infopac-servicio-digital-informativo-para-dispositivos-mviles-sobre-la-pac-impulsado-por-el-fega"]}]},{"@type":"ImageObject","inLanguage":"es","@id":"https:\/\/www.asajacyl.com\/avila\/servicios-socio\/nace-infopac-servicio-digital-informativo-para-dispositivos-mviles-sobre-la-pac-impulsado-por-el-fega#primaryimage","url":"https:\/\/www.asajacyl.com\/avila\/wp-content\/uploads\/sites\/4\/2017\/11\/im_predefinida_1920x1080.jpg","contentUrl":"https:\/\/www.asajacyl.com\/avila\/wp-content\/uploads\/sites\/4\/2017\/11\/im_predefinida_1920x1080.jpg","width":1920,"height":1080,"caption":"Logotipo ASAJA \u00c1vila"},{"@type":"BreadcrumbList","@id":"https:\/\/www.asajacyl.com\/avila\/servicios-socio\/nace-infopac-servicio-digital-informativo-para-dispositivos-mviles-sobre-la-pac-impulsado-por-el-fega#breadcrumb","itemListElement":[{"@type":"ListItem","position":1,"name":"Portada","item":"https:\/\/www.asajacyl.com\/avila\/"},{"@type":"ListItem","position":2,"name":"Nace InfoPAC, servicio digital informativo para dispositivos m&#243;viles sobre la PAC impulsado por el FEGA"}]},{"@type":"WebSite","@id":"https:\/\/www.asajacyl.com\/avila\/#website","url":"https:\/\/www.asajacyl.com\/avila\/","name":"ASAJA \u00c1vila","description":"Otro sitio m\u00e1s de Provincias ASAJA Castilla y Le\u00f3n","potentialAction":[{"@type":"SearchAction","target":{"@type":"EntryPoint","urlTemplate":"https:\/\/www.asajacyl.com\/avila\/?s={search_term_string}"},"query-input":{"@type":"PropertyValueSpecification","valueRequired":true,"valueName":"search_term_string"}}],"inLanguage":"es"},{"@type":"Person","@id":"https:\/\/www.asajacyl.com\/avila\/#\/schema\/person\/7e884476cee132331142e8ac9689f20c","name":"Editor","image":{"@type":"ImageObject","inLanguage":"es","@id":"https:\/\/www.asajacyl.com\/avila\/#\/schema\/person\/image\/","url":"https:\/\/secure.gravatar.com\/avatar\/a2ef43c165669686cfcfb0e1ffa59869?s=96&d=mm&r=g","contentUrl":"https:\/\/secure.gravatar.com\/avatar\/a2ef43c165669686cfcfb0e1ffa59869?s=96&d=mm&r=g","caption":"Editor"},"url":"https:\/\/www.asajacyl.com\/avila\/author\/oscargg"}]}},"_links":{"self":[{"href":"https:\/\/www.asajacyl.com\/avila\/wp-json\/wp\/v2\/posts\/2428"}],"collection":[{"href":"https:\/\/www.asajacyl.com\/avila\/wp-json\/wp\/v2\/posts"}],"about":[{"href":"https:\/\/www.asajacyl.com\/avila\/wp-json\/wp\/v2\/types\/post"}],"author":[{"embeddable":true,"href":"https:\/\/www.asajacyl.com\/avila\/wp-json\/wp\/v2\/users\/3"}],"replies":[{"embeddable":true,"href":"https:\/\/www.asajacyl.com\/avila\/wp-json\/wp\/v2\/comments?post=2428"}],"version-history":[{"count":0,"href":"https:\/\/www.asajacyl.com\/avila\/wp-json\/wp\/v2\/posts\/2428\/revisions"}],"wp:featuredmedia":[{"embeddable":true,"href":"https:\/\/www.asajacyl.com\/avila\/wp-json\/wp\/v2\/media\/794"}],"wp:attachment":[{"href":"https:\/\/www.asajacyl.com\/avila\/wp-json\/wp\/v2\/media?parent=2428"}],"wp:term":[{"taxonomy":"category","embeddable":true,"href":"https:\/\/www.asajacyl.com\/avila\/wp-json\/wp\/v2\/categories?post=2428"},{"taxonomy":"post_tag","embeddable":true,"href":"https:\/\/www.asajacyl.com\/avila\/wp-json\/wp\/v2\/tags?post=2428"}],"curies":[{"name":"wp","href":"https:\/\/api.w.org\/{rel}","templated":true}]}}