{"id":2430,"date":"2016-01-12T00:00:00","date_gmt":"2016-01-11T23:00:00","guid":{"rendered":"http:\/\/www.asajacyl.com\/avila\/sin-categoria\/vii-jornada-tcnica-de-ovino-de-asaja-crdoba"},"modified":"2016-01-12T00:00:00","modified_gmt":"2016-01-11T23:00:00","slug":"vii-jornada-tcnica-de-ovino-de-asaja-crdoba","status":"publish","type":"post","link":"https:\/\/www.asajacyl.com\/avila\/servicios-socio\/vii-jornada-tcnica-de-ovino-de-asaja-crdoba","title":{"rendered":"VII JORNADA T&#201;CNICA DE OVINO DE ASAJA C&#211;RDOBA"},"content":{"rendered":"<h2>La VII Jornada T&#233;cnica de Ovino, que organiza ASAJA C&#243;rdoba, se celebrar&#225; el 26 de enero.<\/h2>\n<p>JORNADA OVINO HINOJOSA DEL DUQUE<br \/>\nFecha: <br \/>\n26 Ene 2016 &#8211; 10:00am &#8211; 4:00pm<\/p>\n<p>INTEROVIC participa en  la VII JORNADA T&#201;CNICA DE OVINO DE ASAJA C&#211;RDOBA que se celebran en  el Sal&#243;n de Actos del IFAPA de HINOJOSA DEL DUQUE, C&#243;rdoba<\/p>\n<p>PROGRAMA <\/p>\n<p>9.30h: Inscripci&#243;n y entrega de documentaci&#243;n.<\/p>\n<p>10.00h: Inauguraci&#243;n.<\/p>\n<p>&#183;        Ignacio Fern&#225;ndez de Mesa. Presidente de Asaja C&#243;rdoba.<\/p>\n<p>&#183;        Ricardo Lopez-Crespo. Vicepresidente de Caja Rural del Sur.<\/p>\n<p>&#183;        Antonio Ar&#233;valo. Presidente de Dehesas Cordobesas.<\/p>\n<p>&#183;        Ricardo DelgadoVizca&#237;no . Presidente de COVAP<\/p>\n<p>&#183;        Francisco &#193;ngel S&#225;nchez. Delegado de Agricultura de la Diputaci&#243;n de C&#243;rdoba.<\/p>\n<p>&#183;        Francisco Zurera. Delegado Territorial de Agricultura de la Consejer&#237;a.<\/p>\n<p>&#183;        Mat&#237;as Gonzalez. Alcalde Hinojosa del Duque.<\/p>\n<p> 10.30h: MERCADO DE LA LANA: PRESENTE Y FUTURO.<\/p>\n<p>&#183;        Antonio Granero V&#225;zquez (Ingeniero Agr&#243;nomo) Secretario T&#233;cnico Ejecutivo de la Asociaci&#243;n Nacional de Criadores de Ganado Merino.<\/p>\n<p>&#183;        Francisco Arrebola Molina (Doctor Veterinario) T&#233;cnico Especialista IFAPA Consejer&#237;a de Agricultura y Pesca.<\/p>\n<p>11.00h: GESTI&#211;N SANITARIA DE EXPLOTACIONES DE OVINO.<\/p>\n<p>&#183;        Antonio Arenas. Catedr&#225;tico del &#193;rea de Sanidad Animal de la Universidad de C&#243;rdoba.<\/p>\n<p>11.30h: CAF&#201;.<\/p>\n<p>12.00h: ACTUALIZACI&#211;N EN EL MANEJO DE INFECCIONES PODALES EN OVINO.  <\/p>\n<p>&#183;        T&#233;cnico ELANCO.<\/p>\n<p>12.30h: GANADER&#205;A TRADICIONAL VS GANADER&#205;A ECOL&#211;GICA<\/p>\n<p>&#183;        Ildefonso Caballero. Auditor CITAGRO<\/p>\n<p>13.00h:MESA REDONDA: CLAVES PARA  EL FUTURO DEL SECTOR DEL OVINO. Modera: Rafael Mu&#241;oz Rubio . Junta Directiva y sectorial de ovino de Asaja C&#243;rdoba.<\/p>\n<p>               Intervienen:<\/p>\n<p>    Tom&#225;s M. Rodr&#237;guez. Coordinador INTEROVIC<br \/>\n    Raquel Santos. Coordinadora Centros de producciones ganaderas de COVAP<br \/>\n    Beatriz Agudo. Directora de I+D de EA GROUP<br \/>\n    Jos&#233; A. Puntas. Presidente de la sectorial de ovino de Coop. Andaluzas.<\/p>\n<p>13.30h: CLAUSURA.<\/p>\n<p>&#183;        Agust&#237;n Velasco. Presidente de la Asociaci&#243;n de empresarios de Hinojosa.<\/p>\n<p>&#183;        Reyes Alonso Mart&#237;n. Director IFAPA de Hinojosa del Duque.<\/p>\n<p> COPA DE VINO DE MONTILLA-MORILES Y DEGUSTACI&#211;N DE CORDERO<\/p>\n","protected":false},"excerpt":{"rendered":"<p>La VII Jornada T&#233;cnica de Ovino, que organiza ASAJA C&#243;rdoba, se celebrar&#225; el 26 de enero.<\/p>\n","protected":false},"author":3,"featured_media":794,"comment_status":"open","ping_status":"open","sticky":false,"template":"","format":"standard","meta":{"footnotes":""},"categories":[24,9],"tags":[],"yoast_head":"<!-- This site is optimized with the Yoast SEO plugin v24.5 - https:\/\/yoast.com\/wordpress\/plugins\/seo\/ -->\n<title>VII JORNADA T&#201;CNICA DE OVINO DE ASAJA C&#211;RDOBA - ASAJA \u00c1vila<\/title>\n<meta name=\"description\" content=\"La VII Jornada T&#233;cnica de Ovino, que organiza ASAJA C&#243;rdoba, se celebrar&#225; el 26 de enero.\" \/>\n<meta name=\"robots\" content=\"index, follow, max-snippet:-1, max-image-preview:large, max-video-preview:-1\" \/>\n<link rel=\"canonical\" href=\"https:\/\/www.asajacyl.com\/avila\/servicios-socio\/vii-jornada-tcnica-de-ovino-de-asaja-crdoba\" \/>\n<meta property=\"og:locale\" content=\"es_ES\" \/>\n<meta property=\"og:type\" content=\"article\" \/>\n<meta property=\"og:title\" content=\"VII JORNADA T&#201;CNICA DE OVINO DE ASAJA C&#211;RDOBA - ASAJA \u00c1vila\" \/>\n<meta property=\"og:description\" content=\"La VII Jornada T&#233;cnica de Ovino, que organiza ASAJA C&#243;rdoba, se celebrar&#225; el 26 de enero.\" \/>\n<meta property=\"og:url\" content=\"https:\/\/www.asajacyl.com\/avila\/servicios-socio\/vii-jornada-tcnica-de-ovino-de-asaja-crdoba\" \/>\n<meta property=\"og:site_name\" content=\"ASAJA \u00c1vila\" \/>\n<meta property=\"article:published_time\" content=\"2016-01-11T23:00:00+00:00\" \/>\n<meta property=\"og:image\" content=\"https:\/\/www.asajacyl.com\/avila\/wp-content\/uploads\/sites\/4\/2017\/11\/im_predefinida_1920x1080.jpg\" \/>\n\t<meta property=\"og:image:width\" content=\"1920\" \/>\n\t<meta property=\"og:image:height\" content=\"1080\" \/>\n\t<meta property=\"og:image:type\" content=\"image\/jpeg\" \/>\n<meta name=\"author\" content=\"Editor\" \/>\n<meta name=\"twitter:card\" content=\"summary_large_image\" \/>\n<meta name=\"twitter:label1\" content=\"Escrito por\" \/>\n\t<meta name=\"twitter:data1\" content=\"Editor\" \/>\n\t<meta name=\"twitter:label2\" content=\"Tiempo de lectura\" \/>\n\t<meta name=\"twitter:data2\" content=\"2 minutos\" \/>\n<script type=\"application\/ld+json\" class=\"yoast-schema-graph\">{\"@context\":\"https:\/\/schema.org\",\"@graph\":[{\"@type\":\"WebPage\",\"@id\":\"https:\/\/www.asajacyl.com\/avila\/servicios-socio\/vii-jornada-tcnica-de-ovino-de-asaja-crdoba\",\"url\":\"https:\/\/www.asajacyl.com\/avila\/servicios-socio\/vii-jornada-tcnica-de-ovino-de-asaja-crdoba\",\"name\":\"VII JORNADA T&#201;CNICA DE OVINO DE ASAJA C&#211;RDOBA - ASAJA \u00c1vila\",\"isPartOf\":{\"@id\":\"https:\/\/www.asajacyl.com\/avila\/#website\"},\"primaryImageOfPage\":{\"@id\":\"https:\/\/www.asajacyl.com\/avila\/servicios-socio\/vii-jornada-tcnica-de-ovino-de-asaja-crdoba#primaryimage\"},\"image\":{\"@id\":\"https:\/\/www.asajacyl.com\/avila\/servicios-socio\/vii-jornada-tcnica-de-ovino-de-asaja-crdoba#primaryimage\"},\"thumbnailUrl\":\"https:\/\/www.asajacyl.com\/avila\/wp-content\/uploads\/sites\/4\/2017\/11\/im_predefinida_1920x1080.jpg\",\"datePublished\":\"2016-01-11T23:00:00+00:00\",\"author\":{\"@id\":\"https:\/\/www.asajacyl.com\/avila\/#\/schema\/person\/7e884476cee132331142e8ac9689f20c\"},\"description\":\"La VII Jornada T&#233;cnica de Ovino, que organiza ASAJA C&#243;rdoba, se celebrar&#225; el 26 de enero.\",\"breadcrumb\":{\"@id\":\"https:\/\/www.asajacyl.com\/avila\/servicios-socio\/vii-jornada-tcnica-de-ovino-de-asaja-crdoba#breadcrumb\"},\"inLanguage\":\"es\",\"potentialAction\":[{\"@type\":\"ReadAction\",\"target\":[\"https:\/\/www.asajacyl.com\/avila\/servicios-socio\/vii-jornada-tcnica-de-ovino-de-asaja-crdoba\"]}]},{\"@type\":\"ImageObject\",\"inLanguage\":\"es\",\"@id\":\"https:\/\/www.asajacyl.com\/avila\/servicios-socio\/vii-jornada-tcnica-de-ovino-de-asaja-crdoba#primaryimage\",\"url\":\"https:\/\/www.asajacyl.com\/avila\/wp-content\/uploads\/sites\/4\/2017\/11\/im_predefinida_1920x1080.jpg\",\"contentUrl\":\"https:\/\/www.asajacyl.com\/avila\/wp-content\/uploads\/sites\/4\/2017\/11\/im_predefinida_1920x1080.jpg\",\"width\":1920,\"height\":1080,\"caption\":\"Logotipo ASAJA \u00c1vila\"},{\"@type\":\"BreadcrumbList\",\"@id\":\"https:\/\/www.asajacyl.com\/avila\/servicios-socio\/vii-jornada-tcnica-de-ovino-de-asaja-crdoba#breadcrumb\",\"itemListElement\":[{\"@type\":\"ListItem\",\"position\":1,\"name\":\"Portada\",\"item\":\"https:\/\/www.asajacyl.com\/avila\/\"},{\"@type\":\"ListItem\",\"position\":2,\"name\":\"VII JORNADA T&#201;CNICA DE OVINO DE ASAJA C&#211;RDOBA\"}]},{\"@type\":\"WebSite\",\"@id\":\"https:\/\/www.asajacyl.com\/avila\/#website\",\"url\":\"https:\/\/www.asajacyl.com\/avila\/\",\"name\":\"ASAJA \u00c1vila\",\"description\":\"Otro sitio m\u00e1s de Provincias ASAJA Castilla y Le\u00f3n\",\"potentialAction\":[{\"@type\":\"SearchAction\",\"target\":{\"@type\":\"EntryPoint\",\"urlTemplate\":\"https:\/\/www.asajacyl.com\/avila\/?s={search_term_string}\"},\"query-input\":{\"@type\":\"PropertyValueSpecification\",\"valueRequired\":true,\"valueName\":\"search_term_string\"}}],\"inLanguage\":\"es\"},{\"@type\":\"Person\",\"@id\":\"https:\/\/www.asajacyl.com\/avila\/#\/schema\/person\/7e884476cee132331142e8ac9689f20c\",\"name\":\"Editor\",\"image\":{\"@type\":\"ImageObject\",\"inLanguage\":\"es\",\"@id\":\"https:\/\/www.asajacyl.com\/avila\/#\/schema\/person\/image\/\",\"url\":\"https:\/\/secure.gravatar.com\/avatar\/a2ef43c165669686cfcfb0e1ffa59869?s=96&d=mm&r=g\",\"contentUrl\":\"https:\/\/secure.gravatar.com\/avatar\/a2ef43c165669686cfcfb0e1ffa59869?s=96&d=mm&r=g\",\"caption\":\"Editor\"},\"url\":\"https:\/\/www.asajacyl.com\/avila\/author\/oscargg\"}]}<\/script>\n<!-- \/ Yoast SEO plugin. -->","yoast_head_json":{"title":"VII JORNADA T&#201;CNICA DE OVINO DE ASAJA C&#211;RDOBA - ASAJA \u00c1vila","description":"La VII Jornada T&#233;cnica de Ovino, que organiza ASAJA C&#243;rdoba, se celebrar&#225; el 26 de enero.","robots":{"index":"index","follow":"follow","max-snippet":"max-snippet:-1","max-image-preview":"max-image-preview:large","max-video-preview":"max-video-preview:-1"},"canonical":"https:\/\/www.asajacyl.com\/avila\/servicios-socio\/vii-jornada-tcnica-de-ovino-de-asaja-crdoba","og_locale":"es_ES","og_type":"article","og_title":"VII JORNADA T&#201;CNICA DE OVINO DE ASAJA C&#211;RDOBA - ASAJA \u00c1vila","og_description":"La VII Jornada T&#233;cnica de Ovino, que organiza ASAJA C&#243;rdoba, se celebrar&#225; el 26 de enero.","og_url":"https:\/\/www.asajacyl.com\/avila\/servicios-socio\/vii-jornada-tcnica-de-ovino-de-asaja-crdoba","og_site_name":"ASAJA \u00c1vila","article_published_time":"2016-01-11T23:00:00+00:00","og_image":[{"width":1920,"height":1080,"url":"https:\/\/www.asajacyl.com\/avila\/wp-content\/uploads\/sites\/4\/2017\/11\/im_predefinida_1920x1080.jpg","type":"image\/jpeg"}],"author":"Editor","twitter_card":"summary_large_image","twitter_misc":{"Escrito por":"Editor","Tiempo de lectura":"2 minutos"},"schema":{"@context":"https:\/\/schema.org","@graph":[{"@type":"WebPage","@id":"https:\/\/www.asajacyl.com\/avila\/servicios-socio\/vii-jornada-tcnica-de-ovino-de-asaja-crdoba","url":"https:\/\/www.asajacyl.com\/avila\/servicios-socio\/vii-jornada-tcnica-de-ovino-de-asaja-crdoba","name":"VII JORNADA T&#201;CNICA DE OVINO DE ASAJA C&#211;RDOBA - ASAJA \u00c1vila","isPartOf":{"@id":"https:\/\/www.asajacyl.com\/avila\/#website"},"primaryImageOfPage":{"@id":"https:\/\/www.asajacyl.com\/avila\/servicios-socio\/vii-jornada-tcnica-de-ovino-de-asaja-crdoba#primaryimage"},"image":{"@id":"https:\/\/www.asajacyl.com\/avila\/servicios-socio\/vii-jornada-tcnica-de-ovino-de-asaja-crdoba#primaryimage"},"thumbnailUrl":"https:\/\/www.asajacyl.com\/avila\/wp-content\/uploads\/sites\/4\/2017\/11\/im_predefinida_1920x1080.jpg","datePublished":"2016-01-11T23:00:00+00:00","author":{"@id":"https:\/\/www.asajacyl.com\/avila\/#\/schema\/person\/7e884476cee132331142e8ac9689f20c"},"description":"La VII Jornada T&#233;cnica de Ovino, que organiza ASAJA C&#243;rdoba, se celebrar&#225; el 26 de enero.","breadcrumb":{"@id":"https:\/\/www.asajacyl.com\/avila\/servicios-socio\/vii-jornada-tcnica-de-ovino-de-asaja-crdoba#breadcrumb"},"inLanguage":"es","potentialAction":[{"@type":"ReadAction","target":["https:\/\/www.asajacyl.com\/avila\/servicios-socio\/vii-jornada-tcnica-de-ovino-de-asaja-crdoba"]}]},{"@type":"ImageObject","inLanguage":"es","@id":"https:\/\/www.asajacyl.com\/avila\/servicios-socio\/vii-jornada-tcnica-de-ovino-de-asaja-crdoba#primaryimage","url":"https:\/\/www.asajacyl.com\/avila\/wp-content\/uploads\/sites\/4\/2017\/11\/im_predefinida_1920x1080.jpg","contentUrl":"https:\/\/www.asajacyl.com\/avila\/wp-content\/uploads\/sites\/4\/2017\/11\/im_predefinida_1920x1080.jpg","width":1920,"height":1080,"caption":"Logotipo ASAJA \u00c1vila"},{"@type":"BreadcrumbList","@id":"https:\/\/www.asajacyl.com\/avila\/servicios-socio\/vii-jornada-tcnica-de-ovino-de-asaja-crdoba#breadcrumb","itemListElement":[{"@type":"ListItem","position":1,"name":"Portada","item":"https:\/\/www.asajacyl.com\/avila\/"},{"@type":"ListItem","position":2,"name":"VII JORNADA T&#201;CNICA DE OVINO DE ASAJA C&#211;RDOBA"}]},{"@type":"WebSite","@id":"https:\/\/www.asajacyl.com\/avila\/#website","url":"https:\/\/www.asajacyl.com\/avila\/","name":"ASAJA \u00c1vila","description":"Otro sitio m\u00e1s de Provincias ASAJA Castilla y Le\u00f3n","potentialAction":[{"@type":"SearchAction","target":{"@type":"EntryPoint","urlTemplate":"https:\/\/www.asajacyl.com\/avila\/?s={search_term_string}"},"query-input":{"@type":"PropertyValueSpecification","valueRequired":true,"valueName":"search_term_string"}}],"inLanguage":"es"},{"@type":"Person","@id":"https:\/\/www.asajacyl.com\/avila\/#\/schema\/person\/7e884476cee132331142e8ac9689f20c","name":"Editor","image":{"@type":"ImageObject","inLanguage":"es","@id":"https:\/\/www.asajacyl.com\/avila\/#\/schema\/person\/image\/","url":"https:\/\/secure.gravatar.com\/avatar\/a2ef43c165669686cfcfb0e1ffa59869?s=96&d=mm&r=g","contentUrl":"https:\/\/secure.gravatar.com\/avatar\/a2ef43c165669686cfcfb0e1ffa59869?s=96&d=mm&r=g","caption":"Editor"},"url":"https:\/\/www.asajacyl.com\/avila\/author\/oscargg"}]}},"_links":{"self":[{"href":"https:\/\/www.asajacyl.com\/avila\/wp-json\/wp\/v2\/posts\/2430"}],"collection":[{"href":"https:\/\/www.asajacyl.com\/avila\/wp-json\/wp\/v2\/posts"}],"about":[{"href":"https:\/\/www.asajacyl.com\/avila\/wp-json\/wp\/v2\/types\/post"}],"author":[{"embeddable":true,"href":"https:\/\/www.asajacyl.com\/avila\/wp-json\/wp\/v2\/users\/3"}],"replies":[{"embeddable":true,"href":"https:\/\/www.asajacyl.com\/avila\/wp-json\/wp\/v2\/comments?post=2430"}],"version-history":[{"count":0,"href":"https:\/\/www.asajacyl.com\/avila\/wp-json\/wp\/v2\/posts\/2430\/revisions"}],"wp:featuredmedia":[{"embeddable":true,"href":"https:\/\/www.asajacyl.com\/avila\/wp-json\/wp\/v2\/media\/794"}],"wp:attachment":[{"href":"https:\/\/www.asajacyl.com\/avila\/wp-json\/wp\/v2\/media?parent=2430"}],"wp:term":[{"taxonomy":"category","embeddable":true,"href":"https:\/\/www.asajacyl.com\/avila\/wp-json\/wp\/v2\/categories?post=2430"},{"taxonomy":"post_tag","embeddable":true,"href":"https:\/\/www.asajacyl.com\/avila\/wp-json\/wp\/v2\/tags?post=2430"}],"curies":[{"name":"wp","href":"https:\/\/api.w.org\/{rel}","templated":true}]}}