{"id":2438,"date":"2015-12-11T00:00:00","date_gmt":"2015-12-10T23:00:00","guid":{"rendered":"http:\/\/www.asajacyl.com\/avila\/sin-categoria\/ayudas-asociadas-a-superficies-2015-del-fega"},"modified":"2015-12-11T00:00:00","modified_gmt":"2015-12-10T23:00:00","slug":"ayudas-asociadas-a-superficies-2015-del-fega","status":"publish","type":"post","link":"https:\/\/www.asajacyl.com\/avila\/servicios-socio\/ayudas-asociadas-a-superficies-2015-del-fega","title":{"rendered":"Ayudas asociadas a Superficies 2015 del FEGA"},"content":{"rendered":"<h2>El FEGA ha publicado los importes unitarios que se percibir&#225;n en la presente campa&#241;a  por las ayudas asociadas a superficie  que se hab&#237;an solicitado en la Solicitud &#218;nica 2015.<\/h2>\n<p>El FEGA ha publicado los importes unitarios que se percibir&#225;n en la presente campa&#241;a  por las ayudas asociadas a superficie  que se hab&#237;an solicitado en la Solicitud &#218;nica 2015.<\/p>\n<p>&#183;        Ayuda asociada cultivos proteicos &#8211; proteaginosas y leguminosas: el importe unitario fijado es de 48,062489 &#8364;\/Ha. Importe inferior al estimado, pero se debe a un incremento de superficie de estos cultivos. Enlace de la nota  http:\/\/www.fega.es\/sites\/default\/files\/Superficie_Determinada_CULTIVOS_PROTEICOS_2015.pdf<\/p>\n<p>&#183;        Ayuda asociada cultivos proteicos &#8211; oleaginosas: el importe unitario fijado es de 38,149296 &#8364;\/Ha. Importe ligeramente inferior al estimado y que se cobra por un m&#225;ximo de 50 hect&#225;reas por explotaci&#243;n. Enlace de la nota  http:\/\/www.fega.es\/sites\/default\/files\/Superficie_Determinada_CULTIVOS_PROTEICOS_2015.pdf<\/p>\n<p>&#183;        Ayuda asociada a las legumbres de calidad: el importe unitario fijado es de 67,87 &#8364;\/Ha.  Aunque el programa a nivel nacional ten&#237;a mayor dotaci&#243;n presupuestaria ha habido un incremento en la siembra, cabe se&#241;alar que en el 2014 el importe fue de 91,46 &#8364;\/Ha.  Enlace de la nota  http:\/\/www.fega.es\/sites\/default\/files\/Superficie_Determinada_LEGUMBRES_2015.pdf<\/p>\n<p>&#183;        Ayuda asociada a la remolacha azucarera: el importe unitario fijado en la zona de producci&#243;n de siembra primaveral, donde est&#225; incluida Castilla y Le&#243;n es de 521,329848 &#8364;\/Ha. Importe superior al estimado dado que se ten&#237;a en cuenta una siembra de 32.500 hect&#225;reas y se han sembrado 27.755. Enlace de la nota  http:\/\/www.fega.es\/sites\/default\/files\/Superficie_Determinada_REMOLACHA_2015.pdf<\/p>\n","protected":false},"excerpt":{"rendered":"<p>El FEGA ha publicado los importes unitarios que se percibir&#225;n en la presente campa&#241;a  por las ayudas asociadas a superficie  que se hab&#237;an solicitado en la Solicitud &#218;nica 2015.<\/p>\n","protected":false},"author":3,"featured_media":794,"comment_status":"open","ping_status":"open","sticky":false,"template":"","format":"standard","meta":{"footnotes":""},"categories":[24,9],"tags":[],"yoast_head":"<!-- This site is optimized with the Yoast SEO plugin v24.5 - https:\/\/yoast.com\/wordpress\/plugins\/seo\/ -->\n<title>Ayudas asociadas a Superficies 2015 del FEGA - ASAJA \u00c1vila<\/title>\n<meta name=\"description\" content=\"El FEGA ha publicado los importes unitarios que se percibir&#225;n en la presente campa&#241;a por las ayudas asociadas a superficie que se hab&#237;an solicitado en la Solicitud &#218;nica 2015.\" \/>\n<meta name=\"robots\" content=\"index, follow, max-snippet:-1, max-image-preview:large, max-video-preview:-1\" \/>\n<link rel=\"canonical\" href=\"https:\/\/www.asajacyl.com\/avila\/servicios-socio\/ayudas-asociadas-a-superficies-2015-del-fega\" \/>\n<meta property=\"og:locale\" content=\"es_ES\" \/>\n<meta property=\"og:type\" content=\"article\" \/>\n<meta property=\"og:title\" content=\"Ayudas asociadas a Superficies 2015 del FEGA - ASAJA \u00c1vila\" \/>\n<meta property=\"og:description\" content=\"El FEGA ha publicado los importes unitarios que se percibir&#225;n en la presente campa&#241;a por las ayudas asociadas a superficie que se hab&#237;an solicitado en la Solicitud &#218;nica 2015.\" \/>\n<meta property=\"og:url\" content=\"https:\/\/www.asajacyl.com\/avila\/servicios-socio\/ayudas-asociadas-a-superficies-2015-del-fega\" \/>\n<meta property=\"og:site_name\" content=\"ASAJA \u00c1vila\" \/>\n<meta property=\"article:published_time\" content=\"2015-12-10T23:00:00+00:00\" \/>\n<meta property=\"og:image\" content=\"https:\/\/www.asajacyl.com\/avila\/wp-content\/uploads\/sites\/4\/2017\/11\/im_predefinida_1920x1080.jpg\" \/>\n\t<meta property=\"og:image:width\" content=\"1920\" \/>\n\t<meta property=\"og:image:height\" content=\"1080\" \/>\n\t<meta property=\"og:image:type\" content=\"image\/jpeg\" \/>\n<meta name=\"author\" content=\"Editor\" \/>\n<meta name=\"twitter:card\" content=\"summary_large_image\" \/>\n<meta name=\"twitter:label1\" content=\"Escrito por\" \/>\n\t<meta name=\"twitter:data1\" content=\"Editor\" \/>\n\t<meta name=\"twitter:label2\" content=\"Tiempo de lectura\" \/>\n\t<meta name=\"twitter:data2\" content=\"1 minuto\" \/>\n<script type=\"application\/ld+json\" class=\"yoast-schema-graph\">{\"@context\":\"https:\/\/schema.org\",\"@graph\":[{\"@type\":\"WebPage\",\"@id\":\"https:\/\/www.asajacyl.com\/avila\/servicios-socio\/ayudas-asociadas-a-superficies-2015-del-fega\",\"url\":\"https:\/\/www.asajacyl.com\/avila\/servicios-socio\/ayudas-asociadas-a-superficies-2015-del-fega\",\"name\":\"Ayudas asociadas a Superficies 2015 del FEGA - ASAJA \u00c1vila\",\"isPartOf\":{\"@id\":\"https:\/\/www.asajacyl.com\/avila\/#website\"},\"primaryImageOfPage\":{\"@id\":\"https:\/\/www.asajacyl.com\/avila\/servicios-socio\/ayudas-asociadas-a-superficies-2015-del-fega#primaryimage\"},\"image\":{\"@id\":\"https:\/\/www.asajacyl.com\/avila\/servicios-socio\/ayudas-asociadas-a-superficies-2015-del-fega#primaryimage\"},\"thumbnailUrl\":\"https:\/\/www.asajacyl.com\/avila\/wp-content\/uploads\/sites\/4\/2017\/11\/im_predefinida_1920x1080.jpg\",\"datePublished\":\"2015-12-10T23:00:00+00:00\",\"author\":{\"@id\":\"https:\/\/www.asajacyl.com\/avila\/#\/schema\/person\/7e884476cee132331142e8ac9689f20c\"},\"description\":\"El FEGA ha publicado los importes unitarios que se percibir&#225;n en la presente campa&#241;a por las ayudas asociadas a superficie que se hab&#237;an solicitado en la Solicitud &#218;nica 2015.\",\"breadcrumb\":{\"@id\":\"https:\/\/www.asajacyl.com\/avila\/servicios-socio\/ayudas-asociadas-a-superficies-2015-del-fega#breadcrumb\"},\"inLanguage\":\"es\",\"potentialAction\":[{\"@type\":\"ReadAction\",\"target\":[\"https:\/\/www.asajacyl.com\/avila\/servicios-socio\/ayudas-asociadas-a-superficies-2015-del-fega\"]}]},{\"@type\":\"ImageObject\",\"inLanguage\":\"es\",\"@id\":\"https:\/\/www.asajacyl.com\/avila\/servicios-socio\/ayudas-asociadas-a-superficies-2015-del-fega#primaryimage\",\"url\":\"https:\/\/www.asajacyl.com\/avila\/wp-content\/uploads\/sites\/4\/2017\/11\/im_predefinida_1920x1080.jpg\",\"contentUrl\":\"https:\/\/www.asajacyl.com\/avila\/wp-content\/uploads\/sites\/4\/2017\/11\/im_predefinida_1920x1080.jpg\",\"width\":1920,\"height\":1080,\"caption\":\"Logotipo ASAJA \u00c1vila\"},{\"@type\":\"BreadcrumbList\",\"@id\":\"https:\/\/www.asajacyl.com\/avila\/servicios-socio\/ayudas-asociadas-a-superficies-2015-del-fega#breadcrumb\",\"itemListElement\":[{\"@type\":\"ListItem\",\"position\":1,\"name\":\"Portada\",\"item\":\"https:\/\/www.asajacyl.com\/avila\/\"},{\"@type\":\"ListItem\",\"position\":2,\"name\":\"Ayudas asociadas a Superficies 2015 del FEGA\"}]},{\"@type\":\"WebSite\",\"@id\":\"https:\/\/www.asajacyl.com\/avila\/#website\",\"url\":\"https:\/\/www.asajacyl.com\/avila\/\",\"name\":\"ASAJA \u00c1vila\",\"description\":\"Otro sitio m\u00e1s de Provincias ASAJA Castilla y Le\u00f3n\",\"potentialAction\":[{\"@type\":\"SearchAction\",\"target\":{\"@type\":\"EntryPoint\",\"urlTemplate\":\"https:\/\/www.asajacyl.com\/avila\/?s={search_term_string}\"},\"query-input\":{\"@type\":\"PropertyValueSpecification\",\"valueRequired\":true,\"valueName\":\"search_term_string\"}}],\"inLanguage\":\"es\"},{\"@type\":\"Person\",\"@id\":\"https:\/\/www.asajacyl.com\/avila\/#\/schema\/person\/7e884476cee132331142e8ac9689f20c\",\"name\":\"Editor\",\"image\":{\"@type\":\"ImageObject\",\"inLanguage\":\"es\",\"@id\":\"https:\/\/www.asajacyl.com\/avila\/#\/schema\/person\/image\/\",\"url\":\"https:\/\/secure.gravatar.com\/avatar\/a2ef43c165669686cfcfb0e1ffa59869?s=96&d=mm&r=g\",\"contentUrl\":\"https:\/\/secure.gravatar.com\/avatar\/a2ef43c165669686cfcfb0e1ffa59869?s=96&d=mm&r=g\",\"caption\":\"Editor\"},\"url\":\"https:\/\/www.asajacyl.com\/avila\/author\/oscargg\"}]}<\/script>\n<!-- \/ Yoast SEO plugin. -->","yoast_head_json":{"title":"Ayudas asociadas a Superficies 2015 del FEGA - ASAJA \u00c1vila","description":"El FEGA ha publicado los importes unitarios que se percibir&#225;n en la presente campa&#241;a por las ayudas asociadas a superficie que se hab&#237;an solicitado en la Solicitud &#218;nica 2015.","robots":{"index":"index","follow":"follow","max-snippet":"max-snippet:-1","max-image-preview":"max-image-preview:large","max-video-preview":"max-video-preview:-1"},"canonical":"https:\/\/www.asajacyl.com\/avila\/servicios-socio\/ayudas-asociadas-a-superficies-2015-del-fega","og_locale":"es_ES","og_type":"article","og_title":"Ayudas asociadas a Superficies 2015 del FEGA - ASAJA \u00c1vila","og_description":"El FEGA ha publicado los importes unitarios que se percibir&#225;n en la presente campa&#241;a por las ayudas asociadas a superficie que se hab&#237;an solicitado en la Solicitud &#218;nica 2015.","og_url":"https:\/\/www.asajacyl.com\/avila\/servicios-socio\/ayudas-asociadas-a-superficies-2015-del-fega","og_site_name":"ASAJA \u00c1vila","article_published_time":"2015-12-10T23:00:00+00:00","og_image":[{"width":1920,"height":1080,"url":"https:\/\/www.asajacyl.com\/avila\/wp-content\/uploads\/sites\/4\/2017\/11\/im_predefinida_1920x1080.jpg","type":"image\/jpeg"}],"author":"Editor","twitter_card":"summary_large_image","twitter_misc":{"Escrito por":"Editor","Tiempo de lectura":"1 minuto"},"schema":{"@context":"https:\/\/schema.org","@graph":[{"@type":"WebPage","@id":"https:\/\/www.asajacyl.com\/avila\/servicios-socio\/ayudas-asociadas-a-superficies-2015-del-fega","url":"https:\/\/www.asajacyl.com\/avila\/servicios-socio\/ayudas-asociadas-a-superficies-2015-del-fega","name":"Ayudas asociadas a Superficies 2015 del FEGA - ASAJA \u00c1vila","isPartOf":{"@id":"https:\/\/www.asajacyl.com\/avila\/#website"},"primaryImageOfPage":{"@id":"https:\/\/www.asajacyl.com\/avila\/servicios-socio\/ayudas-asociadas-a-superficies-2015-del-fega#primaryimage"},"image":{"@id":"https:\/\/www.asajacyl.com\/avila\/servicios-socio\/ayudas-asociadas-a-superficies-2015-del-fega#primaryimage"},"thumbnailUrl":"https:\/\/www.asajacyl.com\/avila\/wp-content\/uploads\/sites\/4\/2017\/11\/im_predefinida_1920x1080.jpg","datePublished":"2015-12-10T23:00:00+00:00","author":{"@id":"https:\/\/www.asajacyl.com\/avila\/#\/schema\/person\/7e884476cee132331142e8ac9689f20c"},"description":"El FEGA ha publicado los importes unitarios que se percibir&#225;n en la presente campa&#241;a por las ayudas asociadas a superficie que se hab&#237;an solicitado en la Solicitud &#218;nica 2015.","breadcrumb":{"@id":"https:\/\/www.asajacyl.com\/avila\/servicios-socio\/ayudas-asociadas-a-superficies-2015-del-fega#breadcrumb"},"inLanguage":"es","potentialAction":[{"@type":"ReadAction","target":["https:\/\/www.asajacyl.com\/avila\/servicios-socio\/ayudas-asociadas-a-superficies-2015-del-fega"]}]},{"@type":"ImageObject","inLanguage":"es","@id":"https:\/\/www.asajacyl.com\/avila\/servicios-socio\/ayudas-asociadas-a-superficies-2015-del-fega#primaryimage","url":"https:\/\/www.asajacyl.com\/avila\/wp-content\/uploads\/sites\/4\/2017\/11\/im_predefinida_1920x1080.jpg","contentUrl":"https:\/\/www.asajacyl.com\/avila\/wp-content\/uploads\/sites\/4\/2017\/11\/im_predefinida_1920x1080.jpg","width":1920,"height":1080,"caption":"Logotipo ASAJA \u00c1vila"},{"@type":"BreadcrumbList","@id":"https:\/\/www.asajacyl.com\/avila\/servicios-socio\/ayudas-asociadas-a-superficies-2015-del-fega#breadcrumb","itemListElement":[{"@type":"ListItem","position":1,"name":"Portada","item":"https:\/\/www.asajacyl.com\/avila\/"},{"@type":"ListItem","position":2,"name":"Ayudas asociadas a Superficies 2015 del FEGA"}]},{"@type":"WebSite","@id":"https:\/\/www.asajacyl.com\/avila\/#website","url":"https:\/\/www.asajacyl.com\/avila\/","name":"ASAJA \u00c1vila","description":"Otro sitio m\u00e1s de Provincias ASAJA Castilla y Le\u00f3n","potentialAction":[{"@type":"SearchAction","target":{"@type":"EntryPoint","urlTemplate":"https:\/\/www.asajacyl.com\/avila\/?s={search_term_string}"},"query-input":{"@type":"PropertyValueSpecification","valueRequired":true,"valueName":"search_term_string"}}],"inLanguage":"es"},{"@type":"Person","@id":"https:\/\/www.asajacyl.com\/avila\/#\/schema\/person\/7e884476cee132331142e8ac9689f20c","name":"Editor","image":{"@type":"ImageObject","inLanguage":"es","@id":"https:\/\/www.asajacyl.com\/avila\/#\/schema\/person\/image\/","url":"https:\/\/secure.gravatar.com\/avatar\/a2ef43c165669686cfcfb0e1ffa59869?s=96&d=mm&r=g","contentUrl":"https:\/\/secure.gravatar.com\/avatar\/a2ef43c165669686cfcfb0e1ffa59869?s=96&d=mm&r=g","caption":"Editor"},"url":"https:\/\/www.asajacyl.com\/avila\/author\/oscargg"}]}},"_links":{"self":[{"href":"https:\/\/www.asajacyl.com\/avila\/wp-json\/wp\/v2\/posts\/2438"}],"collection":[{"href":"https:\/\/www.asajacyl.com\/avila\/wp-json\/wp\/v2\/posts"}],"about":[{"href":"https:\/\/www.asajacyl.com\/avila\/wp-json\/wp\/v2\/types\/post"}],"author":[{"embeddable":true,"href":"https:\/\/www.asajacyl.com\/avila\/wp-json\/wp\/v2\/users\/3"}],"replies":[{"embeddable":true,"href":"https:\/\/www.asajacyl.com\/avila\/wp-json\/wp\/v2\/comments?post=2438"}],"version-history":[{"count":0,"href":"https:\/\/www.asajacyl.com\/avila\/wp-json\/wp\/v2\/posts\/2438\/revisions"}],"wp:featuredmedia":[{"embeddable":true,"href":"https:\/\/www.asajacyl.com\/avila\/wp-json\/wp\/v2\/media\/794"}],"wp:attachment":[{"href":"https:\/\/www.asajacyl.com\/avila\/wp-json\/wp\/v2\/media?parent=2438"}],"wp:term":[{"taxonomy":"category","embeddable":true,"href":"https:\/\/www.asajacyl.com\/avila\/wp-json\/wp\/v2\/categories?post=2438"},{"taxonomy":"post_tag","embeddable":true,"href":"https:\/\/www.asajacyl.com\/avila\/wp-json\/wp\/v2\/tags?post=2438"}],"curies":[{"name":"wp","href":"https:\/\/api.w.org\/{rel}","templated":true}]}}