{"id":2445,"date":"2015-07-29T00:00:00","date_gmt":"2015-07-28T22:00:00","guid":{"rendered":"http:\/\/www.asajacyl.com\/avila\/sin-categoria\/convocadas-ayudas-para-explotaciones-de-ganadera-extensiva-afectadas-por-la-sequa"},"modified":"2015-07-29T00:00:00","modified_gmt":"2015-07-28T22:00:00","slug":"convocadas-ayudas-para-explotaciones-de-ganadera-extensiva-afectadas-por-la-sequa","status":"publish","type":"post","link":"https:\/\/www.asajacyl.com\/avila\/servicios-socio\/convocadas-ayudas-para-explotaciones-de-ganadera-extensiva-afectadas-por-la-sequa","title":{"rendered":"Convocadas ayudas para explotaciones de ganader&#237;a extensiva afectadas por la sequ&#237;a"},"content":{"rendered":"<h2>El Ministerio de Agricultura ha publicado en el Bolet&#237;n Oficial del Estado las bases reguladoras y la convocatoria de subvenciones destinadas a la obtenci&#243;n de avales de la Sociedad An&#243;nima Estatal de Cauci&#243;n Agraria (SAECA) por titulares de explotaciones ganaderas que garanticen pr&#233;stamos para financiar sus explotaciones.<\/h2>\n<p>El Ministerio de Agricultura ha publicado en el Bolet&#237;n Oficial del Estado las bases reguladoras y la convocatoria de subvenciones destinadas a la obtenci&#243;n de avales de la Sociedad An&#243;nima Estatal de Cauci&#243;n Agraria (SAECA) por titulares de explotaciones ganaderas que garanticen pr&#233;stamos para financiar sus explotaciones. Aunque el objetivo es contribuir a mejorar el acceso al cr&#233;dito de las explotaciones de vacuno de leche, ante sus necesidades de financiaci&#243;n a corto plazo para adaptarse a un mercado no regulado por el r&#233;gimen de cuota l&#225;ctea, la convocatoria tambi&#233;n contribuye a paliar los efectos de la menor disponibilidad de pastos en la ganader&#237;a extensiva en las zonas de mayor incidencia de la sequ&#237;a de esta primavera. El plazo de solicitud de las ayudas finaliza el 30 de septiembre de 2015.<\/p>\n<p>Para ello, se conceder&#225;n subvenciones destinadas a financiar el coste de los avales concedidos por SAECA a nuevos pr&#233;stamos de hasta 25.000 &#8364; por beneficiario. Este l&#237;mite podr&#225; superarse en los cr&#233;ditos concedidos en el marco de la L&#237;nea ICO-garant&#237;a SGR\/SAECA. En este caso se tendr&#225;n en cuenta los l&#237;mites propios de la citada l&#237;nea en las operaciones avaladas por SAECA. El volumen m&#225;ximo de capital avalado previsto en la l&#237;nea es de 35 millones de euros.<\/p>\n<p>Pueden beneficiarse de la ayuda las explotaciones de vacuno de leche de toda Espa&#241;a, y las de ganader&#237;a extensiva en las siguientes provincias: &#193;lava, Alicante, Almer&#237;a, &#193;vila, Badajoz, Baleares, Barcelona, Burgos, C&#225;ceres, Gerona, Granada, Huesca, La Rioja, L&#233;rida, Murcia, Navarra, Palencia, Salamanca, Segovia, Toledo, Valladolid, Zamora y Zaragoza.<\/p>\n<p>En el dise&#241;o de esta l&#237;nea de ayuda se ha tenido en cuenta la prioridad que el Ministerio de Agricultura, Alimentaci&#243;n y Medio Ambiente otorga al Plan de seguros agrarios combinados de ENESA. Se prev&#233; financiar el importe de la comisi&#243;n de estudio del aval a aquellos beneficiarios que hayan suscrito un seguro de la l&#237;nea de compensaci&#243;n por p&#233;rdida de pastos, &#243; la garant&#237;a adicional de p&#233;rdida de producci&#243;n por sequ&#237;a en el seguro de explotaci&#243;n de apicultura, &#243; el seguro de explotaci&#243;n de ganado vacuno reproductor y de recr&#237;a comprendidas en los Planes 2014 &#243; 2015 de Seguros Agrarios Combinados.<\/p>\n","protected":false},"excerpt":{"rendered":"<p>El Ministerio de Agricultura ha publicado en el Bolet&#237;n Oficial del Estado las bases reguladoras y la convocatoria de subvenciones destinadas a la obtenci&#243;n de avales de la Sociedad An&#243;nima Estatal de Cauci&#243;n Agraria (SAECA) por titulares de explotaciones ganaderas que garanticen pr&#233;stamos para financiar sus explotaciones.<\/p>\n","protected":false},"author":3,"featured_media":794,"comment_status":"open","ping_status":"open","sticky":false,"template":"","format":"standard","meta":{"footnotes":""},"categories":[24,9],"tags":[],"yoast_head":"<!-- This site is optimized with the Yoast SEO plugin v24.5 - https:\/\/yoast.com\/wordpress\/plugins\/seo\/ -->\n<title>Convocadas ayudas para explotaciones de ganader&#237;a extensiva afectadas por la sequ&#237;a - ASAJA \u00c1vila<\/title>\n<meta name=\"description\" content=\"El Ministerio de Agricultura ha publicado en el Bolet&#237;n Oficial del Estado las bases reguladoras y la convocatoria de subvenciones destinadas a la obtenci&#243;n de avales de la Sociedad An&#243;nima Estatal de Cauci&#243;n Agraria (SAECA) por titulares de explotaciones ganaderas que garanticen pr&#233;stamos para financiar sus explotaciones.\" \/>\n<meta name=\"robots\" content=\"index, follow, max-snippet:-1, max-image-preview:large, max-video-preview:-1\" \/>\n<link rel=\"canonical\" href=\"https:\/\/www.asajacyl.com\/avila\/servicios-socio\/convocadas-ayudas-para-explotaciones-de-ganadera-extensiva-afectadas-por-la-sequa\" \/>\n<meta property=\"og:locale\" content=\"es_ES\" \/>\n<meta property=\"og:type\" content=\"article\" \/>\n<meta property=\"og:title\" content=\"Convocadas ayudas para explotaciones de ganader&#237;a extensiva afectadas por la sequ&#237;a - ASAJA \u00c1vila\" \/>\n<meta property=\"og:description\" content=\"El Ministerio de Agricultura ha publicado en el Bolet&#237;n Oficial del Estado las bases reguladoras y la convocatoria de subvenciones destinadas a la obtenci&#243;n de avales de la Sociedad An&#243;nima Estatal de Cauci&#243;n Agraria (SAECA) por titulares de explotaciones ganaderas que garanticen pr&#233;stamos para financiar sus explotaciones.\" \/>\n<meta property=\"og:url\" content=\"https:\/\/www.asajacyl.com\/avila\/servicios-socio\/convocadas-ayudas-para-explotaciones-de-ganadera-extensiva-afectadas-por-la-sequa\" \/>\n<meta property=\"og:site_name\" content=\"ASAJA \u00c1vila\" \/>\n<meta property=\"article:published_time\" content=\"2015-07-28T22:00:00+00:00\" \/>\n<meta property=\"og:image\" content=\"https:\/\/www.asajacyl.com\/avila\/wp-content\/uploads\/sites\/4\/2017\/11\/im_predefinida_1920x1080.jpg\" \/>\n\t<meta property=\"og:image:width\" content=\"1920\" \/>\n\t<meta property=\"og:image:height\" content=\"1080\" \/>\n\t<meta property=\"og:image:type\" content=\"image\/jpeg\" \/>\n<meta name=\"author\" content=\"Editor\" \/>\n<meta name=\"twitter:card\" content=\"summary_large_image\" \/>\n<meta name=\"twitter:label1\" content=\"Escrito por\" \/>\n\t<meta name=\"twitter:data1\" content=\"Editor\" \/>\n\t<meta name=\"twitter:label2\" content=\"Tiempo de lectura\" \/>\n\t<meta name=\"twitter:data2\" content=\"2 minutos\" \/>\n<script type=\"application\/ld+json\" class=\"yoast-schema-graph\">{\"@context\":\"https:\/\/schema.org\",\"@graph\":[{\"@type\":\"WebPage\",\"@id\":\"https:\/\/www.asajacyl.com\/avila\/servicios-socio\/convocadas-ayudas-para-explotaciones-de-ganadera-extensiva-afectadas-por-la-sequa\",\"url\":\"https:\/\/www.asajacyl.com\/avila\/servicios-socio\/convocadas-ayudas-para-explotaciones-de-ganadera-extensiva-afectadas-por-la-sequa\",\"name\":\"Convocadas ayudas para explotaciones de ganader&#237;a extensiva afectadas por la sequ&#237;a - ASAJA \u00c1vila\",\"isPartOf\":{\"@id\":\"https:\/\/www.asajacyl.com\/avila\/#website\"},\"primaryImageOfPage\":{\"@id\":\"https:\/\/www.asajacyl.com\/avila\/servicios-socio\/convocadas-ayudas-para-explotaciones-de-ganadera-extensiva-afectadas-por-la-sequa#primaryimage\"},\"image\":{\"@id\":\"https:\/\/www.asajacyl.com\/avila\/servicios-socio\/convocadas-ayudas-para-explotaciones-de-ganadera-extensiva-afectadas-por-la-sequa#primaryimage\"},\"thumbnailUrl\":\"https:\/\/www.asajacyl.com\/avila\/wp-content\/uploads\/sites\/4\/2017\/11\/im_predefinida_1920x1080.jpg\",\"datePublished\":\"2015-07-28T22:00:00+00:00\",\"author\":{\"@id\":\"https:\/\/www.asajacyl.com\/avila\/#\/schema\/person\/7e884476cee132331142e8ac9689f20c\"},\"description\":\"El Ministerio de Agricultura ha publicado en el Bolet&#237;n Oficial del Estado las bases reguladoras y la convocatoria de subvenciones destinadas a la obtenci&#243;n de avales de la Sociedad An&#243;nima Estatal de Cauci&#243;n Agraria (SAECA) por titulares de explotaciones ganaderas que garanticen pr&#233;stamos para financiar sus explotaciones.\",\"breadcrumb\":{\"@id\":\"https:\/\/www.asajacyl.com\/avila\/servicios-socio\/convocadas-ayudas-para-explotaciones-de-ganadera-extensiva-afectadas-por-la-sequa#breadcrumb\"},\"inLanguage\":\"es\",\"potentialAction\":[{\"@type\":\"ReadAction\",\"target\":[\"https:\/\/www.asajacyl.com\/avila\/servicios-socio\/convocadas-ayudas-para-explotaciones-de-ganadera-extensiva-afectadas-por-la-sequa\"]}]},{\"@type\":\"ImageObject\",\"inLanguage\":\"es\",\"@id\":\"https:\/\/www.asajacyl.com\/avila\/servicios-socio\/convocadas-ayudas-para-explotaciones-de-ganadera-extensiva-afectadas-por-la-sequa#primaryimage\",\"url\":\"https:\/\/www.asajacyl.com\/avila\/wp-content\/uploads\/sites\/4\/2017\/11\/im_predefinida_1920x1080.jpg\",\"contentUrl\":\"https:\/\/www.asajacyl.com\/avila\/wp-content\/uploads\/sites\/4\/2017\/11\/im_predefinida_1920x1080.jpg\",\"width\":1920,\"height\":1080,\"caption\":\"Logotipo ASAJA \u00c1vila\"},{\"@type\":\"BreadcrumbList\",\"@id\":\"https:\/\/www.asajacyl.com\/avila\/servicios-socio\/convocadas-ayudas-para-explotaciones-de-ganadera-extensiva-afectadas-por-la-sequa#breadcrumb\",\"itemListElement\":[{\"@type\":\"ListItem\",\"position\":1,\"name\":\"Portada\",\"item\":\"https:\/\/www.asajacyl.com\/avila\/\"},{\"@type\":\"ListItem\",\"position\":2,\"name\":\"Convocadas ayudas para explotaciones de ganader&#237;a extensiva afectadas por la sequ&#237;a\"}]},{\"@type\":\"WebSite\",\"@id\":\"https:\/\/www.asajacyl.com\/avila\/#website\",\"url\":\"https:\/\/www.asajacyl.com\/avila\/\",\"name\":\"ASAJA \u00c1vila\",\"description\":\"Otro sitio m\u00e1s de Provincias ASAJA Castilla y Le\u00f3n\",\"potentialAction\":[{\"@type\":\"SearchAction\",\"target\":{\"@type\":\"EntryPoint\",\"urlTemplate\":\"https:\/\/www.asajacyl.com\/avila\/?s={search_term_string}\"},\"query-input\":{\"@type\":\"PropertyValueSpecification\",\"valueRequired\":true,\"valueName\":\"search_term_string\"}}],\"inLanguage\":\"es\"},{\"@type\":\"Person\",\"@id\":\"https:\/\/www.asajacyl.com\/avila\/#\/schema\/person\/7e884476cee132331142e8ac9689f20c\",\"name\":\"Editor\",\"image\":{\"@type\":\"ImageObject\",\"inLanguage\":\"es\",\"@id\":\"https:\/\/www.asajacyl.com\/avila\/#\/schema\/person\/image\/\",\"url\":\"https:\/\/secure.gravatar.com\/avatar\/a2ef43c165669686cfcfb0e1ffa59869?s=96&d=mm&r=g\",\"contentUrl\":\"https:\/\/secure.gravatar.com\/avatar\/a2ef43c165669686cfcfb0e1ffa59869?s=96&d=mm&r=g\",\"caption\":\"Editor\"},\"url\":\"https:\/\/www.asajacyl.com\/avila\/author\/oscargg\"}]}<\/script>\n<!-- \/ Yoast SEO plugin. -->","yoast_head_json":{"title":"Convocadas ayudas para explotaciones de ganader&#237;a extensiva afectadas por la sequ&#237;a - ASAJA \u00c1vila","description":"El Ministerio de Agricultura ha publicado en el Bolet&#237;n Oficial del Estado las bases reguladoras y la convocatoria de subvenciones destinadas a la obtenci&#243;n de avales de la Sociedad An&#243;nima Estatal de Cauci&#243;n Agraria (SAECA) por titulares de explotaciones ganaderas que garanticen pr&#233;stamos para financiar sus explotaciones.","robots":{"index":"index","follow":"follow","max-snippet":"max-snippet:-1","max-image-preview":"max-image-preview:large","max-video-preview":"max-video-preview:-1"},"canonical":"https:\/\/www.asajacyl.com\/avila\/servicios-socio\/convocadas-ayudas-para-explotaciones-de-ganadera-extensiva-afectadas-por-la-sequa","og_locale":"es_ES","og_type":"article","og_title":"Convocadas ayudas para explotaciones de ganader&#237;a extensiva afectadas por la sequ&#237;a - ASAJA \u00c1vila","og_description":"El Ministerio de Agricultura ha publicado en el Bolet&#237;n Oficial del Estado las bases reguladoras y la convocatoria de subvenciones destinadas a la obtenci&#243;n de avales de la Sociedad An&#243;nima Estatal de Cauci&#243;n Agraria (SAECA) por titulares de explotaciones ganaderas que garanticen pr&#233;stamos para financiar sus explotaciones.","og_url":"https:\/\/www.asajacyl.com\/avila\/servicios-socio\/convocadas-ayudas-para-explotaciones-de-ganadera-extensiva-afectadas-por-la-sequa","og_site_name":"ASAJA \u00c1vila","article_published_time":"2015-07-28T22:00:00+00:00","og_image":[{"width":1920,"height":1080,"url":"https:\/\/www.asajacyl.com\/avila\/wp-content\/uploads\/sites\/4\/2017\/11\/im_predefinida_1920x1080.jpg","type":"image\/jpeg"}],"author":"Editor","twitter_card":"summary_large_image","twitter_misc":{"Escrito por":"Editor","Tiempo de lectura":"2 minutos"},"schema":{"@context":"https:\/\/schema.org","@graph":[{"@type":"WebPage","@id":"https:\/\/www.asajacyl.com\/avila\/servicios-socio\/convocadas-ayudas-para-explotaciones-de-ganadera-extensiva-afectadas-por-la-sequa","url":"https:\/\/www.asajacyl.com\/avila\/servicios-socio\/convocadas-ayudas-para-explotaciones-de-ganadera-extensiva-afectadas-por-la-sequa","name":"Convocadas ayudas para explotaciones de ganader&#237;a extensiva afectadas por la sequ&#237;a - ASAJA \u00c1vila","isPartOf":{"@id":"https:\/\/www.asajacyl.com\/avila\/#website"},"primaryImageOfPage":{"@id":"https:\/\/www.asajacyl.com\/avila\/servicios-socio\/convocadas-ayudas-para-explotaciones-de-ganadera-extensiva-afectadas-por-la-sequa#primaryimage"},"image":{"@id":"https:\/\/www.asajacyl.com\/avila\/servicios-socio\/convocadas-ayudas-para-explotaciones-de-ganadera-extensiva-afectadas-por-la-sequa#primaryimage"},"thumbnailUrl":"https:\/\/www.asajacyl.com\/avila\/wp-content\/uploads\/sites\/4\/2017\/11\/im_predefinida_1920x1080.jpg","datePublished":"2015-07-28T22:00:00+00:00","author":{"@id":"https:\/\/www.asajacyl.com\/avila\/#\/schema\/person\/7e884476cee132331142e8ac9689f20c"},"description":"El Ministerio de Agricultura ha publicado en el Bolet&#237;n Oficial del Estado las bases reguladoras y la convocatoria de subvenciones destinadas a la obtenci&#243;n de avales de la Sociedad An&#243;nima Estatal de Cauci&#243;n Agraria (SAECA) por titulares de explotaciones ganaderas que garanticen pr&#233;stamos para financiar sus explotaciones.","breadcrumb":{"@id":"https:\/\/www.asajacyl.com\/avila\/servicios-socio\/convocadas-ayudas-para-explotaciones-de-ganadera-extensiva-afectadas-por-la-sequa#breadcrumb"},"inLanguage":"es","potentialAction":[{"@type":"ReadAction","target":["https:\/\/www.asajacyl.com\/avila\/servicios-socio\/convocadas-ayudas-para-explotaciones-de-ganadera-extensiva-afectadas-por-la-sequa"]}]},{"@type":"ImageObject","inLanguage":"es","@id":"https:\/\/www.asajacyl.com\/avila\/servicios-socio\/convocadas-ayudas-para-explotaciones-de-ganadera-extensiva-afectadas-por-la-sequa#primaryimage","url":"https:\/\/www.asajacyl.com\/avila\/wp-content\/uploads\/sites\/4\/2017\/11\/im_predefinida_1920x1080.jpg","contentUrl":"https:\/\/www.asajacyl.com\/avila\/wp-content\/uploads\/sites\/4\/2017\/11\/im_predefinida_1920x1080.jpg","width":1920,"height":1080,"caption":"Logotipo ASAJA \u00c1vila"},{"@type":"BreadcrumbList","@id":"https:\/\/www.asajacyl.com\/avila\/servicios-socio\/convocadas-ayudas-para-explotaciones-de-ganadera-extensiva-afectadas-por-la-sequa#breadcrumb","itemListElement":[{"@type":"ListItem","position":1,"name":"Portada","item":"https:\/\/www.asajacyl.com\/avila\/"},{"@type":"ListItem","position":2,"name":"Convocadas ayudas para explotaciones de ganader&#237;a extensiva afectadas por la sequ&#237;a"}]},{"@type":"WebSite","@id":"https:\/\/www.asajacyl.com\/avila\/#website","url":"https:\/\/www.asajacyl.com\/avila\/","name":"ASAJA \u00c1vila","description":"Otro sitio m\u00e1s de Provincias ASAJA Castilla y Le\u00f3n","potentialAction":[{"@type":"SearchAction","target":{"@type":"EntryPoint","urlTemplate":"https:\/\/www.asajacyl.com\/avila\/?s={search_term_string}"},"query-input":{"@type":"PropertyValueSpecification","valueRequired":true,"valueName":"search_term_string"}}],"inLanguage":"es"},{"@type":"Person","@id":"https:\/\/www.asajacyl.com\/avila\/#\/schema\/person\/7e884476cee132331142e8ac9689f20c","name":"Editor","image":{"@type":"ImageObject","inLanguage":"es","@id":"https:\/\/www.asajacyl.com\/avila\/#\/schema\/person\/image\/","url":"https:\/\/secure.gravatar.com\/avatar\/a2ef43c165669686cfcfb0e1ffa59869?s=96&d=mm&r=g","contentUrl":"https:\/\/secure.gravatar.com\/avatar\/a2ef43c165669686cfcfb0e1ffa59869?s=96&d=mm&r=g","caption":"Editor"},"url":"https:\/\/www.asajacyl.com\/avila\/author\/oscargg"}]}},"_links":{"self":[{"href":"https:\/\/www.asajacyl.com\/avila\/wp-json\/wp\/v2\/posts\/2445"}],"collection":[{"href":"https:\/\/www.asajacyl.com\/avila\/wp-json\/wp\/v2\/posts"}],"about":[{"href":"https:\/\/www.asajacyl.com\/avila\/wp-json\/wp\/v2\/types\/post"}],"author":[{"embeddable":true,"href":"https:\/\/www.asajacyl.com\/avila\/wp-json\/wp\/v2\/users\/3"}],"replies":[{"embeddable":true,"href":"https:\/\/www.asajacyl.com\/avila\/wp-json\/wp\/v2\/comments?post=2445"}],"version-history":[{"count":0,"href":"https:\/\/www.asajacyl.com\/avila\/wp-json\/wp\/v2\/posts\/2445\/revisions"}],"wp:featuredmedia":[{"embeddable":true,"href":"https:\/\/www.asajacyl.com\/avila\/wp-json\/wp\/v2\/media\/794"}],"wp:attachment":[{"href":"https:\/\/www.asajacyl.com\/avila\/wp-json\/wp\/v2\/media?parent=2445"}],"wp:term":[{"taxonomy":"category","embeddable":true,"href":"https:\/\/www.asajacyl.com\/avila\/wp-json\/wp\/v2\/categories?post=2445"},{"taxonomy":"post_tag","embeddable":true,"href":"https:\/\/www.asajacyl.com\/avila\/wp-json\/wp\/v2\/tags?post=2445"}],"curies":[{"name":"wp","href":"https:\/\/api.w.org\/{rel}","templated":true}]}}