{"id":2446,"date":"2015-07-27T00:00:00","date_gmt":"2015-07-26T22:00:00","guid":{"rendered":"http:\/\/www.asajacyl.com\/avila\/sin-categoria\/opas-y-cooperativas-plantean-movilizaciones-en-busca-de-soluciones-para-el-sector-lcteo"},"modified":"2015-07-27T00:00:00","modified_gmt":"2015-07-26T22:00:00","slug":"opas-y-cooperativas-plantean-movilizaciones-en-busca-de-soluciones-para-el-sector-lcteo","status":"publish","type":"post","link":"https:\/\/www.asajacyl.com\/avila\/servicios-socio\/opas-y-cooperativas-plantean-movilizaciones-en-busca-de-soluciones-para-el-sector-lcteo","title":{"rendered":"OPAS y Cooperativas plantean movilizaciones en busca de soluciones para el sector l&#225;cteo"},"content":{"rendered":"<h2>En el d&#237;a de ayer se han reunido en Medina de Rioseco, Organizaciones Profesionales Agrarias y Cooperativas de Castilla y Le&#243;n para analizar la dram&#225;tica situaci&#243;n que vive el sector de vacuno de leche en nuestra regi&#243;n.<\/h2>\n<p>En el d&#237;a de ayer se han reunido en Medina de Rioseco, Organizaciones Profesionales Agrarias y Cooperativas de Castilla y Le&#243;n para analizar la dram&#225;tica situaci&#243;n que vive el sector de vacuno de leche en nuestra regi&#243;n. Durante la reuni&#243;n todos los asistentes coincidieron en que la situaci&#243;n catastr&#243;fica que vive el sector en la actualidad es insostenible ya que los ganaderos est&#225;n recibiendo precios por su leche muy por debajo de los costes de producci&#243;n.<\/p>\n<p>En este sentido se puntualiz&#243; en que las medidas planteadas por la Administraci&#243;n y la normativa vigente no est&#225;n dando los resultados esperados y los productores lo consideramos insuficiente para salvar a un sector gravemente da&#241;ado ante la bajada desmesurada de los precios de la leche pagada al ganadero.<\/p>\n<p>Ante la pasividad mostrada por las Administraciones en las distintas reuniones mantenidas, organizaciones agrarias y las cooperativas de la regi&#243;n han acordado emprender una reacci&#243;n de reivindicaciones que se concretaran en los pr&#243;ximos d&#237;as en otra reuni&#243;n, con el objeto de que la Administraci&#243;n se tome en serio un sector estrat&#233;gico en Castilla y Le&#243;n, no solo como vertebradores del territorio, contribuyendo al mantenimiento y desarrollo del medio rural, sino tambi&#233;n la labor esencial, tanto a la hora de proporcionar alimentos sanos y de calidad a la poblaci&#243;n.<\/p>\n<p>Hacemos igualmente un llamamiento a todas aquellas entidades relacionadas con los profesionales agrarios y personas interesadas en defender el sector de vacuno de leche a participar en todos los actos reivindicativos que se lleven a cabo pr&#243;ximamente.<\/p>\n","protected":false},"excerpt":{"rendered":"<p>En el d&#237;a de ayer se han reunido en Medina de Rioseco, Organizaciones Profesionales Agrarias y Cooperativas de Castilla y Le&#243;n para analizar la dram&#225;tica situaci&#243;n que vive el sector de vacuno de leche en nuestra regi&#243;n.<\/p>\n","protected":false},"author":3,"featured_media":794,"comment_status":"open","ping_status":"open","sticky":false,"template":"","format":"standard","meta":{"footnotes":""},"categories":[24,9],"tags":[],"yoast_head":"<!-- This site is optimized with the Yoast SEO plugin v24.5 - https:\/\/yoast.com\/wordpress\/plugins\/seo\/ -->\n<title>OPAS y Cooperativas plantean movilizaciones en busca de soluciones para el sector l&#225;cteo - ASAJA \u00c1vila<\/title>\n<meta name=\"description\" content=\"En el d&#237;a de ayer se han reunido en Medina de Rioseco, Organizaciones Profesionales Agrarias y Cooperativas de Castilla y Le&#243;n para analizar la dram&#225;tica situaci&#243;n que vive el sector de vacuno de leche en nuestra regi&#243;n.\" \/>\n<meta name=\"robots\" content=\"index, follow, max-snippet:-1, max-image-preview:large, max-video-preview:-1\" \/>\n<link rel=\"canonical\" href=\"https:\/\/www.asajacyl.com\/avila\/servicios-socio\/opas-y-cooperativas-plantean-movilizaciones-en-busca-de-soluciones-para-el-sector-lcteo\" \/>\n<meta property=\"og:locale\" content=\"es_ES\" \/>\n<meta property=\"og:type\" content=\"article\" \/>\n<meta property=\"og:title\" content=\"OPAS y Cooperativas plantean movilizaciones en busca de soluciones para el sector l&#225;cteo - ASAJA \u00c1vila\" \/>\n<meta property=\"og:description\" content=\"En el d&#237;a de ayer se han reunido en Medina de Rioseco, Organizaciones Profesionales Agrarias y Cooperativas de Castilla y Le&#243;n para analizar la dram&#225;tica situaci&#243;n que vive el sector de vacuno de leche en nuestra regi&#243;n.\" \/>\n<meta property=\"og:url\" content=\"https:\/\/www.asajacyl.com\/avila\/servicios-socio\/opas-y-cooperativas-plantean-movilizaciones-en-busca-de-soluciones-para-el-sector-lcteo\" \/>\n<meta property=\"og:site_name\" content=\"ASAJA \u00c1vila\" \/>\n<meta property=\"article:published_time\" content=\"2015-07-26T22:00:00+00:00\" \/>\n<meta property=\"og:image\" content=\"https:\/\/www.asajacyl.com\/avila\/wp-content\/uploads\/sites\/4\/2017\/11\/im_predefinida_1920x1080.jpg\" \/>\n\t<meta property=\"og:image:width\" content=\"1920\" \/>\n\t<meta property=\"og:image:height\" content=\"1080\" \/>\n\t<meta property=\"og:image:type\" content=\"image\/jpeg\" \/>\n<meta name=\"author\" content=\"Editor\" \/>\n<meta name=\"twitter:card\" content=\"summary_large_image\" \/>\n<meta name=\"twitter:label1\" content=\"Escrito por\" \/>\n\t<meta name=\"twitter:data1\" content=\"Editor\" \/>\n\t<meta name=\"twitter:label2\" content=\"Tiempo de lectura\" \/>\n\t<meta name=\"twitter:data2\" content=\"2 minutos\" \/>\n<script type=\"application\/ld+json\" class=\"yoast-schema-graph\">{\"@context\":\"https:\/\/schema.org\",\"@graph\":[{\"@type\":\"WebPage\",\"@id\":\"https:\/\/www.asajacyl.com\/avila\/servicios-socio\/opas-y-cooperativas-plantean-movilizaciones-en-busca-de-soluciones-para-el-sector-lcteo\",\"url\":\"https:\/\/www.asajacyl.com\/avila\/servicios-socio\/opas-y-cooperativas-plantean-movilizaciones-en-busca-de-soluciones-para-el-sector-lcteo\",\"name\":\"OPAS y Cooperativas plantean movilizaciones en busca de soluciones para el sector l&#225;cteo - ASAJA \u00c1vila\",\"isPartOf\":{\"@id\":\"https:\/\/www.asajacyl.com\/avila\/#website\"},\"primaryImageOfPage\":{\"@id\":\"https:\/\/www.asajacyl.com\/avila\/servicios-socio\/opas-y-cooperativas-plantean-movilizaciones-en-busca-de-soluciones-para-el-sector-lcteo#primaryimage\"},\"image\":{\"@id\":\"https:\/\/www.asajacyl.com\/avila\/servicios-socio\/opas-y-cooperativas-plantean-movilizaciones-en-busca-de-soluciones-para-el-sector-lcteo#primaryimage\"},\"thumbnailUrl\":\"https:\/\/www.asajacyl.com\/avila\/wp-content\/uploads\/sites\/4\/2017\/11\/im_predefinida_1920x1080.jpg\",\"datePublished\":\"2015-07-26T22:00:00+00:00\",\"author\":{\"@id\":\"https:\/\/www.asajacyl.com\/avila\/#\/schema\/person\/7e884476cee132331142e8ac9689f20c\"},\"description\":\"En el d&#237;a de ayer se han reunido en Medina de Rioseco, Organizaciones Profesionales Agrarias y Cooperativas de Castilla y Le&#243;n para analizar la dram&#225;tica situaci&#243;n que vive el sector de vacuno de leche en nuestra regi&#243;n.\",\"breadcrumb\":{\"@id\":\"https:\/\/www.asajacyl.com\/avila\/servicios-socio\/opas-y-cooperativas-plantean-movilizaciones-en-busca-de-soluciones-para-el-sector-lcteo#breadcrumb\"},\"inLanguage\":\"es\",\"potentialAction\":[{\"@type\":\"ReadAction\",\"target\":[\"https:\/\/www.asajacyl.com\/avila\/servicios-socio\/opas-y-cooperativas-plantean-movilizaciones-en-busca-de-soluciones-para-el-sector-lcteo\"]}]},{\"@type\":\"ImageObject\",\"inLanguage\":\"es\",\"@id\":\"https:\/\/www.asajacyl.com\/avila\/servicios-socio\/opas-y-cooperativas-plantean-movilizaciones-en-busca-de-soluciones-para-el-sector-lcteo#primaryimage\",\"url\":\"https:\/\/www.asajacyl.com\/avila\/wp-content\/uploads\/sites\/4\/2017\/11\/im_predefinida_1920x1080.jpg\",\"contentUrl\":\"https:\/\/www.asajacyl.com\/avila\/wp-content\/uploads\/sites\/4\/2017\/11\/im_predefinida_1920x1080.jpg\",\"width\":1920,\"height\":1080,\"caption\":\"Logotipo ASAJA \u00c1vila\"},{\"@type\":\"BreadcrumbList\",\"@id\":\"https:\/\/www.asajacyl.com\/avila\/servicios-socio\/opas-y-cooperativas-plantean-movilizaciones-en-busca-de-soluciones-para-el-sector-lcteo#breadcrumb\",\"itemListElement\":[{\"@type\":\"ListItem\",\"position\":1,\"name\":\"Portada\",\"item\":\"https:\/\/www.asajacyl.com\/avila\/\"},{\"@type\":\"ListItem\",\"position\":2,\"name\":\"OPAS y Cooperativas plantean movilizaciones en busca de soluciones para el sector l&#225;cteo\"}]},{\"@type\":\"WebSite\",\"@id\":\"https:\/\/www.asajacyl.com\/avila\/#website\",\"url\":\"https:\/\/www.asajacyl.com\/avila\/\",\"name\":\"ASAJA \u00c1vila\",\"description\":\"Otro sitio m\u00e1s de Provincias ASAJA Castilla y Le\u00f3n\",\"potentialAction\":[{\"@type\":\"SearchAction\",\"target\":{\"@type\":\"EntryPoint\",\"urlTemplate\":\"https:\/\/www.asajacyl.com\/avila\/?s={search_term_string}\"},\"query-input\":{\"@type\":\"PropertyValueSpecification\",\"valueRequired\":true,\"valueName\":\"search_term_string\"}}],\"inLanguage\":\"es\"},{\"@type\":\"Person\",\"@id\":\"https:\/\/www.asajacyl.com\/avila\/#\/schema\/person\/7e884476cee132331142e8ac9689f20c\",\"name\":\"Editor\",\"image\":{\"@type\":\"ImageObject\",\"inLanguage\":\"es\",\"@id\":\"https:\/\/www.asajacyl.com\/avila\/#\/schema\/person\/image\/\",\"url\":\"https:\/\/secure.gravatar.com\/avatar\/a2ef43c165669686cfcfb0e1ffa59869?s=96&d=mm&r=g\",\"contentUrl\":\"https:\/\/secure.gravatar.com\/avatar\/a2ef43c165669686cfcfb0e1ffa59869?s=96&d=mm&r=g\",\"caption\":\"Editor\"},\"url\":\"https:\/\/www.asajacyl.com\/avila\/author\/oscargg\"}]}<\/script>\n<!-- \/ Yoast SEO plugin. -->","yoast_head_json":{"title":"OPAS y Cooperativas plantean movilizaciones en busca de soluciones para el sector l&#225;cteo - ASAJA \u00c1vila","description":"En el d&#237;a de ayer se han reunido en Medina de Rioseco, Organizaciones Profesionales Agrarias y Cooperativas de Castilla y Le&#243;n para analizar la dram&#225;tica situaci&#243;n que vive el sector de vacuno de leche en nuestra regi&#243;n.","robots":{"index":"index","follow":"follow","max-snippet":"max-snippet:-1","max-image-preview":"max-image-preview:large","max-video-preview":"max-video-preview:-1"},"canonical":"https:\/\/www.asajacyl.com\/avila\/servicios-socio\/opas-y-cooperativas-plantean-movilizaciones-en-busca-de-soluciones-para-el-sector-lcteo","og_locale":"es_ES","og_type":"article","og_title":"OPAS y Cooperativas plantean movilizaciones en busca de soluciones para el sector l&#225;cteo - ASAJA \u00c1vila","og_description":"En el d&#237;a de ayer se han reunido en Medina de Rioseco, Organizaciones Profesionales Agrarias y Cooperativas de Castilla y Le&#243;n para analizar la dram&#225;tica situaci&#243;n que vive el sector de vacuno de leche en nuestra regi&#243;n.","og_url":"https:\/\/www.asajacyl.com\/avila\/servicios-socio\/opas-y-cooperativas-plantean-movilizaciones-en-busca-de-soluciones-para-el-sector-lcteo","og_site_name":"ASAJA \u00c1vila","article_published_time":"2015-07-26T22:00:00+00:00","og_image":[{"width":1920,"height":1080,"url":"https:\/\/www.asajacyl.com\/avila\/wp-content\/uploads\/sites\/4\/2017\/11\/im_predefinida_1920x1080.jpg","type":"image\/jpeg"}],"author":"Editor","twitter_card":"summary_large_image","twitter_misc":{"Escrito por":"Editor","Tiempo de lectura":"2 minutos"},"schema":{"@context":"https:\/\/schema.org","@graph":[{"@type":"WebPage","@id":"https:\/\/www.asajacyl.com\/avila\/servicios-socio\/opas-y-cooperativas-plantean-movilizaciones-en-busca-de-soluciones-para-el-sector-lcteo","url":"https:\/\/www.asajacyl.com\/avila\/servicios-socio\/opas-y-cooperativas-plantean-movilizaciones-en-busca-de-soluciones-para-el-sector-lcteo","name":"OPAS y Cooperativas plantean movilizaciones en busca de soluciones para el sector l&#225;cteo - ASAJA \u00c1vila","isPartOf":{"@id":"https:\/\/www.asajacyl.com\/avila\/#website"},"primaryImageOfPage":{"@id":"https:\/\/www.asajacyl.com\/avila\/servicios-socio\/opas-y-cooperativas-plantean-movilizaciones-en-busca-de-soluciones-para-el-sector-lcteo#primaryimage"},"image":{"@id":"https:\/\/www.asajacyl.com\/avila\/servicios-socio\/opas-y-cooperativas-plantean-movilizaciones-en-busca-de-soluciones-para-el-sector-lcteo#primaryimage"},"thumbnailUrl":"https:\/\/www.asajacyl.com\/avila\/wp-content\/uploads\/sites\/4\/2017\/11\/im_predefinida_1920x1080.jpg","datePublished":"2015-07-26T22:00:00+00:00","author":{"@id":"https:\/\/www.asajacyl.com\/avila\/#\/schema\/person\/7e884476cee132331142e8ac9689f20c"},"description":"En el d&#237;a de ayer se han reunido en Medina de Rioseco, Organizaciones Profesionales Agrarias y Cooperativas de Castilla y Le&#243;n para analizar la dram&#225;tica situaci&#243;n que vive el sector de vacuno de leche en nuestra regi&#243;n.","breadcrumb":{"@id":"https:\/\/www.asajacyl.com\/avila\/servicios-socio\/opas-y-cooperativas-plantean-movilizaciones-en-busca-de-soluciones-para-el-sector-lcteo#breadcrumb"},"inLanguage":"es","potentialAction":[{"@type":"ReadAction","target":["https:\/\/www.asajacyl.com\/avila\/servicios-socio\/opas-y-cooperativas-plantean-movilizaciones-en-busca-de-soluciones-para-el-sector-lcteo"]}]},{"@type":"ImageObject","inLanguage":"es","@id":"https:\/\/www.asajacyl.com\/avila\/servicios-socio\/opas-y-cooperativas-plantean-movilizaciones-en-busca-de-soluciones-para-el-sector-lcteo#primaryimage","url":"https:\/\/www.asajacyl.com\/avila\/wp-content\/uploads\/sites\/4\/2017\/11\/im_predefinida_1920x1080.jpg","contentUrl":"https:\/\/www.asajacyl.com\/avila\/wp-content\/uploads\/sites\/4\/2017\/11\/im_predefinida_1920x1080.jpg","width":1920,"height":1080,"caption":"Logotipo ASAJA \u00c1vila"},{"@type":"BreadcrumbList","@id":"https:\/\/www.asajacyl.com\/avila\/servicios-socio\/opas-y-cooperativas-plantean-movilizaciones-en-busca-de-soluciones-para-el-sector-lcteo#breadcrumb","itemListElement":[{"@type":"ListItem","position":1,"name":"Portada","item":"https:\/\/www.asajacyl.com\/avila\/"},{"@type":"ListItem","position":2,"name":"OPAS y Cooperativas plantean movilizaciones en busca de soluciones para el sector l&#225;cteo"}]},{"@type":"WebSite","@id":"https:\/\/www.asajacyl.com\/avila\/#website","url":"https:\/\/www.asajacyl.com\/avila\/","name":"ASAJA \u00c1vila","description":"Otro sitio m\u00e1s de Provincias ASAJA Castilla y Le\u00f3n","potentialAction":[{"@type":"SearchAction","target":{"@type":"EntryPoint","urlTemplate":"https:\/\/www.asajacyl.com\/avila\/?s={search_term_string}"},"query-input":{"@type":"PropertyValueSpecification","valueRequired":true,"valueName":"search_term_string"}}],"inLanguage":"es"},{"@type":"Person","@id":"https:\/\/www.asajacyl.com\/avila\/#\/schema\/person\/7e884476cee132331142e8ac9689f20c","name":"Editor","image":{"@type":"ImageObject","inLanguage":"es","@id":"https:\/\/www.asajacyl.com\/avila\/#\/schema\/person\/image\/","url":"https:\/\/secure.gravatar.com\/avatar\/a2ef43c165669686cfcfb0e1ffa59869?s=96&d=mm&r=g","contentUrl":"https:\/\/secure.gravatar.com\/avatar\/a2ef43c165669686cfcfb0e1ffa59869?s=96&d=mm&r=g","caption":"Editor"},"url":"https:\/\/www.asajacyl.com\/avila\/author\/oscargg"}]}},"_links":{"self":[{"href":"https:\/\/www.asajacyl.com\/avila\/wp-json\/wp\/v2\/posts\/2446"}],"collection":[{"href":"https:\/\/www.asajacyl.com\/avila\/wp-json\/wp\/v2\/posts"}],"about":[{"href":"https:\/\/www.asajacyl.com\/avila\/wp-json\/wp\/v2\/types\/post"}],"author":[{"embeddable":true,"href":"https:\/\/www.asajacyl.com\/avila\/wp-json\/wp\/v2\/users\/3"}],"replies":[{"embeddable":true,"href":"https:\/\/www.asajacyl.com\/avila\/wp-json\/wp\/v2\/comments?post=2446"}],"version-history":[{"count":0,"href":"https:\/\/www.asajacyl.com\/avila\/wp-json\/wp\/v2\/posts\/2446\/revisions"}],"wp:featuredmedia":[{"embeddable":true,"href":"https:\/\/www.asajacyl.com\/avila\/wp-json\/wp\/v2\/media\/794"}],"wp:attachment":[{"href":"https:\/\/www.asajacyl.com\/avila\/wp-json\/wp\/v2\/media?parent=2446"}],"wp:term":[{"taxonomy":"category","embeddable":true,"href":"https:\/\/www.asajacyl.com\/avila\/wp-json\/wp\/v2\/categories?post=2446"},{"taxonomy":"post_tag","embeddable":true,"href":"https:\/\/www.asajacyl.com\/avila\/wp-json\/wp\/v2\/tags?post=2446"}],"curies":[{"name":"wp","href":"https:\/\/api.w.org\/{rel}","templated":true}]}}