{"id":2768,"date":"2017-12-13T14:07:31","date_gmt":"2017-12-13T13:07:31","guid":{"rendered":"http:\/\/www.asajacyl.com\/avila\/?p=2768"},"modified":"2018-02-05T14:49:41","modified_gmt":"2018-02-05T13:49:41","slug":"asaja-castilla-leon-presenta-balance-agroganadero-anual","status":"publish","type":"post","link":"https:\/\/www.asajacyl.com\/avila\/asaja-avila-informa\/asaja-castilla-leon-presenta-balance-agroganadero-anual","title":{"rendered":"ASAJA Castilla y Le\u00f3n presenta su balance agroganadero anual"},"content":{"rendered":"<p><strong>2017 hunde al sector agrario y ganadero de Castilla y Le\u00f3n y le deja sin reservas para afrontar el pr\u00f3ximo a\u00f1o<\/strong><\/p>\n<p>2017 pasar\u00e1 a la historia como el a\u00f1o en el que a la agricultura y ganader\u00eda de Castilla y Le\u00f3n se le acabaron los adjetivos. De malo a p\u00e9simo, de negativo a catastr\u00f3fico, a medida que avanzaban los meses no ha dejado de complicarse una campa\u00f1a que desde el primer momento se plante\u00f3 complicada. Hoy presentaba ASAJA el balance de estos doce meses, que se resumen en unas p\u00e9rdidas de alrededor de 1.500 millones de euros, que \u201chunden al sector agr\u00edcola y ganadero y por extensi\u00f3n al medio rural, muy dependiente del sector primario, y que adem\u00e1s tendr\u00e1n una repercusi\u00f3n muy negativa en la econom\u00eda global de la Comunidad Aut\u00f3noma\u201d, ha apuntado Donaciano Dujo, presidente de ASAJA de Castilla y Le\u00f3n, que esta ma\u00f1ana ha presentado el balance de estos doce meses, acompa\u00f1ado por otros responsables de la OPA.<\/p>\n<p>Las p\u00e9rdidas se han repartido en todas las producciones. Desde el secano, privado casi totalmente de lluvias, hasta el regad\u00edo, sin reservas para afrontar riegos, pasando por la ganader\u00eda, puesto que no hay pastos desde oto\u00f1o de 2016 y las explotaciones han tenido que multiplicar gastos en alimentar a los animales. Y por si quedaba algo en pie, las heladas de primavera arrasaron producciones muy importantes para Castilla y Le\u00f3n, como el vi\u00f1edo o los frutales. \u201cEs decir, que 2017 se va recordar como un a\u00f1o p\u00e9simo en todas las provincias y por todos los agricultores y ganaderos\u201d, lament\u00f3 Donaciano Dujo.<\/p>\n<p>Contra lo que ocurr\u00eda en el pasado, esta escasez de producciones no se ha traducido en un buen precio. \u201cLos precios han seguido en t\u00f3nica con a\u00f1os anteriores, con apenas variaciones, y muchas veces en el l\u00edmite o por debajo de costes de producci\u00f3n, como ha ocurrido con la patata, un sector que sigue desregulado pese a los esfuerzos de ASAJA por llevar adelante la interprofesional\u201d, apunt\u00f3 Dujo.<\/p>\n<p>Tambi\u00e9n tuvo palabras duras para la industria, concretamente la de leche, \u201cque paga peor a nuestros ganaderos que a los del resto de Europa cuando nuestro pa\u00eds es deficitario en leche. La industria l\u00e1ctea espa\u00f1ola est\u00e1 obsoleta y no es competitiva respecto a la de otros pa\u00edses europeos, y en lugar de hacer su reconversi\u00f3n quita ese dinero a nuestros ganaderos para suplir falta de eficiencia. Algo que las administraciones no deber\u00edan permitir\u201d.<\/p>\n<p>En este contexto de m\u00e1xima dificultad para el sector, el presidente de ASAJA Castilla y Le\u00f3n arremeti\u00f3 contra las administraciones, \u201cque no han estado a la altura de esta crisis, la m\u00e1s grave que ha vivido el sector desde hace d\u00e9cadas\u201d. Para ASAJA, los pr\u00e9stamos han sido totalmente insuficientes y han dejado fuera justo a los que m\u00e1s lo necesitaban \u201cy de las ayudas directas a las explotaciones m\u00e1s hundidas y a los j\u00f3venes que empiezan es que directamente la administraci\u00f3n no ha querido ni hablar. Y encima, han enturbiado a\u00fan m\u00e1s el ambiente, haciendo propaganda continua de las ayudas que supuestamente iban a dar al campo. Han puesto a la sociedad contra nosotros, y los agricultores y ganaderos se han sentido justamente ofendidos y estafados\u201d.<\/p>\n<p>Donaciano Dujo pidi\u00f3 a la Junta de Castilla y Le\u00f3n \u201cm\u00e1s hechos que promesas. Ya sabemos que va a llegar el 95 por ciento del anticipo de las ayudas PAC, como llega todos los a\u00f1os, y por cierto de fondos europeos. Si la Junta y el Ministerio quieren de verdad ayudar, que paguen tambi\u00e9n todo lo pendiente del Programa de Desarrollo Rural de los a\u00f1os 2016 y 2017, como ayudas a la incorporaci\u00f3n, planes de mejora, monta\u00f1a o agroambientales, ah\u00ed s\u00ed que cofinancian todos.\u201d<\/p>\n<p>Por su parte, Jos\u00e9 Luis Marcos, vicepresidente de ASAJA-Palencia ha asegurado que ha sido \u201cpara los regantes ha sido un a\u00f1o como no se recuerda en el sector. O se cambi\u00f3 de cultivo o directamente no se sembr\u00f3, porque no hab\u00eda agua. Pero el agricultor tiene que seguir pagando las rentas de la tierra, caras y a\u00fan m\u00e1s en regad\u00edo\u201d. Y la situaci\u00f3n a d\u00eda de hoy es igualmente preocupante: \u201chay cuencas como el \u00d3rbigo o el Carri\u00f3n ya deficitarias en a\u00f1os normales y a d\u00eda de hoy los embalses est\u00e1n bajo m\u00ednimos, mucho peor que cualquier a\u00f1o. Hay miedo de que lo que se ha sembrado no nazca y que no pueda sembrarse tampoco en primavera\u201d. En el cap\u00edtulo del riego, ASAJA tambi\u00e9n ha denunciado el desmedido coste que suponen las tarifas de riego, al impedir el sistema actual que se cambie la potencia requerida, aunque luego solo se precise unos pocos meses al a\u00f1o.<\/p>\n<p>Joaqu\u00edn Antonio Pino, presidente de ASAJA-\u00c1vila, cifr\u00f3 en unos 30.000 euros el sobrecoste en alimentaci\u00f3n que est\u00e1n asumiendo cada a\u00f1o una explotaci\u00f3n media de ganader\u00eda extensiva, privada como est\u00e1 de pastos desde hace un a\u00f1o. Respecto al saneamiento ganadero, otra de las grandes preocupaciones del sector, el presidente de ASAJA-\u00c1vila subray\u00f3 que hay un problema sin atajar, que es la proliferaci\u00f3n de fauna salvaje, principalmente en zonas de monta\u00f1a. De nada sirve sacrificar vacas si luego las enfermedades las transmiten los animales salvajes\u201d. Igualmente, subray\u00f3 la importancia de que el saneamiento sea id\u00e9ntico en todo el territorio, \u201cpor lo que el ministerio tiene que unificar criterios entre todas las comunidades\u201d. Adem\u00e1s, reclam\u00f3 la cooperaci\u00f3n de todas las administraciones, europea, nacional y auton\u00f3mica, para encarar el problema del control de fauna salvaje, y especialmente del lobo, especie que sigue ocasionando enormes problemas en el medio rural.<\/p>\n<p><strong>ASAJA, con el sector<\/strong><\/p>\n<p>Por su parte, el secretario general de ASAJA de Castilla y Le\u00f3n y de la organizaci\u00f3n en la provincia de Le\u00f3n, Jos\u00e9 Antonio Turrado, describi\u00f3 2017 como un a\u00f1o \u201cmuy duro para los agricultores y ganaderos y como tal, para ASAJA, que es reflejo del sentir del sector. Hemos tenido un a\u00f1o dif\u00edcil a nivel sindical, muy reivindicativo con las administraciones, y tambi\u00e9n un a\u00f1o de mucho trabajo en nuestra red de oficinas, donde los agricultores y ganaderos han acudido para tramitar ayudas, pr\u00e9stamos o cualquier otro tema que nuestro equipo t\u00e9cnico se ha esforzado en atender, porque hoy el objetivo principal es que remonte el sector y pueda superar esta grave crisis econ\u00f3mica\u201d.<\/p>\n<p>Tambi\u00e9n se\u00f1al\u00f3 el secretario regional que esta madrugada las nueve organizaciones provinciales de ASAJA presentaban sus candidaturas para concurrir el pr\u00f3ximo 11 de febrero a las elecciones del campo. \u201cIlusi\u00f3n no nos falta, ni a los dirigentes, ni a los trabajadores, y la transmitiremos a nuestros socios, simpatizantes y votantes, porque es muy importante lograr una alta participaci\u00f3n. El objetivo de ASAJA es ganar con una amplia mayor\u00eda, y que se traduzca en las urnas lo que somos en realidad: la organizaci\u00f3n con m\u00e1s socios, que representa a la mayor\u00eda de los agricultores y ganaderos de Castilla y Le\u00f3n\u201d. Turrado se\u00f1al\u00f3 que, contra los pol\u00edticos, \u201cnosotros no basamos nuestro discurso en promesas, sino que nos presentamos con el trabajo y unidad de nuestra organizaci\u00f3n, la \u00fanica con representaci\u00f3n real en las nueve provincias\u201d. Por \u00faltimo, abog\u00f3 por una campa\u00f1a seria en la que unos y otros transmitamos nuestro mensaje y modelo de agricultura. No es tiempo de peleas entre nosotros, que los agricultores no entienden. Nuestros enemigos no son las otras OPAS, sino las administraciones que no nos escuchan o las industrias que no pagan lo que deben\u201d.<\/p>\n<p><img loading=\"lazy\" decoding=\"async\" class=\"size-medium wp-image-2771 aligncenter\" src=\"http:\/\/www.asajacyl.com\/avila\/wp-content\/uploads\/sites\/4\/2017\/12\/balance-2017-web-1-300x156.jpg\" alt=\"\" width=\"300\" height=\"156\" srcset=\"https:\/\/www.asajacyl.com\/avila\/wp-content\/uploads\/sites\/4\/2017\/12\/balance-2017-web-1-300x156.jpg 300w, https:\/\/www.asajacyl.com\/avila\/wp-content\/uploads\/sites\/4\/2017\/12\/balance-2017-web-1-768x401.jpg 768w, https:\/\/www.asajacyl.com\/avila\/wp-content\/uploads\/sites\/4\/2017\/12\/balance-2017-web-1-1024x534.jpg 1024w, https:\/\/www.asajacyl.com\/avila\/wp-content\/uploads\/sites\/4\/2017\/12\/balance-2017-web-1-696x363.jpg 696w, https:\/\/www.asajacyl.com\/avila\/wp-content\/uploads\/sites\/4\/2017\/12\/balance-2017-web-1-1068x557.jpg 1068w, https:\/\/www.asajacyl.com\/avila\/wp-content\/uploads\/sites\/4\/2017\/12\/balance-2017-web-1-805x420.jpg 805w, https:\/\/www.asajacyl.com\/avila\/wp-content\/uploads\/sites\/4\/2017\/12\/balance-2017-web-1-1920x1001.jpg 1920w\" sizes=\"(max-width: 300px) 100vw, 300px\" \/><\/p>\n","protected":false},"excerpt":{"rendered":"<p>2017 hunde al sector agrario y ganadero de Castilla y Le\u00f3n y le deja sin reservas para afrontar el pr\u00f3ximo a\u00f1o 2017 pasar\u00e1 a la historia como el a\u00f1o en el que a la agricultura y ganader\u00eda de Castilla y Le\u00f3n se le acabaron los adjetivos. De malo a p\u00e9simo, de negativo a catastr\u00f3fico, a [&hellip;]<\/p>\n","protected":false},"author":6,"featured_media":2770,"comment_status":"open","ping_status":"open","sticky":false,"template":"","format":"standard","meta":{"footnotes":""},"categories":[8,18],"tags":[],"yoast_head":"<!-- This site is optimized with the Yoast SEO plugin v24.5 - https:\/\/yoast.com\/wordpress\/plugins\/seo\/ -->\n<title>ASAJA Castilla y Le\u00f3n presenta su balance agroganadero anual - ASAJA \u00c1vila<\/title>\n<meta name=\"description\" content=\"2017 hunde al sector agrario y ganadero de Castilla y Le\u00f3n y le deja sin reservas para afrontar el pr\u00f3ximo a\u00f1o 2017 pasar\u00e1 a la historia como el a\u00f1o en el\" \/>\n<meta name=\"robots\" content=\"index, follow, max-snippet:-1, max-image-preview:large, max-video-preview:-1\" \/>\n<link rel=\"canonical\" href=\"https:\/\/www.asajacyl.com\/avila\/asaja-avila-informa\/asaja-castilla-leon-presenta-balance-agroganadero-anual\" \/>\n<meta property=\"og:locale\" content=\"es_ES\" \/>\n<meta property=\"og:type\" content=\"article\" \/>\n<meta property=\"og:title\" content=\"ASAJA Castilla y Le\u00f3n presenta su balance agroganadero anual - ASAJA \u00c1vila\" \/>\n<meta property=\"og:description\" content=\"2017 hunde al sector agrario y ganadero de Castilla y Le\u00f3n y le deja sin reservas para afrontar el pr\u00f3ximo a\u00f1o 2017 pasar\u00e1 a la historia como el a\u00f1o en el\" \/>\n<meta property=\"og:url\" content=\"https:\/\/www.asajacyl.com\/avila\/asaja-avila-informa\/asaja-castilla-leon-presenta-balance-agroganadero-anual\" \/>\n<meta property=\"og:site_name\" content=\"ASAJA \u00c1vila\" \/>\n<meta property=\"article:published_time\" content=\"2017-12-13T13:07:31+00:00\" \/>\n<meta property=\"article:modified_time\" content=\"2018-02-05T13:49:41+00:00\" \/>\n<meta property=\"og:image\" content=\"https:\/\/www.asajacyl.com\/avila\/wp-content\/uploads\/sites\/4\/2017\/12\/balance-joaquin.jpg\" \/>\n\t<meta property=\"og:image:width\" content=\"2500\" \/>\n\t<meta property=\"og:image:height\" content=\"1613\" \/>\n\t<meta property=\"og:image:type\" content=\"image\/jpeg\" \/>\n<meta name=\"author\" content=\"Joaqu\u00edn\" \/>\n<meta name=\"twitter:card\" content=\"summary_large_image\" \/>\n<meta name=\"twitter:label1\" content=\"Escrito por\" \/>\n\t<meta name=\"twitter:data1\" content=\"Joaqu\u00edn\" \/>\n\t<meta name=\"twitter:label2\" content=\"Tiempo de lectura\" \/>\n\t<meta name=\"twitter:data2\" content=\"7 minutos\" \/>\n<script type=\"application\/ld+json\" class=\"yoast-schema-graph\">{\"@context\":\"https:\/\/schema.org\",\"@graph\":[{\"@type\":\"WebPage\",\"@id\":\"https:\/\/www.asajacyl.com\/avila\/asaja-avila-informa\/asaja-castilla-leon-presenta-balance-agroganadero-anual\",\"url\":\"https:\/\/www.asajacyl.com\/avila\/asaja-avila-informa\/asaja-castilla-leon-presenta-balance-agroganadero-anual\",\"name\":\"ASAJA Castilla y Le\u00f3n presenta su balance agroganadero anual - ASAJA \u00c1vila\",\"isPartOf\":{\"@id\":\"https:\/\/www.asajacyl.com\/avila\/#website\"},\"primaryImageOfPage\":{\"@id\":\"https:\/\/www.asajacyl.com\/avila\/asaja-avila-informa\/asaja-castilla-leon-presenta-balance-agroganadero-anual#primaryimage\"},\"image\":{\"@id\":\"https:\/\/www.asajacyl.com\/avila\/asaja-avila-informa\/asaja-castilla-leon-presenta-balance-agroganadero-anual#primaryimage\"},\"thumbnailUrl\":\"https:\/\/www.asajacyl.com\/avila\/wp-content\/uploads\/sites\/4\/2017\/12\/balance-joaquin.jpg\",\"datePublished\":\"2017-12-13T13:07:31+00:00\",\"dateModified\":\"2018-02-05T13:49:41+00:00\",\"author\":{\"@id\":\"https:\/\/www.asajacyl.com\/avila\/#\/schema\/person\/daf3c5c7d3afd005798ec283b78826ed\"},\"description\":\"2017 hunde al sector agrario y ganadero de Castilla y Le\u00f3n y le deja sin reservas para afrontar el pr\u00f3ximo a\u00f1o 2017 pasar\u00e1 a la historia como el a\u00f1o en el\",\"breadcrumb\":{\"@id\":\"https:\/\/www.asajacyl.com\/avila\/asaja-avila-informa\/asaja-castilla-leon-presenta-balance-agroganadero-anual#breadcrumb\"},\"inLanguage\":\"es\",\"potentialAction\":[{\"@type\":\"ReadAction\",\"target\":[\"https:\/\/www.asajacyl.com\/avila\/asaja-avila-informa\/asaja-castilla-leon-presenta-balance-agroganadero-anual\"]}]},{\"@type\":\"ImageObject\",\"inLanguage\":\"es\",\"@id\":\"https:\/\/www.asajacyl.com\/avila\/asaja-avila-informa\/asaja-castilla-leon-presenta-balance-agroganadero-anual#primaryimage\",\"url\":\"https:\/\/www.asajacyl.com\/avila\/wp-content\/uploads\/sites\/4\/2017\/12\/balance-joaquin.jpg\",\"contentUrl\":\"https:\/\/www.asajacyl.com\/avila\/wp-content\/uploads\/sites\/4\/2017\/12\/balance-joaquin.jpg\",\"width\":2500,\"height\":1613},{\"@type\":\"BreadcrumbList\",\"@id\":\"https:\/\/www.asajacyl.com\/avila\/asaja-avila-informa\/asaja-castilla-leon-presenta-balance-agroganadero-anual#breadcrumb\",\"itemListElement\":[{\"@type\":\"ListItem\",\"position\":1,\"name\":\"Portada\",\"item\":\"https:\/\/www.asajacyl.com\/avila\/\"},{\"@type\":\"ListItem\",\"position\":2,\"name\":\"ASAJA Castilla y Le\u00f3n presenta su balance agroganadero anual\"}]},{\"@type\":\"WebSite\",\"@id\":\"https:\/\/www.asajacyl.com\/avila\/#website\",\"url\":\"https:\/\/www.asajacyl.com\/avila\/\",\"name\":\"ASAJA \u00c1vila\",\"description\":\"Otro sitio m\u00e1s de Provincias ASAJA Castilla y Le\u00f3n\",\"potentialAction\":[{\"@type\":\"SearchAction\",\"target\":{\"@type\":\"EntryPoint\",\"urlTemplate\":\"https:\/\/www.asajacyl.com\/avila\/?s={search_term_string}\"},\"query-input\":{\"@type\":\"PropertyValueSpecification\",\"valueRequired\":true,\"valueName\":\"search_term_string\"}}],\"inLanguage\":\"es\"},{\"@type\":\"Person\",\"@id\":\"https:\/\/www.asajacyl.com\/avila\/#\/schema\/person\/daf3c5c7d3afd005798ec283b78826ed\",\"name\":\"Joaqu\u00edn\",\"image\":{\"@type\":\"ImageObject\",\"inLanguage\":\"es\",\"@id\":\"https:\/\/www.asajacyl.com\/avila\/#\/schema\/person\/image\/\",\"url\":\"https:\/\/secure.gravatar.com\/avatar\/8a87f10166ff5a8a3b0c21a125bc069d?s=96&d=mm&r=g\",\"contentUrl\":\"https:\/\/secure.gravatar.com\/avatar\/8a87f10166ff5a8a3b0c21a125bc069d?s=96&d=mm&r=g\",\"caption\":\"Joaqu\u00edn\"},\"url\":\"https:\/\/www.asajacyl.com\/avila\/author\/joaquinap\"}]}<\/script>\n<!-- \/ Yoast SEO plugin. -->","yoast_head_json":{"title":"ASAJA Castilla y Le\u00f3n presenta su balance agroganadero anual - ASAJA \u00c1vila","description":"2017 hunde al sector agrario y ganadero de Castilla y Le\u00f3n y le deja sin reservas para afrontar el pr\u00f3ximo a\u00f1o 2017 pasar\u00e1 a la historia como el a\u00f1o en el","robots":{"index":"index","follow":"follow","max-snippet":"max-snippet:-1","max-image-preview":"max-image-preview:large","max-video-preview":"max-video-preview:-1"},"canonical":"https:\/\/www.asajacyl.com\/avila\/asaja-avila-informa\/asaja-castilla-leon-presenta-balance-agroganadero-anual","og_locale":"es_ES","og_type":"article","og_title":"ASAJA Castilla y Le\u00f3n presenta su balance agroganadero anual - ASAJA \u00c1vila","og_description":"2017 hunde al sector agrario y ganadero de Castilla y Le\u00f3n y le deja sin reservas para afrontar el pr\u00f3ximo a\u00f1o 2017 pasar\u00e1 a la historia como el a\u00f1o en el","og_url":"https:\/\/www.asajacyl.com\/avila\/asaja-avila-informa\/asaja-castilla-leon-presenta-balance-agroganadero-anual","og_site_name":"ASAJA \u00c1vila","article_published_time":"2017-12-13T13:07:31+00:00","article_modified_time":"2018-02-05T13:49:41+00:00","og_image":[{"width":2500,"height":1613,"url":"https:\/\/www.asajacyl.com\/avila\/wp-content\/uploads\/sites\/4\/2017\/12\/balance-joaquin.jpg","type":"image\/jpeg"}],"author":"Joaqu\u00edn","twitter_card":"summary_large_image","twitter_misc":{"Escrito por":"Joaqu\u00edn","Tiempo de lectura":"7 minutos"},"schema":{"@context":"https:\/\/schema.org","@graph":[{"@type":"WebPage","@id":"https:\/\/www.asajacyl.com\/avila\/asaja-avila-informa\/asaja-castilla-leon-presenta-balance-agroganadero-anual","url":"https:\/\/www.asajacyl.com\/avila\/asaja-avila-informa\/asaja-castilla-leon-presenta-balance-agroganadero-anual","name":"ASAJA Castilla y Le\u00f3n presenta su balance agroganadero anual - ASAJA \u00c1vila","isPartOf":{"@id":"https:\/\/www.asajacyl.com\/avila\/#website"},"primaryImageOfPage":{"@id":"https:\/\/www.asajacyl.com\/avila\/asaja-avila-informa\/asaja-castilla-leon-presenta-balance-agroganadero-anual#primaryimage"},"image":{"@id":"https:\/\/www.asajacyl.com\/avila\/asaja-avila-informa\/asaja-castilla-leon-presenta-balance-agroganadero-anual#primaryimage"},"thumbnailUrl":"https:\/\/www.asajacyl.com\/avila\/wp-content\/uploads\/sites\/4\/2017\/12\/balance-joaquin.jpg","datePublished":"2017-12-13T13:07:31+00:00","dateModified":"2018-02-05T13:49:41+00:00","author":{"@id":"https:\/\/www.asajacyl.com\/avila\/#\/schema\/person\/daf3c5c7d3afd005798ec283b78826ed"},"description":"2017 hunde al sector agrario y ganadero de Castilla y Le\u00f3n y le deja sin reservas para afrontar el pr\u00f3ximo a\u00f1o 2017 pasar\u00e1 a la historia como el a\u00f1o en el","breadcrumb":{"@id":"https:\/\/www.asajacyl.com\/avila\/asaja-avila-informa\/asaja-castilla-leon-presenta-balance-agroganadero-anual#breadcrumb"},"inLanguage":"es","potentialAction":[{"@type":"ReadAction","target":["https:\/\/www.asajacyl.com\/avila\/asaja-avila-informa\/asaja-castilla-leon-presenta-balance-agroganadero-anual"]}]},{"@type":"ImageObject","inLanguage":"es","@id":"https:\/\/www.asajacyl.com\/avila\/asaja-avila-informa\/asaja-castilla-leon-presenta-balance-agroganadero-anual#primaryimage","url":"https:\/\/www.asajacyl.com\/avila\/wp-content\/uploads\/sites\/4\/2017\/12\/balance-joaquin.jpg","contentUrl":"https:\/\/www.asajacyl.com\/avila\/wp-content\/uploads\/sites\/4\/2017\/12\/balance-joaquin.jpg","width":2500,"height":1613},{"@type":"BreadcrumbList","@id":"https:\/\/www.asajacyl.com\/avila\/asaja-avila-informa\/asaja-castilla-leon-presenta-balance-agroganadero-anual#breadcrumb","itemListElement":[{"@type":"ListItem","position":1,"name":"Portada","item":"https:\/\/www.asajacyl.com\/avila\/"},{"@type":"ListItem","position":2,"name":"ASAJA Castilla y Le\u00f3n presenta su balance agroganadero anual"}]},{"@type":"WebSite","@id":"https:\/\/www.asajacyl.com\/avila\/#website","url":"https:\/\/www.asajacyl.com\/avila\/","name":"ASAJA \u00c1vila","description":"Otro sitio m\u00e1s de Provincias ASAJA Castilla y Le\u00f3n","potentialAction":[{"@type":"SearchAction","target":{"@type":"EntryPoint","urlTemplate":"https:\/\/www.asajacyl.com\/avila\/?s={search_term_string}"},"query-input":{"@type":"PropertyValueSpecification","valueRequired":true,"valueName":"search_term_string"}}],"inLanguage":"es"},{"@type":"Person","@id":"https:\/\/www.asajacyl.com\/avila\/#\/schema\/person\/daf3c5c7d3afd005798ec283b78826ed","name":"Joaqu\u00edn","image":{"@type":"ImageObject","inLanguage":"es","@id":"https:\/\/www.asajacyl.com\/avila\/#\/schema\/person\/image\/","url":"https:\/\/secure.gravatar.com\/avatar\/8a87f10166ff5a8a3b0c21a125bc069d?s=96&d=mm&r=g","contentUrl":"https:\/\/secure.gravatar.com\/avatar\/8a87f10166ff5a8a3b0c21a125bc069d?s=96&d=mm&r=g","caption":"Joaqu\u00edn"},"url":"https:\/\/www.asajacyl.com\/avila\/author\/joaquinap"}]}},"_links":{"self":[{"href":"https:\/\/www.asajacyl.com\/avila\/wp-json\/wp\/v2\/posts\/2768"}],"collection":[{"href":"https:\/\/www.asajacyl.com\/avila\/wp-json\/wp\/v2\/posts"}],"about":[{"href":"https:\/\/www.asajacyl.com\/avila\/wp-json\/wp\/v2\/types\/post"}],"author":[{"embeddable":true,"href":"https:\/\/www.asajacyl.com\/avila\/wp-json\/wp\/v2\/users\/6"}],"replies":[{"embeddable":true,"href":"https:\/\/www.asajacyl.com\/avila\/wp-json\/wp\/v2\/comments?post=2768"}],"version-history":[{"count":1,"href":"https:\/\/www.asajacyl.com\/avila\/wp-json\/wp\/v2\/posts\/2768\/revisions"}],"predecessor-version":[{"id":2772,"href":"https:\/\/www.asajacyl.com\/avila\/wp-json\/wp\/v2\/posts\/2768\/revisions\/2772"}],"wp:featuredmedia":[{"embeddable":true,"href":"https:\/\/www.asajacyl.com\/avila\/wp-json\/wp\/v2\/media\/2770"}],"wp:attachment":[{"href":"https:\/\/www.asajacyl.com\/avila\/wp-json\/wp\/v2\/media?parent=2768"}],"wp:term":[{"taxonomy":"category","embeddable":true,"href":"https:\/\/www.asajacyl.com\/avila\/wp-json\/wp\/v2\/categories?post=2768"},{"taxonomy":"post_tag","embeddable":true,"href":"https:\/\/www.asajacyl.com\/avila\/wp-json\/wp\/v2\/tags?post=2768"}],"curies":[{"name":"wp","href":"https:\/\/api.w.org\/{rel}","templated":true}]}}