{"id":2805,"date":"2018-01-04T12:08:34","date_gmt":"2018-01-04T11:08:34","guid":{"rendered":"http:\/\/www.asajacyl.com\/avila\/?p=2805"},"modified":"2018-02-05T14:12:49","modified_gmt":"2018-02-05T13:12:49","slug":"asaja-avila-entrega-los-premios-los-concursos-pueblo-mejor-asi-pueblo","status":"publish","type":"post","link":"https:\/\/www.asajacyl.com\/avila\/asaja-avila-informa\/asaja-avila-entrega-los-premios-los-concursos-pueblo-mejor-asi-pueblo","title":{"rendered":"ASAJA \u00c1vila entrega los premios de los concursos: \u201cMi pueblo, mi gente\u201d y \u201cAs\u00ed es mi pueblo\u201d"},"content":{"rendered":"<p><strong>El medio rural es el protagonista de estos premios, patrocinados por la Fundaci\u00f3n Villalar, bajo la mirada atenta de ni\u00f1os y j\u00f3venes<\/strong><\/p>\n<p>La Asociaci\u00f3n Agraria <em>J\u00f3venes Agricultores<\/em> (ASAJA) de \u00c1vila ha hecho entrega esta ma\u00f1ana de los premios del XIX Concurso Infantil de Pintura del Medio Rural \u201cAs\u00ed es mi pueblo\u201d y el IX Concurso de Fotograf\u00eda Juvenil \u201cMi pueblo, mi gente\u201d. Unos concursos organizados por ASAJA Castilla y Le\u00f3n con el patrocinio de la Fundaci\u00f3n Villalar.<\/p>\n<p>En el caso de \u00c1vila una de las agraciadas ha sido Leyre Aldea Gonz\u00e1lez, de siete a\u00f1os de edad, y residente en \u00c1vila capital, aunque pasa los veranos en la localidad natal de su madre, Santo Domingo de Las Posadas.<\/p>\n<p>Ella ha obtenido el primer premio del Concurso de Pintura Infantil en la segunda categor\u00eda destinada a ni\u00f1os de entre 6 y 9 a\u00f1os. Como regalos previos a la llegada de los Reyes Magos, Leyre ha recogido de manos de la Asociaci\u00f3n Agraria <em>J\u00f3venes Agricultores<\/em> (ASAJA) de \u00c1vila, una tablet y material de pintura.<\/p>\n<p>En su caso lo que intent\u00f3 mostrar a trav\u00e9s de su dibujo fue un tractor en un campo de cereal. \u201cCon acuarelas pint\u00e9 un cielo con lluvia y nieve, porque mi t\u00edo Jos\u00e9 Luis, que trabaja en el campo, pide mucha lluvia para su trabajo.\u201d<\/p>\n<p>Tambi\u00e9n otras dos abulenses fueron seleccionadas el pasado 24 de octubre como ganadores de estos cert\u00e1menes.<\/p>\n<p>Claudia S\u00e1nz M\u00e9ndez, de seis a\u00f1os de edad ha conseguido el primer premio del Concurso de Pintura Infantil en la primera categor\u00eda para ni\u00f1os de hasta cinco a\u00f1os de edad.<\/p>\n<p>Nuria Garcinu\u00f1o de 16 a\u00f1os de edad de la localidad abulense de Zorita de los Molinos lograba el acc\u00e9sit en el apartado de fotograf\u00eda, de \u201cMi pueblo, mi gente\u201d<\/p>\n<p>Para estas ediciones han participado cerca de 150 ni\u00f1os de entre 3 y 17 a\u00f1os. Con \u00e9l desde la organizaci\u00f3n agraria se pretende que los j\u00f3venes conozcan la importancia del medio rural, valoren sus pueblos y por ende sus ra\u00edces.<\/p>\n<p>Fue el pasado 24 de octubre en las Cortes de Castilla y Le\u00f3n cuando se reuni\u00f3 el jurado para deliberar sobre los cert\u00e1menes. En dicho jurado estaban: la Presidenta de las Cortes, Silvia Clemente; el dibujante y humorista gr\u00e1fico de ABC, Jos\u00e9 Mar\u00eda Nieto; el fot\u00f3grafo Jonathan Tajes, de El D\u00eda de Valladolid ; el Director de la Fundaci\u00f3n Villalar Castilla y Le\u00f3n, Juan Zapatero y el Presidente de ASAJA Castilla y Le\u00f3n, Donaciano Dujo.<\/p>\n<figure id=\"attachment_2807\" aria-describedby=\"caption-attachment-2807\" style=\"width: 300px\" class=\"wp-caption alignnone\"><img loading=\"lazy\" decoding=\"async\" class=\"size-medium wp-image-2807\" src=\"http:\/\/www.asajacyl.com\/avila\/wp-content\/uploads\/sites\/4\/2018\/01\/FOTO-CONCURSO-ASAJA-1-300x225.jpg\" alt=\"\" width=\"300\" height=\"225\" srcset=\"https:\/\/www.asajacyl.com\/avila\/wp-content\/uploads\/sites\/4\/2018\/01\/FOTO-CONCURSO-ASAJA-1-300x225.jpg 300w, https:\/\/www.asajacyl.com\/avila\/wp-content\/uploads\/sites\/4\/2018\/01\/FOTO-CONCURSO-ASAJA-1-768x576.jpg 768w, https:\/\/www.asajacyl.com\/avila\/wp-content\/uploads\/sites\/4\/2018\/01\/FOTO-CONCURSO-ASAJA-1-1024x768.jpg 1024w, https:\/\/www.asajacyl.com\/avila\/wp-content\/uploads\/sites\/4\/2018\/01\/FOTO-CONCURSO-ASAJA-1-80x60.jpg 80w, https:\/\/www.asajacyl.com\/avila\/wp-content\/uploads\/sites\/4\/2018\/01\/FOTO-CONCURSO-ASAJA-1-696x522.jpg 696w, https:\/\/www.asajacyl.com\/avila\/wp-content\/uploads\/sites\/4\/2018\/01\/FOTO-CONCURSO-ASAJA-1-1068x801.jpg 1068w, https:\/\/www.asajacyl.com\/avila\/wp-content\/uploads\/sites\/4\/2018\/01\/FOTO-CONCURSO-ASAJA-1-560x420.jpg 560w, https:\/\/www.asajacyl.com\/avila\/wp-content\/uploads\/sites\/4\/2018\/01\/FOTO-CONCURSO-ASAJA-1-1920x1440.jpg 1920w\" sizes=\"(max-width: 300px) 100vw, 300px\" \/><figcaption id=\"caption-attachment-2807\" class=\"wp-caption-text\">Leyre Aldea con Campo Regional<\/figcaption><\/figure>\n<figure id=\"attachment_2809\" aria-describedby=\"caption-attachment-2809\" style=\"width: 300px\" class=\"wp-caption alignnone\"><img loading=\"lazy\" decoding=\"async\" class=\"size-medium wp-image-2809\" src=\"http:\/\/www.asajacyl.com\/avila\/wp-content\/uploads\/sites\/4\/2018\/01\/FOTO-CONCURSO-ASAJA-3-300x225.jpg\" alt=\"\" width=\"300\" height=\"225\" srcset=\"https:\/\/www.asajacyl.com\/avila\/wp-content\/uploads\/sites\/4\/2018\/01\/FOTO-CONCURSO-ASAJA-3-300x225.jpg 300w, https:\/\/www.asajacyl.com\/avila\/wp-content\/uploads\/sites\/4\/2018\/01\/FOTO-CONCURSO-ASAJA-3-768x576.jpg 768w, https:\/\/www.asajacyl.com\/avila\/wp-content\/uploads\/sites\/4\/2018\/01\/FOTO-CONCURSO-ASAJA-3-1024x768.jpg 1024w, https:\/\/www.asajacyl.com\/avila\/wp-content\/uploads\/sites\/4\/2018\/01\/FOTO-CONCURSO-ASAJA-3-80x60.jpg 80w, https:\/\/www.asajacyl.com\/avila\/wp-content\/uploads\/sites\/4\/2018\/01\/FOTO-CONCURSO-ASAJA-3-696x522.jpg 696w, https:\/\/www.asajacyl.com\/avila\/wp-content\/uploads\/sites\/4\/2018\/01\/FOTO-CONCURSO-ASAJA-3-1068x801.jpg 1068w, https:\/\/www.asajacyl.com\/avila\/wp-content\/uploads\/sites\/4\/2018\/01\/FOTO-CONCURSO-ASAJA-3-560x420.jpg 560w, https:\/\/www.asajacyl.com\/avila\/wp-content\/uploads\/sites\/4\/2018\/01\/FOTO-CONCURSO-ASAJA-3-1920x1440.jpg 1920w\" sizes=\"(max-width: 300px) 100vw, 300px\" \/><figcaption id=\"caption-attachment-2809\" class=\"wp-caption-text\">Leyre Aldea con sus regalos<\/figcaption><\/figure>\n<figure id=\"attachment_2808\" aria-describedby=\"caption-attachment-2808\" style=\"width: 300px\" class=\"wp-caption alignnone\"><img loading=\"lazy\" decoding=\"async\" class=\"size-medium wp-image-2808\" src=\"http:\/\/www.asajacyl.com\/avila\/wp-content\/uploads\/sites\/4\/2018\/01\/FOTO-CONCURSO-ASAJA-2-300x225.jpg\" alt=\"\" width=\"300\" height=\"225\" srcset=\"https:\/\/www.asajacyl.com\/avila\/wp-content\/uploads\/sites\/4\/2018\/01\/FOTO-CONCURSO-ASAJA-2-300x225.jpg 300w, https:\/\/www.asajacyl.com\/avila\/wp-content\/uploads\/sites\/4\/2018\/01\/FOTO-CONCURSO-ASAJA-2-768x576.jpg 768w, https:\/\/www.asajacyl.com\/avila\/wp-content\/uploads\/sites\/4\/2018\/01\/FOTO-CONCURSO-ASAJA-2-1024x768.jpg 1024w, https:\/\/www.asajacyl.com\/avila\/wp-content\/uploads\/sites\/4\/2018\/01\/FOTO-CONCURSO-ASAJA-2-80x60.jpg 80w, https:\/\/www.asajacyl.com\/avila\/wp-content\/uploads\/sites\/4\/2018\/01\/FOTO-CONCURSO-ASAJA-2-696x522.jpg 696w, https:\/\/www.asajacyl.com\/avila\/wp-content\/uploads\/sites\/4\/2018\/01\/FOTO-CONCURSO-ASAJA-2-1068x801.jpg 1068w, https:\/\/www.asajacyl.com\/avila\/wp-content\/uploads\/sites\/4\/2018\/01\/FOTO-CONCURSO-ASAJA-2-560x420.jpg 560w, https:\/\/www.asajacyl.com\/avila\/wp-content\/uploads\/sites\/4\/2018\/01\/FOTO-CONCURSO-ASAJA-2-1920x1440.jpg 1920w\" sizes=\"(max-width: 300px) 100vw, 300px\" \/><figcaption id=\"caption-attachment-2808\" class=\"wp-caption-text\">Leyre ped\u00eda lluvia en su dibujo<\/figcaption><\/figure>\n<p>&nbsp;<\/p>\n<p>&nbsp;<\/p>\n","protected":false},"excerpt":{"rendered":"<p>El medio rural es el protagonista de estos premios, patrocinados por la Fundaci\u00f3n Villalar, bajo la mirada atenta de ni\u00f1os y j\u00f3venes La Asociaci\u00f3n Agraria J\u00f3venes Agricultores (ASAJA) de \u00c1vila ha hecho entrega esta ma\u00f1ana de los premios del XIX Concurso Infantil de Pintura del Medio Rural \u201cAs\u00ed es mi pueblo\u201d y el IX Concurso [&hellip;]<\/p>\n","protected":false},"author":6,"featured_media":2806,"comment_status":"open","ping_status":"open","sticky":false,"template":"","format":"standard","meta":{"footnotes":""},"categories":[8,18],"tags":[],"yoast_head":"<!-- This site is optimized with the Yoast SEO plugin v24.5 - https:\/\/yoast.com\/wordpress\/plugins\/seo\/ -->\n<title>ASAJA \u00c1vila entrega los premios de los concursos: \u201cMi pueblo, mi gente\u201d y \u201cAs\u00ed es mi pueblo\u201d - ASAJA \u00c1vila<\/title>\n<meta name=\"description\" content=\"El medio rural es el protagonista de estos premios, patrocinados por la Fundaci\u00f3n Villalar, bajo la mirada atenta de ni\u00f1os y j\u00f3venes La Asociaci\u00f3n Agraria\" \/>\n<meta name=\"robots\" content=\"index, follow, max-snippet:-1, max-image-preview:large, max-video-preview:-1\" \/>\n<link rel=\"canonical\" href=\"https:\/\/www.asajacyl.com\/avila\/asaja-avila-informa\/asaja-avila-entrega-los-premios-los-concursos-pueblo-mejor-asi-pueblo\" \/>\n<meta property=\"og:locale\" content=\"es_ES\" \/>\n<meta property=\"og:type\" content=\"article\" \/>\n<meta property=\"og:title\" content=\"ASAJA \u00c1vila entrega los premios de los concursos: \u201cMi pueblo, mi gente\u201d y \u201cAs\u00ed es mi pueblo\u201d - ASAJA \u00c1vila\" \/>\n<meta property=\"og:description\" content=\"El medio rural es el protagonista de estos premios, patrocinados por la Fundaci\u00f3n Villalar, bajo la mirada atenta de ni\u00f1os y j\u00f3venes La Asociaci\u00f3n Agraria\" \/>\n<meta property=\"og:url\" content=\"https:\/\/www.asajacyl.com\/avila\/asaja-avila-informa\/asaja-avila-entrega-los-premios-los-concursos-pueblo-mejor-asi-pueblo\" \/>\n<meta property=\"og:site_name\" content=\"ASAJA \u00c1vila\" \/>\n<meta property=\"article:published_time\" content=\"2018-01-04T11:08:34+00:00\" \/>\n<meta property=\"article:modified_time\" content=\"2018-02-05T13:12:49+00:00\" \/>\n<meta property=\"og:image\" content=\"https:\/\/www.asajacyl.com\/avila\/wp-content\/uploads\/sites\/4\/2018\/01\/FOTO-CONCURSO-ASAJA-4.jpg\" \/>\n\t<meta property=\"og:image:width\" content=\"2500\" \/>\n\t<meta property=\"og:image:height\" content=\"1875\" \/>\n\t<meta property=\"og:image:type\" content=\"image\/jpeg\" \/>\n<meta name=\"author\" content=\"Joaqu\u00edn\" \/>\n<meta name=\"twitter:card\" content=\"summary_large_image\" \/>\n<meta name=\"twitter:label1\" content=\"Escrito por\" \/>\n\t<meta name=\"twitter:data1\" content=\"Joaqu\u00edn\" \/>\n\t<meta name=\"twitter:label2\" content=\"Tiempo de lectura\" \/>\n\t<meta name=\"twitter:data2\" content=\"2 minutos\" \/>\n<script type=\"application\/ld+json\" class=\"yoast-schema-graph\">{\"@context\":\"https:\/\/schema.org\",\"@graph\":[{\"@type\":\"WebPage\",\"@id\":\"https:\/\/www.asajacyl.com\/avila\/asaja-avila-informa\/asaja-avila-entrega-los-premios-los-concursos-pueblo-mejor-asi-pueblo\",\"url\":\"https:\/\/www.asajacyl.com\/avila\/asaja-avila-informa\/asaja-avila-entrega-los-premios-los-concursos-pueblo-mejor-asi-pueblo\",\"name\":\"ASAJA \u00c1vila entrega los premios de los concursos: \u201cMi pueblo, mi gente\u201d y \u201cAs\u00ed es mi pueblo\u201d - ASAJA \u00c1vila\",\"isPartOf\":{\"@id\":\"https:\/\/www.asajacyl.com\/avila\/#website\"},\"primaryImageOfPage\":{\"@id\":\"https:\/\/www.asajacyl.com\/avila\/asaja-avila-informa\/asaja-avila-entrega-los-premios-los-concursos-pueblo-mejor-asi-pueblo#primaryimage\"},\"image\":{\"@id\":\"https:\/\/www.asajacyl.com\/avila\/asaja-avila-informa\/asaja-avila-entrega-los-premios-los-concursos-pueblo-mejor-asi-pueblo#primaryimage\"},\"thumbnailUrl\":\"https:\/\/www.asajacyl.com\/avila\/wp-content\/uploads\/sites\/4\/2018\/01\/FOTO-CONCURSO-ASAJA-4.jpg\",\"datePublished\":\"2018-01-04T11:08:34+00:00\",\"dateModified\":\"2018-02-05T13:12:49+00:00\",\"author\":{\"@id\":\"https:\/\/www.asajacyl.com\/avila\/#\/schema\/person\/daf3c5c7d3afd005798ec283b78826ed\"},\"description\":\"El medio rural es el protagonista de estos premios, patrocinados por la Fundaci\u00f3n Villalar, bajo la mirada atenta de ni\u00f1os y j\u00f3venes La Asociaci\u00f3n Agraria\",\"breadcrumb\":{\"@id\":\"https:\/\/www.asajacyl.com\/avila\/asaja-avila-informa\/asaja-avila-entrega-los-premios-los-concursos-pueblo-mejor-asi-pueblo#breadcrumb\"},\"inLanguage\":\"es\",\"potentialAction\":[{\"@type\":\"ReadAction\",\"target\":[\"https:\/\/www.asajacyl.com\/avila\/asaja-avila-informa\/asaja-avila-entrega-los-premios-los-concursos-pueblo-mejor-asi-pueblo\"]}]},{\"@type\":\"ImageObject\",\"inLanguage\":\"es\",\"@id\":\"https:\/\/www.asajacyl.com\/avila\/asaja-avila-informa\/asaja-avila-entrega-los-premios-los-concursos-pueblo-mejor-asi-pueblo#primaryimage\",\"url\":\"https:\/\/www.asajacyl.com\/avila\/wp-content\/uploads\/sites\/4\/2018\/01\/FOTO-CONCURSO-ASAJA-4.jpg\",\"contentUrl\":\"https:\/\/www.asajacyl.com\/avila\/wp-content\/uploads\/sites\/4\/2018\/01\/FOTO-CONCURSO-ASAJA-4.jpg\",\"width\":2500,\"height\":1875,\"caption\":\"bty\"},{\"@type\":\"BreadcrumbList\",\"@id\":\"https:\/\/www.asajacyl.com\/avila\/asaja-avila-informa\/asaja-avila-entrega-los-premios-los-concursos-pueblo-mejor-asi-pueblo#breadcrumb\",\"itemListElement\":[{\"@type\":\"ListItem\",\"position\":1,\"name\":\"Portada\",\"item\":\"https:\/\/www.asajacyl.com\/avila\/\"},{\"@type\":\"ListItem\",\"position\":2,\"name\":\"ASAJA \u00c1vila entrega los premios de los concursos: \u201cMi pueblo, mi gente\u201d y \u201cAs\u00ed es mi pueblo\u201d\"}]},{\"@type\":\"WebSite\",\"@id\":\"https:\/\/www.asajacyl.com\/avila\/#website\",\"url\":\"https:\/\/www.asajacyl.com\/avila\/\",\"name\":\"ASAJA \u00c1vila\",\"description\":\"Otro sitio m\u00e1s de Provincias ASAJA Castilla y Le\u00f3n\",\"potentialAction\":[{\"@type\":\"SearchAction\",\"target\":{\"@type\":\"EntryPoint\",\"urlTemplate\":\"https:\/\/www.asajacyl.com\/avila\/?s={search_term_string}\"},\"query-input\":{\"@type\":\"PropertyValueSpecification\",\"valueRequired\":true,\"valueName\":\"search_term_string\"}}],\"inLanguage\":\"es\"},{\"@type\":\"Person\",\"@id\":\"https:\/\/www.asajacyl.com\/avila\/#\/schema\/person\/daf3c5c7d3afd005798ec283b78826ed\",\"name\":\"Joaqu\u00edn\",\"image\":{\"@type\":\"ImageObject\",\"inLanguage\":\"es\",\"@id\":\"https:\/\/www.asajacyl.com\/avila\/#\/schema\/person\/image\/\",\"url\":\"https:\/\/secure.gravatar.com\/avatar\/8a87f10166ff5a8a3b0c21a125bc069d?s=96&d=mm&r=g\",\"contentUrl\":\"https:\/\/secure.gravatar.com\/avatar\/8a87f10166ff5a8a3b0c21a125bc069d?s=96&d=mm&r=g\",\"caption\":\"Joaqu\u00edn\"},\"url\":\"https:\/\/www.asajacyl.com\/avila\/author\/joaquinap\"}]}<\/script>\n<!-- \/ Yoast SEO plugin. -->","yoast_head_json":{"title":"ASAJA \u00c1vila entrega los premios de los concursos: \u201cMi pueblo, mi gente\u201d y \u201cAs\u00ed es mi pueblo\u201d - ASAJA \u00c1vila","description":"El medio rural es el protagonista de estos premios, patrocinados por la Fundaci\u00f3n Villalar, bajo la mirada atenta de ni\u00f1os y j\u00f3venes La Asociaci\u00f3n Agraria","robots":{"index":"index","follow":"follow","max-snippet":"max-snippet:-1","max-image-preview":"max-image-preview:large","max-video-preview":"max-video-preview:-1"},"canonical":"https:\/\/www.asajacyl.com\/avila\/asaja-avila-informa\/asaja-avila-entrega-los-premios-los-concursos-pueblo-mejor-asi-pueblo","og_locale":"es_ES","og_type":"article","og_title":"ASAJA \u00c1vila entrega los premios de los concursos: \u201cMi pueblo, mi gente\u201d y \u201cAs\u00ed es mi pueblo\u201d - ASAJA \u00c1vila","og_description":"El medio rural es el protagonista de estos premios, patrocinados por la Fundaci\u00f3n Villalar, bajo la mirada atenta de ni\u00f1os y j\u00f3venes La Asociaci\u00f3n Agraria","og_url":"https:\/\/www.asajacyl.com\/avila\/asaja-avila-informa\/asaja-avila-entrega-los-premios-los-concursos-pueblo-mejor-asi-pueblo","og_site_name":"ASAJA \u00c1vila","article_published_time":"2018-01-04T11:08:34+00:00","article_modified_time":"2018-02-05T13:12:49+00:00","og_image":[{"width":2500,"height":1875,"url":"https:\/\/www.asajacyl.com\/avila\/wp-content\/uploads\/sites\/4\/2018\/01\/FOTO-CONCURSO-ASAJA-4.jpg","type":"image\/jpeg"}],"author":"Joaqu\u00edn","twitter_card":"summary_large_image","twitter_misc":{"Escrito por":"Joaqu\u00edn","Tiempo de lectura":"2 minutos"},"schema":{"@context":"https:\/\/schema.org","@graph":[{"@type":"WebPage","@id":"https:\/\/www.asajacyl.com\/avila\/asaja-avila-informa\/asaja-avila-entrega-los-premios-los-concursos-pueblo-mejor-asi-pueblo","url":"https:\/\/www.asajacyl.com\/avila\/asaja-avila-informa\/asaja-avila-entrega-los-premios-los-concursos-pueblo-mejor-asi-pueblo","name":"ASAJA \u00c1vila entrega los premios de los concursos: \u201cMi pueblo, mi gente\u201d y \u201cAs\u00ed es mi pueblo\u201d - ASAJA \u00c1vila","isPartOf":{"@id":"https:\/\/www.asajacyl.com\/avila\/#website"},"primaryImageOfPage":{"@id":"https:\/\/www.asajacyl.com\/avila\/asaja-avila-informa\/asaja-avila-entrega-los-premios-los-concursos-pueblo-mejor-asi-pueblo#primaryimage"},"image":{"@id":"https:\/\/www.asajacyl.com\/avila\/asaja-avila-informa\/asaja-avila-entrega-los-premios-los-concursos-pueblo-mejor-asi-pueblo#primaryimage"},"thumbnailUrl":"https:\/\/www.asajacyl.com\/avila\/wp-content\/uploads\/sites\/4\/2018\/01\/FOTO-CONCURSO-ASAJA-4.jpg","datePublished":"2018-01-04T11:08:34+00:00","dateModified":"2018-02-05T13:12:49+00:00","author":{"@id":"https:\/\/www.asajacyl.com\/avila\/#\/schema\/person\/daf3c5c7d3afd005798ec283b78826ed"},"description":"El medio rural es el protagonista de estos premios, patrocinados por la Fundaci\u00f3n Villalar, bajo la mirada atenta de ni\u00f1os y j\u00f3venes La Asociaci\u00f3n Agraria","breadcrumb":{"@id":"https:\/\/www.asajacyl.com\/avila\/asaja-avila-informa\/asaja-avila-entrega-los-premios-los-concursos-pueblo-mejor-asi-pueblo#breadcrumb"},"inLanguage":"es","potentialAction":[{"@type":"ReadAction","target":["https:\/\/www.asajacyl.com\/avila\/asaja-avila-informa\/asaja-avila-entrega-los-premios-los-concursos-pueblo-mejor-asi-pueblo"]}]},{"@type":"ImageObject","inLanguage":"es","@id":"https:\/\/www.asajacyl.com\/avila\/asaja-avila-informa\/asaja-avila-entrega-los-premios-los-concursos-pueblo-mejor-asi-pueblo#primaryimage","url":"https:\/\/www.asajacyl.com\/avila\/wp-content\/uploads\/sites\/4\/2018\/01\/FOTO-CONCURSO-ASAJA-4.jpg","contentUrl":"https:\/\/www.asajacyl.com\/avila\/wp-content\/uploads\/sites\/4\/2018\/01\/FOTO-CONCURSO-ASAJA-4.jpg","width":2500,"height":1875,"caption":"bty"},{"@type":"BreadcrumbList","@id":"https:\/\/www.asajacyl.com\/avila\/asaja-avila-informa\/asaja-avila-entrega-los-premios-los-concursos-pueblo-mejor-asi-pueblo#breadcrumb","itemListElement":[{"@type":"ListItem","position":1,"name":"Portada","item":"https:\/\/www.asajacyl.com\/avila\/"},{"@type":"ListItem","position":2,"name":"ASAJA \u00c1vila entrega los premios de los concursos: \u201cMi pueblo, mi gente\u201d y \u201cAs\u00ed es mi pueblo\u201d"}]},{"@type":"WebSite","@id":"https:\/\/www.asajacyl.com\/avila\/#website","url":"https:\/\/www.asajacyl.com\/avila\/","name":"ASAJA \u00c1vila","description":"Otro sitio m\u00e1s de Provincias ASAJA Castilla y Le\u00f3n","potentialAction":[{"@type":"SearchAction","target":{"@type":"EntryPoint","urlTemplate":"https:\/\/www.asajacyl.com\/avila\/?s={search_term_string}"},"query-input":{"@type":"PropertyValueSpecification","valueRequired":true,"valueName":"search_term_string"}}],"inLanguage":"es"},{"@type":"Person","@id":"https:\/\/www.asajacyl.com\/avila\/#\/schema\/person\/daf3c5c7d3afd005798ec283b78826ed","name":"Joaqu\u00edn","image":{"@type":"ImageObject","inLanguage":"es","@id":"https:\/\/www.asajacyl.com\/avila\/#\/schema\/person\/image\/","url":"https:\/\/secure.gravatar.com\/avatar\/8a87f10166ff5a8a3b0c21a125bc069d?s=96&d=mm&r=g","contentUrl":"https:\/\/secure.gravatar.com\/avatar\/8a87f10166ff5a8a3b0c21a125bc069d?s=96&d=mm&r=g","caption":"Joaqu\u00edn"},"url":"https:\/\/www.asajacyl.com\/avila\/author\/joaquinap"}]}},"_links":{"self":[{"href":"https:\/\/www.asajacyl.com\/avila\/wp-json\/wp\/v2\/posts\/2805"}],"collection":[{"href":"https:\/\/www.asajacyl.com\/avila\/wp-json\/wp\/v2\/posts"}],"about":[{"href":"https:\/\/www.asajacyl.com\/avila\/wp-json\/wp\/v2\/types\/post"}],"author":[{"embeddable":true,"href":"https:\/\/www.asajacyl.com\/avila\/wp-json\/wp\/v2\/users\/6"}],"replies":[{"embeddable":true,"href":"https:\/\/www.asajacyl.com\/avila\/wp-json\/wp\/v2\/comments?post=2805"}],"version-history":[{"count":3,"href":"https:\/\/www.asajacyl.com\/avila\/wp-json\/wp\/v2\/posts\/2805\/revisions"}],"predecessor-version":[{"id":2818,"href":"https:\/\/www.asajacyl.com\/avila\/wp-json\/wp\/v2\/posts\/2805\/revisions\/2818"}],"wp:featuredmedia":[{"embeddable":true,"href":"https:\/\/www.asajacyl.com\/avila\/wp-json\/wp\/v2\/media\/2806"}],"wp:attachment":[{"href":"https:\/\/www.asajacyl.com\/avila\/wp-json\/wp\/v2\/media?parent=2805"}],"wp:term":[{"taxonomy":"category","embeddable":true,"href":"https:\/\/www.asajacyl.com\/avila\/wp-json\/wp\/v2\/categories?post=2805"},{"taxonomy":"post_tag","embeddable":true,"href":"https:\/\/www.asajacyl.com\/avila\/wp-json\/wp\/v2\/tags?post=2805"}],"curies":[{"name":"wp","href":"https:\/\/api.w.org\/{rel}","templated":true}]}}