{"id":2841,"date":"2018-01-11T13:53:11","date_gmt":"2018-01-11T12:53:11","guid":{"rendered":"http:\/\/www.asajacyl.com\/avila\/?p=2841"},"modified":"2018-02-05T14:08:16","modified_gmt":"2018-02-05T13:08:16","slug":"obispo-avila-bendice-campo-la-mano-asaja","status":"publish","type":"post","link":"https:\/\/www.asajacyl.com\/avila\/asaja-avila-informa\/obispo-avila-bendice-campo-la-mano-asaja","title":{"rendered":"El Obispo de \u00c1vila bendice el campo de la mano de ASAJA"},"content":{"rendered":"<p><strong>Don Jes\u00fas Garc\u00eda Burillo bendice el campo abulense por primera vez en la historia para que el Se\u00f1or sea generoso con la agricultura y la ganader\u00eda<\/strong><\/p>\n<p>Era la primera vez que se produc\u00eda dicha instant\u00e1nea. El Obispo de \u00c1vila, Don Jes\u00fas Garc\u00eda Burillo ha procedido a realizar una bendici\u00f3n al campo. Un acto que estaba previsto para el pasado domingo de la mano de la Asociaci\u00f3n Agraria<em> J\u00f3venes Agricultores <\/em>(ASAJA) de \u00c1vila, y como consecuencia del temporal de nieve se ha tenido que retrasar a esta jornada de jueves.<\/p>\n<p>El prelado abulense ha pedido que el a\u00f1o que acaba de comenzar sea ben\u00e9volo con agricultores y ganaderos. \u201cEl se\u00f1or ha colmado nuestra tierras a trav\u00e9s de la nieve, esperemos que sea el momento de la recuperaci\u00f3n de los campos, y que quienes ten\u00edan angustia porque no llegaba el agua se sientan liberados.\u201d<\/p>\n<p>No obstante el Obispo de \u00c1vila ha pedido a todos los fieles y sacerdotes de la provincia que insistan en pedir agua al se\u00f1or, porque no cabe duda que la necesidad que ten\u00edamos era una situaci\u00f3n dram\u00e1tica.<\/p>\n<p>No ha perdido la oportunidad de felicitar a ASAJA \u00c1vila por la iniciativa y nos ha felicitado a la Organizaci\u00f3n Agraria por tener sentido de la providencia en las manos de Dios. Ha subrayado adem\u00e1s el sentido de fraternidad del acto porque era s\u00edmbolo de uni\u00f3n del sector.<\/p>\n<p>Era la primera vez que Don Jes\u00fas Garc\u00eda Burillo, hac\u00eda este tipo de acto en \u00c1vila aunque ha hecho varias bendiciones llamadas\u00a0 \u201ca los cuatro vientos\u201d en Alicante.<\/p>\n<p>El presidente de ASAJA-\u00c1vila, Joaqu\u00edn Antonio Pino, ha querido agradecer la buena disposici\u00f3n del prelado abulense. \u201cTen\u00edamos que haberlo hecho antes, porque una vez que contactamos, las lluvias llegaron al instante. \u201c<\/p>\n<p>Una nieve que seg\u00fan Joaqu\u00edn Antonio Pino ha paliado el d\u00e9ficit h\u00eddrico que ten\u00edamos en \u00c1vila y en la provincia, y el resto de Castilla y Le\u00f3n.<\/p>\n<p>\u201cAgradecerle a Don Jes\u00fas que haya accedido a hacer esta bendici\u00f3n a los campos. Esperemos \u00a0que el Se\u00f1or sea m\u00e1s generoso con los hombres y mujeres del campo y que tengamos una cosecha abundante y que si nos acompa\u00f1an los precios, ser\u00eda de maravilla\u201d.<\/p>\n<p>Recuerda el presidente de la Organizaci\u00f3n Agraria que los agricultores y ganaderos son\u00a0 productores de alimentos. Alimentos que consume toda la sociedad y es vital el agua para ello.<\/p>\n<p><img loading=\"lazy\" decoding=\"async\" class=\"alignnone size-medium wp-image-2844\" src=\"http:\/\/www.asajacyl.com\/avila\/wp-content\/uploads\/sites\/4\/2018\/01\/FOTO-BENDICI\u00d3N-2-300x225.jpg\" alt=\"\" width=\"300\" height=\"225\" srcset=\"https:\/\/www.asajacyl.com\/avila\/wp-content\/uploads\/sites\/4\/2018\/01\/FOTO-BENDICI\u00d3N-2-300x225.jpg 300w, https:\/\/www.asajacyl.com\/avila\/wp-content\/uploads\/sites\/4\/2018\/01\/FOTO-BENDICI\u00d3N-2-768x576.jpg 768w, https:\/\/www.asajacyl.com\/avila\/wp-content\/uploads\/sites\/4\/2018\/01\/FOTO-BENDICI\u00d3N-2-1024x768.jpg 1024w, https:\/\/www.asajacyl.com\/avila\/wp-content\/uploads\/sites\/4\/2018\/01\/FOTO-BENDICI\u00d3N-2-80x60.jpg 80w, https:\/\/www.asajacyl.com\/avila\/wp-content\/uploads\/sites\/4\/2018\/01\/FOTO-BENDICI\u00d3N-2-696x522.jpg 696w, https:\/\/www.asajacyl.com\/avila\/wp-content\/uploads\/sites\/4\/2018\/01\/FOTO-BENDICI\u00d3N-2-1068x801.jpg 1068w, https:\/\/www.asajacyl.com\/avila\/wp-content\/uploads\/sites\/4\/2018\/01\/FOTO-BENDICI\u00d3N-2-560x420.jpg 560w, https:\/\/www.asajacyl.com\/avila\/wp-content\/uploads\/sites\/4\/2018\/01\/FOTO-BENDICI\u00d3N-2-1920x1440.jpg 1920w\" sizes=\"(max-width: 300px) 100vw, 300px\" \/> <img loading=\"lazy\" decoding=\"async\" class=\"alignnone size-medium wp-image-2845\" src=\"http:\/\/www.asajacyl.com\/avila\/wp-content\/uploads\/sites\/4\/2018\/01\/FOTO-BENDICI\u00d3N-3-300x225.jpg\" alt=\"\" width=\"300\" height=\"225\" srcset=\"https:\/\/www.asajacyl.com\/avila\/wp-content\/uploads\/sites\/4\/2018\/01\/FOTO-BENDICI\u00d3N-3-300x225.jpg 300w, https:\/\/www.asajacyl.com\/avila\/wp-content\/uploads\/sites\/4\/2018\/01\/FOTO-BENDICI\u00d3N-3-768x576.jpg 768w, https:\/\/www.asajacyl.com\/avila\/wp-content\/uploads\/sites\/4\/2018\/01\/FOTO-BENDICI\u00d3N-3-1024x768.jpg 1024w, https:\/\/www.asajacyl.com\/avila\/wp-content\/uploads\/sites\/4\/2018\/01\/FOTO-BENDICI\u00d3N-3-80x60.jpg 80w, https:\/\/www.asajacyl.com\/avila\/wp-content\/uploads\/sites\/4\/2018\/01\/FOTO-BENDICI\u00d3N-3-696x522.jpg 696w, https:\/\/www.asajacyl.com\/avila\/wp-content\/uploads\/sites\/4\/2018\/01\/FOTO-BENDICI\u00d3N-3-1068x801.jpg 1068w, https:\/\/www.asajacyl.com\/avila\/wp-content\/uploads\/sites\/4\/2018\/01\/FOTO-BENDICI\u00d3N-3-560x420.jpg 560w, https:\/\/www.asajacyl.com\/avila\/wp-content\/uploads\/sites\/4\/2018\/01\/FOTO-BENDICI\u00d3N-3-1920x1440.jpg 1920w\" sizes=\"(max-width: 300px) 100vw, 300px\" \/><\/p>\n","protected":false},"excerpt":{"rendered":"<p>Don Jes\u00fas Garc\u00eda Burillo bendice el campo abulense por primera vez en la historia para que el Se\u00f1or sea generoso con la agricultura y la ganader\u00eda Era la primera vez que se produc\u00eda dicha instant\u00e1nea. El Obispo de \u00c1vila, Don Jes\u00fas Garc\u00eda Burillo ha procedido a realizar una bendici\u00f3n al campo. Un acto que estaba [&hellip;]<\/p>\n","protected":false},"author":6,"featured_media":2842,"comment_status":"open","ping_status":"open","sticky":false,"template":"","format":"standard","meta":{"footnotes":""},"categories":[8,18],"tags":[],"yoast_head":"<!-- This site is optimized with the Yoast SEO plugin v24.5 - https:\/\/yoast.com\/wordpress\/plugins\/seo\/ -->\n<title>El Obispo de \u00c1vila bendice el campo de la mano de ASAJA - ASAJA \u00c1vila<\/title>\n<meta name=\"description\" content=\"Don Jes\u00fas Garc\u00eda Burillo bendice el campo abulense por primera vez en la historia para que el Se\u00f1or sea generoso con la agricultura y la ganader\u00eda Era la\" \/>\n<meta name=\"robots\" content=\"index, follow, max-snippet:-1, max-image-preview:large, max-video-preview:-1\" \/>\n<link rel=\"canonical\" href=\"https:\/\/www.asajacyl.com\/avila\/asaja-avila-informa\/obispo-avila-bendice-campo-la-mano-asaja\" \/>\n<meta property=\"og:locale\" content=\"es_ES\" \/>\n<meta property=\"og:type\" content=\"article\" \/>\n<meta property=\"og:title\" content=\"El Obispo de \u00c1vila bendice el campo de la mano de ASAJA - ASAJA \u00c1vila\" \/>\n<meta property=\"og:description\" content=\"Don Jes\u00fas Garc\u00eda Burillo bendice el campo abulense por primera vez en la historia para que el Se\u00f1or sea generoso con la agricultura y la ganader\u00eda Era la\" \/>\n<meta property=\"og:url\" content=\"https:\/\/www.asajacyl.com\/avila\/asaja-avila-informa\/obispo-avila-bendice-campo-la-mano-asaja\" \/>\n<meta property=\"og:site_name\" content=\"ASAJA \u00c1vila\" \/>\n<meta property=\"article:published_time\" content=\"2018-01-11T12:53:11+00:00\" \/>\n<meta property=\"article:modified_time\" content=\"2018-02-05T13:08:16+00:00\" \/>\n<meta property=\"og:image\" content=\"https:\/\/www.asajacyl.com\/avila\/wp-content\/uploads\/sites\/4\/2018\/01\/FOTO-BENDICI\u00d3N-1.jpg\" \/>\n\t<meta property=\"og:image:width\" content=\"2500\" \/>\n\t<meta property=\"og:image:height\" content=\"1875\" \/>\n\t<meta property=\"og:image:type\" content=\"image\/jpeg\" \/>\n<meta name=\"author\" content=\"Joaqu\u00edn\" \/>\n<meta name=\"twitter:card\" content=\"summary_large_image\" \/>\n<meta name=\"twitter:label1\" content=\"Escrito por\" \/>\n\t<meta name=\"twitter:data1\" content=\"Joaqu\u00edn\" \/>\n\t<meta name=\"twitter:label2\" content=\"Tiempo de lectura\" \/>\n\t<meta name=\"twitter:data2\" content=\"2 minutos\" \/>\n<script type=\"application\/ld+json\" class=\"yoast-schema-graph\">{\"@context\":\"https:\/\/schema.org\",\"@graph\":[{\"@type\":\"WebPage\",\"@id\":\"https:\/\/www.asajacyl.com\/avila\/asaja-avila-informa\/obispo-avila-bendice-campo-la-mano-asaja\",\"url\":\"https:\/\/www.asajacyl.com\/avila\/asaja-avila-informa\/obispo-avila-bendice-campo-la-mano-asaja\",\"name\":\"El Obispo de \u00c1vila bendice el campo de la mano de ASAJA - ASAJA \u00c1vila\",\"isPartOf\":{\"@id\":\"https:\/\/www.asajacyl.com\/avila\/#website\"},\"primaryImageOfPage\":{\"@id\":\"https:\/\/www.asajacyl.com\/avila\/asaja-avila-informa\/obispo-avila-bendice-campo-la-mano-asaja#primaryimage\"},\"image\":{\"@id\":\"https:\/\/www.asajacyl.com\/avila\/asaja-avila-informa\/obispo-avila-bendice-campo-la-mano-asaja#primaryimage\"},\"thumbnailUrl\":\"https:\/\/www.asajacyl.com\/avila\/wp-content\/uploads\/sites\/4\/2018\/01\/FOTO-BENDICI\u00d3N-1.jpg\",\"datePublished\":\"2018-01-11T12:53:11+00:00\",\"dateModified\":\"2018-02-05T13:08:16+00:00\",\"author\":{\"@id\":\"https:\/\/www.asajacyl.com\/avila\/#\/schema\/person\/daf3c5c7d3afd005798ec283b78826ed\"},\"description\":\"Don Jes\u00fas Garc\u00eda Burillo bendice el campo abulense por primera vez en la historia para que el Se\u00f1or sea generoso con la agricultura y la ganader\u00eda Era la\",\"breadcrumb\":{\"@id\":\"https:\/\/www.asajacyl.com\/avila\/asaja-avila-informa\/obispo-avila-bendice-campo-la-mano-asaja#breadcrumb\"},\"inLanguage\":\"es\",\"potentialAction\":[{\"@type\":\"ReadAction\",\"target\":[\"https:\/\/www.asajacyl.com\/avila\/asaja-avila-informa\/obispo-avila-bendice-campo-la-mano-asaja\"]}]},{\"@type\":\"ImageObject\",\"inLanguage\":\"es\",\"@id\":\"https:\/\/www.asajacyl.com\/avila\/asaja-avila-informa\/obispo-avila-bendice-campo-la-mano-asaja#primaryimage\",\"url\":\"https:\/\/www.asajacyl.com\/avila\/wp-content\/uploads\/sites\/4\/2018\/01\/FOTO-BENDICI\u00d3N-1.jpg\",\"contentUrl\":\"https:\/\/www.asajacyl.com\/avila\/wp-content\/uploads\/sites\/4\/2018\/01\/FOTO-BENDICI\u00d3N-1.jpg\",\"width\":2500,\"height\":1875},{\"@type\":\"BreadcrumbList\",\"@id\":\"https:\/\/www.asajacyl.com\/avila\/asaja-avila-informa\/obispo-avila-bendice-campo-la-mano-asaja#breadcrumb\",\"itemListElement\":[{\"@type\":\"ListItem\",\"position\":1,\"name\":\"Portada\",\"item\":\"https:\/\/www.asajacyl.com\/avila\/\"},{\"@type\":\"ListItem\",\"position\":2,\"name\":\"El Obispo de \u00c1vila bendice el campo de la mano de ASAJA\"}]},{\"@type\":\"WebSite\",\"@id\":\"https:\/\/www.asajacyl.com\/avila\/#website\",\"url\":\"https:\/\/www.asajacyl.com\/avila\/\",\"name\":\"ASAJA \u00c1vila\",\"description\":\"Otro sitio m\u00e1s de Provincias ASAJA Castilla y Le\u00f3n\",\"potentialAction\":[{\"@type\":\"SearchAction\",\"target\":{\"@type\":\"EntryPoint\",\"urlTemplate\":\"https:\/\/www.asajacyl.com\/avila\/?s={search_term_string}\"},\"query-input\":{\"@type\":\"PropertyValueSpecification\",\"valueRequired\":true,\"valueName\":\"search_term_string\"}}],\"inLanguage\":\"es\"},{\"@type\":\"Person\",\"@id\":\"https:\/\/www.asajacyl.com\/avila\/#\/schema\/person\/daf3c5c7d3afd005798ec283b78826ed\",\"name\":\"Joaqu\u00edn\",\"image\":{\"@type\":\"ImageObject\",\"inLanguage\":\"es\",\"@id\":\"https:\/\/www.asajacyl.com\/avila\/#\/schema\/person\/image\/\",\"url\":\"https:\/\/secure.gravatar.com\/avatar\/8a87f10166ff5a8a3b0c21a125bc069d?s=96&d=mm&r=g\",\"contentUrl\":\"https:\/\/secure.gravatar.com\/avatar\/8a87f10166ff5a8a3b0c21a125bc069d?s=96&d=mm&r=g\",\"caption\":\"Joaqu\u00edn\"},\"url\":\"https:\/\/www.asajacyl.com\/avila\/author\/joaquinap\"}]}<\/script>\n<!-- \/ Yoast SEO plugin. -->","yoast_head_json":{"title":"El Obispo de \u00c1vila bendice el campo de la mano de ASAJA - ASAJA \u00c1vila","description":"Don Jes\u00fas Garc\u00eda Burillo bendice el campo abulense por primera vez en la historia para que el Se\u00f1or sea generoso con la agricultura y la ganader\u00eda Era la","robots":{"index":"index","follow":"follow","max-snippet":"max-snippet:-1","max-image-preview":"max-image-preview:large","max-video-preview":"max-video-preview:-1"},"canonical":"https:\/\/www.asajacyl.com\/avila\/asaja-avila-informa\/obispo-avila-bendice-campo-la-mano-asaja","og_locale":"es_ES","og_type":"article","og_title":"El Obispo de \u00c1vila bendice el campo de la mano de ASAJA - ASAJA \u00c1vila","og_description":"Don Jes\u00fas Garc\u00eda Burillo bendice el campo abulense por primera vez en la historia para que el Se\u00f1or sea generoso con la agricultura y la ganader\u00eda Era la","og_url":"https:\/\/www.asajacyl.com\/avila\/asaja-avila-informa\/obispo-avila-bendice-campo-la-mano-asaja","og_site_name":"ASAJA \u00c1vila","article_published_time":"2018-01-11T12:53:11+00:00","article_modified_time":"2018-02-05T13:08:16+00:00","og_image":[{"width":2500,"height":1875,"url":"https:\/\/www.asajacyl.com\/avila\/wp-content\/uploads\/sites\/4\/2018\/01\/FOTO-BENDICI\u00d3N-1.jpg","type":"image\/jpeg"}],"author":"Joaqu\u00edn","twitter_card":"summary_large_image","twitter_misc":{"Escrito por":"Joaqu\u00edn","Tiempo de lectura":"2 minutos"},"schema":{"@context":"https:\/\/schema.org","@graph":[{"@type":"WebPage","@id":"https:\/\/www.asajacyl.com\/avila\/asaja-avila-informa\/obispo-avila-bendice-campo-la-mano-asaja","url":"https:\/\/www.asajacyl.com\/avila\/asaja-avila-informa\/obispo-avila-bendice-campo-la-mano-asaja","name":"El Obispo de \u00c1vila bendice el campo de la mano de ASAJA - ASAJA \u00c1vila","isPartOf":{"@id":"https:\/\/www.asajacyl.com\/avila\/#website"},"primaryImageOfPage":{"@id":"https:\/\/www.asajacyl.com\/avila\/asaja-avila-informa\/obispo-avila-bendice-campo-la-mano-asaja#primaryimage"},"image":{"@id":"https:\/\/www.asajacyl.com\/avila\/asaja-avila-informa\/obispo-avila-bendice-campo-la-mano-asaja#primaryimage"},"thumbnailUrl":"https:\/\/www.asajacyl.com\/avila\/wp-content\/uploads\/sites\/4\/2018\/01\/FOTO-BENDICI\u00d3N-1.jpg","datePublished":"2018-01-11T12:53:11+00:00","dateModified":"2018-02-05T13:08:16+00:00","author":{"@id":"https:\/\/www.asajacyl.com\/avila\/#\/schema\/person\/daf3c5c7d3afd005798ec283b78826ed"},"description":"Don Jes\u00fas Garc\u00eda Burillo bendice el campo abulense por primera vez en la historia para que el Se\u00f1or sea generoso con la agricultura y la ganader\u00eda Era la","breadcrumb":{"@id":"https:\/\/www.asajacyl.com\/avila\/asaja-avila-informa\/obispo-avila-bendice-campo-la-mano-asaja#breadcrumb"},"inLanguage":"es","potentialAction":[{"@type":"ReadAction","target":["https:\/\/www.asajacyl.com\/avila\/asaja-avila-informa\/obispo-avila-bendice-campo-la-mano-asaja"]}]},{"@type":"ImageObject","inLanguage":"es","@id":"https:\/\/www.asajacyl.com\/avila\/asaja-avila-informa\/obispo-avila-bendice-campo-la-mano-asaja#primaryimage","url":"https:\/\/www.asajacyl.com\/avila\/wp-content\/uploads\/sites\/4\/2018\/01\/FOTO-BENDICI\u00d3N-1.jpg","contentUrl":"https:\/\/www.asajacyl.com\/avila\/wp-content\/uploads\/sites\/4\/2018\/01\/FOTO-BENDICI\u00d3N-1.jpg","width":2500,"height":1875},{"@type":"BreadcrumbList","@id":"https:\/\/www.asajacyl.com\/avila\/asaja-avila-informa\/obispo-avila-bendice-campo-la-mano-asaja#breadcrumb","itemListElement":[{"@type":"ListItem","position":1,"name":"Portada","item":"https:\/\/www.asajacyl.com\/avila\/"},{"@type":"ListItem","position":2,"name":"El Obispo de \u00c1vila bendice el campo de la mano de ASAJA"}]},{"@type":"WebSite","@id":"https:\/\/www.asajacyl.com\/avila\/#website","url":"https:\/\/www.asajacyl.com\/avila\/","name":"ASAJA \u00c1vila","description":"Otro sitio m\u00e1s de Provincias ASAJA Castilla y Le\u00f3n","potentialAction":[{"@type":"SearchAction","target":{"@type":"EntryPoint","urlTemplate":"https:\/\/www.asajacyl.com\/avila\/?s={search_term_string}"},"query-input":{"@type":"PropertyValueSpecification","valueRequired":true,"valueName":"search_term_string"}}],"inLanguage":"es"},{"@type":"Person","@id":"https:\/\/www.asajacyl.com\/avila\/#\/schema\/person\/daf3c5c7d3afd005798ec283b78826ed","name":"Joaqu\u00edn","image":{"@type":"ImageObject","inLanguage":"es","@id":"https:\/\/www.asajacyl.com\/avila\/#\/schema\/person\/image\/","url":"https:\/\/secure.gravatar.com\/avatar\/8a87f10166ff5a8a3b0c21a125bc069d?s=96&d=mm&r=g","contentUrl":"https:\/\/secure.gravatar.com\/avatar\/8a87f10166ff5a8a3b0c21a125bc069d?s=96&d=mm&r=g","caption":"Joaqu\u00edn"},"url":"https:\/\/www.asajacyl.com\/avila\/author\/joaquinap"}]}},"_links":{"self":[{"href":"https:\/\/www.asajacyl.com\/avila\/wp-json\/wp\/v2\/posts\/2841"}],"collection":[{"href":"https:\/\/www.asajacyl.com\/avila\/wp-json\/wp\/v2\/posts"}],"about":[{"href":"https:\/\/www.asajacyl.com\/avila\/wp-json\/wp\/v2\/types\/post"}],"author":[{"embeddable":true,"href":"https:\/\/www.asajacyl.com\/avila\/wp-json\/wp\/v2\/users\/6"}],"replies":[{"embeddable":true,"href":"https:\/\/www.asajacyl.com\/avila\/wp-json\/wp\/v2\/comments?post=2841"}],"version-history":[{"count":2,"href":"https:\/\/www.asajacyl.com\/avila\/wp-json\/wp\/v2\/posts\/2841\/revisions"}],"predecessor-version":[{"id":2846,"href":"https:\/\/www.asajacyl.com\/avila\/wp-json\/wp\/v2\/posts\/2841\/revisions\/2846"}],"wp:featuredmedia":[{"embeddable":true,"href":"https:\/\/www.asajacyl.com\/avila\/wp-json\/wp\/v2\/media\/2842"}],"wp:attachment":[{"href":"https:\/\/www.asajacyl.com\/avila\/wp-json\/wp\/v2\/media?parent=2841"}],"wp:term":[{"taxonomy":"category","embeddable":true,"href":"https:\/\/www.asajacyl.com\/avila\/wp-json\/wp\/v2\/categories?post=2841"},{"taxonomy":"post_tag","embeddable":true,"href":"https:\/\/www.asajacyl.com\/avila\/wp-json\/wp\/v2\/tags?post=2841"}],"curies":[{"name":"wp","href":"https:\/\/api.w.org\/{rel}","templated":true}]}}