{"id":2970,"date":"2018-01-15T09:26:56","date_gmt":"2018-01-15T08:26:56","guid":{"rendered":"http:\/\/www.asajacyl.com\/avila\/?p=2970"},"modified":"2018-01-24T09:40:09","modified_gmt":"2018-01-24T08:40:09","slug":"medidas-del-programa-apoyo-al-sector-vitivinicola","status":"publish","type":"post","link":"https:\/\/www.asajacyl.com\/avila\/servicios-socio\/circulares\/medidas-del-programa-apoyo-al-sector-vitivinicola","title":{"rendered":"Medidas del programa de apoyo al sector vitivin\u00edcola"},"content":{"rendered":"<p><strong>Entre las medidas subvencionables est\u00e1n la reestructuraci\u00f3n y reconversi\u00f3n de vi\u00f1edos, la eliminaci\u00f3n de subproductos, inversiones, cosecha en verde y promoci\u00f3n en mercados de pa\u00edses terceros.<\/strong><\/p>\n<p>El Consejo de Ministros aprob\u00f3 el viernes 12 de enero, a propuesta del Ministerio de Agricultura y Pesca, Alimentaci\u00f3n y Medio Ambiente, el Real Decreto 5\/2018 para la aplicaci\u00f3n de las medidas del Programa de Apoyo al sector vitivin\u00edcola en el periodo 2019-2023 (BOE de 13 de enero de 2018).<\/p>\n<p>El\u00a0 Real Decreto regula las\u00a0 medidas financiadas por la Uni\u00f3n Europea, con un presupuesto previsto para los 5 ejercicios financieros de m\u00e1s de 1.000 millones de euros. En concreto, el presupuesto anual asignado para Espa\u00f1a es de\u00a0 210,3 millones de euros, que se distribuye as\u00ed entre las medidas comprendidas en el Programa de apoyo:<\/p>\n<ul>\n<li>72,5 Millones de euros para reestructuraci\u00f3n y reconversi\u00f3n de vi\u00f1edos;<\/li>\n<li>56 Millones de euros para inversiones;<\/li>\n<li>50 Millones de euros para promoci\u00f3n en los mercados de pa\u00edses terceros;<\/li>\n<li>31,8 Millones para destilaci\u00f3n de subproductos.<\/li>\n<\/ul>\n<p>Una de las medidas con m\u00e1s aceptaci\u00f3n entre los viticultores es la de reestructuraci\u00f3n y se estima que con este Programa de Apoyo se podr\u00e1n reestructurar unas 100.000 hect\u00e1reas de vi\u00f1edo, lo que supone aproximadamente un 11% de la superficie plantada de vi\u00f1edo a nivel nacional.<\/p>\n<p>Asimismo, medidas como las de inversiones o promoci\u00f3n del vino en terceros pa\u00edses, previstas en el Programa, permitir\u00e1n incrementar la capacidad comercializadora.<\/p>\n<p>Queda pendiente conocer la distribuci\u00f3n por comunidades aut\u00f3nomas del presupuesto, as\u00ed como el desarrollo y convocatoria de las medidas contenidas en esta normativa para Castilla y Le\u00f3n.<\/p>\n<p>&nbsp;<\/p>\n","protected":false},"excerpt":{"rendered":"<p>Entre las medidas subvencionables est\u00e1n la reestructuraci\u00f3n y reconversi\u00f3n de vi\u00f1edos, la eliminaci\u00f3n de subproductos, inversiones, cosecha en verde y promoci\u00f3n en mercados de pa\u00edses terceros. El Consejo de Ministros aprob\u00f3 el viernes 12 de enero, a propuesta del Ministerio de Agricultura y Pesca, Alimentaci\u00f3n y Medio Ambiente, el Real Decreto 5\/2018 para la aplicaci\u00f3n [&hellip;]<\/p>\n","protected":false},"author":6,"featured_media":794,"comment_status":"open","ping_status":"open","sticky":false,"template":"","format":"standard","meta":{"footnotes":""},"categories":[46,24],"tags":[],"yoast_head":"<!-- This site is optimized with the Yoast SEO plugin v24.5 - https:\/\/yoast.com\/wordpress\/plugins\/seo\/ -->\n<title>Medidas del programa de apoyo al sector vitivin\u00edcola - ASAJA \u00c1vila<\/title>\n<meta name=\"description\" content=\"Entre las medidas subvencionables est\u00e1n la reestructuraci\u00f3n y reconversi\u00f3n de vi\u00f1edos, la eliminaci\u00f3n de subproductos, inversiones, cosecha en verde y\" \/>\n<meta name=\"robots\" content=\"index, follow, max-snippet:-1, max-image-preview:large, max-video-preview:-1\" \/>\n<link rel=\"canonical\" href=\"https:\/\/www.asajacyl.com\/avila\/servicios-socio\/circulares\/medidas-del-programa-apoyo-al-sector-vitivinicola\" \/>\n<meta property=\"og:locale\" content=\"es_ES\" \/>\n<meta property=\"og:type\" content=\"article\" \/>\n<meta property=\"og:title\" content=\"Medidas del programa de apoyo al sector vitivin\u00edcola - ASAJA \u00c1vila\" \/>\n<meta property=\"og:description\" content=\"Entre las medidas subvencionables est\u00e1n la reestructuraci\u00f3n y reconversi\u00f3n de vi\u00f1edos, la eliminaci\u00f3n de subproductos, inversiones, cosecha en verde y\" \/>\n<meta property=\"og:url\" content=\"https:\/\/www.asajacyl.com\/avila\/servicios-socio\/circulares\/medidas-del-programa-apoyo-al-sector-vitivinicola\" \/>\n<meta property=\"og:site_name\" content=\"ASAJA \u00c1vila\" \/>\n<meta property=\"article:published_time\" content=\"2018-01-15T08:26:56+00:00\" \/>\n<meta property=\"article:modified_time\" content=\"2018-01-24T08:40:09+00:00\" \/>\n<meta property=\"og:image\" content=\"https:\/\/www.asajacyl.com\/avila\/wp-content\/uploads\/sites\/4\/2017\/11\/im_predefinida_1920x1080.jpg\" \/>\n\t<meta property=\"og:image:width\" content=\"1920\" \/>\n\t<meta property=\"og:image:height\" content=\"1080\" \/>\n\t<meta property=\"og:image:type\" content=\"image\/jpeg\" \/>\n<meta name=\"author\" content=\"Joaqu\u00edn\" \/>\n<meta name=\"twitter:card\" content=\"summary_large_image\" \/>\n<meta name=\"twitter:label1\" content=\"Escrito por\" \/>\n\t<meta name=\"twitter:data1\" content=\"Joaqu\u00edn\" \/>\n\t<meta name=\"twitter:label2\" content=\"Tiempo de lectura\" \/>\n\t<meta name=\"twitter:data2\" content=\"1 minuto\" \/>\n<script type=\"application\/ld+json\" class=\"yoast-schema-graph\">{\"@context\":\"https:\/\/schema.org\",\"@graph\":[{\"@type\":\"WebPage\",\"@id\":\"https:\/\/www.asajacyl.com\/avila\/servicios-socio\/circulares\/medidas-del-programa-apoyo-al-sector-vitivinicola\",\"url\":\"https:\/\/www.asajacyl.com\/avila\/servicios-socio\/circulares\/medidas-del-programa-apoyo-al-sector-vitivinicola\",\"name\":\"Medidas del programa de apoyo al sector vitivin\u00edcola - ASAJA \u00c1vila\",\"isPartOf\":{\"@id\":\"https:\/\/www.asajacyl.com\/avila\/#website\"},\"primaryImageOfPage\":{\"@id\":\"https:\/\/www.asajacyl.com\/avila\/servicios-socio\/circulares\/medidas-del-programa-apoyo-al-sector-vitivinicola#primaryimage\"},\"image\":{\"@id\":\"https:\/\/www.asajacyl.com\/avila\/servicios-socio\/circulares\/medidas-del-programa-apoyo-al-sector-vitivinicola#primaryimage\"},\"thumbnailUrl\":\"https:\/\/www.asajacyl.com\/avila\/wp-content\/uploads\/sites\/4\/2017\/11\/im_predefinida_1920x1080.jpg\",\"datePublished\":\"2018-01-15T08:26:56+00:00\",\"dateModified\":\"2018-01-24T08:40:09+00:00\",\"author\":{\"@id\":\"https:\/\/www.asajacyl.com\/avila\/#\/schema\/person\/daf3c5c7d3afd005798ec283b78826ed\"},\"description\":\"Entre las medidas subvencionables est\u00e1n la reestructuraci\u00f3n y reconversi\u00f3n de vi\u00f1edos, la eliminaci\u00f3n de subproductos, inversiones, cosecha en verde y\",\"breadcrumb\":{\"@id\":\"https:\/\/www.asajacyl.com\/avila\/servicios-socio\/circulares\/medidas-del-programa-apoyo-al-sector-vitivinicola#breadcrumb\"},\"inLanguage\":\"es\",\"potentialAction\":[{\"@type\":\"ReadAction\",\"target\":[\"https:\/\/www.asajacyl.com\/avila\/servicios-socio\/circulares\/medidas-del-programa-apoyo-al-sector-vitivinicola\"]}]},{\"@type\":\"ImageObject\",\"inLanguage\":\"es\",\"@id\":\"https:\/\/www.asajacyl.com\/avila\/servicios-socio\/circulares\/medidas-del-programa-apoyo-al-sector-vitivinicola#primaryimage\",\"url\":\"https:\/\/www.asajacyl.com\/avila\/wp-content\/uploads\/sites\/4\/2017\/11\/im_predefinida_1920x1080.jpg\",\"contentUrl\":\"https:\/\/www.asajacyl.com\/avila\/wp-content\/uploads\/sites\/4\/2017\/11\/im_predefinida_1920x1080.jpg\",\"width\":1920,\"height\":1080,\"caption\":\"Logotipo ASAJA \u00c1vila\"},{\"@type\":\"BreadcrumbList\",\"@id\":\"https:\/\/www.asajacyl.com\/avila\/servicios-socio\/circulares\/medidas-del-programa-apoyo-al-sector-vitivinicola#breadcrumb\",\"itemListElement\":[{\"@type\":\"ListItem\",\"position\":1,\"name\":\"Portada\",\"item\":\"https:\/\/www.asajacyl.com\/avila\/\"},{\"@type\":\"ListItem\",\"position\":2,\"name\":\"Medidas del programa de apoyo al sector vitivin\u00edcola\"}]},{\"@type\":\"WebSite\",\"@id\":\"https:\/\/www.asajacyl.com\/avila\/#website\",\"url\":\"https:\/\/www.asajacyl.com\/avila\/\",\"name\":\"ASAJA \u00c1vila\",\"description\":\"Otro sitio m\u00e1s de Provincias ASAJA Castilla y Le\u00f3n\",\"potentialAction\":[{\"@type\":\"SearchAction\",\"target\":{\"@type\":\"EntryPoint\",\"urlTemplate\":\"https:\/\/www.asajacyl.com\/avila\/?s={search_term_string}\"},\"query-input\":{\"@type\":\"PropertyValueSpecification\",\"valueRequired\":true,\"valueName\":\"search_term_string\"}}],\"inLanguage\":\"es\"},{\"@type\":\"Person\",\"@id\":\"https:\/\/www.asajacyl.com\/avila\/#\/schema\/person\/daf3c5c7d3afd005798ec283b78826ed\",\"name\":\"Joaqu\u00edn\",\"image\":{\"@type\":\"ImageObject\",\"inLanguage\":\"es\",\"@id\":\"https:\/\/www.asajacyl.com\/avila\/#\/schema\/person\/image\/\",\"url\":\"https:\/\/secure.gravatar.com\/avatar\/8a87f10166ff5a8a3b0c21a125bc069d?s=96&d=mm&r=g\",\"contentUrl\":\"https:\/\/secure.gravatar.com\/avatar\/8a87f10166ff5a8a3b0c21a125bc069d?s=96&d=mm&r=g\",\"caption\":\"Joaqu\u00edn\"},\"url\":\"https:\/\/www.asajacyl.com\/avila\/author\/joaquinap\"}]}<\/script>\n<!-- \/ Yoast SEO plugin. -->","yoast_head_json":{"title":"Medidas del programa de apoyo al sector vitivin\u00edcola - ASAJA \u00c1vila","description":"Entre las medidas subvencionables est\u00e1n la reestructuraci\u00f3n y reconversi\u00f3n de vi\u00f1edos, la eliminaci\u00f3n de subproductos, inversiones, cosecha en verde y","robots":{"index":"index","follow":"follow","max-snippet":"max-snippet:-1","max-image-preview":"max-image-preview:large","max-video-preview":"max-video-preview:-1"},"canonical":"https:\/\/www.asajacyl.com\/avila\/servicios-socio\/circulares\/medidas-del-programa-apoyo-al-sector-vitivinicola","og_locale":"es_ES","og_type":"article","og_title":"Medidas del programa de apoyo al sector vitivin\u00edcola - ASAJA \u00c1vila","og_description":"Entre las medidas subvencionables est\u00e1n la reestructuraci\u00f3n y reconversi\u00f3n de vi\u00f1edos, la eliminaci\u00f3n de subproductos, inversiones, cosecha en verde y","og_url":"https:\/\/www.asajacyl.com\/avila\/servicios-socio\/circulares\/medidas-del-programa-apoyo-al-sector-vitivinicola","og_site_name":"ASAJA \u00c1vila","article_published_time":"2018-01-15T08:26:56+00:00","article_modified_time":"2018-01-24T08:40:09+00:00","og_image":[{"width":1920,"height":1080,"url":"https:\/\/www.asajacyl.com\/avila\/wp-content\/uploads\/sites\/4\/2017\/11\/im_predefinida_1920x1080.jpg","type":"image\/jpeg"}],"author":"Joaqu\u00edn","twitter_card":"summary_large_image","twitter_misc":{"Escrito por":"Joaqu\u00edn","Tiempo de lectura":"1 minuto"},"schema":{"@context":"https:\/\/schema.org","@graph":[{"@type":"WebPage","@id":"https:\/\/www.asajacyl.com\/avila\/servicios-socio\/circulares\/medidas-del-programa-apoyo-al-sector-vitivinicola","url":"https:\/\/www.asajacyl.com\/avila\/servicios-socio\/circulares\/medidas-del-programa-apoyo-al-sector-vitivinicola","name":"Medidas del programa de apoyo al sector vitivin\u00edcola - ASAJA \u00c1vila","isPartOf":{"@id":"https:\/\/www.asajacyl.com\/avila\/#website"},"primaryImageOfPage":{"@id":"https:\/\/www.asajacyl.com\/avila\/servicios-socio\/circulares\/medidas-del-programa-apoyo-al-sector-vitivinicola#primaryimage"},"image":{"@id":"https:\/\/www.asajacyl.com\/avila\/servicios-socio\/circulares\/medidas-del-programa-apoyo-al-sector-vitivinicola#primaryimage"},"thumbnailUrl":"https:\/\/www.asajacyl.com\/avila\/wp-content\/uploads\/sites\/4\/2017\/11\/im_predefinida_1920x1080.jpg","datePublished":"2018-01-15T08:26:56+00:00","dateModified":"2018-01-24T08:40:09+00:00","author":{"@id":"https:\/\/www.asajacyl.com\/avila\/#\/schema\/person\/daf3c5c7d3afd005798ec283b78826ed"},"description":"Entre las medidas subvencionables est\u00e1n la reestructuraci\u00f3n y reconversi\u00f3n de vi\u00f1edos, la eliminaci\u00f3n de subproductos, inversiones, cosecha en verde y","breadcrumb":{"@id":"https:\/\/www.asajacyl.com\/avila\/servicios-socio\/circulares\/medidas-del-programa-apoyo-al-sector-vitivinicola#breadcrumb"},"inLanguage":"es","potentialAction":[{"@type":"ReadAction","target":["https:\/\/www.asajacyl.com\/avila\/servicios-socio\/circulares\/medidas-del-programa-apoyo-al-sector-vitivinicola"]}]},{"@type":"ImageObject","inLanguage":"es","@id":"https:\/\/www.asajacyl.com\/avila\/servicios-socio\/circulares\/medidas-del-programa-apoyo-al-sector-vitivinicola#primaryimage","url":"https:\/\/www.asajacyl.com\/avila\/wp-content\/uploads\/sites\/4\/2017\/11\/im_predefinida_1920x1080.jpg","contentUrl":"https:\/\/www.asajacyl.com\/avila\/wp-content\/uploads\/sites\/4\/2017\/11\/im_predefinida_1920x1080.jpg","width":1920,"height":1080,"caption":"Logotipo ASAJA \u00c1vila"},{"@type":"BreadcrumbList","@id":"https:\/\/www.asajacyl.com\/avila\/servicios-socio\/circulares\/medidas-del-programa-apoyo-al-sector-vitivinicola#breadcrumb","itemListElement":[{"@type":"ListItem","position":1,"name":"Portada","item":"https:\/\/www.asajacyl.com\/avila\/"},{"@type":"ListItem","position":2,"name":"Medidas del programa de apoyo al sector vitivin\u00edcola"}]},{"@type":"WebSite","@id":"https:\/\/www.asajacyl.com\/avila\/#website","url":"https:\/\/www.asajacyl.com\/avila\/","name":"ASAJA \u00c1vila","description":"Otro sitio m\u00e1s de Provincias ASAJA Castilla y Le\u00f3n","potentialAction":[{"@type":"SearchAction","target":{"@type":"EntryPoint","urlTemplate":"https:\/\/www.asajacyl.com\/avila\/?s={search_term_string}"},"query-input":{"@type":"PropertyValueSpecification","valueRequired":true,"valueName":"search_term_string"}}],"inLanguage":"es"},{"@type":"Person","@id":"https:\/\/www.asajacyl.com\/avila\/#\/schema\/person\/daf3c5c7d3afd005798ec283b78826ed","name":"Joaqu\u00edn","image":{"@type":"ImageObject","inLanguage":"es","@id":"https:\/\/www.asajacyl.com\/avila\/#\/schema\/person\/image\/","url":"https:\/\/secure.gravatar.com\/avatar\/8a87f10166ff5a8a3b0c21a125bc069d?s=96&d=mm&r=g","contentUrl":"https:\/\/secure.gravatar.com\/avatar\/8a87f10166ff5a8a3b0c21a125bc069d?s=96&d=mm&r=g","caption":"Joaqu\u00edn"},"url":"https:\/\/www.asajacyl.com\/avila\/author\/joaquinap"}]}},"_links":{"self":[{"href":"https:\/\/www.asajacyl.com\/avila\/wp-json\/wp\/v2\/posts\/2970"}],"collection":[{"href":"https:\/\/www.asajacyl.com\/avila\/wp-json\/wp\/v2\/posts"}],"about":[{"href":"https:\/\/www.asajacyl.com\/avila\/wp-json\/wp\/v2\/types\/post"}],"author":[{"embeddable":true,"href":"https:\/\/www.asajacyl.com\/avila\/wp-json\/wp\/v2\/users\/6"}],"replies":[{"embeddable":true,"href":"https:\/\/www.asajacyl.com\/avila\/wp-json\/wp\/v2\/comments?post=2970"}],"version-history":[{"count":1,"href":"https:\/\/www.asajacyl.com\/avila\/wp-json\/wp\/v2\/posts\/2970\/revisions"}],"predecessor-version":[{"id":2971,"href":"https:\/\/www.asajacyl.com\/avila\/wp-json\/wp\/v2\/posts\/2970\/revisions\/2971"}],"wp:featuredmedia":[{"embeddable":true,"href":"https:\/\/www.asajacyl.com\/avila\/wp-json\/wp\/v2\/media\/794"}],"wp:attachment":[{"href":"https:\/\/www.asajacyl.com\/avila\/wp-json\/wp\/v2\/media?parent=2970"}],"wp:term":[{"taxonomy":"category","embeddable":true,"href":"https:\/\/www.asajacyl.com\/avila\/wp-json\/wp\/v2\/categories?post=2970"},{"taxonomy":"post_tag","embeddable":true,"href":"https:\/\/www.asajacyl.com\/avila\/wp-json\/wp\/v2\/tags?post=2970"}],"curies":[{"name":"wp","href":"https:\/\/api.w.org\/{rel}","templated":true}]}}