{"id":2984,"date":"2018-01-29T10:59:17","date_gmt":"2018-01-29T09:59:17","guid":{"rendered":"http:\/\/www.asajacyl.com\/avila\/?p=2984"},"modified":"2018-02-05T15:00:31","modified_gmt":"2018-02-05T14:00:31","slug":"las-lonjas","status":"publish","type":"post","link":"https:\/\/www.asajacyl.com\/avila\/sin-categoria\/las-lonjas","title":{"rendered":"Las lonjas, semana del 29 de enero"},"content":{"rendered":"<p><strong>Iniciamos el repaso semanal a los mercados agrarios de la Comunidad para conocer las cotizaciones de las mesas de ganado y cereales.<\/strong><\/p>\n<p><strong>LONJA AGROPECUARIA DE SALAMANCA<\/strong><\/p>\n<p><strong>Mesa de cereales <\/strong><\/p>\n<p><strong>TRIGO BLANDO\u00a0\u00a0\u00a0\u00a0\u00a0\u00a0\u00a0\u00a0\u00a0\u00a0\u00a0\u00a0\u00a0\u00a0\u00a0\u00a0\u00a0\u00a0\u00a0\u00a0\u00a0\u00a0\u00a0\u00a0\u00a0\u00a0\u00a0 187\u20ac\/Tn <\/strong><\/p>\n<p><strong>CEBADA\u00a0\u00a0\u00a0\u00a0\u00a0\u00a0\u00a0\u00a0\u00a0\u00a0\u00a0\u00a0\u00a0\u00a0\u00a0\u00a0\u00a0\u00a0\u00a0\u00a0\u00a0\u00a0\u00a0\u00a0\u00a0\u00a0\u00a0\u00a0\u00a0\u00a0\u00a0\u00a0\u00a0\u00a0\u00a0\u00a0\u00a0\u00a0\u00a0\u00a0 184\u20ac\/Tn \u00a0<\/strong><\/p>\n<p><strong>CENTENO\u00a0\u00a0\u00a0\u00a0\u00a0\u00a0\u00a0\u00a0\u00a0\u00a0\u00a0\u00a0\u00a0\u00a0\u00a0\u00a0\u00a0\u00a0\u00a0\u00a0\u00a0\u00a0\u00a0\u00a0\u00a0\u00a0\u00a0 \u00a0\u00a0\u00a0\u00a0\u00a0\u00a0\u00a0\u00a0\u00a0\u00a0 169\u20ac\/Tn =<\/strong><\/p>\n<p><strong>MA\u00cdZ\u00a0\u00a0\u00a0\u00a0\u00a0\u00a0\u00a0\u00a0\u00a0\u00a0\u00a0\u00a0\u00a0\u00a0\u00a0\u00a0\u00a0\u00a0\u00a0\u00a0\u00a0\u00a0\u00a0\u00a0\u00a0\u00a0\u00a0\u00a0\u00a0\u00a0\u00a0\u00a0\u00a0\u00a0\u00a0\u00a0\u00a0\u00a0\u00a0\u00a0\u00a0\u00a0\u00a0\u00a0\u00a0 172\u20ac\/Tn =<\/strong><\/p>\n<p><strong>AVENA\u00a0\u00a0\u00a0\u00a0\u00a0\u00a0\u00a0\u00a0\u00a0\u00a0\u00a0\u00a0\u00a0\u00a0\u00a0\u00a0\u00a0\u00a0\u00a0\u00a0\u00a0\u00a0\u00a0\u00a0\u00a0\u00a0\u00a0\u00a0\u00a0\u00a0\u00a0\u00a0\u00a0\u00a0\u00a0\u00a0\u00a0\u00a0\u00a0\u00a0\u00a0\u00a0\u00a0 162\u20ac\/Tn =<\/strong><\/p>\n<p><strong>PAJA <\/strong><\/p>\n<p><strong>\u00a0\u00a0\u00a0\u00a0\u00a0\u00a0\u00a0\u00a0\u00a0\u00a0\u00a0 Paquete grande\u00a0\u00a0\u00a0\u00a0\u00a0\u00a0\u00a0\u00a0\u00a0\u00a0\u00a0\u00a0\u00a0\u00a0\u00a0\u00a0\u00a0\u00a0\u00a0\u00a0 77 \u20ac\/Tn\u00a0\u00a0\u00a0\u00a0 <\/strong><\/p>\n<p><strong>\u00a0<\/strong><strong>Precios estables en la Mesa de Cereales de la Lonja Agropecuaria de Salamanca, donde se han mantenido todos los precios respecto a la semana pasada, menos el de la cebada.<\/strong><\/p>\n<p><strong>Esta semana cotiza el trigo blando a 187 euros por tonelada; un euro menos que la semana pasada tiene la cebada, qued\u00e1ndose en 184 euros por tonelada.<\/strong><\/p>\n<p><strong>El centeno se encuentra a 169 euros, el ma\u00edz a 172 y la avena a 162, manteniendo estos \u00faltimos los precios de la semana anterior. <\/strong><\/p>\n<p><strong>\u00a0<\/strong><strong>El paquete de paja grande sube su precio, quedando en 77 euros.<\/strong><\/p>\n<p><strong>LONJA AGROPECUARIA DE SEGOVIA<\/strong><\/p>\n<p><strong>\u00a0<\/strong><strong>Mesa del porcino blanco<\/strong><\/p>\n<p><strong>\u00a0<\/strong><strong>CERDO SELECTO\u00a0\u00a0\u00a0\u00a0\u00a0\u00a0\u00a0\u00a0\u00a0\u00a0\u00a0\u00a0 1,02\u20ac\/Kg vivo\u00a0 <\/strong><\/p>\n<p><strong>CERDO NORMAL\u00a0\u00a0\u00a0\u00a0\u00a0\u00a0\u00a0\u00a0\u00a0\u00a0\u00a0\u00a0\u00a0 0,99\u20ac Kg vivo \u00a0<\/strong><\/p>\n<p><strong>CERDO GRASO\u00a0\u00a0\u00a0\u00a0\u00a0\u00a0\u00a0\u00a0\u00a0\u00a0\u00a0\u00a0\u00a0\u00a0\u00a0\u00a0\u00a0 1,24\u20ac Kg vivo\u00a0 <\/strong><\/p>\n<p><strong>\u00a0<\/strong><strong>COCHINILLO \u00a0\u00a0\u00a0\u00a0\u00a0\u00a0\u00a0\u00a0\u00a0\u00a0\u00a0\u00a0\u00a0\u00a0\u00a0\u00a0\u00a0\u00a0\u00a0 32\u20ac\/unidad\u00a0 <\/strong><\/p>\n<p><strong>\u00a0<\/strong><strong>En la Mesa del Porcino Blanco de la Lonja de Segovia bajan todas sus cotizaciones. De este modo, nos encontramos a 1,02\u20ac por kilo vivo el cerdo selecto, 0.99 \u20ac por kilo vivo el cerdo normal y 1,24\u20ac por kilo vivo el cerdo graso. El precio del cochinillo baja dos euros con respecto a la semana pasada, quedando en 32\u20ac por unidad. <\/strong><\/p>\n<p><strong>LONJA AGROPECUARIA DE SALAMANCA<\/strong><\/p>\n<p><strong>Mesa del porcino ib\u00e9rico<\/strong><\/p>\n<p><strong>BELLOTA 100% IB \u00a0 \u00a0 \u00a0 \u00a0 \u00a0 \u00a0\u00a0<\/strong> sin cotizaci\u00f3n<\/p>\n<p><strong>BELLOTA 75% IB\u00a0\u00a0\u00a0\u00a0\u00a0\u00a0\u00a0\u00a0\u00a0\u00a0\u00a0\u00a0\u00a0\u00a0 <\/strong>sin cotizaci\u00f3n<\/p>\n<p><strong>BELLOTA 50% IB\u00a0\u00a0\u00a0\u00a0\u00a0\u00a0\u00a0\u00a0\u00a0\u00a0\u00a0\u00a0\u00a0\u00a0 <\/strong>sin cotizaci\u00f3n<\/p>\n<p><strong>CEBO DE CAMPO \u00a0\u00a0\u00a0\u00a0\u00a0\u00a0\u00a0\u00a0\u00a0\u00a0\u00a0\u00a0\u00a0\u00a0\u00a0 <\/strong>2,32 \u20ac\/Kg vivo =<\/p>\n<p><strong>CEBO\u00a0\u00a0\u00a0\u00a0\u00a0\u00a0\u00a0\u00a0\u00a0\u00a0\u00a0\u00a0\u00a0\u00a0\u00a0\u00a0\u00a0\u00a0\u00a0\u00a0\u00a0\u00a0\u00a0\u00a0\u00a0\u00a0\u00a0\u00a0\u00a0\u00a0\u00a0\u00a0\u00a0\u00a0 <\/strong>2,20 \u20ac\/Kg vivo =<\/p>\n<p><strong>\u00a0<\/strong><\/p>\n<p><strong>La Mesa del Porcino Ib\u00e9rico de la Lonja de Salamanca mantiene la tendencia de precios para esta semana. Siguen, por lo tanto, sin cotizaci\u00f3n los ib\u00e9ricos de bellota, y se mantiene el cebo de campo, a 2,32 \u20ac por kilo vivo, y el cebo a 2,20 \u20ac por kilo vivo.<\/strong><\/p>\n<p><strong>LONJA AGROPECUARIA DE SALAMANCA<\/strong><\/p>\n<p><strong>Mesa de Ovino<\/strong><\/p>\n<p>LECHAZO\u00a0\u00a0\u00a0\u00a0\u00a0\u00a0\u00a0\u00a0\u00a0\u00a0\u00a0\u00a0\u00a0\u00a0\u00a0\u00a0 3,00 \u20ac\/Kg vivo \u00a0\u00a0=<\/p>\n<p>(de 13 a 15 kg)<\/p>\n<p>&nbsp;<\/p>\n<p>CORDERO\u00a0\u00a0\u00a0\u00a0\u00a0\u00a0\u00a0\u00a0\u00a0\u00a0\u00a0\u00a0\u00a0\u00a0\u00a0\u00a0 2,80 \u20ac\/Kg vivo<\/p>\n<p>(de 19 a 23 kg)<\/p>\n<p>&nbsp;<\/p>\n<p><strong>Y tambi\u00e9n en Salamanca, esta vez bajan algunos precios en la MESA DE OVINO, donde esta semana se registra un precio constante por kilo vivo para el lechazo de 13 a 15 kilos que cotiza a 3 euros por kilo vivo, mientras que hay bajada en el cordero , de 19 a 23 kilos, cotizando a 2.80<\/strong><\/p>\n<p><strong>\u00a0<\/strong><\/p>\n<p><strong>MERCADO DE GANADOS DE TALAVERA DE LA REINA<\/strong><\/p>\n<p>&nbsp;<\/p>\n<p><strong>Cabrito lechal\u00a0\u00a0\u00a0\u00a0\u00a0\u00a0\u00a0\u00a0\u00a0\u00a0\u00a0\u00a0\u00a0\u00a0\u00a0\u00a0\u00a0\u00a0\u00a0\u00a0\u00a0\u00a0\u00a0 3,90 \u20ac\/Kg vivo\u00a0 <\/strong><\/p>\n<p><strong>(entre 7 y 10 kg)<\/strong><\/p>\n<p><strong>\u00a0<\/strong><\/p>\n<p><strong>La carne de cabrito nos deja, una semana m\u00e1s, una bajada de precio de este producto en el Mercado de Ganados de Talavera de la Reina cotizando a 3,90 euros por kilo vivo.\u00a0 <\/strong><\/p>\n<p><strong>\u00a0<\/strong><\/p>\n<p>______________________________________________________________<\/p>\n<p><strong>LONJA AGROPECUARIA DE SALAMANCA<\/strong><\/p>\n<p><strong>\u00a0<\/strong><\/p>\n<p><strong>Mesa de vacuno<\/strong><\/p>\n<p>&nbsp;<\/p>\n<p>BOVINO DE CARNE\u00a0\u00a0\u00a0\u00a0\u00a0\u00a0\u00a0\u00a0\u00a0\u00a0\u00a0\u00a0\u00a0\u00a0\u00a0\u00a0\u00a0\u00a0\u00a0\u00a0\u00a0\u00a0\u00a0 4,22 \u20ac\/Kg canal =<\/p>\n<p>(Menor de 12 meses)<\/p>\n<p>&nbsp;<\/p>\n<p>TERNERAS\u00a0\u00a0\u00a0\u00a0\u00a0\u00a0\u00a0\u00a0\u00a0\u00a0\u00a0\u00a0\u00a0\u00a0\u00a0\u00a0\u00a0\u00a0\u00a0\u00a0\u00a0\u00a0\u00a0\u00a0\u00a0\u00a0\u00a0\u00a0\u00a0\u00a0\u00a0\u00a0\u00a0\u00a0\u00a0\u00a0\u00a0\u00a0 4,12 \u20ac\/Kg canal\u00a0 =<\/p>\n<p>(Mayor de 12 meses)<\/p>\n<p>&nbsp;<\/p>\n<p>A\u00d1OJOS\u00a0\u00a0\u00a0\u00a0\u00a0\u00a0\u00a0\u00a0\u00a0\u00a0\u00a0\u00a0\u00a0\u00a0\u00a0\u00a0\u00a0\u00a0\u00a0\u00a0\u00a0\u00a0\u00a0\u00a0\u00a0\u00a0\u00a0\u00a0\u00a0\u00a0\u00a0\u00a0\u00a0\u00a0\u00a0\u00a0\u00a0\u00a0\u00a0\u00a0\u00a0\u00a0\u00a0 4,08 \u20ac\/Kg canal\u00a0 =<\/p>\n<p>&nbsp;<\/p>\n<p>NOVILLOS\u00a0\u00a0\u00a0\u00a0\u00a0\u00a0\u00a0\u00a0\u00a0\u00a0\u00a0\u00a0\u00a0\u00a0\u00a0\u00a0\u00a0\u00a0\u00a0\u00a0\u00a0\u00a0\u00a0\u00a0\u00a0\u00a0\u00a0\u00a0\u00a0\u00a0\u00a0\u00a0\u00a0\u00a0\u00a0\u00a0\u00a0\u00a0\u00a0 2,61 \u20ac\/Kg canal\u00a0 =<\/p>\n<p>&nbsp;<\/p>\n<p>&nbsp;<\/p>\n<p><strong>En la l\u00ednea de otros productos de la Lonja de Salamanca, la Mesa de Vacuno se presenta con unos precios estables esta semana, manteni\u00e9ndose \u00e9stos respecto a la pasada en el bovino de carne, que cotiza a 4,22 euros, las terneras, a 4,12 euros. Por otro lado, los a\u00f1ojos cotizan a 4,08 euros el kilo, y en los novillos, a 2, 61euros el kilo.<\/strong><\/p>\n<p>&nbsp;<\/p>\n<p>&nbsp;<\/p>\n<p>&nbsp;<\/p>\n","protected":false},"excerpt":{"rendered":"<p>Iniciamos el repaso semanal a los mercados agrarios de la Comunidad para conocer las cotizaciones de las mesas de ganado y cereales. LONJA AGROPECUARIA DE SALAMANCA Mesa de cereales TRIGO BLANDO\u00a0\u00a0\u00a0\u00a0\u00a0\u00a0\u00a0\u00a0\u00a0\u00a0\u00a0\u00a0\u00a0\u00a0\u00a0\u00a0\u00a0\u00a0\u00a0\u00a0\u00a0\u00a0\u00a0\u00a0\u00a0\u00a0\u00a0 187\u20ac\/Tn CEBADA\u00a0\u00a0\u00a0\u00a0\u00a0\u00a0\u00a0\u00a0\u00a0\u00a0\u00a0\u00a0\u00a0\u00a0\u00a0\u00a0\u00a0\u00a0\u00a0\u00a0\u00a0\u00a0\u00a0\u00a0\u00a0\u00a0\u00a0\u00a0\u00a0\u00a0\u00a0\u00a0\u00a0\u00a0\u00a0\u00a0\u00a0\u00a0\u00a0\u00a0 184\u20ac\/Tn \u00a0 CENTENO\u00a0\u00a0\u00a0\u00a0\u00a0\u00a0\u00a0\u00a0\u00a0\u00a0\u00a0\u00a0\u00a0\u00a0\u00a0\u00a0\u00a0\u00a0\u00a0\u00a0\u00a0\u00a0\u00a0\u00a0\u00a0\u00a0\u00a0 \u00a0\u00a0\u00a0\u00a0\u00a0\u00a0\u00a0\u00a0\u00a0\u00a0 169\u20ac\/Tn = MA\u00cdZ\u00a0\u00a0\u00a0\u00a0\u00a0\u00a0\u00a0\u00a0\u00a0\u00a0\u00a0\u00a0\u00a0\u00a0\u00a0\u00a0\u00a0\u00a0\u00a0\u00a0\u00a0\u00a0\u00a0\u00a0\u00a0\u00a0\u00a0\u00a0\u00a0\u00a0\u00a0\u00a0\u00a0\u00a0\u00a0\u00a0\u00a0\u00a0\u00a0\u00a0\u00a0\u00a0\u00a0\u00a0\u00a0 172\u20ac\/Tn = AVENA\u00a0\u00a0\u00a0\u00a0\u00a0\u00a0\u00a0\u00a0\u00a0\u00a0\u00a0\u00a0\u00a0\u00a0\u00a0\u00a0\u00a0\u00a0\u00a0\u00a0\u00a0\u00a0\u00a0\u00a0\u00a0\u00a0\u00a0\u00a0\u00a0\u00a0\u00a0\u00a0\u00a0\u00a0\u00a0\u00a0\u00a0\u00a0\u00a0\u00a0\u00a0\u00a0\u00a0 162\u20ac\/Tn = PAJA \u00a0\u00a0\u00a0\u00a0\u00a0\u00a0\u00a0\u00a0\u00a0\u00a0\u00a0 Paquete grande\u00a0\u00a0\u00a0\u00a0\u00a0\u00a0\u00a0\u00a0\u00a0\u00a0\u00a0\u00a0\u00a0\u00a0\u00a0\u00a0\u00a0\u00a0\u00a0\u00a0 77 \u20ac\/Tn\u00a0\u00a0\u00a0\u00a0 \u00a0Precios estables en la [&hellip;]<\/p>\n","protected":false},"author":6,"featured_media":3066,"comment_status":"open","ping_status":"open","sticky":false,"template":"","format":"standard","meta":{"footnotes":""},"categories":[44,45,1],"tags":[],"yoast_head":"<!-- This site is optimized with the Yoast SEO plugin v24.5 - https:\/\/yoast.com\/wordpress\/plugins\/seo\/ -->\n<title>Las lonjas, semana del 29 de enero - ASAJA \u00c1vila<\/title>\n<meta name=\"description\" content=\"Iniciamos el repaso semanal a los mercados agrarios de la Comunidad para conocer las cotizaciones de las mesas de ganado y cereales. LONJA AGROPECUARIA DE\" \/>\n<meta name=\"robots\" content=\"index, follow, max-snippet:-1, max-image-preview:large, max-video-preview:-1\" \/>\n<link rel=\"canonical\" href=\"https:\/\/www.asajacyl.com\/avila\/sin-categoria\/las-lonjas\" \/>\n<meta property=\"og:locale\" content=\"es_ES\" \/>\n<meta property=\"og:type\" content=\"article\" \/>\n<meta property=\"og:title\" content=\"Las lonjas, semana del 29 de enero - ASAJA \u00c1vila\" \/>\n<meta property=\"og:description\" content=\"Iniciamos el repaso semanal a los mercados agrarios de la Comunidad para conocer las cotizaciones de las mesas de ganado y cereales. LONJA AGROPECUARIA DE\" \/>\n<meta property=\"og:url\" content=\"https:\/\/www.asajacyl.com\/avila\/sin-categoria\/las-lonjas\" \/>\n<meta property=\"og:site_name\" content=\"ASAJA \u00c1vila\" \/>\n<meta property=\"article:published_time\" content=\"2018-01-29T09:59:17+00:00\" \/>\n<meta property=\"article:modified_time\" content=\"2018-02-05T14:00:31+00:00\" \/>\n<meta property=\"og:image\" content=\"https:\/\/www.asajacyl.com\/avila\/wp-content\/uploads\/sites\/4\/2018\/01\/LONJAS_ASAJA.jpg\" \/>\n\t<meta property=\"og:image:width\" content=\"1570\" \/>\n\t<meta property=\"og:image:height\" content=\"916\" \/>\n\t<meta property=\"og:image:type\" content=\"image\/jpeg\" \/>\n<meta name=\"author\" content=\"Joaqu\u00edn\" \/>\n<meta name=\"twitter:card\" content=\"summary_large_image\" \/>\n<meta name=\"twitter:label1\" content=\"Escrito por\" \/>\n\t<meta name=\"twitter:data1\" content=\"Joaqu\u00edn\" \/>\n\t<meta name=\"twitter:label2\" content=\"Tiempo de lectura\" \/>\n\t<meta name=\"twitter:data2\" content=\"3 minutos\" \/>\n<script type=\"application\/ld+json\" class=\"yoast-schema-graph\">{\"@context\":\"https:\/\/schema.org\",\"@graph\":[{\"@type\":\"WebPage\",\"@id\":\"https:\/\/www.asajacyl.com\/avila\/sin-categoria\/las-lonjas\",\"url\":\"https:\/\/www.asajacyl.com\/avila\/sin-categoria\/las-lonjas\",\"name\":\"Las lonjas, semana del 29 de enero - ASAJA \u00c1vila\",\"isPartOf\":{\"@id\":\"https:\/\/www.asajacyl.com\/avila\/#website\"},\"primaryImageOfPage\":{\"@id\":\"https:\/\/www.asajacyl.com\/avila\/sin-categoria\/las-lonjas#primaryimage\"},\"image\":{\"@id\":\"https:\/\/www.asajacyl.com\/avila\/sin-categoria\/las-lonjas#primaryimage\"},\"thumbnailUrl\":\"https:\/\/www.asajacyl.com\/avila\/wp-content\/uploads\/sites\/4\/2018\/01\/LONJAS_ASAJA.jpg\",\"datePublished\":\"2018-01-29T09:59:17+00:00\",\"dateModified\":\"2018-02-05T14:00:31+00:00\",\"author\":{\"@id\":\"https:\/\/www.asajacyl.com\/avila\/#\/schema\/person\/daf3c5c7d3afd005798ec283b78826ed\"},\"description\":\"Iniciamos el repaso semanal a los mercados agrarios de la Comunidad para conocer las cotizaciones de las mesas de ganado y cereales. LONJA AGROPECUARIA DE\",\"breadcrumb\":{\"@id\":\"https:\/\/www.asajacyl.com\/avila\/sin-categoria\/las-lonjas#breadcrumb\"},\"inLanguage\":\"es\",\"potentialAction\":[{\"@type\":\"ReadAction\",\"target\":[\"https:\/\/www.asajacyl.com\/avila\/sin-categoria\/las-lonjas\"]}]},{\"@type\":\"ImageObject\",\"inLanguage\":\"es\",\"@id\":\"https:\/\/www.asajacyl.com\/avila\/sin-categoria\/las-lonjas#primaryimage\",\"url\":\"https:\/\/www.asajacyl.com\/avila\/wp-content\/uploads\/sites\/4\/2018\/01\/LONJAS_ASAJA.jpg\",\"contentUrl\":\"https:\/\/www.asajacyl.com\/avila\/wp-content\/uploads\/sites\/4\/2018\/01\/LONJAS_ASAJA.jpg\",\"width\":1570,\"height\":916,\"caption\":\"Lonja semana\"},{\"@type\":\"BreadcrumbList\",\"@id\":\"https:\/\/www.asajacyl.com\/avila\/sin-categoria\/las-lonjas#breadcrumb\",\"itemListElement\":[{\"@type\":\"ListItem\",\"position\":1,\"name\":\"Portada\",\"item\":\"https:\/\/www.asajacyl.com\/avila\/\"},{\"@type\":\"ListItem\",\"position\":2,\"name\":\"Las lonjas, semana del 29 de enero\"}]},{\"@type\":\"WebSite\",\"@id\":\"https:\/\/www.asajacyl.com\/avila\/#website\",\"url\":\"https:\/\/www.asajacyl.com\/avila\/\",\"name\":\"ASAJA \u00c1vila\",\"description\":\"Otro sitio m\u00e1s de Provincias ASAJA Castilla y Le\u00f3n\",\"potentialAction\":[{\"@type\":\"SearchAction\",\"target\":{\"@type\":\"EntryPoint\",\"urlTemplate\":\"https:\/\/www.asajacyl.com\/avila\/?s={search_term_string}\"},\"query-input\":{\"@type\":\"PropertyValueSpecification\",\"valueRequired\":true,\"valueName\":\"search_term_string\"}}],\"inLanguage\":\"es\"},{\"@type\":\"Person\",\"@id\":\"https:\/\/www.asajacyl.com\/avila\/#\/schema\/person\/daf3c5c7d3afd005798ec283b78826ed\",\"name\":\"Joaqu\u00edn\",\"image\":{\"@type\":\"ImageObject\",\"inLanguage\":\"es\",\"@id\":\"https:\/\/www.asajacyl.com\/avila\/#\/schema\/person\/image\/\",\"url\":\"https:\/\/secure.gravatar.com\/avatar\/8a87f10166ff5a8a3b0c21a125bc069d?s=96&d=mm&r=g\",\"contentUrl\":\"https:\/\/secure.gravatar.com\/avatar\/8a87f10166ff5a8a3b0c21a125bc069d?s=96&d=mm&r=g\",\"caption\":\"Joaqu\u00edn\"},\"url\":\"https:\/\/www.asajacyl.com\/avila\/author\/joaquinap\"}]}<\/script>\n<!-- \/ Yoast SEO plugin. -->","yoast_head_json":{"title":"Las lonjas, semana del 29 de enero - ASAJA \u00c1vila","description":"Iniciamos el repaso semanal a los mercados agrarios de la Comunidad para conocer las cotizaciones de las mesas de ganado y cereales. LONJA AGROPECUARIA DE","robots":{"index":"index","follow":"follow","max-snippet":"max-snippet:-1","max-image-preview":"max-image-preview:large","max-video-preview":"max-video-preview:-1"},"canonical":"https:\/\/www.asajacyl.com\/avila\/sin-categoria\/las-lonjas","og_locale":"es_ES","og_type":"article","og_title":"Las lonjas, semana del 29 de enero - ASAJA \u00c1vila","og_description":"Iniciamos el repaso semanal a los mercados agrarios de la Comunidad para conocer las cotizaciones de las mesas de ganado y cereales. LONJA AGROPECUARIA DE","og_url":"https:\/\/www.asajacyl.com\/avila\/sin-categoria\/las-lonjas","og_site_name":"ASAJA \u00c1vila","article_published_time":"2018-01-29T09:59:17+00:00","article_modified_time":"2018-02-05T14:00:31+00:00","og_image":[{"width":1570,"height":916,"url":"https:\/\/www.asajacyl.com\/avila\/wp-content\/uploads\/sites\/4\/2018\/01\/LONJAS_ASAJA.jpg","type":"image\/jpeg"}],"author":"Joaqu\u00edn","twitter_card":"summary_large_image","twitter_misc":{"Escrito por":"Joaqu\u00edn","Tiempo de lectura":"3 minutos"},"schema":{"@context":"https:\/\/schema.org","@graph":[{"@type":"WebPage","@id":"https:\/\/www.asajacyl.com\/avila\/sin-categoria\/las-lonjas","url":"https:\/\/www.asajacyl.com\/avila\/sin-categoria\/las-lonjas","name":"Las lonjas, semana del 29 de enero - ASAJA \u00c1vila","isPartOf":{"@id":"https:\/\/www.asajacyl.com\/avila\/#website"},"primaryImageOfPage":{"@id":"https:\/\/www.asajacyl.com\/avila\/sin-categoria\/las-lonjas#primaryimage"},"image":{"@id":"https:\/\/www.asajacyl.com\/avila\/sin-categoria\/las-lonjas#primaryimage"},"thumbnailUrl":"https:\/\/www.asajacyl.com\/avila\/wp-content\/uploads\/sites\/4\/2018\/01\/LONJAS_ASAJA.jpg","datePublished":"2018-01-29T09:59:17+00:00","dateModified":"2018-02-05T14:00:31+00:00","author":{"@id":"https:\/\/www.asajacyl.com\/avila\/#\/schema\/person\/daf3c5c7d3afd005798ec283b78826ed"},"description":"Iniciamos el repaso semanal a los mercados agrarios de la Comunidad para conocer las cotizaciones de las mesas de ganado y cereales. LONJA AGROPECUARIA DE","breadcrumb":{"@id":"https:\/\/www.asajacyl.com\/avila\/sin-categoria\/las-lonjas#breadcrumb"},"inLanguage":"es","potentialAction":[{"@type":"ReadAction","target":["https:\/\/www.asajacyl.com\/avila\/sin-categoria\/las-lonjas"]}]},{"@type":"ImageObject","inLanguage":"es","@id":"https:\/\/www.asajacyl.com\/avila\/sin-categoria\/las-lonjas#primaryimage","url":"https:\/\/www.asajacyl.com\/avila\/wp-content\/uploads\/sites\/4\/2018\/01\/LONJAS_ASAJA.jpg","contentUrl":"https:\/\/www.asajacyl.com\/avila\/wp-content\/uploads\/sites\/4\/2018\/01\/LONJAS_ASAJA.jpg","width":1570,"height":916,"caption":"Lonja semana"},{"@type":"BreadcrumbList","@id":"https:\/\/www.asajacyl.com\/avila\/sin-categoria\/las-lonjas#breadcrumb","itemListElement":[{"@type":"ListItem","position":1,"name":"Portada","item":"https:\/\/www.asajacyl.com\/avila\/"},{"@type":"ListItem","position":2,"name":"Las lonjas, semana del 29 de enero"}]},{"@type":"WebSite","@id":"https:\/\/www.asajacyl.com\/avila\/#website","url":"https:\/\/www.asajacyl.com\/avila\/","name":"ASAJA \u00c1vila","description":"Otro sitio m\u00e1s de Provincias ASAJA Castilla y Le\u00f3n","potentialAction":[{"@type":"SearchAction","target":{"@type":"EntryPoint","urlTemplate":"https:\/\/www.asajacyl.com\/avila\/?s={search_term_string}"},"query-input":{"@type":"PropertyValueSpecification","valueRequired":true,"valueName":"search_term_string"}}],"inLanguage":"es"},{"@type":"Person","@id":"https:\/\/www.asajacyl.com\/avila\/#\/schema\/person\/daf3c5c7d3afd005798ec283b78826ed","name":"Joaqu\u00edn","image":{"@type":"ImageObject","inLanguage":"es","@id":"https:\/\/www.asajacyl.com\/avila\/#\/schema\/person\/image\/","url":"https:\/\/secure.gravatar.com\/avatar\/8a87f10166ff5a8a3b0c21a125bc069d?s=96&d=mm&r=g","contentUrl":"https:\/\/secure.gravatar.com\/avatar\/8a87f10166ff5a8a3b0c21a125bc069d?s=96&d=mm&r=g","caption":"Joaqu\u00edn"},"url":"https:\/\/www.asajacyl.com\/avila\/author\/joaquinap"}]}},"_links":{"self":[{"href":"https:\/\/www.asajacyl.com\/avila\/wp-json\/wp\/v2\/posts\/2984"}],"collection":[{"href":"https:\/\/www.asajacyl.com\/avila\/wp-json\/wp\/v2\/posts"}],"about":[{"href":"https:\/\/www.asajacyl.com\/avila\/wp-json\/wp\/v2\/types\/post"}],"author":[{"embeddable":true,"href":"https:\/\/www.asajacyl.com\/avila\/wp-json\/wp\/v2\/users\/6"}],"replies":[{"embeddable":true,"href":"https:\/\/www.asajacyl.com\/avila\/wp-json\/wp\/v2\/comments?post=2984"}],"version-history":[{"count":3,"href":"https:\/\/www.asajacyl.com\/avila\/wp-json\/wp\/v2\/posts\/2984\/revisions"}],"predecessor-version":[{"id":3151,"href":"https:\/\/www.asajacyl.com\/avila\/wp-json\/wp\/v2\/posts\/2984\/revisions\/3151"}],"wp:featuredmedia":[{"embeddable":true,"href":"https:\/\/www.asajacyl.com\/avila\/wp-json\/wp\/v2\/media\/3066"}],"wp:attachment":[{"href":"https:\/\/www.asajacyl.com\/avila\/wp-json\/wp\/v2\/media?parent=2984"}],"wp:term":[{"taxonomy":"category","embeddable":true,"href":"https:\/\/www.asajacyl.com\/avila\/wp-json\/wp\/v2\/categories?post=2984"},{"taxonomy":"post_tag","embeddable":true,"href":"https:\/\/www.asajacyl.com\/avila\/wp-json\/wp\/v2\/tags?post=2984"}],"curies":[{"name":"wp","href":"https:\/\/api.w.org\/{rel}","templated":true}]}}