{"id":2997,"date":"2018-01-26T21:33:48","date_gmt":"2018-01-26T20:33:48","guid":{"rendered":"http:\/\/www.asajacyl.com\/avila\/?p=2997"},"modified":"2018-02-05T13:57:38","modified_gmt":"2018-02-05T12:57:38","slug":"asaja-avila-valora-papel-los-jovenes-ganaderos-agricultores-guardianes-del-medio-ambiente","status":"publish","type":"post","link":"https:\/\/www.asajacyl.com\/avila\/sin-categoria\/asaja-avila-valora-papel-los-jovenes-ganaderos-agricultores-guardianes-del-medio-ambiente","title":{"rendered":"ASAJA de \u00c1vila valora el papel de los j\u00f3venes ganaderos y agricultores como guardianes del medio ambiente"},"content":{"rendered":"<p><strong>La organizaci\u00f3n profesional agraria ha celebrado un acto con ganaderos de Gredos con la presencia del presidente regional, Donaciano Dujo<\/strong>.<\/p>\n<p>El presidente de ASAJA de Castilla y Le\u00f3n, Donaciano Dujo, ha subrayado hoy en un encuentro con ganaderos de la comarca en El Barco de \u00c1vila que la organizaci\u00f3n profesional agraria est\u00e1 \u201cvolcada en los j\u00f3venes\u201d, a quienes \u201chay que agradecer que cuando se incorporen lo hagan de la mano de la organizaci\u00f3n\u201d.<\/p>\n<p>Dujo ha apostillado que no se trata \u00fanicamente de ofrecer apoyo y asesoramiento en el momento de la incorporaci\u00f3n, sino tambi\u00e9n de prestarles ayuda todos los d\u00edas del a\u00f1o para facilitar los tr\u00e1mites burocr\u00e1ticos. Por este motivo, ha aseverado, la Junta de Castilla y Le\u00f3n debe hacer las ayudas m\u00e1s \u00e1giles y de mayor cuant\u00eda. Ha se\u00f1alado que las cuant\u00edas de 70.000 euros para los j\u00f3venes en el mejor de los casos se quedan en 37.000, y ni siquiera se cobran en tiempo y forma.<\/p>\n<p>La labor de ASAJA, seg\u00fan el dirigente regional, es asesorar, formar y proteger al sector de problemas como los ataques de lobos o el saneamiento ganadero.<\/p>\n<p>En ello precisamente ha centrado la mirada el presidente provincial de ASAJA, Joaqu\u00edn Antonio Pino, quien ha puesto de manifiesto el compromiso de la organizaci\u00f3n con los j\u00f3venes. Un ejemplo, subraya, las tres oficinas de Piedrah\u00edta, El Barco de \u00c1vila y Navarredonda de Gredos, lideradas por el t\u00e9cnico Roberto Chapinal.<\/p>\n<p>Uno de los t\u00e9cnicos de ASAJA, ha sido, seg\u00fan Joaqu\u00edn Antonio Pino, quien ha tramitado m\u00e1s del 90 por ciento de expedientes de primera instalaci\u00f3n de la comarca, los tr\u00e1mites para la percepci\u00f3n de ayudas o la burocracia a seguir tras la adquisici\u00f3n de la propia explotaci\u00f3n o ganado.<\/p>\n<p>Los j\u00f3venes de esta zona, en palabras de Joaqu\u00edn Antonio Pino, no tienen f\u00e1cil su d\u00eda a d\u00eda. Tienen que enfrentarse, ha afirmado, con la fauna salvaje, que convive con sus animales, transmiti\u00e9ndoles enfermedades. A juicio de la organizaci\u00f3n agraria de nada sirve matar animales sino se ataja el problema.<\/p>\n<p>Asimismo, el presidente provincial de ASAJA ha puesto de relieve que el control poblacional del lobo no se debe quedar en el papel. \u201cExigimos al consejero y a la ministra que ya que no funcionan las medidas preventivas puestas en marcha por los ganaderos, se haga un control poblacional efectivo y que la Uni\u00f3n Europea dote para ello de herramientas jur\u00eddicas a la administraci\u00f3n regional. En tanto en cuanto, es necesario que se actualice el baremo de indemnizaci\u00f3n\u201d, ha a\u00f1adido.<\/p>\n<p>Al igual que Donaciano Dujo, Pino ha asegurado que en materia de saneamiento ganadero de nada sirve que se maten animales si no se realizan medidas de control frente a la fauna salvaje. Ha subrayado de nuevo la existencia de un Grupo Supraauton\u00f3mico en el que se est\u00e1n poniendo todos los esfuerzos para que la zona con problemas de interacci\u00f3n en la transmisi\u00f3n de tuberculosis y la fauna salvaje de El Barco de \u00c1vila sea una de los territorios en los que se centren las miradas.<\/p>\n<p>Gracias al empuje de ASAJA, en palabras de Pino, ya est\u00e1 en marcha en la zona un proyecto conjunto entre la Consejer\u00eda de Fomento y Medio Ambiente y la de Agricultura y Ganader\u00eda de la Junta de Castilla y Le\u00f3n en el municipio de Navalonguilla para lograr atajar este problema y la incidencia de la fauna salvaje en la sanidad de la ganader\u00eda como son conocedores los ganaderos de la zona.<\/p>\n<p>\u201cLos j\u00f3venes son el presente y el futuro del campo, son los guardianes del medio ambiente\u201d, ha concluido.<\/p>\n","protected":false},"excerpt":{"rendered":"<p>La organizaci\u00f3n profesional agraria ha celebrado un acto con ganaderos de Gredos con la presencia del presidente regional, Donaciano Dujo. El presidente de ASAJA de Castilla y Le\u00f3n, Donaciano Dujo, ha subrayado hoy en un encuentro con ganaderos de la comarca en El Barco de \u00c1vila que la organizaci\u00f3n profesional agraria est\u00e1 \u201cvolcada en los [&hellip;]<\/p>\n","protected":false},"author":6,"featured_media":2998,"comment_status":"open","ping_status":"open","sticky":false,"template":"","format":"standard","meta":{"footnotes":""},"categories":[1],"tags":[],"yoast_head":"<!-- This site is optimized with the Yoast SEO plugin v24.5 - https:\/\/yoast.com\/wordpress\/plugins\/seo\/ -->\n<title>ASAJA de \u00c1vila valora el papel de los j\u00f3venes ganaderos y agricultores como guardianes del medio ambiente - ASAJA \u00c1vila<\/title>\n<meta name=\"description\" content=\"La organizaci\u00f3n profesional agraria ha celebrado un acto con ganaderos de Gredos con la presencia del presidente regional, Donaciano Dujo. El presidente\" \/>\n<meta name=\"robots\" content=\"index, follow, max-snippet:-1, max-image-preview:large, max-video-preview:-1\" \/>\n<link rel=\"canonical\" href=\"https:\/\/www.asajacyl.com\/avila\/sin-categoria\/asaja-avila-valora-papel-los-jovenes-ganaderos-agricultores-guardianes-del-medio-ambiente\" \/>\n<meta property=\"og:locale\" content=\"es_ES\" \/>\n<meta property=\"og:type\" content=\"article\" \/>\n<meta property=\"og:title\" content=\"ASAJA de \u00c1vila valora el papel de los j\u00f3venes ganaderos y agricultores como guardianes del medio ambiente - ASAJA \u00c1vila\" \/>\n<meta property=\"og:description\" content=\"La organizaci\u00f3n profesional agraria ha celebrado un acto con ganaderos de Gredos con la presencia del presidente regional, Donaciano Dujo. El presidente\" \/>\n<meta property=\"og:url\" content=\"https:\/\/www.asajacyl.com\/avila\/sin-categoria\/asaja-avila-valora-papel-los-jovenes-ganaderos-agricultores-guardianes-del-medio-ambiente\" \/>\n<meta property=\"og:site_name\" content=\"ASAJA \u00c1vila\" \/>\n<meta property=\"article:published_time\" content=\"2018-01-26T20:33:48+00:00\" \/>\n<meta property=\"article:modified_time\" content=\"2018-02-05T12:57:38+00:00\" \/>\n<meta property=\"og:image\" content=\"https:\/\/www.asajacyl.com\/avila\/wp-content\/uploads\/sites\/4\/2018\/01\/20180126_135610-1.jpg\" \/>\n\t<meta property=\"og:image:width\" content=\"2500\" \/>\n\t<meta property=\"og:image:height\" content=\"1875\" \/>\n\t<meta property=\"og:image:type\" content=\"image\/jpeg\" \/>\n<meta name=\"author\" content=\"Joaqu\u00edn\" \/>\n<meta name=\"twitter:card\" content=\"summary_large_image\" \/>\n<meta name=\"twitter:label1\" content=\"Escrito por\" \/>\n\t<meta name=\"twitter:data1\" content=\"Joaqu\u00edn\" \/>\n\t<meta name=\"twitter:label2\" content=\"Tiempo de lectura\" \/>\n\t<meta name=\"twitter:data2\" content=\"3 minutos\" \/>\n<script type=\"application\/ld+json\" class=\"yoast-schema-graph\">{\"@context\":\"https:\/\/schema.org\",\"@graph\":[{\"@type\":\"WebPage\",\"@id\":\"https:\/\/www.asajacyl.com\/avila\/sin-categoria\/asaja-avila-valora-papel-los-jovenes-ganaderos-agricultores-guardianes-del-medio-ambiente\",\"url\":\"https:\/\/www.asajacyl.com\/avila\/sin-categoria\/asaja-avila-valora-papel-los-jovenes-ganaderos-agricultores-guardianes-del-medio-ambiente\",\"name\":\"ASAJA de \u00c1vila valora el papel de los j\u00f3venes ganaderos y agricultores como guardianes del medio ambiente - ASAJA \u00c1vila\",\"isPartOf\":{\"@id\":\"https:\/\/www.asajacyl.com\/avila\/#website\"},\"primaryImageOfPage\":{\"@id\":\"https:\/\/www.asajacyl.com\/avila\/sin-categoria\/asaja-avila-valora-papel-los-jovenes-ganaderos-agricultores-guardianes-del-medio-ambiente#primaryimage\"},\"image\":{\"@id\":\"https:\/\/www.asajacyl.com\/avila\/sin-categoria\/asaja-avila-valora-papel-los-jovenes-ganaderos-agricultores-guardianes-del-medio-ambiente#primaryimage\"},\"thumbnailUrl\":\"https:\/\/www.asajacyl.com\/avila\/wp-content\/uploads\/sites\/4\/2018\/01\/20180126_135610-1.jpg\",\"datePublished\":\"2018-01-26T20:33:48+00:00\",\"dateModified\":\"2018-02-05T12:57:38+00:00\",\"author\":{\"@id\":\"https:\/\/www.asajacyl.com\/avila\/#\/schema\/person\/daf3c5c7d3afd005798ec283b78826ed\"},\"description\":\"La organizaci\u00f3n profesional agraria ha celebrado un acto con ganaderos de Gredos con la presencia del presidente regional, Donaciano Dujo. El presidente\",\"breadcrumb\":{\"@id\":\"https:\/\/www.asajacyl.com\/avila\/sin-categoria\/asaja-avila-valora-papel-los-jovenes-ganaderos-agricultores-guardianes-del-medio-ambiente#breadcrumb\"},\"inLanguage\":\"es\",\"potentialAction\":[{\"@type\":\"ReadAction\",\"target\":[\"https:\/\/www.asajacyl.com\/avila\/sin-categoria\/asaja-avila-valora-papel-los-jovenes-ganaderos-agricultores-guardianes-del-medio-ambiente\"]}]},{\"@type\":\"ImageObject\",\"inLanguage\":\"es\",\"@id\":\"https:\/\/www.asajacyl.com\/avila\/sin-categoria\/asaja-avila-valora-papel-los-jovenes-ganaderos-agricultores-guardianes-del-medio-ambiente#primaryimage\",\"url\":\"https:\/\/www.asajacyl.com\/avila\/wp-content\/uploads\/sites\/4\/2018\/01\/20180126_135610-1.jpg\",\"contentUrl\":\"https:\/\/www.asajacyl.com\/avila\/wp-content\/uploads\/sites\/4\/2018\/01\/20180126_135610-1.jpg\",\"width\":2500,\"height\":1875},{\"@type\":\"BreadcrumbList\",\"@id\":\"https:\/\/www.asajacyl.com\/avila\/sin-categoria\/asaja-avila-valora-papel-los-jovenes-ganaderos-agricultores-guardianes-del-medio-ambiente#breadcrumb\",\"itemListElement\":[{\"@type\":\"ListItem\",\"position\":1,\"name\":\"Portada\",\"item\":\"https:\/\/www.asajacyl.com\/avila\/\"},{\"@type\":\"ListItem\",\"position\":2,\"name\":\"ASAJA de \u00c1vila valora el papel de los j\u00f3venes ganaderos y agricultores como guardianes del medio ambiente\"}]},{\"@type\":\"WebSite\",\"@id\":\"https:\/\/www.asajacyl.com\/avila\/#website\",\"url\":\"https:\/\/www.asajacyl.com\/avila\/\",\"name\":\"ASAJA \u00c1vila\",\"description\":\"Otro sitio m\u00e1s de Provincias ASAJA Castilla y Le\u00f3n\",\"potentialAction\":[{\"@type\":\"SearchAction\",\"target\":{\"@type\":\"EntryPoint\",\"urlTemplate\":\"https:\/\/www.asajacyl.com\/avila\/?s={search_term_string}\"},\"query-input\":{\"@type\":\"PropertyValueSpecification\",\"valueRequired\":true,\"valueName\":\"search_term_string\"}}],\"inLanguage\":\"es\"},{\"@type\":\"Person\",\"@id\":\"https:\/\/www.asajacyl.com\/avila\/#\/schema\/person\/daf3c5c7d3afd005798ec283b78826ed\",\"name\":\"Joaqu\u00edn\",\"image\":{\"@type\":\"ImageObject\",\"inLanguage\":\"es\",\"@id\":\"https:\/\/www.asajacyl.com\/avila\/#\/schema\/person\/image\/\",\"url\":\"https:\/\/secure.gravatar.com\/avatar\/8a87f10166ff5a8a3b0c21a125bc069d?s=96&d=mm&r=g\",\"contentUrl\":\"https:\/\/secure.gravatar.com\/avatar\/8a87f10166ff5a8a3b0c21a125bc069d?s=96&d=mm&r=g\",\"caption\":\"Joaqu\u00edn\"},\"url\":\"https:\/\/www.asajacyl.com\/avila\/author\/joaquinap\"}]}<\/script>\n<!-- \/ Yoast SEO plugin. -->","yoast_head_json":{"title":"ASAJA de \u00c1vila valora el papel de los j\u00f3venes ganaderos y agricultores como guardianes del medio ambiente - ASAJA \u00c1vila","description":"La organizaci\u00f3n profesional agraria ha celebrado un acto con ganaderos de Gredos con la presencia del presidente regional, Donaciano Dujo. El presidente","robots":{"index":"index","follow":"follow","max-snippet":"max-snippet:-1","max-image-preview":"max-image-preview:large","max-video-preview":"max-video-preview:-1"},"canonical":"https:\/\/www.asajacyl.com\/avila\/sin-categoria\/asaja-avila-valora-papel-los-jovenes-ganaderos-agricultores-guardianes-del-medio-ambiente","og_locale":"es_ES","og_type":"article","og_title":"ASAJA de \u00c1vila valora el papel de los j\u00f3venes ganaderos y agricultores como guardianes del medio ambiente - ASAJA \u00c1vila","og_description":"La organizaci\u00f3n profesional agraria ha celebrado un acto con ganaderos de Gredos con la presencia del presidente regional, Donaciano Dujo. El presidente","og_url":"https:\/\/www.asajacyl.com\/avila\/sin-categoria\/asaja-avila-valora-papel-los-jovenes-ganaderos-agricultores-guardianes-del-medio-ambiente","og_site_name":"ASAJA \u00c1vila","article_published_time":"2018-01-26T20:33:48+00:00","article_modified_time":"2018-02-05T12:57:38+00:00","og_image":[{"width":2500,"height":1875,"url":"https:\/\/www.asajacyl.com\/avila\/wp-content\/uploads\/sites\/4\/2018\/01\/20180126_135610-1.jpg","type":"image\/jpeg"}],"author":"Joaqu\u00edn","twitter_card":"summary_large_image","twitter_misc":{"Escrito por":"Joaqu\u00edn","Tiempo de lectura":"3 minutos"},"schema":{"@context":"https:\/\/schema.org","@graph":[{"@type":"WebPage","@id":"https:\/\/www.asajacyl.com\/avila\/sin-categoria\/asaja-avila-valora-papel-los-jovenes-ganaderos-agricultores-guardianes-del-medio-ambiente","url":"https:\/\/www.asajacyl.com\/avila\/sin-categoria\/asaja-avila-valora-papel-los-jovenes-ganaderos-agricultores-guardianes-del-medio-ambiente","name":"ASAJA de \u00c1vila valora el papel de los j\u00f3venes ganaderos y agricultores como guardianes del medio ambiente - ASAJA \u00c1vila","isPartOf":{"@id":"https:\/\/www.asajacyl.com\/avila\/#website"},"primaryImageOfPage":{"@id":"https:\/\/www.asajacyl.com\/avila\/sin-categoria\/asaja-avila-valora-papel-los-jovenes-ganaderos-agricultores-guardianes-del-medio-ambiente#primaryimage"},"image":{"@id":"https:\/\/www.asajacyl.com\/avila\/sin-categoria\/asaja-avila-valora-papel-los-jovenes-ganaderos-agricultores-guardianes-del-medio-ambiente#primaryimage"},"thumbnailUrl":"https:\/\/www.asajacyl.com\/avila\/wp-content\/uploads\/sites\/4\/2018\/01\/20180126_135610-1.jpg","datePublished":"2018-01-26T20:33:48+00:00","dateModified":"2018-02-05T12:57:38+00:00","author":{"@id":"https:\/\/www.asajacyl.com\/avila\/#\/schema\/person\/daf3c5c7d3afd005798ec283b78826ed"},"description":"La organizaci\u00f3n profesional agraria ha celebrado un acto con ganaderos de Gredos con la presencia del presidente regional, Donaciano Dujo. El presidente","breadcrumb":{"@id":"https:\/\/www.asajacyl.com\/avila\/sin-categoria\/asaja-avila-valora-papel-los-jovenes-ganaderos-agricultores-guardianes-del-medio-ambiente#breadcrumb"},"inLanguage":"es","potentialAction":[{"@type":"ReadAction","target":["https:\/\/www.asajacyl.com\/avila\/sin-categoria\/asaja-avila-valora-papel-los-jovenes-ganaderos-agricultores-guardianes-del-medio-ambiente"]}]},{"@type":"ImageObject","inLanguage":"es","@id":"https:\/\/www.asajacyl.com\/avila\/sin-categoria\/asaja-avila-valora-papel-los-jovenes-ganaderos-agricultores-guardianes-del-medio-ambiente#primaryimage","url":"https:\/\/www.asajacyl.com\/avila\/wp-content\/uploads\/sites\/4\/2018\/01\/20180126_135610-1.jpg","contentUrl":"https:\/\/www.asajacyl.com\/avila\/wp-content\/uploads\/sites\/4\/2018\/01\/20180126_135610-1.jpg","width":2500,"height":1875},{"@type":"BreadcrumbList","@id":"https:\/\/www.asajacyl.com\/avila\/sin-categoria\/asaja-avila-valora-papel-los-jovenes-ganaderos-agricultores-guardianes-del-medio-ambiente#breadcrumb","itemListElement":[{"@type":"ListItem","position":1,"name":"Portada","item":"https:\/\/www.asajacyl.com\/avila\/"},{"@type":"ListItem","position":2,"name":"ASAJA de \u00c1vila valora el papel de los j\u00f3venes ganaderos y agricultores como guardianes del medio ambiente"}]},{"@type":"WebSite","@id":"https:\/\/www.asajacyl.com\/avila\/#website","url":"https:\/\/www.asajacyl.com\/avila\/","name":"ASAJA \u00c1vila","description":"Otro sitio m\u00e1s de Provincias ASAJA Castilla y Le\u00f3n","potentialAction":[{"@type":"SearchAction","target":{"@type":"EntryPoint","urlTemplate":"https:\/\/www.asajacyl.com\/avila\/?s={search_term_string}"},"query-input":{"@type":"PropertyValueSpecification","valueRequired":true,"valueName":"search_term_string"}}],"inLanguage":"es"},{"@type":"Person","@id":"https:\/\/www.asajacyl.com\/avila\/#\/schema\/person\/daf3c5c7d3afd005798ec283b78826ed","name":"Joaqu\u00edn","image":{"@type":"ImageObject","inLanguage":"es","@id":"https:\/\/www.asajacyl.com\/avila\/#\/schema\/person\/image\/","url":"https:\/\/secure.gravatar.com\/avatar\/8a87f10166ff5a8a3b0c21a125bc069d?s=96&d=mm&r=g","contentUrl":"https:\/\/secure.gravatar.com\/avatar\/8a87f10166ff5a8a3b0c21a125bc069d?s=96&d=mm&r=g","caption":"Joaqu\u00edn"},"url":"https:\/\/www.asajacyl.com\/avila\/author\/joaquinap"}]}},"_links":{"self":[{"href":"https:\/\/www.asajacyl.com\/avila\/wp-json\/wp\/v2\/posts\/2997"}],"collection":[{"href":"https:\/\/www.asajacyl.com\/avila\/wp-json\/wp\/v2\/posts"}],"about":[{"href":"https:\/\/www.asajacyl.com\/avila\/wp-json\/wp\/v2\/types\/post"}],"author":[{"embeddable":true,"href":"https:\/\/www.asajacyl.com\/avila\/wp-json\/wp\/v2\/users\/6"}],"replies":[{"embeddable":true,"href":"https:\/\/www.asajacyl.com\/avila\/wp-json\/wp\/v2\/comments?post=2997"}],"version-history":[{"count":1,"href":"https:\/\/www.asajacyl.com\/avila\/wp-json\/wp\/v2\/posts\/2997\/revisions"}],"predecessor-version":[{"id":2999,"href":"https:\/\/www.asajacyl.com\/avila\/wp-json\/wp\/v2\/posts\/2997\/revisions\/2999"}],"wp:featuredmedia":[{"embeddable":true,"href":"https:\/\/www.asajacyl.com\/avila\/wp-json\/wp\/v2\/media\/2998"}],"wp:attachment":[{"href":"https:\/\/www.asajacyl.com\/avila\/wp-json\/wp\/v2\/media?parent=2997"}],"wp:term":[{"taxonomy":"category","embeddable":true,"href":"https:\/\/www.asajacyl.com\/avila\/wp-json\/wp\/v2\/categories?post=2997"},{"taxonomy":"post_tag","embeddable":true,"href":"https:\/\/www.asajacyl.com\/avila\/wp-json\/wp\/v2\/tags?post=2997"}],"curies":[{"name":"wp","href":"https:\/\/api.w.org\/{rel}","templated":true}]}}