{"id":3202,"date":"2018-02-08T13:47:17","date_gmt":"2018-02-08T12:47:17","guid":{"rendered":"http:\/\/www.asajacyl.com\/avila\/?p=3202"},"modified":"2018-02-12T17:51:15","modified_gmt":"2018-02-12T16:51:15","slug":"asaja-lamenta-los-agricultores-ganaderos-avila-no-tengan-camara-agraria-la-inaccion-uccl","status":"publish","type":"post","link":"https:\/\/www.asajacyl.com\/avila\/asaja-avila-informa\/asaja-lamenta-los-agricultores-ganaderos-avila-no-tengan-camara-agraria-la-inaccion-uccl","title":{"rendered":"ASAJA lamenta que los agricultores y ganaderos de \u00c1vila no tengan C\u00e1mara Agraria por la inacci\u00f3n de UCCL"},"content":{"rendered":"<p><strong>La Asociaci\u00f3n Agraria <em>J\u00f3venes Agricultores<\/em> (ASAJA) de \u00c1vila lamenta que los agricultores y ganaderos de la provincia carezcan del respaldo de una C\u00e1mara Agraria Provincial como sucede en otras provincias, por la inoperancia y nefasta gesti\u00f3n del \u00faltimo presidente de esta instituci\u00f3n, Jes\u00fas Mu\u00f1oz.<\/strong><\/p>\n<p>ASAJA de \u00c1vila ya denunci\u00f3 en julio de 2014 la nefasta gesti\u00f3n realizada por la presidencia de la C\u00e1mara Agraria Provincial, que ostentaba Jes\u00fas Mu\u00f1oz, de la Uni\u00f3n de Campesinos UCCL, como ha recordado el presidente provincial de ASAJA, Joaqu\u00edn Antonio Pino.<\/p>\n<p>El dirigente agrario ha apostillado que ASAJA denunci\u00f3 la falta de rumbo e incapacidad\u00a0 para dar visibilidad a una instituci\u00f3n que durante a\u00f1os ha dado servicio a los agricultores y ganaderos.<\/p>\n<p>ASAJA de \u00c1vila, ha reiterado Pino, \u201cen su momento plante\u00f3 opciones para evitar el cerrojazo que ha habido de la C\u00e1mara Agraria Provincial como estaban haciendo nuestros compa\u00f1eros de ASAJA en provincias como Le\u00f3n, para dar servicio a las Juntas Agropecuarias Locales\u201d.<\/p>\n<p>En palabras del presidente de ASAJA-\u00c1vila, la presidencia de la C\u00e1mara Agraria fue un ejemplo de desgobierno. \u201cEl entonces presidente de la C\u00e1mara Agraria prescindi\u00f3 de tres trabajadores con dedicaci\u00f3n exclusiva a la C\u00e1mara y prefiri\u00f3 mantener a otro trabajador a jornada completa, que adem\u00e1s prestaba sus servicios como secretario municipal en cinco ayuntamientos de la provincia de \u00c1vila\u201d.<\/p>\n<p>Sobre esta situaci\u00f3n, han aseverado, se interes\u00f3 ASAJA, en repetidas ocasiones, encontrando una callada por respuesta.<\/p>\n<p>\u201cEn octubre de 2014 los votos de los vocales de ASAJA frenaron la intentona de UCCL de malvender un local de la C\u00e1mara para tapar \u2018agujeros\u2019, producto de la mala gesti\u00f3n del propio Jes\u00fas Mu\u00f1oz\u201d, ha a\u00f1adido Joaqu\u00edn Antonio Pino.<\/p>\n<p>\u201cPero fue en 2015 cuando los vocales de ASAJA de \u00c1vila pusieron de manifiesto que UCCL hab\u00eda logrado aprobar en solitario y al cuarto intento\u00a0 en sesi\u00f3n\u00a0 plenaria, la venta del patrimonio de todos los agricultores y ganaderos, con el benepl\u00e1cito de UPA-COAG, pues no asistieron a dicha sesi\u00f3n plenaria dando la espantada\u201d.<\/p>\n<p>ASAJA ha lamentado \u201cla pasividad y la falta de compromiso de la UCCL con la C\u00e1mara Agraria, y por ende, con los agricultores y ganaderos de la provincia de la provincia de \u00c1vila\u201d.<\/p>\n<p>&nbsp;<\/p>\n","protected":false},"excerpt":{"rendered":"<p>La Asociaci\u00f3n Agraria J\u00f3venes Agricultores (ASAJA) de \u00c1vila lamenta que los agricultores y ganaderos de la provincia carezcan del respaldo de una C\u00e1mara Agraria Provincial como sucede en otras provincias, por la inoperancia y nefasta gesti\u00f3n del \u00faltimo presidente de esta instituci\u00f3n, Jes\u00fas Mu\u00f1oz. ASAJA de \u00c1vila ya denunci\u00f3 en julio de 2014 la nefasta [&hellip;]<\/p>\n","protected":false},"author":6,"featured_media":3203,"comment_status":"open","ping_status":"open","sticky":false,"template":"","format":"standard","meta":{"footnotes":""},"categories":[8,18],"tags":[],"yoast_head":"<!-- This site is optimized with the Yoast SEO plugin v24.5 - https:\/\/yoast.com\/wordpress\/plugins\/seo\/ -->\n<title>ASAJA lamenta que los agricultores y ganaderos de \u00c1vila no tengan C\u00e1mara Agraria por la inacci\u00f3n de UCCL - ASAJA \u00c1vila<\/title>\n<meta name=\"description\" content=\"La Asociaci\u00f3n Agraria J\u00f3venes Agricultores (ASAJA) de \u00c1vila lamenta que los agricultores y ganaderos de la provincia carezcan del respaldo de una C\u00e1mara\" \/>\n<meta name=\"robots\" content=\"index, follow, max-snippet:-1, max-image-preview:large, max-video-preview:-1\" \/>\n<link rel=\"canonical\" href=\"https:\/\/www.asajacyl.com\/avila\/asaja-avila-informa\/asaja-lamenta-los-agricultores-ganaderos-avila-no-tengan-camara-agraria-la-inaccion-uccl\" \/>\n<meta property=\"og:locale\" content=\"es_ES\" \/>\n<meta property=\"og:type\" content=\"article\" \/>\n<meta property=\"og:title\" content=\"ASAJA lamenta que los agricultores y ganaderos de \u00c1vila no tengan C\u00e1mara Agraria por la inacci\u00f3n de UCCL - ASAJA \u00c1vila\" \/>\n<meta property=\"og:description\" content=\"La Asociaci\u00f3n Agraria J\u00f3venes Agricultores (ASAJA) de \u00c1vila lamenta que los agricultores y ganaderos de la provincia carezcan del respaldo de una C\u00e1mara\" \/>\n<meta property=\"og:url\" content=\"https:\/\/www.asajacyl.com\/avila\/asaja-avila-informa\/asaja-lamenta-los-agricultores-ganaderos-avila-no-tengan-camara-agraria-la-inaccion-uccl\" \/>\n<meta property=\"og:site_name\" content=\"ASAJA \u00c1vila\" \/>\n<meta property=\"article:published_time\" content=\"2018-02-08T12:47:17+00:00\" \/>\n<meta property=\"article:modified_time\" content=\"2018-02-12T16:51:15+00:00\" \/>\n<meta property=\"og:image\" content=\"https:\/\/www.asajacyl.com\/avila\/wp-content\/uploads\/sites\/4\/2018\/02\/FOTO-P\u00c1GINA-43.jpg\" \/>\n\t<meta property=\"og:image:width\" content=\"1280\" \/>\n\t<meta property=\"og:image:height\" content=\"720\" \/>\n\t<meta property=\"og:image:type\" content=\"image\/jpeg\" \/>\n<meta name=\"author\" content=\"Joaqu\u00edn\" \/>\n<meta name=\"twitter:card\" content=\"summary_large_image\" \/>\n<meta name=\"twitter:label1\" content=\"Escrito por\" \/>\n\t<meta name=\"twitter:data1\" content=\"Joaqu\u00edn\" \/>\n\t<meta name=\"twitter:label2\" content=\"Tiempo de lectura\" \/>\n\t<meta name=\"twitter:data2\" content=\"2 minutos\" \/>\n<script type=\"application\/ld+json\" class=\"yoast-schema-graph\">{\"@context\":\"https:\/\/schema.org\",\"@graph\":[{\"@type\":\"WebPage\",\"@id\":\"https:\/\/www.asajacyl.com\/avila\/asaja-avila-informa\/asaja-lamenta-los-agricultores-ganaderos-avila-no-tengan-camara-agraria-la-inaccion-uccl\",\"url\":\"https:\/\/www.asajacyl.com\/avila\/asaja-avila-informa\/asaja-lamenta-los-agricultores-ganaderos-avila-no-tengan-camara-agraria-la-inaccion-uccl\",\"name\":\"ASAJA lamenta que los agricultores y ganaderos de \u00c1vila no tengan C\u00e1mara Agraria por la inacci\u00f3n de UCCL - ASAJA \u00c1vila\",\"isPartOf\":{\"@id\":\"https:\/\/www.asajacyl.com\/avila\/#website\"},\"primaryImageOfPage\":{\"@id\":\"https:\/\/www.asajacyl.com\/avila\/asaja-avila-informa\/asaja-lamenta-los-agricultores-ganaderos-avila-no-tengan-camara-agraria-la-inaccion-uccl#primaryimage\"},\"image\":{\"@id\":\"https:\/\/www.asajacyl.com\/avila\/asaja-avila-informa\/asaja-lamenta-los-agricultores-ganaderos-avila-no-tengan-camara-agraria-la-inaccion-uccl#primaryimage\"},\"thumbnailUrl\":\"https:\/\/www.asajacyl.com\/avila\/wp-content\/uploads\/sites\/4\/2018\/02\/FOTO-P\u00c1GINA-43.jpg\",\"datePublished\":\"2018-02-08T12:47:17+00:00\",\"dateModified\":\"2018-02-12T16:51:15+00:00\",\"author\":{\"@id\":\"https:\/\/www.asajacyl.com\/avila\/#\/schema\/person\/daf3c5c7d3afd005798ec283b78826ed\"},\"description\":\"La Asociaci\u00f3n Agraria J\u00f3venes Agricultores (ASAJA) de \u00c1vila lamenta que los agricultores y ganaderos de la provincia carezcan del respaldo de una C\u00e1mara\",\"breadcrumb\":{\"@id\":\"https:\/\/www.asajacyl.com\/avila\/asaja-avila-informa\/asaja-lamenta-los-agricultores-ganaderos-avila-no-tengan-camara-agraria-la-inaccion-uccl#breadcrumb\"},\"inLanguage\":\"es\",\"potentialAction\":[{\"@type\":\"ReadAction\",\"target\":[\"https:\/\/www.asajacyl.com\/avila\/asaja-avila-informa\/asaja-lamenta-los-agricultores-ganaderos-avila-no-tengan-camara-agraria-la-inaccion-uccl\"]}]},{\"@type\":\"ImageObject\",\"inLanguage\":\"es\",\"@id\":\"https:\/\/www.asajacyl.com\/avila\/asaja-avila-informa\/asaja-lamenta-los-agricultores-ganaderos-avila-no-tengan-camara-agraria-la-inaccion-uccl#primaryimage\",\"url\":\"https:\/\/www.asajacyl.com\/avila\/wp-content\/uploads\/sites\/4\/2018\/02\/FOTO-P\u00c1GINA-43.jpg\",\"contentUrl\":\"https:\/\/www.asajacyl.com\/avila\/wp-content\/uploads\/sites\/4\/2018\/02\/FOTO-P\u00c1GINA-43.jpg\",\"width\":1280,\"height\":720},{\"@type\":\"BreadcrumbList\",\"@id\":\"https:\/\/www.asajacyl.com\/avila\/asaja-avila-informa\/asaja-lamenta-los-agricultores-ganaderos-avila-no-tengan-camara-agraria-la-inaccion-uccl#breadcrumb\",\"itemListElement\":[{\"@type\":\"ListItem\",\"position\":1,\"name\":\"Portada\",\"item\":\"https:\/\/www.asajacyl.com\/avila\/\"},{\"@type\":\"ListItem\",\"position\":2,\"name\":\"ASAJA lamenta que los agricultores y ganaderos de \u00c1vila no tengan C\u00e1mara Agraria por la inacci\u00f3n de UCCL\"}]},{\"@type\":\"WebSite\",\"@id\":\"https:\/\/www.asajacyl.com\/avila\/#website\",\"url\":\"https:\/\/www.asajacyl.com\/avila\/\",\"name\":\"ASAJA \u00c1vila\",\"description\":\"Otro sitio m\u00e1s de Provincias ASAJA Castilla y Le\u00f3n\",\"potentialAction\":[{\"@type\":\"SearchAction\",\"target\":{\"@type\":\"EntryPoint\",\"urlTemplate\":\"https:\/\/www.asajacyl.com\/avila\/?s={search_term_string}\"},\"query-input\":{\"@type\":\"PropertyValueSpecification\",\"valueRequired\":true,\"valueName\":\"search_term_string\"}}],\"inLanguage\":\"es\"},{\"@type\":\"Person\",\"@id\":\"https:\/\/www.asajacyl.com\/avila\/#\/schema\/person\/daf3c5c7d3afd005798ec283b78826ed\",\"name\":\"Joaqu\u00edn\",\"image\":{\"@type\":\"ImageObject\",\"inLanguage\":\"es\",\"@id\":\"https:\/\/www.asajacyl.com\/avila\/#\/schema\/person\/image\/\",\"url\":\"https:\/\/secure.gravatar.com\/avatar\/8a87f10166ff5a8a3b0c21a125bc069d?s=96&d=mm&r=g\",\"contentUrl\":\"https:\/\/secure.gravatar.com\/avatar\/8a87f10166ff5a8a3b0c21a125bc069d?s=96&d=mm&r=g\",\"caption\":\"Joaqu\u00edn\"},\"url\":\"https:\/\/www.asajacyl.com\/avila\/author\/joaquinap\"}]}<\/script>\n<!-- \/ Yoast SEO plugin. -->","yoast_head_json":{"title":"ASAJA lamenta que los agricultores y ganaderos de \u00c1vila no tengan C\u00e1mara Agraria por la inacci\u00f3n de UCCL - ASAJA \u00c1vila","description":"La Asociaci\u00f3n Agraria J\u00f3venes Agricultores (ASAJA) de \u00c1vila lamenta que los agricultores y ganaderos de la provincia carezcan del respaldo de una C\u00e1mara","robots":{"index":"index","follow":"follow","max-snippet":"max-snippet:-1","max-image-preview":"max-image-preview:large","max-video-preview":"max-video-preview:-1"},"canonical":"https:\/\/www.asajacyl.com\/avila\/asaja-avila-informa\/asaja-lamenta-los-agricultores-ganaderos-avila-no-tengan-camara-agraria-la-inaccion-uccl","og_locale":"es_ES","og_type":"article","og_title":"ASAJA lamenta que los agricultores y ganaderos de \u00c1vila no tengan C\u00e1mara Agraria por la inacci\u00f3n de UCCL - ASAJA \u00c1vila","og_description":"La Asociaci\u00f3n Agraria J\u00f3venes Agricultores (ASAJA) de \u00c1vila lamenta que los agricultores y ganaderos de la provincia carezcan del respaldo de una C\u00e1mara","og_url":"https:\/\/www.asajacyl.com\/avila\/asaja-avila-informa\/asaja-lamenta-los-agricultores-ganaderos-avila-no-tengan-camara-agraria-la-inaccion-uccl","og_site_name":"ASAJA \u00c1vila","article_published_time":"2018-02-08T12:47:17+00:00","article_modified_time":"2018-02-12T16:51:15+00:00","og_image":[{"width":1280,"height":720,"url":"https:\/\/www.asajacyl.com\/avila\/wp-content\/uploads\/sites\/4\/2018\/02\/FOTO-P\u00c1GINA-43.jpg","type":"image\/jpeg"}],"author":"Joaqu\u00edn","twitter_card":"summary_large_image","twitter_misc":{"Escrito por":"Joaqu\u00edn","Tiempo de lectura":"2 minutos"},"schema":{"@context":"https:\/\/schema.org","@graph":[{"@type":"WebPage","@id":"https:\/\/www.asajacyl.com\/avila\/asaja-avila-informa\/asaja-lamenta-los-agricultores-ganaderos-avila-no-tengan-camara-agraria-la-inaccion-uccl","url":"https:\/\/www.asajacyl.com\/avila\/asaja-avila-informa\/asaja-lamenta-los-agricultores-ganaderos-avila-no-tengan-camara-agraria-la-inaccion-uccl","name":"ASAJA lamenta que los agricultores y ganaderos de \u00c1vila no tengan C\u00e1mara Agraria por la inacci\u00f3n de UCCL - ASAJA \u00c1vila","isPartOf":{"@id":"https:\/\/www.asajacyl.com\/avila\/#website"},"primaryImageOfPage":{"@id":"https:\/\/www.asajacyl.com\/avila\/asaja-avila-informa\/asaja-lamenta-los-agricultores-ganaderos-avila-no-tengan-camara-agraria-la-inaccion-uccl#primaryimage"},"image":{"@id":"https:\/\/www.asajacyl.com\/avila\/asaja-avila-informa\/asaja-lamenta-los-agricultores-ganaderos-avila-no-tengan-camara-agraria-la-inaccion-uccl#primaryimage"},"thumbnailUrl":"https:\/\/www.asajacyl.com\/avila\/wp-content\/uploads\/sites\/4\/2018\/02\/FOTO-P\u00c1GINA-43.jpg","datePublished":"2018-02-08T12:47:17+00:00","dateModified":"2018-02-12T16:51:15+00:00","author":{"@id":"https:\/\/www.asajacyl.com\/avila\/#\/schema\/person\/daf3c5c7d3afd005798ec283b78826ed"},"description":"La Asociaci\u00f3n Agraria J\u00f3venes Agricultores (ASAJA) de \u00c1vila lamenta que los agricultores y ganaderos de la provincia carezcan del respaldo de una C\u00e1mara","breadcrumb":{"@id":"https:\/\/www.asajacyl.com\/avila\/asaja-avila-informa\/asaja-lamenta-los-agricultores-ganaderos-avila-no-tengan-camara-agraria-la-inaccion-uccl#breadcrumb"},"inLanguage":"es","potentialAction":[{"@type":"ReadAction","target":["https:\/\/www.asajacyl.com\/avila\/asaja-avila-informa\/asaja-lamenta-los-agricultores-ganaderos-avila-no-tengan-camara-agraria-la-inaccion-uccl"]}]},{"@type":"ImageObject","inLanguage":"es","@id":"https:\/\/www.asajacyl.com\/avila\/asaja-avila-informa\/asaja-lamenta-los-agricultores-ganaderos-avila-no-tengan-camara-agraria-la-inaccion-uccl#primaryimage","url":"https:\/\/www.asajacyl.com\/avila\/wp-content\/uploads\/sites\/4\/2018\/02\/FOTO-P\u00c1GINA-43.jpg","contentUrl":"https:\/\/www.asajacyl.com\/avila\/wp-content\/uploads\/sites\/4\/2018\/02\/FOTO-P\u00c1GINA-43.jpg","width":1280,"height":720},{"@type":"BreadcrumbList","@id":"https:\/\/www.asajacyl.com\/avila\/asaja-avila-informa\/asaja-lamenta-los-agricultores-ganaderos-avila-no-tengan-camara-agraria-la-inaccion-uccl#breadcrumb","itemListElement":[{"@type":"ListItem","position":1,"name":"Portada","item":"https:\/\/www.asajacyl.com\/avila\/"},{"@type":"ListItem","position":2,"name":"ASAJA lamenta que los agricultores y ganaderos de \u00c1vila no tengan C\u00e1mara Agraria por la inacci\u00f3n de UCCL"}]},{"@type":"WebSite","@id":"https:\/\/www.asajacyl.com\/avila\/#website","url":"https:\/\/www.asajacyl.com\/avila\/","name":"ASAJA \u00c1vila","description":"Otro sitio m\u00e1s de Provincias ASAJA Castilla y Le\u00f3n","potentialAction":[{"@type":"SearchAction","target":{"@type":"EntryPoint","urlTemplate":"https:\/\/www.asajacyl.com\/avila\/?s={search_term_string}"},"query-input":{"@type":"PropertyValueSpecification","valueRequired":true,"valueName":"search_term_string"}}],"inLanguage":"es"},{"@type":"Person","@id":"https:\/\/www.asajacyl.com\/avila\/#\/schema\/person\/daf3c5c7d3afd005798ec283b78826ed","name":"Joaqu\u00edn","image":{"@type":"ImageObject","inLanguage":"es","@id":"https:\/\/www.asajacyl.com\/avila\/#\/schema\/person\/image\/","url":"https:\/\/secure.gravatar.com\/avatar\/8a87f10166ff5a8a3b0c21a125bc069d?s=96&d=mm&r=g","contentUrl":"https:\/\/secure.gravatar.com\/avatar\/8a87f10166ff5a8a3b0c21a125bc069d?s=96&d=mm&r=g","caption":"Joaqu\u00edn"},"url":"https:\/\/www.asajacyl.com\/avila\/author\/joaquinap"}]}},"_links":{"self":[{"href":"https:\/\/www.asajacyl.com\/avila\/wp-json\/wp\/v2\/posts\/3202"}],"collection":[{"href":"https:\/\/www.asajacyl.com\/avila\/wp-json\/wp\/v2\/posts"}],"about":[{"href":"https:\/\/www.asajacyl.com\/avila\/wp-json\/wp\/v2\/types\/post"}],"author":[{"embeddable":true,"href":"https:\/\/www.asajacyl.com\/avila\/wp-json\/wp\/v2\/users\/6"}],"replies":[{"embeddable":true,"href":"https:\/\/www.asajacyl.com\/avila\/wp-json\/wp\/v2\/comments?post=3202"}],"version-history":[{"count":1,"href":"https:\/\/www.asajacyl.com\/avila\/wp-json\/wp\/v2\/posts\/3202\/revisions"}],"predecessor-version":[{"id":3204,"href":"https:\/\/www.asajacyl.com\/avila\/wp-json\/wp\/v2\/posts\/3202\/revisions\/3204"}],"wp:featuredmedia":[{"embeddable":true,"href":"https:\/\/www.asajacyl.com\/avila\/wp-json\/wp\/v2\/media\/3203"}],"wp:attachment":[{"href":"https:\/\/www.asajacyl.com\/avila\/wp-json\/wp\/v2\/media?parent=3202"}],"wp:term":[{"taxonomy":"category","embeddable":true,"href":"https:\/\/www.asajacyl.com\/avila\/wp-json\/wp\/v2\/categories?post=3202"},{"taxonomy":"post_tag","embeddable":true,"href":"https:\/\/www.asajacyl.com\/avila\/wp-json\/wp\/v2\/tags?post=3202"}],"curies":[{"name":"wp","href":"https:\/\/api.w.org\/{rel}","templated":true}]}}