{"id":3233,"date":"2018-02-11T22:12:53","date_gmt":"2018-02-11T21:12:53","guid":{"rendered":"http:\/\/www.asajacyl.com\/avila\/?p=3233"},"modified":"2018-02-16T13:51:30","modified_gmt":"2018-02-16T12:51:30","slug":"asaja-avila-valora-positivamente-resultado-las-elecciones-agrarias-las-logra-casi-25-mas-votos","status":"publish","type":"post","link":"https:\/\/www.asajacyl.com\/avila\/asaja-avila-informa\/asaja-avila-valora-positivamente-resultado-las-elecciones-agrarias-las-logra-casi-25-mas-votos","title":{"rendered":"ASAJA-\u00c1vila valora positivamente el resultado de las elecciones agrarias, en las que logra m\u00e1s de un 50% de nuevos votos"},"content":{"rendered":"<p><strong>La Asociaci\u00f3n Agraria <em>J\u00f3venes Agricultores<\/em> (ASAJA) de \u00c1vila ha obtenido un total de 818 votos en las elecciones agrarias, lo que supone un 325 por ciento m\u00e1s de votos con respecto a los comicios del a\u00f1o 2007 una vez que tomara las riendas de la organizaci\u00f3n Joaqu\u00edn Antonio pino, convirti\u00e9ndose en la segunda organizaci\u00f3n agraria con mayor representatividad en la provincia de \u00c1vila con un 31,06 por ciento. <\/strong><\/p>\n<p><strong>\u00a0<\/strong>El presidente provincial de ASAJA, Joaqu\u00edn Antonio Pino se ha mostrado satisfecho de los datos obtenidos y ha agradecido la confianza de los ganaderos y agricultores de la provincia de \u00c1vila. El dirigente agrario ha recalcado su agradecimiento a todos los agricultores y ganaderos que han acudido a las urnas, \u201cporque era el mayor acto de democracia que pod\u00edan hacer\u201d.<\/p>\n<p>El recuento de votos ha afianzado a ASAJA-\u00c1vila, que mejora sus resultados de 2012, ha a\u00f1adido Pino. \u201cASAJA ha logrado un total de 818 votos, que le otorgan el 31,06 por ciento de la representatividad, porcentaje claramente superior al conseguido en los anteriores comicios. Fue entonces cuando obtuvimos 538 votos y el 19,12 por ciento\u201d.<\/p>\n<p>\u201cEn el c\u00f3mputo global, ASAJA de \u00c1vila logra un incremento de 23 puntos con respecto a 2007, y en el otro lado de la balanza, quienes ese a\u00f1o obtuvieron un 39 por ciento de representatividad, como es el caso de\u00a0 UPA y COAG, caen ahora con la Alianza, hasta el 25,58 por ciento. En el caso de UCCL, en 2007 consiguieron un 50,59 por ciento de votos emitidos, frente al 43 por ciento\u00a0 de los comicios de este 2018\u201d, ha continuado disertando el dirigente agrario.<\/p>\n<p>Pino ha querido alabar adem\u00e1s la labor de los t\u00e9cnicos y dirigentes de la organizaci\u00f3n, que durante a\u00f1os han realizado un arduo trabajo. Asimismo, ha aseverado, estos resultados son la respuesta a todos los a\u00f1os de propuestas, reivindicaciones y labor callada de la organizaci\u00f3n.<\/p>\n<p>Adem\u00e1s, ha puesto de manifiesto que continuar\u00e1n en esta senda para defender a todos los socios de ASAJA de \u00c1vila y como no, al resto de agricultores y ganaderos que han confiado en otras organizaciones.<\/p>\n<p>\u201cSi una organizaci\u00f3n agraria est\u00e1 contenta en \u00c1vila, esa es ASAJA, porque es mucho el esfuerzo realizado, porque tambi\u00e9n ha habido grandes logros, por ejemplo hemos obtenido buenos resultados en mesas de La Mora\u00f1a, y las comarcas de El Barco de \u00c1vila, Gredos, Valle del Ti\u00e9tar y Pinares; es decir, un gran apoyo en las zonas agr\u00edcolas de regad\u00edo y las ganaderas, y eso nos da impulso para seguir trabajando en solucionar problemas como los del regad\u00edo, el saneamiento ganadero o el asunto de los lobos\u201d.<\/p>\n<p>Por lo tanto, ha concluido, \u201csomos la \u00fanica OPA que ha subido, UCCL ha perdido cerca de 200 votos y la Alianza UPA-COAG 300. La \u00fanica que ha ganado tanto en porcentaje (12 puntos) como en n\u00famero absoluto de votos es ASAJA (cerca de 300). Hemos sido la \u00fanica organizaci\u00f3n de Castilla y Le\u00f3n que ha tenido un crecimiento espectacular, algo que ha permitido que ASAJA Castilla y Le\u00f3n tenga representatividad en las nueve provincias de la Comunidad\u201d.<\/p>\n<p>&nbsp;<\/p>\n<p><img loading=\"lazy\" decoding=\"async\" class=\"alignnone size-medium wp-image-3235\" src=\"http:\/\/www.asajacyl.com\/avila\/wp-content\/uploads\/sites\/4\/2018\/02\/FOTO-ELECCIONES-11F-3-300x225.jpg\" alt=\"\" width=\"300\" height=\"225\" srcset=\"https:\/\/www.asajacyl.com\/avila\/wp-content\/uploads\/sites\/4\/2018\/02\/FOTO-ELECCIONES-11F-3-300x225.jpg 300w, https:\/\/www.asajacyl.com\/avila\/wp-content\/uploads\/sites\/4\/2018\/02\/FOTO-ELECCIONES-11F-3-768x576.jpg 768w, https:\/\/www.asajacyl.com\/avila\/wp-content\/uploads\/sites\/4\/2018\/02\/FOTO-ELECCIONES-11F-3-1024x768.jpg 1024w, https:\/\/www.asajacyl.com\/avila\/wp-content\/uploads\/sites\/4\/2018\/02\/FOTO-ELECCIONES-11F-3-80x60.jpg 80w, https:\/\/www.asajacyl.com\/avila\/wp-content\/uploads\/sites\/4\/2018\/02\/FOTO-ELECCIONES-11F-3-696x522.jpg 696w, https:\/\/www.asajacyl.com\/avila\/wp-content\/uploads\/sites\/4\/2018\/02\/FOTO-ELECCIONES-11F-3-1068x801.jpg 1068w, https:\/\/www.asajacyl.com\/avila\/wp-content\/uploads\/sites\/4\/2018\/02\/FOTO-ELECCIONES-11F-3-560x420.jpg 560w, https:\/\/www.asajacyl.com\/avila\/wp-content\/uploads\/sites\/4\/2018\/02\/FOTO-ELECCIONES-11F-3-1920x1440.jpg 1920w\" sizes=\"(max-width: 300px) 100vw, 300px\" \/> <img loading=\"lazy\" decoding=\"async\" class=\"alignnone size-medium wp-image-3236\" src=\"http:\/\/www.asajacyl.com\/avila\/wp-content\/uploads\/sites\/4\/2018\/02\/FOTO-ELECCIONES-11F-2-1-300x225.jpg\" alt=\"\" width=\"300\" height=\"225\" srcset=\"https:\/\/www.asajacyl.com\/avila\/wp-content\/uploads\/sites\/4\/2018\/02\/FOTO-ELECCIONES-11F-2-1-300x225.jpg 300w, https:\/\/www.asajacyl.com\/avila\/wp-content\/uploads\/sites\/4\/2018\/02\/FOTO-ELECCIONES-11F-2-1-768x576.jpg 768w, https:\/\/www.asajacyl.com\/avila\/wp-content\/uploads\/sites\/4\/2018\/02\/FOTO-ELECCIONES-11F-2-1-1024x768.jpg 1024w, https:\/\/www.asajacyl.com\/avila\/wp-content\/uploads\/sites\/4\/2018\/02\/FOTO-ELECCIONES-11F-2-1-80x60.jpg 80w, https:\/\/www.asajacyl.com\/avila\/wp-content\/uploads\/sites\/4\/2018\/02\/FOTO-ELECCIONES-11F-2-1-696x522.jpg 696w, https:\/\/www.asajacyl.com\/avila\/wp-content\/uploads\/sites\/4\/2018\/02\/FOTO-ELECCIONES-11F-2-1-1068x801.jpg 1068w, https:\/\/www.asajacyl.com\/avila\/wp-content\/uploads\/sites\/4\/2018\/02\/FOTO-ELECCIONES-11F-2-1-560x420.jpg 560w, https:\/\/www.asajacyl.com\/avila\/wp-content\/uploads\/sites\/4\/2018\/02\/FOTO-ELECCIONES-11F-2-1-1920x1440.jpg 1920w\" sizes=\"(max-width: 300px) 100vw, 300px\" \/> <img loading=\"lazy\" decoding=\"async\" class=\"alignnone size-medium wp-image-3237\" src=\"http:\/\/www.asajacyl.com\/avila\/wp-content\/uploads\/sites\/4\/2018\/02\/FOTO-ELECCIONES-11F-1-300x225.jpg\" alt=\"\" width=\"300\" height=\"225\" srcset=\"https:\/\/www.asajacyl.com\/avila\/wp-content\/uploads\/sites\/4\/2018\/02\/FOTO-ELECCIONES-11F-1-300x225.jpg 300w, https:\/\/www.asajacyl.com\/avila\/wp-content\/uploads\/sites\/4\/2018\/02\/FOTO-ELECCIONES-11F-1-768x576.jpg 768w, https:\/\/www.asajacyl.com\/avila\/wp-content\/uploads\/sites\/4\/2018\/02\/FOTO-ELECCIONES-11F-1-1024x768.jpg 1024w, https:\/\/www.asajacyl.com\/avila\/wp-content\/uploads\/sites\/4\/2018\/02\/FOTO-ELECCIONES-11F-1-80x60.jpg 80w, https:\/\/www.asajacyl.com\/avila\/wp-content\/uploads\/sites\/4\/2018\/02\/FOTO-ELECCIONES-11F-1-696x522.jpg 696w, https:\/\/www.asajacyl.com\/avila\/wp-content\/uploads\/sites\/4\/2018\/02\/FOTO-ELECCIONES-11F-1-1068x801.jpg 1068w, https:\/\/www.asajacyl.com\/avila\/wp-content\/uploads\/sites\/4\/2018\/02\/FOTO-ELECCIONES-11F-1-560x420.jpg 560w, https:\/\/www.asajacyl.com\/avila\/wp-content\/uploads\/sites\/4\/2018\/02\/FOTO-ELECCIONES-11F-1-1920x1440.jpg 1920w\" sizes=\"(max-width: 300px) 100vw, 300px\" \/><\/p>\n","protected":false},"excerpt":{"rendered":"<p>La Asociaci\u00f3n Agraria J\u00f3venes Agricultores (ASAJA) de \u00c1vila ha obtenido un total de 818 votos en las elecciones agrarias, lo que supone un 325 por ciento m\u00e1s de votos con respecto a los comicios del a\u00f1o 2007 una vez que tomara las riendas de la organizaci\u00f3n Joaqu\u00edn Antonio pino, convirti\u00e9ndose en la segunda organizaci\u00f3n agraria [&hellip;]<\/p>\n","protected":false},"author":6,"featured_media":3280,"comment_status":"open","ping_status":"open","sticky":false,"template":"","format":"standard","meta":{"footnotes":""},"categories":[8,18],"tags":[],"yoast_head":"<!-- This site is optimized with the Yoast SEO plugin v24.5 - https:\/\/yoast.com\/wordpress\/plugins\/seo\/ -->\n<title>ASAJA-\u00c1vila valora positivamente el resultado de las elecciones agrarias, en las que logra m\u00e1s de un 50% de nuevos votos - ASAJA \u00c1vila<\/title>\n<meta name=\"description\" content=\"La Asociaci\u00f3n Agraria J\u00f3venes Agricultores (ASAJA) de \u00c1vila ha obtenido un total de 818 votos en las elecciones agrarias, lo que supone un 325 por ciento\" \/>\n<meta name=\"robots\" content=\"index, follow, max-snippet:-1, max-image-preview:large, max-video-preview:-1\" \/>\n<link rel=\"canonical\" href=\"https:\/\/www.asajacyl.com\/avila\/asaja-avila-informa\/asaja-avila-valora-positivamente-resultado-las-elecciones-agrarias-las-logra-casi-25-mas-votos\" \/>\n<meta property=\"og:locale\" content=\"es_ES\" \/>\n<meta property=\"og:type\" content=\"article\" \/>\n<meta property=\"og:title\" content=\"ASAJA-\u00c1vila valora positivamente el resultado de las elecciones agrarias, en las que logra m\u00e1s de un 50% de nuevos votos - ASAJA \u00c1vila\" \/>\n<meta property=\"og:description\" content=\"La Asociaci\u00f3n Agraria J\u00f3venes Agricultores (ASAJA) de \u00c1vila ha obtenido un total de 818 votos en las elecciones agrarias, lo que supone un 325 por ciento\" \/>\n<meta property=\"og:url\" content=\"https:\/\/www.asajacyl.com\/avila\/asaja-avila-informa\/asaja-avila-valora-positivamente-resultado-las-elecciones-agrarias-las-logra-casi-25-mas-votos\" \/>\n<meta property=\"og:site_name\" content=\"ASAJA \u00c1vila\" \/>\n<meta property=\"article:published_time\" content=\"2018-02-11T21:12:53+00:00\" \/>\n<meta property=\"article:modified_time\" content=\"2018-02-16T12:51:30+00:00\" \/>\n<meta property=\"og:image\" content=\"https:\/\/www.asajacyl.com\/avila\/wp-content\/uploads\/sites\/4\/2018\/02\/FOTO-ELECCIONES-11F-1-1.jpg\" \/>\n\t<meta property=\"og:image:width\" content=\"2500\" \/>\n\t<meta property=\"og:image:height\" content=\"1875\" \/>\n\t<meta property=\"og:image:type\" content=\"image\/jpeg\" \/>\n<meta name=\"author\" content=\"Joaqu\u00edn\" \/>\n<meta name=\"twitter:card\" content=\"summary_large_image\" \/>\n<meta name=\"twitter:label1\" content=\"Escrito por\" \/>\n\t<meta name=\"twitter:data1\" content=\"Joaqu\u00edn\" \/>\n\t<meta name=\"twitter:label2\" content=\"Tiempo de lectura\" \/>\n\t<meta name=\"twitter:data2\" content=\"3 minutos\" \/>\n<script type=\"application\/ld+json\" class=\"yoast-schema-graph\">{\"@context\":\"https:\/\/schema.org\",\"@graph\":[{\"@type\":\"WebPage\",\"@id\":\"https:\/\/www.asajacyl.com\/avila\/asaja-avila-informa\/asaja-avila-valora-positivamente-resultado-las-elecciones-agrarias-las-logra-casi-25-mas-votos\",\"url\":\"https:\/\/www.asajacyl.com\/avila\/asaja-avila-informa\/asaja-avila-valora-positivamente-resultado-las-elecciones-agrarias-las-logra-casi-25-mas-votos\",\"name\":\"ASAJA-\u00c1vila valora positivamente el resultado de las elecciones agrarias, en las que logra m\u00e1s de un 50% de nuevos votos - ASAJA \u00c1vila\",\"isPartOf\":{\"@id\":\"https:\/\/www.asajacyl.com\/avila\/#website\"},\"primaryImageOfPage\":{\"@id\":\"https:\/\/www.asajacyl.com\/avila\/asaja-avila-informa\/asaja-avila-valora-positivamente-resultado-las-elecciones-agrarias-las-logra-casi-25-mas-votos#primaryimage\"},\"image\":{\"@id\":\"https:\/\/www.asajacyl.com\/avila\/asaja-avila-informa\/asaja-avila-valora-positivamente-resultado-las-elecciones-agrarias-las-logra-casi-25-mas-votos#primaryimage\"},\"thumbnailUrl\":\"https:\/\/www.asajacyl.com\/avila\/wp-content\/uploads\/sites\/4\/2018\/02\/FOTO-ELECCIONES-11F-1-1.jpg\",\"datePublished\":\"2018-02-11T21:12:53+00:00\",\"dateModified\":\"2018-02-16T12:51:30+00:00\",\"author\":{\"@id\":\"https:\/\/www.asajacyl.com\/avila\/#\/schema\/person\/daf3c5c7d3afd005798ec283b78826ed\"},\"description\":\"La Asociaci\u00f3n Agraria J\u00f3venes Agricultores (ASAJA) de \u00c1vila ha obtenido un total de 818 votos en las elecciones agrarias, lo que supone un 325 por ciento\",\"breadcrumb\":{\"@id\":\"https:\/\/www.asajacyl.com\/avila\/asaja-avila-informa\/asaja-avila-valora-positivamente-resultado-las-elecciones-agrarias-las-logra-casi-25-mas-votos#breadcrumb\"},\"inLanguage\":\"es\",\"potentialAction\":[{\"@type\":\"ReadAction\",\"target\":[\"https:\/\/www.asajacyl.com\/avila\/asaja-avila-informa\/asaja-avila-valora-positivamente-resultado-las-elecciones-agrarias-las-logra-casi-25-mas-votos\"]}]},{\"@type\":\"ImageObject\",\"inLanguage\":\"es\",\"@id\":\"https:\/\/www.asajacyl.com\/avila\/asaja-avila-informa\/asaja-avila-valora-positivamente-resultado-las-elecciones-agrarias-las-logra-casi-25-mas-votos#primaryimage\",\"url\":\"https:\/\/www.asajacyl.com\/avila\/wp-content\/uploads\/sites\/4\/2018\/02\/FOTO-ELECCIONES-11F-1-1.jpg\",\"contentUrl\":\"https:\/\/www.asajacyl.com\/avila\/wp-content\/uploads\/sites\/4\/2018\/02\/FOTO-ELECCIONES-11F-1-1.jpg\",\"width\":2500,\"height\":1875},{\"@type\":\"BreadcrumbList\",\"@id\":\"https:\/\/www.asajacyl.com\/avila\/asaja-avila-informa\/asaja-avila-valora-positivamente-resultado-las-elecciones-agrarias-las-logra-casi-25-mas-votos#breadcrumb\",\"itemListElement\":[{\"@type\":\"ListItem\",\"position\":1,\"name\":\"Portada\",\"item\":\"https:\/\/www.asajacyl.com\/avila\/\"},{\"@type\":\"ListItem\",\"position\":2,\"name\":\"ASAJA-\u00c1vila valora positivamente el resultado de las elecciones agrarias, en las que logra m\u00e1s de un 50% de nuevos votos\"}]},{\"@type\":\"WebSite\",\"@id\":\"https:\/\/www.asajacyl.com\/avila\/#website\",\"url\":\"https:\/\/www.asajacyl.com\/avila\/\",\"name\":\"ASAJA \u00c1vila\",\"description\":\"Otro sitio m\u00e1s de Provincias ASAJA Castilla y Le\u00f3n\",\"potentialAction\":[{\"@type\":\"SearchAction\",\"target\":{\"@type\":\"EntryPoint\",\"urlTemplate\":\"https:\/\/www.asajacyl.com\/avila\/?s={search_term_string}\"},\"query-input\":{\"@type\":\"PropertyValueSpecification\",\"valueRequired\":true,\"valueName\":\"search_term_string\"}}],\"inLanguage\":\"es\"},{\"@type\":\"Person\",\"@id\":\"https:\/\/www.asajacyl.com\/avila\/#\/schema\/person\/daf3c5c7d3afd005798ec283b78826ed\",\"name\":\"Joaqu\u00edn\",\"image\":{\"@type\":\"ImageObject\",\"inLanguage\":\"es\",\"@id\":\"https:\/\/www.asajacyl.com\/avila\/#\/schema\/person\/image\/\",\"url\":\"https:\/\/secure.gravatar.com\/avatar\/8a87f10166ff5a8a3b0c21a125bc069d?s=96&d=mm&r=g\",\"contentUrl\":\"https:\/\/secure.gravatar.com\/avatar\/8a87f10166ff5a8a3b0c21a125bc069d?s=96&d=mm&r=g\",\"caption\":\"Joaqu\u00edn\"},\"url\":\"https:\/\/www.asajacyl.com\/avila\/author\/joaquinap\"}]}<\/script>\n<!-- \/ Yoast SEO plugin. -->","yoast_head_json":{"title":"ASAJA-\u00c1vila valora positivamente el resultado de las elecciones agrarias, en las que logra m\u00e1s de un 50% de nuevos votos - ASAJA \u00c1vila","description":"La Asociaci\u00f3n Agraria J\u00f3venes Agricultores (ASAJA) de \u00c1vila ha obtenido un total de 818 votos en las elecciones agrarias, lo que supone un 325 por ciento","robots":{"index":"index","follow":"follow","max-snippet":"max-snippet:-1","max-image-preview":"max-image-preview:large","max-video-preview":"max-video-preview:-1"},"canonical":"https:\/\/www.asajacyl.com\/avila\/asaja-avila-informa\/asaja-avila-valora-positivamente-resultado-las-elecciones-agrarias-las-logra-casi-25-mas-votos","og_locale":"es_ES","og_type":"article","og_title":"ASAJA-\u00c1vila valora positivamente el resultado de las elecciones agrarias, en las que logra m\u00e1s de un 50% de nuevos votos - ASAJA \u00c1vila","og_description":"La Asociaci\u00f3n Agraria J\u00f3venes Agricultores (ASAJA) de \u00c1vila ha obtenido un total de 818 votos en las elecciones agrarias, lo que supone un 325 por ciento","og_url":"https:\/\/www.asajacyl.com\/avila\/asaja-avila-informa\/asaja-avila-valora-positivamente-resultado-las-elecciones-agrarias-las-logra-casi-25-mas-votos","og_site_name":"ASAJA \u00c1vila","article_published_time":"2018-02-11T21:12:53+00:00","article_modified_time":"2018-02-16T12:51:30+00:00","og_image":[{"width":2500,"height":1875,"url":"https:\/\/www.asajacyl.com\/avila\/wp-content\/uploads\/sites\/4\/2018\/02\/FOTO-ELECCIONES-11F-1-1.jpg","type":"image\/jpeg"}],"author":"Joaqu\u00edn","twitter_card":"summary_large_image","twitter_misc":{"Escrito por":"Joaqu\u00edn","Tiempo de lectura":"3 minutos"},"schema":{"@context":"https:\/\/schema.org","@graph":[{"@type":"WebPage","@id":"https:\/\/www.asajacyl.com\/avila\/asaja-avila-informa\/asaja-avila-valora-positivamente-resultado-las-elecciones-agrarias-las-logra-casi-25-mas-votos","url":"https:\/\/www.asajacyl.com\/avila\/asaja-avila-informa\/asaja-avila-valora-positivamente-resultado-las-elecciones-agrarias-las-logra-casi-25-mas-votos","name":"ASAJA-\u00c1vila valora positivamente el resultado de las elecciones agrarias, en las que logra m\u00e1s de un 50% de nuevos votos - ASAJA \u00c1vila","isPartOf":{"@id":"https:\/\/www.asajacyl.com\/avila\/#website"},"primaryImageOfPage":{"@id":"https:\/\/www.asajacyl.com\/avila\/asaja-avila-informa\/asaja-avila-valora-positivamente-resultado-las-elecciones-agrarias-las-logra-casi-25-mas-votos#primaryimage"},"image":{"@id":"https:\/\/www.asajacyl.com\/avila\/asaja-avila-informa\/asaja-avila-valora-positivamente-resultado-las-elecciones-agrarias-las-logra-casi-25-mas-votos#primaryimage"},"thumbnailUrl":"https:\/\/www.asajacyl.com\/avila\/wp-content\/uploads\/sites\/4\/2018\/02\/FOTO-ELECCIONES-11F-1-1.jpg","datePublished":"2018-02-11T21:12:53+00:00","dateModified":"2018-02-16T12:51:30+00:00","author":{"@id":"https:\/\/www.asajacyl.com\/avila\/#\/schema\/person\/daf3c5c7d3afd005798ec283b78826ed"},"description":"La Asociaci\u00f3n Agraria J\u00f3venes Agricultores (ASAJA) de \u00c1vila ha obtenido un total de 818 votos en las elecciones agrarias, lo que supone un 325 por ciento","breadcrumb":{"@id":"https:\/\/www.asajacyl.com\/avila\/asaja-avila-informa\/asaja-avila-valora-positivamente-resultado-las-elecciones-agrarias-las-logra-casi-25-mas-votos#breadcrumb"},"inLanguage":"es","potentialAction":[{"@type":"ReadAction","target":["https:\/\/www.asajacyl.com\/avila\/asaja-avila-informa\/asaja-avila-valora-positivamente-resultado-las-elecciones-agrarias-las-logra-casi-25-mas-votos"]}]},{"@type":"ImageObject","inLanguage":"es","@id":"https:\/\/www.asajacyl.com\/avila\/asaja-avila-informa\/asaja-avila-valora-positivamente-resultado-las-elecciones-agrarias-las-logra-casi-25-mas-votos#primaryimage","url":"https:\/\/www.asajacyl.com\/avila\/wp-content\/uploads\/sites\/4\/2018\/02\/FOTO-ELECCIONES-11F-1-1.jpg","contentUrl":"https:\/\/www.asajacyl.com\/avila\/wp-content\/uploads\/sites\/4\/2018\/02\/FOTO-ELECCIONES-11F-1-1.jpg","width":2500,"height":1875},{"@type":"BreadcrumbList","@id":"https:\/\/www.asajacyl.com\/avila\/asaja-avila-informa\/asaja-avila-valora-positivamente-resultado-las-elecciones-agrarias-las-logra-casi-25-mas-votos#breadcrumb","itemListElement":[{"@type":"ListItem","position":1,"name":"Portada","item":"https:\/\/www.asajacyl.com\/avila\/"},{"@type":"ListItem","position":2,"name":"ASAJA-\u00c1vila valora positivamente el resultado de las elecciones agrarias, en las que logra m\u00e1s de un 50% de nuevos votos"}]},{"@type":"WebSite","@id":"https:\/\/www.asajacyl.com\/avila\/#website","url":"https:\/\/www.asajacyl.com\/avila\/","name":"ASAJA \u00c1vila","description":"Otro sitio m\u00e1s de Provincias ASAJA Castilla y Le\u00f3n","potentialAction":[{"@type":"SearchAction","target":{"@type":"EntryPoint","urlTemplate":"https:\/\/www.asajacyl.com\/avila\/?s={search_term_string}"},"query-input":{"@type":"PropertyValueSpecification","valueRequired":true,"valueName":"search_term_string"}}],"inLanguage":"es"},{"@type":"Person","@id":"https:\/\/www.asajacyl.com\/avila\/#\/schema\/person\/daf3c5c7d3afd005798ec283b78826ed","name":"Joaqu\u00edn","image":{"@type":"ImageObject","inLanguage":"es","@id":"https:\/\/www.asajacyl.com\/avila\/#\/schema\/person\/image\/","url":"https:\/\/secure.gravatar.com\/avatar\/8a87f10166ff5a8a3b0c21a125bc069d?s=96&d=mm&r=g","contentUrl":"https:\/\/secure.gravatar.com\/avatar\/8a87f10166ff5a8a3b0c21a125bc069d?s=96&d=mm&r=g","caption":"Joaqu\u00edn"},"url":"https:\/\/www.asajacyl.com\/avila\/author\/joaquinap"}]}},"_links":{"self":[{"href":"https:\/\/www.asajacyl.com\/avila\/wp-json\/wp\/v2\/posts\/3233"}],"collection":[{"href":"https:\/\/www.asajacyl.com\/avila\/wp-json\/wp\/v2\/posts"}],"about":[{"href":"https:\/\/www.asajacyl.com\/avila\/wp-json\/wp\/v2\/types\/post"}],"author":[{"embeddable":true,"href":"https:\/\/www.asajacyl.com\/avila\/wp-json\/wp\/v2\/users\/6"}],"replies":[{"embeddable":true,"href":"https:\/\/www.asajacyl.com\/avila\/wp-json\/wp\/v2\/comments?post=3233"}],"version-history":[{"count":4,"href":"https:\/\/www.asajacyl.com\/avila\/wp-json\/wp\/v2\/posts\/3233\/revisions"}],"predecessor-version":[{"id":3278,"href":"https:\/\/www.asajacyl.com\/avila\/wp-json\/wp\/v2\/posts\/3233\/revisions\/3278"}],"wp:featuredmedia":[{"embeddable":true,"href":"https:\/\/www.asajacyl.com\/avila\/wp-json\/wp\/v2\/media\/3280"}],"wp:attachment":[{"href":"https:\/\/www.asajacyl.com\/avila\/wp-json\/wp\/v2\/media?parent=3233"}],"wp:term":[{"taxonomy":"category","embeddable":true,"href":"https:\/\/www.asajacyl.com\/avila\/wp-json\/wp\/v2\/categories?post=3233"},{"taxonomy":"post_tag","embeddable":true,"href":"https:\/\/www.asajacyl.com\/avila\/wp-json\/wp\/v2\/tags?post=3233"}],"curies":[{"name":"wp","href":"https:\/\/api.w.org\/{rel}","templated":true}]}}