{"id":3342,"date":"2018-02-16T12:31:15","date_gmt":"2018-02-16T11:31:15","guid":{"rendered":"http:\/\/www.asajacyl.com\/avila\/?p=3342"},"modified":"2018-03-05T10:09:06","modified_gmt":"2018-03-05T09:09:06","slug":"ayuda-al-abastecimiento-agua","status":"publish","type":"post","link":"https:\/\/www.asajacyl.com\/avila\/sin-categoria\/ayuda-al-abastecimiento-agua","title":{"rendered":"Ayuda al abastecimiento de agua"},"content":{"rendered":"<p><span style=\"font-size: 10.0pt;font-family: 'Arial','sans-serif'\">En la organizaci\u00f3n agraria ASAJA recordamos que todas aquellas personas que tienen aprobada la ayuda al abastecimiento de agua en explotaciones ganaderas en extensivo el plazo para la realizaci\u00f3n del pago de las inversiones acaba el 28 de febrero. En el caso del pago este tiene que hacerse mediante transferencia bancaria hasta el 28 de febrero.<\/span><\/p>\n","protected":false},"excerpt":{"rendered":"<p>En la organizaci\u00f3n agraria ASAJA recordamos que todas aquellas personas que tienen aprobada la ayuda al abastecimiento de agua en explotaciones ganaderas en extensivo el plazo para la realizaci\u00f3n del pago de las inversiones acaba el 28 de febrero. En el caso del pago este tiene que hacerse mediante transferencia bancaria hasta el 28 de [&hellip;]<\/p>\n","protected":false},"author":6,"featured_media":794,"comment_status":"open","ping_status":"open","sticky":false,"template":"","format":"standard","meta":{"footnotes":""},"categories":[1],"tags":[],"yoast_head":"<!-- This site is optimized with the Yoast SEO plugin v24.5 - https:\/\/yoast.com\/wordpress\/plugins\/seo\/ -->\n<title>Ayuda al abastecimiento de agua - ASAJA \u00c1vila<\/title>\n<meta name=\"description\" content=\"En la organizaci\u00f3n agraria ASAJA recordamos que todas aquellas personas que tienen aprobada la ayuda al abastecimiento de agua en explotaciones ganaderas\" \/>\n<meta name=\"robots\" content=\"index, follow, max-snippet:-1, max-image-preview:large, max-video-preview:-1\" \/>\n<link rel=\"canonical\" href=\"https:\/\/www.asajacyl.com\/avila\/sin-categoria\/ayuda-al-abastecimiento-agua\" \/>\n<meta property=\"og:locale\" content=\"es_ES\" \/>\n<meta property=\"og:type\" content=\"article\" \/>\n<meta property=\"og:title\" content=\"Ayuda al abastecimiento de agua - ASAJA \u00c1vila\" \/>\n<meta property=\"og:description\" content=\"En la organizaci\u00f3n agraria ASAJA recordamos que todas aquellas personas que tienen aprobada la ayuda al abastecimiento de agua en explotaciones ganaderas\" \/>\n<meta property=\"og:url\" content=\"https:\/\/www.asajacyl.com\/avila\/sin-categoria\/ayuda-al-abastecimiento-agua\" \/>\n<meta property=\"og:site_name\" content=\"ASAJA \u00c1vila\" \/>\n<meta property=\"article:published_time\" content=\"2018-02-16T11:31:15+00:00\" \/>\n<meta property=\"article:modified_time\" content=\"2018-03-05T09:09:06+00:00\" \/>\n<meta property=\"og:image\" content=\"https:\/\/www.asajacyl.com\/avila\/wp-content\/uploads\/sites\/4\/2017\/11\/im_predefinida_1920x1080.jpg\" \/>\n\t<meta property=\"og:image:width\" content=\"1920\" \/>\n\t<meta property=\"og:image:height\" content=\"1080\" \/>\n\t<meta property=\"og:image:type\" content=\"image\/jpeg\" \/>\n<meta name=\"author\" content=\"Joaqu\u00edn\" \/>\n<meta name=\"twitter:card\" content=\"summary_large_image\" \/>\n<meta name=\"twitter:label1\" content=\"Escrito por\" \/>\n\t<meta name=\"twitter:data1\" content=\"Joaqu\u00edn\" \/>\n<script type=\"application\/ld+json\" class=\"yoast-schema-graph\">{\"@context\":\"https:\/\/schema.org\",\"@graph\":[{\"@type\":\"WebPage\",\"@id\":\"https:\/\/www.asajacyl.com\/avila\/sin-categoria\/ayuda-al-abastecimiento-agua\",\"url\":\"https:\/\/www.asajacyl.com\/avila\/sin-categoria\/ayuda-al-abastecimiento-agua\",\"name\":\"Ayuda al abastecimiento de agua - ASAJA \u00c1vila\",\"isPartOf\":{\"@id\":\"https:\/\/www.asajacyl.com\/avila\/#website\"},\"primaryImageOfPage\":{\"@id\":\"https:\/\/www.asajacyl.com\/avila\/sin-categoria\/ayuda-al-abastecimiento-agua#primaryimage\"},\"image\":{\"@id\":\"https:\/\/www.asajacyl.com\/avila\/sin-categoria\/ayuda-al-abastecimiento-agua#primaryimage\"},\"thumbnailUrl\":\"https:\/\/www.asajacyl.com\/avila\/wp-content\/uploads\/sites\/4\/2017\/11\/im_predefinida_1920x1080.jpg\",\"datePublished\":\"2018-02-16T11:31:15+00:00\",\"dateModified\":\"2018-03-05T09:09:06+00:00\",\"author\":{\"@id\":\"https:\/\/www.asajacyl.com\/avila\/#\/schema\/person\/daf3c5c7d3afd005798ec283b78826ed\"},\"description\":\"En la organizaci\u00f3n agraria ASAJA recordamos que todas aquellas personas que tienen aprobada la ayuda al abastecimiento de agua en explotaciones ganaderas\",\"breadcrumb\":{\"@id\":\"https:\/\/www.asajacyl.com\/avila\/sin-categoria\/ayuda-al-abastecimiento-agua#breadcrumb\"},\"inLanguage\":\"es\",\"potentialAction\":[{\"@type\":\"ReadAction\",\"target\":[\"https:\/\/www.asajacyl.com\/avila\/sin-categoria\/ayuda-al-abastecimiento-agua\"]}]},{\"@type\":\"ImageObject\",\"inLanguage\":\"es\",\"@id\":\"https:\/\/www.asajacyl.com\/avila\/sin-categoria\/ayuda-al-abastecimiento-agua#primaryimage\",\"url\":\"https:\/\/www.asajacyl.com\/avila\/wp-content\/uploads\/sites\/4\/2017\/11\/im_predefinida_1920x1080.jpg\",\"contentUrl\":\"https:\/\/www.asajacyl.com\/avila\/wp-content\/uploads\/sites\/4\/2017\/11\/im_predefinida_1920x1080.jpg\",\"width\":1920,\"height\":1080,\"caption\":\"Logotipo ASAJA \u00c1vila\"},{\"@type\":\"BreadcrumbList\",\"@id\":\"https:\/\/www.asajacyl.com\/avila\/sin-categoria\/ayuda-al-abastecimiento-agua#breadcrumb\",\"itemListElement\":[{\"@type\":\"ListItem\",\"position\":1,\"name\":\"Portada\",\"item\":\"https:\/\/www.asajacyl.com\/avila\/\"},{\"@type\":\"ListItem\",\"position\":2,\"name\":\"Ayuda al abastecimiento de agua\"}]},{\"@type\":\"WebSite\",\"@id\":\"https:\/\/www.asajacyl.com\/avila\/#website\",\"url\":\"https:\/\/www.asajacyl.com\/avila\/\",\"name\":\"ASAJA \u00c1vila\",\"description\":\"Otro sitio m\u00e1s de Provincias ASAJA Castilla y Le\u00f3n\",\"potentialAction\":[{\"@type\":\"SearchAction\",\"target\":{\"@type\":\"EntryPoint\",\"urlTemplate\":\"https:\/\/www.asajacyl.com\/avila\/?s={search_term_string}\"},\"query-input\":{\"@type\":\"PropertyValueSpecification\",\"valueRequired\":true,\"valueName\":\"search_term_string\"}}],\"inLanguage\":\"es\"},{\"@type\":\"Person\",\"@id\":\"https:\/\/www.asajacyl.com\/avila\/#\/schema\/person\/daf3c5c7d3afd005798ec283b78826ed\",\"name\":\"Joaqu\u00edn\",\"image\":{\"@type\":\"ImageObject\",\"inLanguage\":\"es\",\"@id\":\"https:\/\/www.asajacyl.com\/avila\/#\/schema\/person\/image\/\",\"url\":\"https:\/\/secure.gravatar.com\/avatar\/8a87f10166ff5a8a3b0c21a125bc069d?s=96&d=mm&r=g\",\"contentUrl\":\"https:\/\/secure.gravatar.com\/avatar\/8a87f10166ff5a8a3b0c21a125bc069d?s=96&d=mm&r=g\",\"caption\":\"Joaqu\u00edn\"},\"url\":\"https:\/\/www.asajacyl.com\/avila\/author\/joaquinap\"}]}<\/script>\n<!-- \/ Yoast SEO plugin. -->","yoast_head_json":{"title":"Ayuda al abastecimiento de agua - ASAJA \u00c1vila","description":"En la organizaci\u00f3n agraria ASAJA recordamos que todas aquellas personas que tienen aprobada la ayuda al abastecimiento de agua en explotaciones ganaderas","robots":{"index":"index","follow":"follow","max-snippet":"max-snippet:-1","max-image-preview":"max-image-preview:large","max-video-preview":"max-video-preview:-1"},"canonical":"https:\/\/www.asajacyl.com\/avila\/sin-categoria\/ayuda-al-abastecimiento-agua","og_locale":"es_ES","og_type":"article","og_title":"Ayuda al abastecimiento de agua - ASAJA \u00c1vila","og_description":"En la organizaci\u00f3n agraria ASAJA recordamos que todas aquellas personas que tienen aprobada la ayuda al abastecimiento de agua en explotaciones ganaderas","og_url":"https:\/\/www.asajacyl.com\/avila\/sin-categoria\/ayuda-al-abastecimiento-agua","og_site_name":"ASAJA \u00c1vila","article_published_time":"2018-02-16T11:31:15+00:00","article_modified_time":"2018-03-05T09:09:06+00:00","og_image":[{"width":1920,"height":1080,"url":"https:\/\/www.asajacyl.com\/avila\/wp-content\/uploads\/sites\/4\/2017\/11\/im_predefinida_1920x1080.jpg","type":"image\/jpeg"}],"author":"Joaqu\u00edn","twitter_card":"summary_large_image","twitter_misc":{"Escrito por":"Joaqu\u00edn"},"schema":{"@context":"https:\/\/schema.org","@graph":[{"@type":"WebPage","@id":"https:\/\/www.asajacyl.com\/avila\/sin-categoria\/ayuda-al-abastecimiento-agua","url":"https:\/\/www.asajacyl.com\/avila\/sin-categoria\/ayuda-al-abastecimiento-agua","name":"Ayuda al abastecimiento de agua - ASAJA \u00c1vila","isPartOf":{"@id":"https:\/\/www.asajacyl.com\/avila\/#website"},"primaryImageOfPage":{"@id":"https:\/\/www.asajacyl.com\/avila\/sin-categoria\/ayuda-al-abastecimiento-agua#primaryimage"},"image":{"@id":"https:\/\/www.asajacyl.com\/avila\/sin-categoria\/ayuda-al-abastecimiento-agua#primaryimage"},"thumbnailUrl":"https:\/\/www.asajacyl.com\/avila\/wp-content\/uploads\/sites\/4\/2017\/11\/im_predefinida_1920x1080.jpg","datePublished":"2018-02-16T11:31:15+00:00","dateModified":"2018-03-05T09:09:06+00:00","author":{"@id":"https:\/\/www.asajacyl.com\/avila\/#\/schema\/person\/daf3c5c7d3afd005798ec283b78826ed"},"description":"En la organizaci\u00f3n agraria ASAJA recordamos que todas aquellas personas que tienen aprobada la ayuda al abastecimiento de agua en explotaciones ganaderas","breadcrumb":{"@id":"https:\/\/www.asajacyl.com\/avila\/sin-categoria\/ayuda-al-abastecimiento-agua#breadcrumb"},"inLanguage":"es","potentialAction":[{"@type":"ReadAction","target":["https:\/\/www.asajacyl.com\/avila\/sin-categoria\/ayuda-al-abastecimiento-agua"]}]},{"@type":"ImageObject","inLanguage":"es","@id":"https:\/\/www.asajacyl.com\/avila\/sin-categoria\/ayuda-al-abastecimiento-agua#primaryimage","url":"https:\/\/www.asajacyl.com\/avila\/wp-content\/uploads\/sites\/4\/2017\/11\/im_predefinida_1920x1080.jpg","contentUrl":"https:\/\/www.asajacyl.com\/avila\/wp-content\/uploads\/sites\/4\/2017\/11\/im_predefinida_1920x1080.jpg","width":1920,"height":1080,"caption":"Logotipo ASAJA \u00c1vila"},{"@type":"BreadcrumbList","@id":"https:\/\/www.asajacyl.com\/avila\/sin-categoria\/ayuda-al-abastecimiento-agua#breadcrumb","itemListElement":[{"@type":"ListItem","position":1,"name":"Portada","item":"https:\/\/www.asajacyl.com\/avila\/"},{"@type":"ListItem","position":2,"name":"Ayuda al abastecimiento de agua"}]},{"@type":"WebSite","@id":"https:\/\/www.asajacyl.com\/avila\/#website","url":"https:\/\/www.asajacyl.com\/avila\/","name":"ASAJA \u00c1vila","description":"Otro sitio m\u00e1s de Provincias ASAJA Castilla y Le\u00f3n","potentialAction":[{"@type":"SearchAction","target":{"@type":"EntryPoint","urlTemplate":"https:\/\/www.asajacyl.com\/avila\/?s={search_term_string}"},"query-input":{"@type":"PropertyValueSpecification","valueRequired":true,"valueName":"search_term_string"}}],"inLanguage":"es"},{"@type":"Person","@id":"https:\/\/www.asajacyl.com\/avila\/#\/schema\/person\/daf3c5c7d3afd005798ec283b78826ed","name":"Joaqu\u00edn","image":{"@type":"ImageObject","inLanguage":"es","@id":"https:\/\/www.asajacyl.com\/avila\/#\/schema\/person\/image\/","url":"https:\/\/secure.gravatar.com\/avatar\/8a87f10166ff5a8a3b0c21a125bc069d?s=96&d=mm&r=g","contentUrl":"https:\/\/secure.gravatar.com\/avatar\/8a87f10166ff5a8a3b0c21a125bc069d?s=96&d=mm&r=g","caption":"Joaqu\u00edn"},"url":"https:\/\/www.asajacyl.com\/avila\/author\/joaquinap"}]}},"_links":{"self":[{"href":"https:\/\/www.asajacyl.com\/avila\/wp-json\/wp\/v2\/posts\/3342"}],"collection":[{"href":"https:\/\/www.asajacyl.com\/avila\/wp-json\/wp\/v2\/posts"}],"about":[{"href":"https:\/\/www.asajacyl.com\/avila\/wp-json\/wp\/v2\/types\/post"}],"author":[{"embeddable":true,"href":"https:\/\/www.asajacyl.com\/avila\/wp-json\/wp\/v2\/users\/6"}],"replies":[{"embeddable":true,"href":"https:\/\/www.asajacyl.com\/avila\/wp-json\/wp\/v2\/comments?post=3342"}],"version-history":[{"count":1,"href":"https:\/\/www.asajacyl.com\/avila\/wp-json\/wp\/v2\/posts\/3342\/revisions"}],"predecessor-version":[{"id":3343,"href":"https:\/\/www.asajacyl.com\/avila\/wp-json\/wp\/v2\/posts\/3342\/revisions\/3343"}],"wp:featuredmedia":[{"embeddable":true,"href":"https:\/\/www.asajacyl.com\/avila\/wp-json\/wp\/v2\/media\/794"}],"wp:attachment":[{"href":"https:\/\/www.asajacyl.com\/avila\/wp-json\/wp\/v2\/media?parent=3342"}],"wp:term":[{"taxonomy":"category","embeddable":true,"href":"https:\/\/www.asajacyl.com\/avila\/wp-json\/wp\/v2\/categories?post=3342"},{"taxonomy":"post_tag","embeddable":true,"href":"https:\/\/www.asajacyl.com\/avila\/wp-json\/wp\/v2\/tags?post=3342"}],"curies":[{"name":"wp","href":"https:\/\/api.w.org\/{rel}","templated":true}]}}