{"id":3353,"date":"2018-02-20T09:10:07","date_gmt":"2018-02-20T08:10:07","guid":{"rendered":"http:\/\/www.asajacyl.com\/avila\/?p=3353"},"modified":"2018-03-05T09:57:32","modified_gmt":"2018-03-05T08:57:32","slug":"del-1-marzo-los-ganaderos-deben-actualizar-la-hoja-del-censo-datos-explotaciones-rega-requisito-imprescindible-recibir-las-ayudas-pac","status":"publish","type":"post","link":"https:\/\/www.asajacyl.com\/avila\/sin-categoria\/del-1-marzo-los-ganaderos-deben-actualizar-la-hoja-del-censo-datos-explotaciones-rega-requisito-imprescindible-recibir-las-ayudas-pac","title":{"rendered":"Antes del 1 de marzo, los ganaderos deben actualizar la hoja del censo de datos de sus explotaciones en el REGA. Un requisito imprescindible para recibir las ayudas PAC"},"content":{"rendered":"<p>ASAJA recuerda que todos los titulares de explotaciones ganaderas (salvo bovino o equino microchipado), <u>incluidos los corrales dom\u00e9sticos<\/u>, han de comunicar obligatoriamente el censo de animales de la explotaci\u00f3n en el Registro de Explotaciones Ganaderas (REGA) en la Unidad Veterinaria, <strong><u>antes del 1 de marzo<\/u><\/strong>. El no hacerlo conllevar\u00eda retrasos y\/o penalizaciones en las ayudas de la PAC.<\/p>\n<table width=\"803\">\n<tbody>\n<tr>\n<td colspan=\"2\"><strong>ACTUALIZACION CENSAL SEG\u00daN NORMATIVA SECTORIAL<\/strong><\/td>\n<\/tr>\n<tr>\n<td><strong>ESPECIES\/S<\/strong><\/td>\n<td><strong>EL CENSO QUE TIENE QUE DECLARAR SER\u00c1 EL PRESENTE EN LA EXPLOTACI\u00d3N A<\/strong><\/td>\n<\/tr>\n<tr>\n<td><strong>PEQUE\u00d1OS RUMIANTES (OVINO\/CAPRINO)<\/strong><\/td>\n<td><strong><em>1 de enero del a\u00f1o en curso<\/em><\/strong><\/td>\n<\/tr>\n<tr>\n<td><strong>PORCINO EN REGIMEN INTENSIVO Y MIXTO<\/strong><\/td>\n<td><strong><em>El censo medio de la explotaci\u00f3n en el a\u00f1o anterior<\/em><\/strong><\/td>\n<\/tr>\n<tr>\n<td><strong>PORCINO EN REGIMEN EXTENSIVO<\/strong>, <em>Para las explotaciones\u00a0con clasificaci\u00f3n zoot\u00e9cnica de\u00a0selecci\u00f3n, multiplicaci\u00f3n y producci\u00f3n<\/em><\/td>\n<td><strong><em>a 1 de enero, m\u00e1s el n\u00famero de animales reproductores que entraron en la explotaci\u00f3n y menos el n\u00famero de reproductores que salieron de la explotaci\u00f3n, durante el periodo comprendido entre el 1 de enero y el 31 de diciembre, ambos incluidos<\/em><\/strong><\/td>\n<\/tr>\n<tr>\n<td><strong>PORCINO EN REGIMEN EXTENSIVO<\/strong>,<em> Para las explotaciones con clasificaci\u00f3n zoot\u00e9cnica de recr\u00eda de reproductores y cebo<\/em><\/td>\n<td><strong><em>a 1 de enero, m\u00e1s el n\u00famero de animales reproductores que entraron en la explotaci\u00f3n y menos el n\u00famero de reproductores que salieron de la explotaci\u00f3n, durante el periodo comprendido entre el 1 de enero y el 31 de diciembre, ambos incluidos<\/em><\/strong><\/td>\n<\/tr>\n<tr>\n<td><strong>\u00c9quidos (<\/strong><em>caballos, asnos, mulas y cebras)<\/em><\/td>\n<td><strong><em>d\u00eda 31 de diciembre del a\u00f1o anterior<\/em><\/strong><\/td>\n<\/tr>\n<tr>\n<td><strong>Aves de corral, <\/strong>para <strong>explotaciones para consumo familiar<\/strong><\/td>\n<td><strong><em>El<\/em><\/strong> <strong><em>censo medio de la explotaci\u00f3n en el a\u00f1o anterior<\/em><\/strong>.<\/td>\n<\/tr>\n<tr>\n<td><strong>Aves de corral, explotaciones productoras de\u00a0huevos\u00a0para consumo<\/strong><\/td>\n<td><strong><em>El<\/em><\/strong> <strong><em>censo medio de la explotaci\u00f3n en el a\u00f1o anterior<\/em><\/strong>.<\/td>\n<\/tr>\n<tr>\n<td><strong>Aves de corral, Explotaciones productoras de carne o caza, y clasificadas como granjas de selecci\u00f3n o multiplicaci\u00f3n<\/strong><\/td>\n<td><strong><em>El n\u00famero total de animales que han salido de la explotaci\u00f3n con destino a otras explotaciones o a sacrificio durante el periodo comprendido entre el d\u00eda 1 de enero al 31 de diciembre del a\u00f1o anterior a la declaraci\u00f3n. Adem\u00e1s, deber\u00e1 declarar el n\u00famero de manadas en que se dividi\u00f3 dicho n\u00famero total.<\/em><\/strong><\/td>\n<\/tr>\n<tr>\n<td><strong>Aves de corral, Huevos fecundados de aves de corral en granjas clasificadas como<\/strong> <strong>incubadoras<\/strong><\/td>\n<td><strong><em>El n\u00famero total de salidas de aves, nacidas de huevos fecundados incubados, durante el periodo comprendido entre el d\u00eda 1 de enero al 31 de diciembre del a\u00f1o anterior a la declaraci\u00f3n<\/em><\/strong>.<\/td>\n<\/tr>\n<tr>\n<td><strong>Otras aves de corral no incluidas en los anteriores apartados<\/strong><\/td>\n<td><strong><em>El censo medio de la explotaci\u00f3n en el a\u00f1o anterior<\/em><\/strong><\/td>\n<\/tr>\n<tr>\n<td><strong>Conejos<\/strong><\/td>\n<td><strong><em>el censo medio de la explotaci\u00f3n en el a\u00f1o anterior<\/em><\/strong><\/td>\n<\/tr>\n<tr>\n<td><strong>Apicultura<\/strong><\/td>\n<td><strong><em>ser\u00e1 el n\u00famero de colmenas presente en cada uno de los asentamientos de la explotaci\u00f3n el d\u00eda\u00a031 de\u00a0diciembre del a\u00f1o anterior.<\/em><\/strong><\/td>\n<\/tr>\n<tr>\n<td><strong>Acuicultura<\/strong><\/td>\n<td><strong><em>censo medio de la explotaci\u00f3n en el a\u00f1o anterior para cada una de las siguientes categor\u00edas<\/em><\/strong>:<\/td>\n<\/tr>\n<tr>\n<td><strong>Otras especies ganaderas<\/strong><\/td>\n<td><strong><em>censo medio de la explotaci\u00f3n en el a\u00f1o anterior<\/em><\/strong><\/td>\n<\/tr>\n<\/tbody>\n<\/table>\n","protected":false},"excerpt":{"rendered":"<p>ASAJA recuerda que todos los titulares de explotaciones ganaderas (salvo bovino o equino microchipado), incluidos los corrales dom\u00e9sticos, han de comunicar obligatoriamente el censo de animales de la explotaci\u00f3n en el Registro de Explotaciones Ganaderas (REGA) en la Unidad Veterinaria, antes del 1 de marzo. El no hacerlo conllevar\u00eda retrasos y\/o penalizaciones en las ayudas [&hellip;]<\/p>\n","protected":false},"author":6,"featured_media":794,"comment_status":"open","ping_status":"open","sticky":false,"template":"","format":"standard","meta":{"footnotes":""},"categories":[1],"tags":[],"yoast_head":"<!-- This site is optimized with the Yoast SEO plugin v24.5 - https:\/\/yoast.com\/wordpress\/plugins\/seo\/ -->\n<title>Antes del 1 de marzo, los ganaderos deben actualizar la hoja del censo de datos de sus explotaciones en el REGA. Un requisito imprescindible para recibir las ayudas PAC - ASAJA \u00c1vila<\/title>\n<meta name=\"description\" content=\"ASAJA recuerda que todos los titulares de explotaciones ganaderas (salvo bovino o equino microchipado), incluidos los corrales dom\u00e9sticos, han de\" \/>\n<meta name=\"robots\" content=\"index, follow, max-snippet:-1, max-image-preview:large, max-video-preview:-1\" \/>\n<link rel=\"canonical\" href=\"https:\/\/www.asajacyl.com\/avila\/sin-categoria\/del-1-marzo-los-ganaderos-deben-actualizar-la-hoja-del-censo-datos-explotaciones-rega-requisito-imprescindible-recibir-las-ayudas-pac\" \/>\n<meta property=\"og:locale\" content=\"es_ES\" \/>\n<meta property=\"og:type\" content=\"article\" \/>\n<meta property=\"og:title\" content=\"Antes del 1 de marzo, los ganaderos deben actualizar la hoja del censo de datos de sus explotaciones en el REGA. Un requisito imprescindible para recibir las ayudas PAC - ASAJA \u00c1vila\" \/>\n<meta property=\"og:description\" content=\"ASAJA recuerda que todos los titulares de explotaciones ganaderas (salvo bovino o equino microchipado), incluidos los corrales dom\u00e9sticos, han de\" \/>\n<meta property=\"og:url\" content=\"https:\/\/www.asajacyl.com\/avila\/sin-categoria\/del-1-marzo-los-ganaderos-deben-actualizar-la-hoja-del-censo-datos-explotaciones-rega-requisito-imprescindible-recibir-las-ayudas-pac\" \/>\n<meta property=\"og:site_name\" content=\"ASAJA \u00c1vila\" \/>\n<meta property=\"article:published_time\" content=\"2018-02-20T08:10:07+00:00\" \/>\n<meta property=\"article:modified_time\" content=\"2018-03-05T08:57:32+00:00\" \/>\n<meta property=\"og:image\" content=\"https:\/\/www.asajacyl.com\/avila\/wp-content\/uploads\/sites\/4\/2017\/11\/im_predefinida_1920x1080.jpg\" \/>\n\t<meta property=\"og:image:width\" content=\"1920\" \/>\n\t<meta property=\"og:image:height\" content=\"1080\" \/>\n\t<meta property=\"og:image:type\" content=\"image\/jpeg\" \/>\n<meta name=\"author\" content=\"Joaqu\u00edn\" \/>\n<meta name=\"twitter:card\" content=\"summary_large_image\" \/>\n<meta name=\"twitter:label1\" content=\"Escrito por\" \/>\n\t<meta name=\"twitter:data1\" content=\"Joaqu\u00edn\" \/>\n\t<meta name=\"twitter:label2\" content=\"Tiempo de lectura\" \/>\n\t<meta name=\"twitter:data2\" content=\"3 minutos\" \/>\n<script type=\"application\/ld+json\" class=\"yoast-schema-graph\">{\"@context\":\"https:\/\/schema.org\",\"@graph\":[{\"@type\":\"WebPage\",\"@id\":\"https:\/\/www.asajacyl.com\/avila\/sin-categoria\/del-1-marzo-los-ganaderos-deben-actualizar-la-hoja-del-censo-datos-explotaciones-rega-requisito-imprescindible-recibir-las-ayudas-pac\",\"url\":\"https:\/\/www.asajacyl.com\/avila\/sin-categoria\/del-1-marzo-los-ganaderos-deben-actualizar-la-hoja-del-censo-datos-explotaciones-rega-requisito-imprescindible-recibir-las-ayudas-pac\",\"name\":\"Antes del 1 de marzo, los ganaderos deben actualizar la hoja del censo de datos de sus explotaciones en el REGA. Un requisito imprescindible para recibir las ayudas PAC - ASAJA \u00c1vila\",\"isPartOf\":{\"@id\":\"https:\/\/www.asajacyl.com\/avila\/#website\"},\"primaryImageOfPage\":{\"@id\":\"https:\/\/www.asajacyl.com\/avila\/sin-categoria\/del-1-marzo-los-ganaderos-deben-actualizar-la-hoja-del-censo-datos-explotaciones-rega-requisito-imprescindible-recibir-las-ayudas-pac#primaryimage\"},\"image\":{\"@id\":\"https:\/\/www.asajacyl.com\/avila\/sin-categoria\/del-1-marzo-los-ganaderos-deben-actualizar-la-hoja-del-censo-datos-explotaciones-rega-requisito-imprescindible-recibir-las-ayudas-pac#primaryimage\"},\"thumbnailUrl\":\"https:\/\/www.asajacyl.com\/avila\/wp-content\/uploads\/sites\/4\/2017\/11\/im_predefinida_1920x1080.jpg\",\"datePublished\":\"2018-02-20T08:10:07+00:00\",\"dateModified\":\"2018-03-05T08:57:32+00:00\",\"author\":{\"@id\":\"https:\/\/www.asajacyl.com\/avila\/#\/schema\/person\/daf3c5c7d3afd005798ec283b78826ed\"},\"description\":\"ASAJA recuerda que todos los titulares de explotaciones ganaderas (salvo bovino o equino microchipado), incluidos los corrales dom\u00e9sticos, han de\",\"breadcrumb\":{\"@id\":\"https:\/\/www.asajacyl.com\/avila\/sin-categoria\/del-1-marzo-los-ganaderos-deben-actualizar-la-hoja-del-censo-datos-explotaciones-rega-requisito-imprescindible-recibir-las-ayudas-pac#breadcrumb\"},\"inLanguage\":\"es\",\"potentialAction\":[{\"@type\":\"ReadAction\",\"target\":[\"https:\/\/www.asajacyl.com\/avila\/sin-categoria\/del-1-marzo-los-ganaderos-deben-actualizar-la-hoja-del-censo-datos-explotaciones-rega-requisito-imprescindible-recibir-las-ayudas-pac\"]}]},{\"@type\":\"ImageObject\",\"inLanguage\":\"es\",\"@id\":\"https:\/\/www.asajacyl.com\/avila\/sin-categoria\/del-1-marzo-los-ganaderos-deben-actualizar-la-hoja-del-censo-datos-explotaciones-rega-requisito-imprescindible-recibir-las-ayudas-pac#primaryimage\",\"url\":\"https:\/\/www.asajacyl.com\/avila\/wp-content\/uploads\/sites\/4\/2017\/11\/im_predefinida_1920x1080.jpg\",\"contentUrl\":\"https:\/\/www.asajacyl.com\/avila\/wp-content\/uploads\/sites\/4\/2017\/11\/im_predefinida_1920x1080.jpg\",\"width\":1920,\"height\":1080,\"caption\":\"Logotipo ASAJA \u00c1vila\"},{\"@type\":\"BreadcrumbList\",\"@id\":\"https:\/\/www.asajacyl.com\/avila\/sin-categoria\/del-1-marzo-los-ganaderos-deben-actualizar-la-hoja-del-censo-datos-explotaciones-rega-requisito-imprescindible-recibir-las-ayudas-pac#breadcrumb\",\"itemListElement\":[{\"@type\":\"ListItem\",\"position\":1,\"name\":\"Portada\",\"item\":\"https:\/\/www.asajacyl.com\/avila\/\"},{\"@type\":\"ListItem\",\"position\":2,\"name\":\"Antes del 1 de marzo, los ganaderos deben actualizar la hoja del censo de datos de sus explotaciones en el REGA. Un requisito imprescindible para recibir las ayudas PAC\"}]},{\"@type\":\"WebSite\",\"@id\":\"https:\/\/www.asajacyl.com\/avila\/#website\",\"url\":\"https:\/\/www.asajacyl.com\/avila\/\",\"name\":\"ASAJA \u00c1vila\",\"description\":\"Otro sitio m\u00e1s de Provincias ASAJA Castilla y Le\u00f3n\",\"potentialAction\":[{\"@type\":\"SearchAction\",\"target\":{\"@type\":\"EntryPoint\",\"urlTemplate\":\"https:\/\/www.asajacyl.com\/avila\/?s={search_term_string}\"},\"query-input\":{\"@type\":\"PropertyValueSpecification\",\"valueRequired\":true,\"valueName\":\"search_term_string\"}}],\"inLanguage\":\"es\"},{\"@type\":\"Person\",\"@id\":\"https:\/\/www.asajacyl.com\/avila\/#\/schema\/person\/daf3c5c7d3afd005798ec283b78826ed\",\"name\":\"Joaqu\u00edn\",\"image\":{\"@type\":\"ImageObject\",\"inLanguage\":\"es\",\"@id\":\"https:\/\/www.asajacyl.com\/avila\/#\/schema\/person\/image\/\",\"url\":\"https:\/\/secure.gravatar.com\/avatar\/8a87f10166ff5a8a3b0c21a125bc069d?s=96&d=mm&r=g\",\"contentUrl\":\"https:\/\/secure.gravatar.com\/avatar\/8a87f10166ff5a8a3b0c21a125bc069d?s=96&d=mm&r=g\",\"caption\":\"Joaqu\u00edn\"},\"url\":\"https:\/\/www.asajacyl.com\/avila\/author\/joaquinap\"}]}<\/script>\n<!-- \/ Yoast SEO plugin. -->","yoast_head_json":{"title":"Antes del 1 de marzo, los ganaderos deben actualizar la hoja del censo de datos de sus explotaciones en el REGA. Un requisito imprescindible para recibir las ayudas PAC - ASAJA \u00c1vila","description":"ASAJA recuerda que todos los titulares de explotaciones ganaderas (salvo bovino o equino microchipado), incluidos los corrales dom\u00e9sticos, han de","robots":{"index":"index","follow":"follow","max-snippet":"max-snippet:-1","max-image-preview":"max-image-preview:large","max-video-preview":"max-video-preview:-1"},"canonical":"https:\/\/www.asajacyl.com\/avila\/sin-categoria\/del-1-marzo-los-ganaderos-deben-actualizar-la-hoja-del-censo-datos-explotaciones-rega-requisito-imprescindible-recibir-las-ayudas-pac","og_locale":"es_ES","og_type":"article","og_title":"Antes del 1 de marzo, los ganaderos deben actualizar la hoja del censo de datos de sus explotaciones en el REGA. Un requisito imprescindible para recibir las ayudas PAC - ASAJA \u00c1vila","og_description":"ASAJA recuerda que todos los titulares de explotaciones ganaderas (salvo bovino o equino microchipado), incluidos los corrales dom\u00e9sticos, han de","og_url":"https:\/\/www.asajacyl.com\/avila\/sin-categoria\/del-1-marzo-los-ganaderos-deben-actualizar-la-hoja-del-censo-datos-explotaciones-rega-requisito-imprescindible-recibir-las-ayudas-pac","og_site_name":"ASAJA \u00c1vila","article_published_time":"2018-02-20T08:10:07+00:00","article_modified_time":"2018-03-05T08:57:32+00:00","og_image":[{"width":1920,"height":1080,"url":"https:\/\/www.asajacyl.com\/avila\/wp-content\/uploads\/sites\/4\/2017\/11\/im_predefinida_1920x1080.jpg","type":"image\/jpeg"}],"author":"Joaqu\u00edn","twitter_card":"summary_large_image","twitter_misc":{"Escrito por":"Joaqu\u00edn","Tiempo de lectura":"3 minutos"},"schema":{"@context":"https:\/\/schema.org","@graph":[{"@type":"WebPage","@id":"https:\/\/www.asajacyl.com\/avila\/sin-categoria\/del-1-marzo-los-ganaderos-deben-actualizar-la-hoja-del-censo-datos-explotaciones-rega-requisito-imprescindible-recibir-las-ayudas-pac","url":"https:\/\/www.asajacyl.com\/avila\/sin-categoria\/del-1-marzo-los-ganaderos-deben-actualizar-la-hoja-del-censo-datos-explotaciones-rega-requisito-imprescindible-recibir-las-ayudas-pac","name":"Antes del 1 de marzo, los ganaderos deben actualizar la hoja del censo de datos de sus explotaciones en el REGA. Un requisito imprescindible para recibir las ayudas PAC - ASAJA \u00c1vila","isPartOf":{"@id":"https:\/\/www.asajacyl.com\/avila\/#website"},"primaryImageOfPage":{"@id":"https:\/\/www.asajacyl.com\/avila\/sin-categoria\/del-1-marzo-los-ganaderos-deben-actualizar-la-hoja-del-censo-datos-explotaciones-rega-requisito-imprescindible-recibir-las-ayudas-pac#primaryimage"},"image":{"@id":"https:\/\/www.asajacyl.com\/avila\/sin-categoria\/del-1-marzo-los-ganaderos-deben-actualizar-la-hoja-del-censo-datos-explotaciones-rega-requisito-imprescindible-recibir-las-ayudas-pac#primaryimage"},"thumbnailUrl":"https:\/\/www.asajacyl.com\/avila\/wp-content\/uploads\/sites\/4\/2017\/11\/im_predefinida_1920x1080.jpg","datePublished":"2018-02-20T08:10:07+00:00","dateModified":"2018-03-05T08:57:32+00:00","author":{"@id":"https:\/\/www.asajacyl.com\/avila\/#\/schema\/person\/daf3c5c7d3afd005798ec283b78826ed"},"description":"ASAJA recuerda que todos los titulares de explotaciones ganaderas (salvo bovino o equino microchipado), incluidos los corrales dom\u00e9sticos, han de","breadcrumb":{"@id":"https:\/\/www.asajacyl.com\/avila\/sin-categoria\/del-1-marzo-los-ganaderos-deben-actualizar-la-hoja-del-censo-datos-explotaciones-rega-requisito-imprescindible-recibir-las-ayudas-pac#breadcrumb"},"inLanguage":"es","potentialAction":[{"@type":"ReadAction","target":["https:\/\/www.asajacyl.com\/avila\/sin-categoria\/del-1-marzo-los-ganaderos-deben-actualizar-la-hoja-del-censo-datos-explotaciones-rega-requisito-imprescindible-recibir-las-ayudas-pac"]}]},{"@type":"ImageObject","inLanguage":"es","@id":"https:\/\/www.asajacyl.com\/avila\/sin-categoria\/del-1-marzo-los-ganaderos-deben-actualizar-la-hoja-del-censo-datos-explotaciones-rega-requisito-imprescindible-recibir-las-ayudas-pac#primaryimage","url":"https:\/\/www.asajacyl.com\/avila\/wp-content\/uploads\/sites\/4\/2017\/11\/im_predefinida_1920x1080.jpg","contentUrl":"https:\/\/www.asajacyl.com\/avila\/wp-content\/uploads\/sites\/4\/2017\/11\/im_predefinida_1920x1080.jpg","width":1920,"height":1080,"caption":"Logotipo ASAJA \u00c1vila"},{"@type":"BreadcrumbList","@id":"https:\/\/www.asajacyl.com\/avila\/sin-categoria\/del-1-marzo-los-ganaderos-deben-actualizar-la-hoja-del-censo-datos-explotaciones-rega-requisito-imprescindible-recibir-las-ayudas-pac#breadcrumb","itemListElement":[{"@type":"ListItem","position":1,"name":"Portada","item":"https:\/\/www.asajacyl.com\/avila\/"},{"@type":"ListItem","position":2,"name":"Antes del 1 de marzo, los ganaderos deben actualizar la hoja del censo de datos de sus explotaciones en el REGA. Un requisito imprescindible para recibir las ayudas PAC"}]},{"@type":"WebSite","@id":"https:\/\/www.asajacyl.com\/avila\/#website","url":"https:\/\/www.asajacyl.com\/avila\/","name":"ASAJA \u00c1vila","description":"Otro sitio m\u00e1s de Provincias ASAJA Castilla y Le\u00f3n","potentialAction":[{"@type":"SearchAction","target":{"@type":"EntryPoint","urlTemplate":"https:\/\/www.asajacyl.com\/avila\/?s={search_term_string}"},"query-input":{"@type":"PropertyValueSpecification","valueRequired":true,"valueName":"search_term_string"}}],"inLanguage":"es"},{"@type":"Person","@id":"https:\/\/www.asajacyl.com\/avila\/#\/schema\/person\/daf3c5c7d3afd005798ec283b78826ed","name":"Joaqu\u00edn","image":{"@type":"ImageObject","inLanguage":"es","@id":"https:\/\/www.asajacyl.com\/avila\/#\/schema\/person\/image\/","url":"https:\/\/secure.gravatar.com\/avatar\/8a87f10166ff5a8a3b0c21a125bc069d?s=96&d=mm&r=g","contentUrl":"https:\/\/secure.gravatar.com\/avatar\/8a87f10166ff5a8a3b0c21a125bc069d?s=96&d=mm&r=g","caption":"Joaqu\u00edn"},"url":"https:\/\/www.asajacyl.com\/avila\/author\/joaquinap"}]}},"_links":{"self":[{"href":"https:\/\/www.asajacyl.com\/avila\/wp-json\/wp\/v2\/posts\/3353"}],"collection":[{"href":"https:\/\/www.asajacyl.com\/avila\/wp-json\/wp\/v2\/posts"}],"about":[{"href":"https:\/\/www.asajacyl.com\/avila\/wp-json\/wp\/v2\/types\/post"}],"author":[{"embeddable":true,"href":"https:\/\/www.asajacyl.com\/avila\/wp-json\/wp\/v2\/users\/6"}],"replies":[{"embeddable":true,"href":"https:\/\/www.asajacyl.com\/avila\/wp-json\/wp\/v2\/comments?post=3353"}],"version-history":[{"count":2,"href":"https:\/\/www.asajacyl.com\/avila\/wp-json\/wp\/v2\/posts\/3353\/revisions"}],"predecessor-version":[{"id":3437,"href":"https:\/\/www.asajacyl.com\/avila\/wp-json\/wp\/v2\/posts\/3353\/revisions\/3437"}],"wp:featuredmedia":[{"embeddable":true,"href":"https:\/\/www.asajacyl.com\/avila\/wp-json\/wp\/v2\/media\/794"}],"wp:attachment":[{"href":"https:\/\/www.asajacyl.com\/avila\/wp-json\/wp\/v2\/media?parent=3353"}],"wp:term":[{"taxonomy":"category","embeddable":true,"href":"https:\/\/www.asajacyl.com\/avila\/wp-json\/wp\/v2\/categories?post=3353"},{"taxonomy":"post_tag","embeddable":true,"href":"https:\/\/www.asajacyl.com\/avila\/wp-json\/wp\/v2\/tags?post=3353"}],"curies":[{"name":"wp","href":"https:\/\/api.w.org\/{rel}","templated":true}]}}