{"id":3635,"date":"2018-04-24T09:19:38","date_gmt":"2018-04-24T07:19:38","guid":{"rendered":"http:\/\/www.asajacyl.com\/avila\/?p=3635"},"modified":"2018-05-04T11:20:27","modified_gmt":"2018-05-04T09:20:27","slug":"asaja-avila-denuncia-se-pueden-contabilizar-mas-2000-animales-muertos-finales-ano-no-se-controlan-los-lobos","status":"publish","type":"post","link":"https:\/\/www.asajacyl.com\/avila\/asaja-avila-informa\/asaja-avila-denuncia-se-pueden-contabilizar-mas-2000-animales-muertos-finales-ano-no-se-controlan-los-lobos","title":{"rendered":"ASAJA-\u00c1vila denuncia que se pueden contabilizar m\u00e1s de 2000 animales muertos a finales de a\u00f1o si no se controlan los lobos"},"content":{"rendered":"<p><strong>La Asociaci\u00f3n Agraria <em>J\u00f3venes Agricultores<\/em> (ASAJA) de \u00c1vila denuncia que el n\u00famero de animales muertos en la provincia de \u00c1vila a causa del lobo en el primer trimestre del presente a\u00f1o 2018 se elevan hasta los 483, con 444 ataques, seg\u00fan los datos oficiales facilitados por la propia Administraci\u00f3n regional. El Gobierno de Espa\u00f1a y las autoridades comunitarias tienen que ofrecer ya una soluci\u00f3n a este grave problema que se le ha ido de las manos a la administraci\u00f3n regional.<\/strong><\/p>\n<p><strong>\u00a0<\/strong>Seg\u00fan ha hecho saber el presidente provincial de ASAJA, Joaqu\u00edn Antonio Pino, la consejer\u00eda de Fomento y Medio Ambiente de la Junta de Castilla y Le\u00f3n contabiliza en 444 el n\u00famero de ataques de lobo en el territorio abulense en el primer trimestre del a\u00f1o, con un resultado de muerte de 483 animales. Datos que con toda seguridad son peores puesto que los datos que contabiliza la Junta de Castilla son fruto de las denuncias por parte de los ganaderos, y no todos los ataques se denuncian porque en muchos de los casos no aparece la \u201cprueba del delito\u201d, el animal muerto.<\/p>\n<p>\u201c483 animales certificados, que no quiere decir que esta cifra sea real, puesto que en ocasiones, algunas muertes no se dan a conocer y otras ni siquiera se pueden certificar puesto que del animal solo queda piel, o ni siquiera eso\u201d, ha a\u00f1adido.<\/p>\n<p>El dirigente agrario ha subrayado que si se ha cerrado el a\u00f1o 2017 con cerca de 1.000 animales muertos contabilizados por parte de la Junta en la provincia de \u00c1vila, que suponen cerca del 50% de los da\u00f1os causados por el lobo en toda Castilla y Le\u00f3n, cifra que es insoportable por los ganaderos abulenses; de seguir as\u00ed estas cifras, a finales de 2018 podr\u00edan elevarse a m\u00e1s 2.000 el n\u00famero de animales asesinados por estas alima\u00f1as que aumentar\u00e1n en poblaci\u00f3n esta primavera cuando nuevamente se reproduzcan.<\/p>\n<p>El \u00faltimo ataque de los c\u00e1nidos lo ha sufrido Javi Gonz\u00e1lez. Un joven ganadero que en lo que va de a\u00f1o ha soportado dos ataques de lobos, con el resultado de dos animales muertos.<\/p>\n<p>El domingo se encontraron con el cad\u00e1ver de una becerra de cuatro meses en el paraje conocido como Ca\u00f1ada Aparicio, en el t\u00e9rmino municipal de San Mart\u00edn de la Vega del Alberche.<\/p>\n<p>Ya en 2017 tuvieron que sufrir la p\u00e9rdida de 7 animales y 3 resultaron heridos.<\/p>\n<p>El ganadero ha lamentado que todas las semanas sucedan ataques en la zona y que los profesionales del sector se est\u00e9n acostumbrando a ello.<\/p>\n<p>El presidente provincial de ASAJA, Joaqu\u00edn Antonio Pino, ha puesto de manifiesto que la \u00fanica medida real y efectiva es la disminuci\u00f3n de la poblaci\u00f3n de lobo en \u00c1vila, porque de otra forma se est\u00e1 abocando a la desaparici\u00f3n de la \u00fanica actividad econ\u00f3mica en la mayor\u00eda de los municipios de la mitad sur de la provincia lo que conllevar\u00e1 el abandono de amplias zonas que ser\u00e1n pasto de los incendios y que llevar\u00e1n a una despoblaci\u00f3n de los n\u00facleos rurales sin retorno.<\/p>\n<p>\u201cTanto que alardean en la Uni\u00f3n Europea de medidas contra la despoblaci\u00f3n en el medio rural, y citan como ejemplo las medidas llevadas a cabo en Castilla y Le\u00f3n, no tiene ning\u00fan sentido que se siga apostando por la convivencia con el lobo a base del sustento del ganadero\u201d, ha aseverado Pino.<\/p>\n<p>Por eso ASAJA insta al Gobierno de Espa\u00f1a, de la mano del consejero de Fomento y Medio Ambiente de la Junta de Castilla y Le\u00f3n, Juan Carlos Su\u00e1rez Qui\u00f1ones, a que se hagan todos los esfuerzos para que se puedan cambiar las herramientas jur\u00eddicas actuales y poder atajar el problema adem\u00e1s de tomar \u201cmedidas extraordinarias\u201d en la provincia de \u00c1vila. Los gobiernos central y regional deben actuar ya, pensando en las personas.<\/p>\n<p>\u201cLo \u00fanico que se consigue si no se ponen soluciones reales con prontitud encima de la mesa es dejar sin actividad econ\u00f3mica a la mitad del territorio de \u00c1vila, porque de no cambiar la situaci\u00f3n, los ganaderos abandonar\u00e1n a no mucho tardar el sector\u201d, ha concluido.<\/p>\n","protected":false},"excerpt":{"rendered":"<p>La Asociaci\u00f3n Agraria J\u00f3venes Agricultores (ASAJA) de \u00c1vila denuncia que el n\u00famero de animales muertos en la provincia de \u00c1vila a causa del lobo en el primer trimestre del presente a\u00f1o 2018 se elevan hasta los 483, con 444 ataques, seg\u00fan los datos oficiales facilitados por la propia Administraci\u00f3n regional. El Gobierno de Espa\u00f1a y [&hellip;]<\/p>\n","protected":false},"author":6,"featured_media":3636,"comment_status":"open","ping_status":"open","sticky":false,"template":"","format":"standard","meta":{"footnotes":""},"categories":[8,18],"tags":[],"yoast_head":"<!-- This site is optimized with the Yoast SEO plugin v24.5 - https:\/\/yoast.com\/wordpress\/plugins\/seo\/ -->\n<title>ASAJA-\u00c1vila denuncia que se pueden contabilizar m\u00e1s de 2000 animales muertos a finales de a\u00f1o si no se controlan los lobos - ASAJA \u00c1vila<\/title>\n<meta name=\"description\" content=\"La Asociaci\u00f3n Agraria J\u00f3venes Agricultores (ASAJA) de \u00c1vila denuncia que el n\u00famero de animales muertos en la provincia de \u00c1vila a causa del lobo en el\" \/>\n<meta name=\"robots\" content=\"index, follow, max-snippet:-1, max-image-preview:large, max-video-preview:-1\" \/>\n<link rel=\"canonical\" href=\"https:\/\/www.asajacyl.com\/avila\/asaja-avila-informa\/asaja-avila-denuncia-se-pueden-contabilizar-mas-2000-animales-muertos-finales-ano-no-se-controlan-los-lobos\" \/>\n<meta property=\"og:locale\" content=\"es_ES\" \/>\n<meta property=\"og:type\" content=\"article\" \/>\n<meta property=\"og:title\" content=\"ASAJA-\u00c1vila denuncia que se pueden contabilizar m\u00e1s de 2000 animales muertos a finales de a\u00f1o si no se controlan los lobos - ASAJA \u00c1vila\" \/>\n<meta property=\"og:description\" content=\"La Asociaci\u00f3n Agraria J\u00f3venes Agricultores (ASAJA) de \u00c1vila denuncia que el n\u00famero de animales muertos en la provincia de \u00c1vila a causa del lobo en el\" \/>\n<meta property=\"og:url\" content=\"https:\/\/www.asajacyl.com\/avila\/asaja-avila-informa\/asaja-avila-denuncia-se-pueden-contabilizar-mas-2000-animales-muertos-finales-ano-no-se-controlan-los-lobos\" \/>\n<meta property=\"og:site_name\" content=\"ASAJA \u00c1vila\" \/>\n<meta property=\"article:published_time\" content=\"2018-04-24T07:19:38+00:00\" \/>\n<meta property=\"article:modified_time\" content=\"2018-05-04T09:20:27+00:00\" \/>\n<meta property=\"og:image\" content=\"https:\/\/www.asajacyl.com\/avila\/wp-content\/uploads\/sites\/4\/2018\/04\/ATAQUE-SAN-MART\u00cdN.jpg\" \/>\n\t<meta property=\"og:image:width\" content=\"1600\" \/>\n\t<meta property=\"og:image:height\" content=\"1200\" \/>\n\t<meta property=\"og:image:type\" content=\"image\/jpeg\" \/>\n<meta name=\"author\" content=\"Joaqu\u00edn\" \/>\n<meta name=\"twitter:card\" content=\"summary_large_image\" \/>\n<meta name=\"twitter:label1\" content=\"Escrito por\" \/>\n\t<meta name=\"twitter:data1\" content=\"Joaqu\u00edn\" \/>\n\t<meta name=\"twitter:label2\" content=\"Tiempo de lectura\" \/>\n\t<meta name=\"twitter:data2\" content=\"4 minutos\" \/>\n<script type=\"application\/ld+json\" class=\"yoast-schema-graph\">{\"@context\":\"https:\/\/schema.org\",\"@graph\":[{\"@type\":\"WebPage\",\"@id\":\"https:\/\/www.asajacyl.com\/avila\/asaja-avila-informa\/asaja-avila-denuncia-se-pueden-contabilizar-mas-2000-animales-muertos-finales-ano-no-se-controlan-los-lobos\",\"url\":\"https:\/\/www.asajacyl.com\/avila\/asaja-avila-informa\/asaja-avila-denuncia-se-pueden-contabilizar-mas-2000-animales-muertos-finales-ano-no-se-controlan-los-lobos\",\"name\":\"ASAJA-\u00c1vila denuncia que se pueden contabilizar m\u00e1s de 2000 animales muertos a finales de a\u00f1o si no se controlan los lobos - ASAJA \u00c1vila\",\"isPartOf\":{\"@id\":\"https:\/\/www.asajacyl.com\/avila\/#website\"},\"primaryImageOfPage\":{\"@id\":\"https:\/\/www.asajacyl.com\/avila\/asaja-avila-informa\/asaja-avila-denuncia-se-pueden-contabilizar-mas-2000-animales-muertos-finales-ano-no-se-controlan-los-lobos#primaryimage\"},\"image\":{\"@id\":\"https:\/\/www.asajacyl.com\/avila\/asaja-avila-informa\/asaja-avila-denuncia-se-pueden-contabilizar-mas-2000-animales-muertos-finales-ano-no-se-controlan-los-lobos#primaryimage\"},\"thumbnailUrl\":\"https:\/\/www.asajacyl.com\/avila\/wp-content\/uploads\/sites\/4\/2018\/04\/ATAQUE-SAN-MART\u00cdN.jpg\",\"datePublished\":\"2018-04-24T07:19:38+00:00\",\"dateModified\":\"2018-05-04T09:20:27+00:00\",\"author\":{\"@id\":\"https:\/\/www.asajacyl.com\/avila\/#\/schema\/person\/daf3c5c7d3afd005798ec283b78826ed\"},\"description\":\"La Asociaci\u00f3n Agraria J\u00f3venes Agricultores (ASAJA) de \u00c1vila denuncia que el n\u00famero de animales muertos en la provincia de \u00c1vila a causa del lobo en el\",\"breadcrumb\":{\"@id\":\"https:\/\/www.asajacyl.com\/avila\/asaja-avila-informa\/asaja-avila-denuncia-se-pueden-contabilizar-mas-2000-animales-muertos-finales-ano-no-se-controlan-los-lobos#breadcrumb\"},\"inLanguage\":\"es\",\"potentialAction\":[{\"@type\":\"ReadAction\",\"target\":[\"https:\/\/www.asajacyl.com\/avila\/asaja-avila-informa\/asaja-avila-denuncia-se-pueden-contabilizar-mas-2000-animales-muertos-finales-ano-no-se-controlan-los-lobos\"]}]},{\"@type\":\"ImageObject\",\"inLanguage\":\"es\",\"@id\":\"https:\/\/www.asajacyl.com\/avila\/asaja-avila-informa\/asaja-avila-denuncia-se-pueden-contabilizar-mas-2000-animales-muertos-finales-ano-no-se-controlan-los-lobos#primaryimage\",\"url\":\"https:\/\/www.asajacyl.com\/avila\/wp-content\/uploads\/sites\/4\/2018\/04\/ATAQUE-SAN-MART\u00cdN.jpg\",\"contentUrl\":\"https:\/\/www.asajacyl.com\/avila\/wp-content\/uploads\/sites\/4\/2018\/04\/ATAQUE-SAN-MART\u00cdN.jpg\",\"width\":1600,\"height\":1200},{\"@type\":\"BreadcrumbList\",\"@id\":\"https:\/\/www.asajacyl.com\/avila\/asaja-avila-informa\/asaja-avila-denuncia-se-pueden-contabilizar-mas-2000-animales-muertos-finales-ano-no-se-controlan-los-lobos#breadcrumb\",\"itemListElement\":[{\"@type\":\"ListItem\",\"position\":1,\"name\":\"Portada\",\"item\":\"https:\/\/www.asajacyl.com\/avila\/\"},{\"@type\":\"ListItem\",\"position\":2,\"name\":\"ASAJA-\u00c1vila denuncia que se pueden contabilizar m\u00e1s de 2000 animales muertos a finales de a\u00f1o si no se controlan los lobos\"}]},{\"@type\":\"WebSite\",\"@id\":\"https:\/\/www.asajacyl.com\/avila\/#website\",\"url\":\"https:\/\/www.asajacyl.com\/avila\/\",\"name\":\"ASAJA \u00c1vila\",\"description\":\"Otro sitio m\u00e1s de Provincias ASAJA Castilla y Le\u00f3n\",\"potentialAction\":[{\"@type\":\"SearchAction\",\"target\":{\"@type\":\"EntryPoint\",\"urlTemplate\":\"https:\/\/www.asajacyl.com\/avila\/?s={search_term_string}\"},\"query-input\":{\"@type\":\"PropertyValueSpecification\",\"valueRequired\":true,\"valueName\":\"search_term_string\"}}],\"inLanguage\":\"es\"},{\"@type\":\"Person\",\"@id\":\"https:\/\/www.asajacyl.com\/avila\/#\/schema\/person\/daf3c5c7d3afd005798ec283b78826ed\",\"name\":\"Joaqu\u00edn\",\"image\":{\"@type\":\"ImageObject\",\"inLanguage\":\"es\",\"@id\":\"https:\/\/www.asajacyl.com\/avila\/#\/schema\/person\/image\/\",\"url\":\"https:\/\/secure.gravatar.com\/avatar\/8a87f10166ff5a8a3b0c21a125bc069d?s=96&d=mm&r=g\",\"contentUrl\":\"https:\/\/secure.gravatar.com\/avatar\/8a87f10166ff5a8a3b0c21a125bc069d?s=96&d=mm&r=g\",\"caption\":\"Joaqu\u00edn\"},\"url\":\"https:\/\/www.asajacyl.com\/avila\/author\/joaquinap\"}]}<\/script>\n<!-- \/ Yoast SEO plugin. -->","yoast_head_json":{"title":"ASAJA-\u00c1vila denuncia que se pueden contabilizar m\u00e1s de 2000 animales muertos a finales de a\u00f1o si no se controlan los lobos - ASAJA \u00c1vila","description":"La Asociaci\u00f3n Agraria J\u00f3venes Agricultores (ASAJA) de \u00c1vila denuncia que el n\u00famero de animales muertos en la provincia de \u00c1vila a causa del lobo en el","robots":{"index":"index","follow":"follow","max-snippet":"max-snippet:-1","max-image-preview":"max-image-preview:large","max-video-preview":"max-video-preview:-1"},"canonical":"https:\/\/www.asajacyl.com\/avila\/asaja-avila-informa\/asaja-avila-denuncia-se-pueden-contabilizar-mas-2000-animales-muertos-finales-ano-no-se-controlan-los-lobos","og_locale":"es_ES","og_type":"article","og_title":"ASAJA-\u00c1vila denuncia que se pueden contabilizar m\u00e1s de 2000 animales muertos a finales de a\u00f1o si no se controlan los lobos - ASAJA \u00c1vila","og_description":"La Asociaci\u00f3n Agraria J\u00f3venes Agricultores (ASAJA) de \u00c1vila denuncia que el n\u00famero de animales muertos en la provincia de \u00c1vila a causa del lobo en el","og_url":"https:\/\/www.asajacyl.com\/avila\/asaja-avila-informa\/asaja-avila-denuncia-se-pueden-contabilizar-mas-2000-animales-muertos-finales-ano-no-se-controlan-los-lobos","og_site_name":"ASAJA \u00c1vila","article_published_time":"2018-04-24T07:19:38+00:00","article_modified_time":"2018-05-04T09:20:27+00:00","og_image":[{"width":1600,"height":1200,"url":"https:\/\/www.asajacyl.com\/avila\/wp-content\/uploads\/sites\/4\/2018\/04\/ATAQUE-SAN-MART\u00cdN.jpg","type":"image\/jpeg"}],"author":"Joaqu\u00edn","twitter_card":"summary_large_image","twitter_misc":{"Escrito por":"Joaqu\u00edn","Tiempo de lectura":"4 minutos"},"schema":{"@context":"https:\/\/schema.org","@graph":[{"@type":"WebPage","@id":"https:\/\/www.asajacyl.com\/avila\/asaja-avila-informa\/asaja-avila-denuncia-se-pueden-contabilizar-mas-2000-animales-muertos-finales-ano-no-se-controlan-los-lobos","url":"https:\/\/www.asajacyl.com\/avila\/asaja-avila-informa\/asaja-avila-denuncia-se-pueden-contabilizar-mas-2000-animales-muertos-finales-ano-no-se-controlan-los-lobos","name":"ASAJA-\u00c1vila denuncia que se pueden contabilizar m\u00e1s de 2000 animales muertos a finales de a\u00f1o si no se controlan los lobos - ASAJA \u00c1vila","isPartOf":{"@id":"https:\/\/www.asajacyl.com\/avila\/#website"},"primaryImageOfPage":{"@id":"https:\/\/www.asajacyl.com\/avila\/asaja-avila-informa\/asaja-avila-denuncia-se-pueden-contabilizar-mas-2000-animales-muertos-finales-ano-no-se-controlan-los-lobos#primaryimage"},"image":{"@id":"https:\/\/www.asajacyl.com\/avila\/asaja-avila-informa\/asaja-avila-denuncia-se-pueden-contabilizar-mas-2000-animales-muertos-finales-ano-no-se-controlan-los-lobos#primaryimage"},"thumbnailUrl":"https:\/\/www.asajacyl.com\/avila\/wp-content\/uploads\/sites\/4\/2018\/04\/ATAQUE-SAN-MART\u00cdN.jpg","datePublished":"2018-04-24T07:19:38+00:00","dateModified":"2018-05-04T09:20:27+00:00","author":{"@id":"https:\/\/www.asajacyl.com\/avila\/#\/schema\/person\/daf3c5c7d3afd005798ec283b78826ed"},"description":"La Asociaci\u00f3n Agraria J\u00f3venes Agricultores (ASAJA) de \u00c1vila denuncia que el n\u00famero de animales muertos en la provincia de \u00c1vila a causa del lobo en el","breadcrumb":{"@id":"https:\/\/www.asajacyl.com\/avila\/asaja-avila-informa\/asaja-avila-denuncia-se-pueden-contabilizar-mas-2000-animales-muertos-finales-ano-no-se-controlan-los-lobos#breadcrumb"},"inLanguage":"es","potentialAction":[{"@type":"ReadAction","target":["https:\/\/www.asajacyl.com\/avila\/asaja-avila-informa\/asaja-avila-denuncia-se-pueden-contabilizar-mas-2000-animales-muertos-finales-ano-no-se-controlan-los-lobos"]}]},{"@type":"ImageObject","inLanguage":"es","@id":"https:\/\/www.asajacyl.com\/avila\/asaja-avila-informa\/asaja-avila-denuncia-se-pueden-contabilizar-mas-2000-animales-muertos-finales-ano-no-se-controlan-los-lobos#primaryimage","url":"https:\/\/www.asajacyl.com\/avila\/wp-content\/uploads\/sites\/4\/2018\/04\/ATAQUE-SAN-MART\u00cdN.jpg","contentUrl":"https:\/\/www.asajacyl.com\/avila\/wp-content\/uploads\/sites\/4\/2018\/04\/ATAQUE-SAN-MART\u00cdN.jpg","width":1600,"height":1200},{"@type":"BreadcrumbList","@id":"https:\/\/www.asajacyl.com\/avila\/asaja-avila-informa\/asaja-avila-denuncia-se-pueden-contabilizar-mas-2000-animales-muertos-finales-ano-no-se-controlan-los-lobos#breadcrumb","itemListElement":[{"@type":"ListItem","position":1,"name":"Portada","item":"https:\/\/www.asajacyl.com\/avila\/"},{"@type":"ListItem","position":2,"name":"ASAJA-\u00c1vila denuncia que se pueden contabilizar m\u00e1s de 2000 animales muertos a finales de a\u00f1o si no se controlan los lobos"}]},{"@type":"WebSite","@id":"https:\/\/www.asajacyl.com\/avila\/#website","url":"https:\/\/www.asajacyl.com\/avila\/","name":"ASAJA \u00c1vila","description":"Otro sitio m\u00e1s de Provincias ASAJA Castilla y Le\u00f3n","potentialAction":[{"@type":"SearchAction","target":{"@type":"EntryPoint","urlTemplate":"https:\/\/www.asajacyl.com\/avila\/?s={search_term_string}"},"query-input":{"@type":"PropertyValueSpecification","valueRequired":true,"valueName":"search_term_string"}}],"inLanguage":"es"},{"@type":"Person","@id":"https:\/\/www.asajacyl.com\/avila\/#\/schema\/person\/daf3c5c7d3afd005798ec283b78826ed","name":"Joaqu\u00edn","image":{"@type":"ImageObject","inLanguage":"es","@id":"https:\/\/www.asajacyl.com\/avila\/#\/schema\/person\/image\/","url":"https:\/\/secure.gravatar.com\/avatar\/8a87f10166ff5a8a3b0c21a125bc069d?s=96&d=mm&r=g","contentUrl":"https:\/\/secure.gravatar.com\/avatar\/8a87f10166ff5a8a3b0c21a125bc069d?s=96&d=mm&r=g","caption":"Joaqu\u00edn"},"url":"https:\/\/www.asajacyl.com\/avila\/author\/joaquinap"}]}},"_links":{"self":[{"href":"https:\/\/www.asajacyl.com\/avila\/wp-json\/wp\/v2\/posts\/3635"}],"collection":[{"href":"https:\/\/www.asajacyl.com\/avila\/wp-json\/wp\/v2\/posts"}],"about":[{"href":"https:\/\/www.asajacyl.com\/avila\/wp-json\/wp\/v2\/types\/post"}],"author":[{"embeddable":true,"href":"https:\/\/www.asajacyl.com\/avila\/wp-json\/wp\/v2\/users\/6"}],"replies":[{"embeddable":true,"href":"https:\/\/www.asajacyl.com\/avila\/wp-json\/wp\/v2\/comments?post=3635"}],"version-history":[{"count":1,"href":"https:\/\/www.asajacyl.com\/avila\/wp-json\/wp\/v2\/posts\/3635\/revisions"}],"predecessor-version":[{"id":3637,"href":"https:\/\/www.asajacyl.com\/avila\/wp-json\/wp\/v2\/posts\/3635\/revisions\/3637"}],"wp:featuredmedia":[{"embeddable":true,"href":"https:\/\/www.asajacyl.com\/avila\/wp-json\/wp\/v2\/media\/3636"}],"wp:attachment":[{"href":"https:\/\/www.asajacyl.com\/avila\/wp-json\/wp\/v2\/media?parent=3635"}],"wp:term":[{"taxonomy":"category","embeddable":true,"href":"https:\/\/www.asajacyl.com\/avila\/wp-json\/wp\/v2\/categories?post=3635"},{"taxonomy":"post_tag","embeddable":true,"href":"https:\/\/www.asajacyl.com\/avila\/wp-json\/wp\/v2\/tags?post=3635"}],"curies":[{"name":"wp","href":"https:\/\/api.w.org\/{rel}","templated":true}]}}