{"id":3653,"date":"2018-05-02T12:51:27","date_gmt":"2018-05-02T10:51:27","guid":{"rendered":"http:\/\/www.asajacyl.com\/avila\/?p=3653"},"modified":"2018-05-02T12:51:27","modified_gmt":"2018-05-02T10:51:27","slug":"la-lonja-semana-30-abril-2018","status":"publish","type":"post","link":"https:\/\/www.asajacyl.com\/avila\/asaja-avila-informa\/la-lonja-semana-30-abril-2018","title":{"rendered":"La Lonja. Semana 30 de abril de 2018"},"content":{"rendered":"<p><strong><u>LONJA<\/u><\/strong><\/p>\n<p><strong>Iniciamos el repaso semanal a los mercados agrarios de la Comunidad para conocer las cotizaciones de las mesas de ganado y cereales. <\/strong><\/p>\n<p><strong>\u00a0<\/strong><\/p>\n<p><strong>LONJA AGROPECUARIA DE SALAMANCA<\/strong><\/p>\n<p><strong>Mesa de cereales <\/strong><\/p>\n<p><strong>\u00a0<\/strong><strong>TRIGO BLANDO\u00a0\u00a0\u00a0\u00a0\u00a0\u00a0\u00a0\u00a0\u00a0\u00a0\u00a0\u00a0\u00a0\u00a0\u00a0\u00a0\u00a0\u00a0\u00a0\u00a0\u00a0\u00a0\u00a0\u00a0\u00a0\u00a0\u00a0 183\u20ac\/Tn \u00a0<\/strong><\/p>\n<p><strong>CEBADA\u00a0\u00a0\u00a0\u00a0\u00a0\u00a0\u00a0\u00a0\u00a0\u00a0\u00a0\u00a0\u00a0\u00a0\u00a0\u00a0\u00a0\u00a0\u00a0\u00a0\u00a0\u00a0\u00a0\u00a0\u00a0\u00a0\u00a0\u00a0\u00a0\u00a0\u00a0\u00a0\u00a0\u00a0\u00a0\u00a0\u00a0\u00a0\u00a0\u00a0\u00a0\u00a0 179\u20ac\/Tn \u00a0<\/strong><\/p>\n<p><strong>CENTENO\u00a0\u00a0\u00a0\u00a0\u00a0\u00a0\u00a0\u00a0\u00a0\u00a0\u00a0\u00a0\u00a0\u00a0\u00a0\u00a0\u00a0\u00a0\u00a0\u00a0\u00a0\u00a0\u00a0\u00a0\u00a0\u00a0\u00a0 \u00a0\u00a0\u00a0\u00a0\u00a0\u00a0\u00a0\u00a0\u00a0\u00a0\u00a0 168\u20ac\/Tn <\/strong><\/p>\n<p><strong>MA\u00cdZ\u00a0\u00a0\u00a0\u00a0\u00a0\u00a0\u00a0\u00a0\u00a0\u00a0\u00a0\u00a0\u00a0\u00a0\u00a0\u00a0\u00a0\u00a0\u00a0\u00a0\u00a0\u00a0\u00a0\u00a0\u00a0\u00a0\u00a0\u00a0\u00a0\u00a0\u00a0\u00a0\u00a0\u00a0\u00a0\u00a0\u00a0\u00a0\u00a0\u00a0\u00a0\u00a0\u00a0\u00a0\u00a0\u00a0\u00a0\u00a0 178\u20ac\/Tn <\/strong><\/p>\n<p><strong>AVENA\u00a0\u00a0\u00a0\u00a0\u00a0\u00a0\u00a0\u00a0\u00a0\u00a0\u00a0\u00a0\u00a0\u00a0\u00a0\u00a0\u00a0\u00a0\u00a0\u00a0\u00a0\u00a0\u00a0\u00a0\u00a0\u00a0\u00a0\u00a0\u00a0\u00a0\u00a0\u00a0\u00a0\u00a0\u00a0\u00a0\u00a0\u00a0\u00a0\u00a0\u00a0\u00a0\u00a0\u00a0 160\u20ac\/Tn <\/strong><\/p>\n<p><strong>\u00a0<\/strong><\/p>\n<p><strong>PAJA <\/strong><\/p>\n<p><strong>\u00a0\u00a0\u00a0\u00a0\u00a0\u00a0\u00a0\u00a0\u00a0\u00a0\u00a0 Paquete grande\u00a0\u00a0\u00a0\u00a0\u00a0\u00a0\u00a0\u00a0\u00a0\u00a0\u00a0\u00a0\u00a0\u00a0\u00a0\u00a0\u00a0\u00a0\u00a0\u00a0 73 \u20ac\/Tn <\/strong><\/p>\n<p><strong>\u00a0\u00a0\u00a0\u00a0\u00a0\u00a0\u00a0\u00a0\u00a0\u00a0\u00a0 \u00a0<\/strong><\/p>\n<p><strong>\u00a0<\/strong><\/p>\n<p><strong>Precios que han variado respecto a la semana pasada en la Mesa de Cereales de la Lonja Agropecuaria de Salamanca, donde bajan todos excepto el ma\u00edz que sube. Esta semana cotiza el trigo blando a 183 euros por tonelada. La cebada se queda en 179 euros por tonelada.<\/strong><\/p>\n<p><strong>El centeno se encuentra m\u00e1s bajo tambi\u00e9n a 168 euros, el ma\u00edz sube a 178. Por su parte la avena baja el precio de la semana anterior qued\u00e1ndose en 160 euros.<\/strong><\/p>\n<p><strong>\u00a0<\/strong><\/p>\n<p><strong>El paquete de paja grande baja su precio, quedando en 73 euros.<\/strong><\/p>\n<p><strong>LONJA AGROPECUARIA DE SEGOVIA<\/strong><\/p>\n<p><strong>\u00a0<\/strong><strong>Mesa del porcino blanco<\/strong><\/p>\n<p><strong>\u00a0<\/strong><strong>CERDO SELECTO\u00a0\u00a0\u00a0\u00a0\u00a0\u00a0\u00a0\u00a0\u00a0\u00a0\u00a0\u00a0 1,17\u20ac\/Kg vivo\u00a0 =\u00a0 <\/strong><\/p>\n<p><strong>CERDO NORMAL\u00a0\u00a0\u00a0\u00a0\u00a0\u00a0\u00a0\u00a0\u00a0\u00a0\u00a0\u00a0\u00a0 1,16\u20ac Kg vivo \u00a0=<\/strong><\/p>\n<p><strong>CERDO GRASO\u00a0\u00a0\u00a0\u00a0\u00a0\u00a0\u00a0\u00a0\u00a0\u00a0\u00a0\u00a0\u00a0\u00a0\u00a0\u00a0\u00a0 1,33\u20ac Kg vivo\u00a0 =\u00a0 <\/strong><\/p>\n<table>\n<tbody>\n<tr>\n<td width=\"296\">PRECIO DEL COCHINILLO<\/td>\n<\/tr>\n<tr>\n<td><strong>C<\/strong><strong>OCHINILLO \u00a0\u00a0\u00a0\u00a0<\/strong><\/td>\n<td><strong>\u00a0\u00a0\u00a0\u00a0 32,50\u20ac\/unidad\u00a0 <\/strong>\u00a0<strong>\u00a0<\/strong><\/td>\n<\/tr>\n<\/tbody>\n<\/table>\n<p><strong>\u00a0\u00a0\u00a0\u00a0\u00a0\u00a0\u00a0\u00a0\u00a0\u00a0 <\/strong><strong><br \/>\n<\/strong><\/p>\n<p><strong>\u00a0<\/strong><strong>En la Mesa del Porcino Blanco de la Lonja de Segovia se mantienen todas las cotizaciones. De este modo, nos encontramos a 1,17\u20ac por kilo vivo el cerdo selecto, 1.16 \u20ac por kilo vivo el cerdo normal y 1,33\u20ac por kilo vivo el cerdo graso. <\/strong><\/p>\n<p><strong>El precio del cochinillo sube, quedando en 32.50\u20ac por unidad. <\/strong><strong>\u00a0<\/strong><\/p>\n<p><strong>LONJA AGROPECUARIA DE SALAMANCA<\/strong><strong>\u00a0<\/strong><\/p>\n<p><strong>Mesa del porcino ib\u00e9rico<\/strong><\/p>\n<p><strong>BELLOTA 100% IB \u00a0 \u00a0 \u00a0 \u00a0 \u00a0 \u00a0<\/strong> <strong>s.c<\/strong><\/p>\n<p><strong>BELLOTA 75% IB\u00a0\u00a0\u00a0\u00a0\u00a0\u00a0\u00a0\u00a0\u00a0\u00a0\u00a0\u00a0\u00a0\u00a0 s.c<\/strong><\/p>\n<p><strong>BELLOTA 50% IB\u00a0\u00a0\u00a0\u00a0\u00a0\u00a0\u00a0\u00a0\u00a0\u00a0\u00a0\u00a0\u00a0\u00a0 s.c<\/strong><\/p>\n<p><strong>CEBO DE CAMPO \u00a0\u00a0\u00a0\u00a0\u00a0\u00a0\u00a0\u00a0\u00a0\u00a0\u00a0\u00a0 2,19 \u20ac\/Kg vivo <\/strong><\/p>\n<p><strong>CEBO\u00a0\u00a0\u00a0\u00a0\u00a0\u00a0\u00a0\u00a0\u00a0\u00a0\u00a0\u00a0\u00a0\u00a0\u00a0\u00a0\u00a0\u00a0\u00a0\u00a0\u00a0\u00a0\u00a0\u00a0\u00a0\u00a0\u00a0\u00a0\u00a0\u00a0\u00a0 2,09 \u20ac\/Kg vivo <\/strong><\/p>\n<p><strong>\u00a0<\/strong><\/p>\n<p><strong>La Mesa del Porcino Ib\u00e9rico de la Lonja de Salamanca est\u00e1n sin cotizaci\u00f3n en el bellota cien por cien ib\u00e9rico, en el 75 y en el 50 por ciento por kilo vivo. Bajan los precios en el cebo de campo hasta quedarse en 2,19 \u20ac por kilo vivo, y el cebo por su parte hasta 2,09 \u20ac por kilo vivo.<\/strong><\/p>\n<p><strong>LONJA AGROPECUARIA DE SALAMANCA<\/strong><\/p>\n<p><strong>\u00a0<\/strong><strong>Mesa de Ovino<\/strong><\/p>\n<p><strong>LECHAZO\u00a0\u00a0\u00a0\u00a0\u00a0\u00a0\u00a0\u00a0\u00a0\u00a0\u00a0\u00a0\u00a0\u00a0\u00a0 3,15 \u20ac\/Kg vivo\u00a0\u00a0 <\/strong><\/p>\n<p><strong>(de 13 a 15 kg)<\/strong><\/p>\n<p><strong>\u00a0<\/strong><\/p>\n<p><strong>CORDERO\u00a0\u00a0\u00a0\u00a0\u00a0\u00a0\u00a0\u00a0\u00a0\u00a0\u00a0\u00a0\u00a0\u00a0 2,65 \u20ac\/Kg vivo<\/strong><strong>\u00a0 <\/strong><strong>\u00a0\u00a0=<\/strong><\/p>\n<p><strong>\u00a0(de 19 a 23 kg)<\/strong><\/p>\n<p><strong>Y tambi\u00e9n en Salamanca, esta vez hay bajada y repetici\u00f3n en la mesa del ovino. Esta semana se registra un precio para el lechazo de 13 a 15 kilos en\u00a0 3,15 euros, con una bajada de diez c\u00e9ntimos por kilo vivo, y hay repetici\u00f3n en el cordero , de 19 a 23 kilos, cotizando a 2.65 euros el kilo vivo.<\/strong><\/p>\n<p><strong>MERCADO DE GANADOS DE TALAVERA DE LA REINA<\/strong><\/p>\n<p>&nbsp;<\/p>\n<table>\n<tbody>\n<tr>\n<td width=\"291\">\u00a0<strong>Cabrito lechal\u00a0\u00a0\u00a0\u00a0\u00a0<\/strong><\/td>\n<\/tr>\n<tr>\n<td>\u00a0<strong>(entre 7 y 10 kg)<\/strong><\/td>\n<td>\u00a0<strong>\u00a0\u00a0 3,30 \u20ac\/Kg vivo\u00a0 <\/strong><\/td>\n<\/tr>\n<\/tbody>\n<\/table>\n<p><strong>La carne de cabrito nos deja, una bajada de precio de este producto en el Mercado de Ganados de Talavera de la Reina cotizando a 3,30 euros por kilo vivo.\u00a0 <\/strong><\/p>\n<p><strong>LONJA AGROPECUARIA DE SALAMANCA<\/strong><\/p>\n<p><strong>Mesa de vacuno<\/strong><\/p>\n<p><strong>BOVINO DE CARNE\u00a0\u00a0\u00a0\u00a0\u00a0\u00a0\u00a0\u00a0\u00a0\u00a0\u00a0\u00a0\u00a0\u00a0\u00a0\u00a0\u00a0\u00a0\u00a0\u00a0\u00a0 4,22\/Kg canal =<\/strong><\/p>\n<p><strong>(Menor de 12 meses)<\/strong><strong>\u00a0<\/strong><\/p>\n<p><strong>TERNERAS\u00a0\u00a0\u00a0\u00a0\u00a0\u00a0\u00a0\u00a0\u00a0\u00a0\u00a0\u00a0\u00a0\u00a0\u00a0\u00a0\u00a0\u00a0\u00a0\u00a0\u00a0\u00a0\u00a0\u00a0\u00a0\u00a0\u00a0\u00a0\u00a0\u00a0\u00a0\u00a0\u00a0\u00a0\u00a0\u00a0\u00a0 4,12 \u20ac\/Kg canal\u00a0 =<\/strong><\/p>\n<p><strong>(Mayor de 12 meses)<\/strong><strong>\u00a0\u00a0\u00a0\u00a0\u00a0\u00a0\u00a0\u00a0\u00a0 <\/strong><\/p>\n<p><strong>A\u00d1OJOS\u00a0\u00a0\u00a0\u00a0\u00a0\u00a0\u00a0\u00a0\u00a0\u00a0\u00a0\u00a0\u00a0\u00a0\u00a0\u00a0\u00a0\u00a0\u00a0\u00a0\u00a0\u00a0\u00a0\u00a0\u00a0\u00a0\u00a0\u00a0\u00a0\u00a0\u00a0\u00a0\u00a0\u00a0\u00a0\u00a0\u00a0\u00a0\u00a0\u00a0\u00a0\u00a0 4,11 \u20ac\/Kg canal\u00a0 =<\/strong><\/p>\n<p><strong>NOVILLOS\u00a0\u00a0\u00a0\u00a0\u00a0\u00a0\u00a0\u00a0\u00a0\u00a0\u00a0\u00a0\u00a0\u00a0\u00a0\u00a0\u00a0\u00a0\u00a0\u00a0\u00a0\u00a0\u00a0\u00a0\u00a0\u00a0\u00a0\u00a0\u00a0\u00a0\u00a0\u00a0\u00a0\u00a0\u00a0\u00a0\u00a0 2,55 \u20ac\/Kg canal =<\/strong><\/p>\n<p><strong>En la l\u00ednea de otros productos de la Lonja de Salamanca, la Mesa de Vacuno se presenta sin variaciones. <\/strong><\/p>\n<p><strong>El bovino de carne, que cotiza a 4,22, las terneras, a 4,12 euros. Por otro lado, los a\u00f1ojos cotizan a 4,11 euros, y en los novillos, a 2,55 euros el kilo\/canal.<\/strong><\/p>\n","protected":false},"excerpt":{"rendered":"<p>LONJA Iniciamos el repaso semanal a los mercados agrarios de la Comunidad para conocer las cotizaciones de las mesas de ganado y cereales. \u00a0 LONJA AGROPECUARIA DE SALAMANCA Mesa de cereales \u00a0TRIGO BLANDO\u00a0\u00a0\u00a0\u00a0\u00a0\u00a0\u00a0\u00a0\u00a0\u00a0\u00a0\u00a0\u00a0\u00a0\u00a0\u00a0\u00a0\u00a0\u00a0\u00a0\u00a0\u00a0\u00a0\u00a0\u00a0\u00a0\u00a0 183\u20ac\/Tn \u00a0 CEBADA\u00a0\u00a0\u00a0\u00a0\u00a0\u00a0\u00a0\u00a0\u00a0\u00a0\u00a0\u00a0\u00a0\u00a0\u00a0\u00a0\u00a0\u00a0\u00a0\u00a0\u00a0\u00a0\u00a0\u00a0\u00a0\u00a0\u00a0\u00a0\u00a0\u00a0\u00a0\u00a0\u00a0\u00a0\u00a0\u00a0\u00a0\u00a0\u00a0\u00a0\u00a0\u00a0 179\u20ac\/Tn \u00a0 CENTENO\u00a0\u00a0\u00a0\u00a0\u00a0\u00a0\u00a0\u00a0\u00a0\u00a0\u00a0\u00a0\u00a0\u00a0\u00a0\u00a0\u00a0\u00a0\u00a0\u00a0\u00a0\u00a0\u00a0\u00a0\u00a0\u00a0\u00a0 \u00a0\u00a0\u00a0\u00a0\u00a0\u00a0\u00a0\u00a0\u00a0\u00a0\u00a0 168\u20ac\/Tn MA\u00cdZ\u00a0\u00a0\u00a0\u00a0\u00a0\u00a0\u00a0\u00a0\u00a0\u00a0\u00a0\u00a0\u00a0\u00a0\u00a0\u00a0\u00a0\u00a0\u00a0\u00a0\u00a0\u00a0\u00a0\u00a0\u00a0\u00a0\u00a0\u00a0\u00a0\u00a0\u00a0\u00a0\u00a0\u00a0\u00a0\u00a0\u00a0\u00a0\u00a0\u00a0\u00a0\u00a0\u00a0\u00a0\u00a0\u00a0\u00a0\u00a0 178\u20ac\/Tn AVENA\u00a0\u00a0\u00a0\u00a0\u00a0\u00a0\u00a0\u00a0\u00a0\u00a0\u00a0\u00a0\u00a0\u00a0\u00a0\u00a0\u00a0\u00a0\u00a0\u00a0\u00a0\u00a0\u00a0\u00a0\u00a0\u00a0\u00a0\u00a0\u00a0\u00a0\u00a0\u00a0\u00a0\u00a0\u00a0\u00a0\u00a0\u00a0\u00a0\u00a0\u00a0\u00a0\u00a0\u00a0 160\u20ac\/Tn \u00a0 PAJA \u00a0\u00a0\u00a0\u00a0\u00a0\u00a0\u00a0\u00a0\u00a0\u00a0\u00a0 Paquete grande\u00a0\u00a0\u00a0\u00a0\u00a0\u00a0\u00a0\u00a0\u00a0\u00a0\u00a0\u00a0\u00a0\u00a0\u00a0\u00a0\u00a0\u00a0\u00a0\u00a0 73 \u20ac\/Tn \u00a0\u00a0\u00a0\u00a0\u00a0\u00a0\u00a0\u00a0\u00a0\u00a0\u00a0 \u00a0 \u00a0 [&hellip;]<\/p>\n","protected":false},"author":6,"featured_media":3351,"comment_status":"open","ping_status":"open","sticky":false,"template":"","format":"standard","meta":{"footnotes":""},"categories":[8,44,9],"tags":[],"yoast_head":"<!-- This site is optimized with the Yoast SEO plugin v24.5 - https:\/\/yoast.com\/wordpress\/plugins\/seo\/ -->\n<title>La Lonja. Semana 30 de abril de 2018 - ASAJA \u00c1vila<\/title>\n<meta name=\"description\" content=\"LONJA Iniciamos el repaso semanal a los mercados agrarios de la Comunidad para conocer las cotizaciones de las mesas de ganado y cereales. \u00a0 LONJA\" \/>\n<meta name=\"robots\" content=\"index, follow, max-snippet:-1, max-image-preview:large, max-video-preview:-1\" \/>\n<link rel=\"canonical\" href=\"https:\/\/www.asajacyl.com\/avila\/asaja-avila-informa\/la-lonja-semana-30-abril-2018\" \/>\n<meta property=\"og:locale\" content=\"es_ES\" \/>\n<meta property=\"og:type\" content=\"article\" \/>\n<meta property=\"og:title\" content=\"La Lonja. Semana 30 de abril de 2018 - ASAJA \u00c1vila\" \/>\n<meta property=\"og:description\" content=\"LONJA Iniciamos el repaso semanal a los mercados agrarios de la Comunidad para conocer las cotizaciones de las mesas de ganado y cereales. \u00a0 LONJA\" \/>\n<meta property=\"og:url\" content=\"https:\/\/www.asajacyl.com\/avila\/asaja-avila-informa\/la-lonja-semana-30-abril-2018\" \/>\n<meta property=\"og:site_name\" content=\"ASAJA \u00c1vila\" \/>\n<meta property=\"article:published_time\" content=\"2018-05-02T10:51:27+00:00\" \/>\n<meta property=\"og:image\" content=\"https:\/\/www.asajacyl.com\/avila\/wp-content\/uploads\/sites\/4\/2018\/02\/LONJAS_ASAJA.jpg\" \/>\n\t<meta property=\"og:image:width\" content=\"1570\" \/>\n\t<meta property=\"og:image:height\" content=\"916\" \/>\n\t<meta property=\"og:image:type\" content=\"image\/jpeg\" \/>\n<meta name=\"author\" content=\"Joaqu\u00edn\" \/>\n<meta name=\"twitter:card\" content=\"summary_large_image\" \/>\n<meta name=\"twitter:label1\" content=\"Escrito por\" \/>\n\t<meta name=\"twitter:data1\" content=\"Joaqu\u00edn\" \/>\n\t<meta name=\"twitter:label2\" content=\"Tiempo de lectura\" \/>\n\t<meta name=\"twitter:data2\" content=\"2 minutos\" \/>\n<script type=\"application\/ld+json\" class=\"yoast-schema-graph\">{\"@context\":\"https:\/\/schema.org\",\"@graph\":[{\"@type\":\"WebPage\",\"@id\":\"https:\/\/www.asajacyl.com\/avila\/asaja-avila-informa\/la-lonja-semana-30-abril-2018\",\"url\":\"https:\/\/www.asajacyl.com\/avila\/asaja-avila-informa\/la-lonja-semana-30-abril-2018\",\"name\":\"La Lonja. Semana 30 de abril de 2018 - ASAJA \u00c1vila\",\"isPartOf\":{\"@id\":\"https:\/\/www.asajacyl.com\/avila\/#website\"},\"primaryImageOfPage\":{\"@id\":\"https:\/\/www.asajacyl.com\/avila\/asaja-avila-informa\/la-lonja-semana-30-abril-2018#primaryimage\"},\"image\":{\"@id\":\"https:\/\/www.asajacyl.com\/avila\/asaja-avila-informa\/la-lonja-semana-30-abril-2018#primaryimage\"},\"thumbnailUrl\":\"https:\/\/www.asajacyl.com\/avila\/wp-content\/uploads\/sites\/4\/2018\/02\/LONJAS_ASAJA.jpg\",\"datePublished\":\"2018-05-02T10:51:27+00:00\",\"author\":{\"@id\":\"https:\/\/www.asajacyl.com\/avila\/#\/schema\/person\/daf3c5c7d3afd005798ec283b78826ed\"},\"description\":\"LONJA Iniciamos el repaso semanal a los mercados agrarios de la Comunidad para conocer las cotizaciones de las mesas de ganado y cereales. \u00a0 LONJA\",\"breadcrumb\":{\"@id\":\"https:\/\/www.asajacyl.com\/avila\/asaja-avila-informa\/la-lonja-semana-30-abril-2018#breadcrumb\"},\"inLanguage\":\"es\",\"potentialAction\":[{\"@type\":\"ReadAction\",\"target\":[\"https:\/\/www.asajacyl.com\/avila\/asaja-avila-informa\/la-lonja-semana-30-abril-2018\"]}]},{\"@type\":\"ImageObject\",\"inLanguage\":\"es\",\"@id\":\"https:\/\/www.asajacyl.com\/avila\/asaja-avila-informa\/la-lonja-semana-30-abril-2018#primaryimage\",\"url\":\"https:\/\/www.asajacyl.com\/avila\/wp-content\/uploads\/sites\/4\/2018\/02\/LONJAS_ASAJA.jpg\",\"contentUrl\":\"https:\/\/www.asajacyl.com\/avila\/wp-content\/uploads\/sites\/4\/2018\/02\/LONJAS_ASAJA.jpg\",\"width\":1570,\"height\":916},{\"@type\":\"BreadcrumbList\",\"@id\":\"https:\/\/www.asajacyl.com\/avila\/asaja-avila-informa\/la-lonja-semana-30-abril-2018#breadcrumb\",\"itemListElement\":[{\"@type\":\"ListItem\",\"position\":1,\"name\":\"Portada\",\"item\":\"https:\/\/www.asajacyl.com\/avila\/\"},{\"@type\":\"ListItem\",\"position\":2,\"name\":\"La Lonja. Semana 30 de abril de 2018\"}]},{\"@type\":\"WebSite\",\"@id\":\"https:\/\/www.asajacyl.com\/avila\/#website\",\"url\":\"https:\/\/www.asajacyl.com\/avila\/\",\"name\":\"ASAJA \u00c1vila\",\"description\":\"Otro sitio m\u00e1s de Provincias ASAJA Castilla y Le\u00f3n\",\"potentialAction\":[{\"@type\":\"SearchAction\",\"target\":{\"@type\":\"EntryPoint\",\"urlTemplate\":\"https:\/\/www.asajacyl.com\/avila\/?s={search_term_string}\"},\"query-input\":{\"@type\":\"PropertyValueSpecification\",\"valueRequired\":true,\"valueName\":\"search_term_string\"}}],\"inLanguage\":\"es\"},{\"@type\":\"Person\",\"@id\":\"https:\/\/www.asajacyl.com\/avila\/#\/schema\/person\/daf3c5c7d3afd005798ec283b78826ed\",\"name\":\"Joaqu\u00edn\",\"image\":{\"@type\":\"ImageObject\",\"inLanguage\":\"es\",\"@id\":\"https:\/\/www.asajacyl.com\/avila\/#\/schema\/person\/image\/\",\"url\":\"https:\/\/secure.gravatar.com\/avatar\/8a87f10166ff5a8a3b0c21a125bc069d?s=96&d=mm&r=g\",\"contentUrl\":\"https:\/\/secure.gravatar.com\/avatar\/8a87f10166ff5a8a3b0c21a125bc069d?s=96&d=mm&r=g\",\"caption\":\"Joaqu\u00edn\"},\"url\":\"https:\/\/www.asajacyl.com\/avila\/author\/joaquinap\"}]}<\/script>\n<!-- \/ Yoast SEO plugin. -->","yoast_head_json":{"title":"La Lonja. Semana 30 de abril de 2018 - ASAJA \u00c1vila","description":"LONJA Iniciamos el repaso semanal a los mercados agrarios de la Comunidad para conocer las cotizaciones de las mesas de ganado y cereales. \u00a0 LONJA","robots":{"index":"index","follow":"follow","max-snippet":"max-snippet:-1","max-image-preview":"max-image-preview:large","max-video-preview":"max-video-preview:-1"},"canonical":"https:\/\/www.asajacyl.com\/avila\/asaja-avila-informa\/la-lonja-semana-30-abril-2018","og_locale":"es_ES","og_type":"article","og_title":"La Lonja. Semana 30 de abril de 2018 - ASAJA \u00c1vila","og_description":"LONJA Iniciamos el repaso semanal a los mercados agrarios de la Comunidad para conocer las cotizaciones de las mesas de ganado y cereales. \u00a0 LONJA","og_url":"https:\/\/www.asajacyl.com\/avila\/asaja-avila-informa\/la-lonja-semana-30-abril-2018","og_site_name":"ASAJA \u00c1vila","article_published_time":"2018-05-02T10:51:27+00:00","og_image":[{"width":1570,"height":916,"url":"https:\/\/www.asajacyl.com\/avila\/wp-content\/uploads\/sites\/4\/2018\/02\/LONJAS_ASAJA.jpg","type":"image\/jpeg"}],"author":"Joaqu\u00edn","twitter_card":"summary_large_image","twitter_misc":{"Escrito por":"Joaqu\u00edn","Tiempo de lectura":"2 minutos"},"schema":{"@context":"https:\/\/schema.org","@graph":[{"@type":"WebPage","@id":"https:\/\/www.asajacyl.com\/avila\/asaja-avila-informa\/la-lonja-semana-30-abril-2018","url":"https:\/\/www.asajacyl.com\/avila\/asaja-avila-informa\/la-lonja-semana-30-abril-2018","name":"La Lonja. Semana 30 de abril de 2018 - ASAJA \u00c1vila","isPartOf":{"@id":"https:\/\/www.asajacyl.com\/avila\/#website"},"primaryImageOfPage":{"@id":"https:\/\/www.asajacyl.com\/avila\/asaja-avila-informa\/la-lonja-semana-30-abril-2018#primaryimage"},"image":{"@id":"https:\/\/www.asajacyl.com\/avila\/asaja-avila-informa\/la-lonja-semana-30-abril-2018#primaryimage"},"thumbnailUrl":"https:\/\/www.asajacyl.com\/avila\/wp-content\/uploads\/sites\/4\/2018\/02\/LONJAS_ASAJA.jpg","datePublished":"2018-05-02T10:51:27+00:00","author":{"@id":"https:\/\/www.asajacyl.com\/avila\/#\/schema\/person\/daf3c5c7d3afd005798ec283b78826ed"},"description":"LONJA Iniciamos el repaso semanal a los mercados agrarios de la Comunidad para conocer las cotizaciones de las mesas de ganado y cereales. \u00a0 LONJA","breadcrumb":{"@id":"https:\/\/www.asajacyl.com\/avila\/asaja-avila-informa\/la-lonja-semana-30-abril-2018#breadcrumb"},"inLanguage":"es","potentialAction":[{"@type":"ReadAction","target":["https:\/\/www.asajacyl.com\/avila\/asaja-avila-informa\/la-lonja-semana-30-abril-2018"]}]},{"@type":"ImageObject","inLanguage":"es","@id":"https:\/\/www.asajacyl.com\/avila\/asaja-avila-informa\/la-lonja-semana-30-abril-2018#primaryimage","url":"https:\/\/www.asajacyl.com\/avila\/wp-content\/uploads\/sites\/4\/2018\/02\/LONJAS_ASAJA.jpg","contentUrl":"https:\/\/www.asajacyl.com\/avila\/wp-content\/uploads\/sites\/4\/2018\/02\/LONJAS_ASAJA.jpg","width":1570,"height":916},{"@type":"BreadcrumbList","@id":"https:\/\/www.asajacyl.com\/avila\/asaja-avila-informa\/la-lonja-semana-30-abril-2018#breadcrumb","itemListElement":[{"@type":"ListItem","position":1,"name":"Portada","item":"https:\/\/www.asajacyl.com\/avila\/"},{"@type":"ListItem","position":2,"name":"La Lonja. Semana 30 de abril de 2018"}]},{"@type":"WebSite","@id":"https:\/\/www.asajacyl.com\/avila\/#website","url":"https:\/\/www.asajacyl.com\/avila\/","name":"ASAJA \u00c1vila","description":"Otro sitio m\u00e1s de Provincias ASAJA Castilla y Le\u00f3n","potentialAction":[{"@type":"SearchAction","target":{"@type":"EntryPoint","urlTemplate":"https:\/\/www.asajacyl.com\/avila\/?s={search_term_string}"},"query-input":{"@type":"PropertyValueSpecification","valueRequired":true,"valueName":"search_term_string"}}],"inLanguage":"es"},{"@type":"Person","@id":"https:\/\/www.asajacyl.com\/avila\/#\/schema\/person\/daf3c5c7d3afd005798ec283b78826ed","name":"Joaqu\u00edn","image":{"@type":"ImageObject","inLanguage":"es","@id":"https:\/\/www.asajacyl.com\/avila\/#\/schema\/person\/image\/","url":"https:\/\/secure.gravatar.com\/avatar\/8a87f10166ff5a8a3b0c21a125bc069d?s=96&d=mm&r=g","contentUrl":"https:\/\/secure.gravatar.com\/avatar\/8a87f10166ff5a8a3b0c21a125bc069d?s=96&d=mm&r=g","caption":"Joaqu\u00edn"},"url":"https:\/\/www.asajacyl.com\/avila\/author\/joaquinap"}]}},"_links":{"self":[{"href":"https:\/\/www.asajacyl.com\/avila\/wp-json\/wp\/v2\/posts\/3653"}],"collection":[{"href":"https:\/\/www.asajacyl.com\/avila\/wp-json\/wp\/v2\/posts"}],"about":[{"href":"https:\/\/www.asajacyl.com\/avila\/wp-json\/wp\/v2\/types\/post"}],"author":[{"embeddable":true,"href":"https:\/\/www.asajacyl.com\/avila\/wp-json\/wp\/v2\/users\/6"}],"replies":[{"embeddable":true,"href":"https:\/\/www.asajacyl.com\/avila\/wp-json\/wp\/v2\/comments?post=3653"}],"version-history":[{"count":1,"href":"https:\/\/www.asajacyl.com\/avila\/wp-json\/wp\/v2\/posts\/3653\/revisions"}],"predecessor-version":[{"id":3654,"href":"https:\/\/www.asajacyl.com\/avila\/wp-json\/wp\/v2\/posts\/3653\/revisions\/3654"}],"wp:featuredmedia":[{"embeddable":true,"href":"https:\/\/www.asajacyl.com\/avila\/wp-json\/wp\/v2\/media\/3351"}],"wp:attachment":[{"href":"https:\/\/www.asajacyl.com\/avila\/wp-json\/wp\/v2\/media?parent=3653"}],"wp:term":[{"taxonomy":"category","embeddable":true,"href":"https:\/\/www.asajacyl.com\/avila\/wp-json\/wp\/v2\/categories?post=3653"},{"taxonomy":"post_tag","embeddable":true,"href":"https:\/\/www.asajacyl.com\/avila\/wp-json\/wp\/v2\/tags?post=3653"}],"curies":[{"name":"wp","href":"https:\/\/api.w.org\/{rel}","templated":true}]}}