{"id":3662,"date":"2018-05-04T11:18:19","date_gmt":"2018-05-04T09:18:19","guid":{"rendered":"http:\/\/www.asajacyl.com\/avila\/?p=3662"},"modified":"2018-05-04T11:19:30","modified_gmt":"2018-05-04T09:19:30","slug":"que-entendemos-por-macrogranjas","status":"publish","type":"post","link":"https:\/\/www.asajacyl.com\/avila\/asaja-avila-informa\/que-entendemos-por-macrogranjas","title":{"rendered":"\u00bfQu\u00e9 entendemos por \u201cmacrogranjas\u201d?"},"content":{"rendered":"<p>&nbsp;<\/p>\n<div class=\"td-container\">\n<div class=\"td-pb-row\">\n<div class=\"td-pb-span12 td-main-content\" role=\"main\">\n<div class=\"td-ss-main-content\">\n<div class=\"td-post-content\">\n<h2>Los detractores de estos proyectos utilizan con sentido peyorativo el t\u00e9rmino de \u201cmacrogranjas\u201d, sabedores ellos de que la etiqueta de grandes, que parece sin\u00f3nimo de ricos, autom\u00e1ticamente les hace merecedoras de cr\u00edticas y reproches. Pero es importante analizar los datos para comprender la realidad.<\/h2>\n<figure id=\"attachment_1367\" class=\"wp-caption alignright\"><img loading=\"lazy\" decoding=\"async\" class=\"size-medium wp-image-1367 td-animation-stack-type0-2\" src=\"http:\/\/www.asajacyl.com\/wp-content\/uploads\/2017\/09\/2JA_Turrado-254x300.jpg\" alt=\"Jos\u00e9 Antonio Turrado, secretario general de Asaja Castilla y Le\u00f3n\" width=\"254\" height=\"300\" \/><figcaption class=\"wp-caption-text\">Jos\u00e9 Antonio Turrado, secretario general de Asaja Castilla y Le\u00f3n<\/figcaption><\/figure>\n<p>A ra\u00edz de la presentaci\u00f3n de distintos proyecto ganaderos a lo largo y ancho de Castilla y Le\u00f3n, han surgido voces cr\u00edticas de quienes se oponen a todo, o a casi todo, y anteponen lo que es su concepto de bienestar y\u00a0 tranquilidad a lo que ser\u00eda una actividad ganadera o una industria que pudiera traer actividad econ\u00f3mica y empleo a los pueblos. Los detractores de estos proyectos utilizan con sentido peyorativo el t\u00e9rmino de \u201cmacrogranjas\u201d, sabedores ellos de que la etiqueta de grandes, que parece sin\u00f3nimo de ricos, autom\u00e1ticamente les hace merecedoras de cr\u00edticas y reproches. Sin entrar en los tr\u00e1mites administrativos de concesi\u00f3n de licencias y autorizaciones, que eso ya tiene su cauce legal establecido \u2013por cierto caro, largo, engorroso y garantista\u2013, las organizaciones agrarias y sus representantes tenemos la obligaci\u00f3n de poner \u201cnegro sobre blanco\u201d en lo que respecta al dise\u00f1o de la pol\u00edtica agroganadera del presente y del futuro.<\/p>\n<p>En primer lugar, lo del tama\u00f1o no es un capricho, pues la dimensi\u00f3n de las explotaciones, en un mundo globalizado, viene marcada por criterios de eficiencia, y una inversi\u00f3n que se tarda en amortizar no menos de quince a\u00f1os \u2013y contablemente m\u00e1s del doble\u2013,\u00a0 hay que hacerla con la vista puesta en el futuro, no en el pasado que vivieron nuestros abuelos. Afirmo con rotundidad que todas las explotaciones ganaderas proyectadas en la actualidad, o que se proyectar\u00e1n en los pr\u00f3ximos a\u00f1os, van a ser grandes, o al menos grandes a los ojos de los jubilados que viven en nuestros pueblos o de los de fuera del sector que desconocen la realidad del campo. Si ser grandes significa ser m\u00e1s competitivos, significa generar m\u00e1s recursos econ\u00f3micos, significa crear empleo en los n\u00facleos rurales, y significa aprovisionar de manera m\u00e1s eficiente a una industria agroalimentaria que trata de competir en los mercados internacionales, bienvenido sea el tama\u00f1o.<\/p>\n<p>Por otra parte, nos sentimos perjudicados cuando se etiqueta un proyecto de macrogranjas sin que en realidad lo sea, y me explico. Una granja de producci\u00f3n de cerdos de 3.500 madres, si fuera en un sistema productivo de \u201cciclo cerrado\u201d, se tratar\u00eda de un gran complejo ganadero, pues junto a las 3.500 madres se <img loading=\"lazy\" decoding=\"async\" class=\"size-medium wp-image-207 alignright td-animation-stack-type0-2\" src=\"http:\/\/www.asajacyl.com\/wp-content\/uploads\/2017\/09\/web_porcino_explotacion-300x190.jpg\" alt=\"ASAJA denuncia la ineficaz pol\u00edtica de la consejer\u00eda de Agricultura en el apoyo al seguro agrario y ganadero\" width=\"300\" height=\"190\" \/>cebar\u00edan diariamente otros 42.000 cerdos, para lo que se requerir\u00edan naves de superficie equivalente a cuatro campos de f\u00fatbol. Pero en lo que no ha reparado quien se opone a estos proyectos, y alegremente califica de macrogranjas, es que ya no se construyen explotaciones porcinas de \u201cciclo cerrado\u201d, sino que los cerdos se separan de las madres, en pocos d\u00edas, finalizada la lactancia, y se ceban en naves integradas, de una dimensi\u00f3n media de unas dos mil plazas \u2013 dos mil metros cuadrados construidos\u2013, repartidas por el amplio territorio de Castilla y Le\u00f3n, y en ning\u00fan caso pr\u00f3ximas al n\u00facleo de reproductoras. Este sistema productivo del que Espa\u00f1a es pionera a nivel mundial, y que nos ha situado en el tercer puesto del ranking de pa\u00edses productores y exportadores de porcino del continente, es tambi\u00e9n el m\u00e1s sostenible, el que da m\u00e1s participaci\u00f3n a la explotaci\u00f3n familiar, el m\u00e1s acertado desde el punto de vista de la sanidad animal, y el menos agresivo desde el punto de vista medioambiental. Y si ponemos muchas pegas, estas empresas se ir\u00e1n a otro sitio.<\/p>\n<p><strong><em>Jos\u00e9 Antonio Turrado. Secretario General ASAJA Castilla y Le\u00f3n<\/em><\/strong><\/p>\n<\/div>\n<\/div>\n<\/div>\n<\/div>\n<\/div>\n<p>&nbsp;<\/p>\n","protected":false},"excerpt":{"rendered":"<p>&nbsp; Los detractores de estos proyectos utilizan con sentido peyorativo el t\u00e9rmino de \u201cmacrogranjas\u201d, sabedores ellos de que la etiqueta de grandes, que parece sin\u00f3nimo de ricos, autom\u00e1ticamente les hace merecedoras de cr\u00edticas y reproches. Pero es importante analizar los datos para comprender la realidad. Jos\u00e9 Antonio Turrado, secretario general de Asaja Castilla y Le\u00f3n [&hellip;]<\/p>\n","protected":false},"author":6,"featured_media":2981,"comment_status":"open","ping_status":"open","sticky":false,"template":"","format":"standard","meta":{"footnotes":""},"categories":[8,19],"tags":[],"yoast_head":"<!-- This site is optimized with the Yoast SEO plugin v24.5 - https:\/\/yoast.com\/wordpress\/plugins\/seo\/ -->\n<title>\u00bfQu\u00e9 entendemos por \u201cmacrogranjas\u201d? - ASAJA \u00c1vila<\/title>\n<meta name=\"description\" content=\"&nbsp; Los detractores de estos proyectos utilizan con sentido peyorativo el t\u00e9rmino de \u201cmacrogranjas\u201d, sabedores ellos de que la etiqueta de grandes, que\" \/>\n<meta name=\"robots\" content=\"index, follow, max-snippet:-1, max-image-preview:large, max-video-preview:-1\" \/>\n<link rel=\"canonical\" href=\"https:\/\/www.asajacyl.com\/avila\/asaja-avila-informa\/que-entendemos-por-macrogranjas\" \/>\n<meta property=\"og:locale\" content=\"es_ES\" \/>\n<meta property=\"og:type\" content=\"article\" \/>\n<meta property=\"og:title\" content=\"\u00bfQu\u00e9 entendemos por \u201cmacrogranjas\u201d? - ASAJA \u00c1vila\" \/>\n<meta property=\"og:description\" content=\"&nbsp; Los detractores de estos proyectos utilizan con sentido peyorativo el t\u00e9rmino de \u201cmacrogranjas\u201d, sabedores ellos de que la etiqueta de grandes, que\" \/>\n<meta property=\"og:url\" content=\"https:\/\/www.asajacyl.com\/avila\/asaja-avila-informa\/que-entendemos-por-macrogranjas\" \/>\n<meta property=\"og:site_name\" content=\"ASAJA \u00c1vila\" \/>\n<meta property=\"article:published_time\" content=\"2018-05-04T09:18:19+00:00\" \/>\n<meta property=\"article:modified_time\" content=\"2018-05-04T09:19:30+00:00\" \/>\n<meta property=\"og:image\" content=\"https:\/\/www.asajacyl.com\/avila\/wp-content\/uploads\/sites\/4\/2018\/01\/OFICINA-DE-\u00c1VILA-2.jpg\" \/>\n\t<meta property=\"og:image:width\" content=\"2500\" \/>\n\t<meta property=\"og:image:height\" content=\"1406\" \/>\n\t<meta property=\"og:image:type\" content=\"image\/jpeg\" \/>\n<meta name=\"author\" content=\"Joaqu\u00edn\" \/>\n<meta name=\"twitter:card\" content=\"summary_large_image\" \/>\n<meta name=\"twitter:label1\" content=\"Escrito por\" \/>\n\t<meta name=\"twitter:data1\" content=\"Joaqu\u00edn\" \/>\n\t<meta name=\"twitter:label2\" content=\"Tiempo de lectura\" \/>\n\t<meta name=\"twitter:data2\" content=\"3 minutos\" \/>\n<script type=\"application\/ld+json\" class=\"yoast-schema-graph\">{\"@context\":\"https:\/\/schema.org\",\"@graph\":[{\"@type\":\"WebPage\",\"@id\":\"https:\/\/www.asajacyl.com\/avila\/asaja-avila-informa\/que-entendemos-por-macrogranjas\",\"url\":\"https:\/\/www.asajacyl.com\/avila\/asaja-avila-informa\/que-entendemos-por-macrogranjas\",\"name\":\"\u00bfQu\u00e9 entendemos por \u201cmacrogranjas\u201d? - ASAJA \u00c1vila\",\"isPartOf\":{\"@id\":\"https:\/\/www.asajacyl.com\/avila\/#website\"},\"primaryImageOfPage\":{\"@id\":\"https:\/\/www.asajacyl.com\/avila\/asaja-avila-informa\/que-entendemos-por-macrogranjas#primaryimage\"},\"image\":{\"@id\":\"https:\/\/www.asajacyl.com\/avila\/asaja-avila-informa\/que-entendemos-por-macrogranjas#primaryimage\"},\"thumbnailUrl\":\"https:\/\/www.asajacyl.com\/avila\/wp-content\/uploads\/sites\/4\/2018\/01\/OFICINA-DE-\u00c1VILA-2.jpg\",\"datePublished\":\"2018-05-04T09:18:19+00:00\",\"dateModified\":\"2018-05-04T09:19:30+00:00\",\"author\":{\"@id\":\"https:\/\/www.asajacyl.com\/avila\/#\/schema\/person\/daf3c5c7d3afd005798ec283b78826ed\"},\"description\":\"&nbsp; Los detractores de estos proyectos utilizan con sentido peyorativo el t\u00e9rmino de \u201cmacrogranjas\u201d, sabedores ellos de que la etiqueta de grandes, que\",\"breadcrumb\":{\"@id\":\"https:\/\/www.asajacyl.com\/avila\/asaja-avila-informa\/que-entendemos-por-macrogranjas#breadcrumb\"},\"inLanguage\":\"es\",\"potentialAction\":[{\"@type\":\"ReadAction\",\"target\":[\"https:\/\/www.asajacyl.com\/avila\/asaja-avila-informa\/que-entendemos-por-macrogranjas\"]}]},{\"@type\":\"ImageObject\",\"inLanguage\":\"es\",\"@id\":\"https:\/\/www.asajacyl.com\/avila\/asaja-avila-informa\/que-entendemos-por-macrogranjas#primaryimage\",\"url\":\"https:\/\/www.asajacyl.com\/avila\/wp-content\/uploads\/sites\/4\/2018\/01\/OFICINA-DE-\u00c1VILA-2.jpg\",\"contentUrl\":\"https:\/\/www.asajacyl.com\/avila\/wp-content\/uploads\/sites\/4\/2018\/01\/OFICINA-DE-\u00c1VILA-2.jpg\",\"width\":2500,\"height\":1406},{\"@type\":\"BreadcrumbList\",\"@id\":\"https:\/\/www.asajacyl.com\/avila\/asaja-avila-informa\/que-entendemos-por-macrogranjas#breadcrumb\",\"itemListElement\":[{\"@type\":\"ListItem\",\"position\":1,\"name\":\"Portada\",\"item\":\"https:\/\/www.asajacyl.com\/avila\/\"},{\"@type\":\"ListItem\",\"position\":2,\"name\":\"\u00bfQu\u00e9 entendemos por \u201cmacrogranjas\u201d?\"}]},{\"@type\":\"WebSite\",\"@id\":\"https:\/\/www.asajacyl.com\/avila\/#website\",\"url\":\"https:\/\/www.asajacyl.com\/avila\/\",\"name\":\"ASAJA \u00c1vila\",\"description\":\"Otro sitio m\u00e1s de Provincias ASAJA Castilla y Le\u00f3n\",\"potentialAction\":[{\"@type\":\"SearchAction\",\"target\":{\"@type\":\"EntryPoint\",\"urlTemplate\":\"https:\/\/www.asajacyl.com\/avila\/?s={search_term_string}\"},\"query-input\":{\"@type\":\"PropertyValueSpecification\",\"valueRequired\":true,\"valueName\":\"search_term_string\"}}],\"inLanguage\":\"es\"},{\"@type\":\"Person\",\"@id\":\"https:\/\/www.asajacyl.com\/avila\/#\/schema\/person\/daf3c5c7d3afd005798ec283b78826ed\",\"name\":\"Joaqu\u00edn\",\"image\":{\"@type\":\"ImageObject\",\"inLanguage\":\"es\",\"@id\":\"https:\/\/www.asajacyl.com\/avila\/#\/schema\/person\/image\/\",\"url\":\"https:\/\/secure.gravatar.com\/avatar\/8a87f10166ff5a8a3b0c21a125bc069d?s=96&d=mm&r=g\",\"contentUrl\":\"https:\/\/secure.gravatar.com\/avatar\/8a87f10166ff5a8a3b0c21a125bc069d?s=96&d=mm&r=g\",\"caption\":\"Joaqu\u00edn\"},\"url\":\"https:\/\/www.asajacyl.com\/avila\/author\/joaquinap\"}]}<\/script>\n<!-- \/ Yoast SEO plugin. -->","yoast_head_json":{"title":"\u00bfQu\u00e9 entendemos por \u201cmacrogranjas\u201d? - ASAJA \u00c1vila","description":"&nbsp; Los detractores de estos proyectos utilizan con sentido peyorativo el t\u00e9rmino de \u201cmacrogranjas\u201d, sabedores ellos de que la etiqueta de grandes, que","robots":{"index":"index","follow":"follow","max-snippet":"max-snippet:-1","max-image-preview":"max-image-preview:large","max-video-preview":"max-video-preview:-1"},"canonical":"https:\/\/www.asajacyl.com\/avila\/asaja-avila-informa\/que-entendemos-por-macrogranjas","og_locale":"es_ES","og_type":"article","og_title":"\u00bfQu\u00e9 entendemos por \u201cmacrogranjas\u201d? - ASAJA \u00c1vila","og_description":"&nbsp; Los detractores de estos proyectos utilizan con sentido peyorativo el t\u00e9rmino de \u201cmacrogranjas\u201d, sabedores ellos de que la etiqueta de grandes, que","og_url":"https:\/\/www.asajacyl.com\/avila\/asaja-avila-informa\/que-entendemos-por-macrogranjas","og_site_name":"ASAJA \u00c1vila","article_published_time":"2018-05-04T09:18:19+00:00","article_modified_time":"2018-05-04T09:19:30+00:00","og_image":[{"width":2500,"height":1406,"url":"https:\/\/www.asajacyl.com\/avila\/wp-content\/uploads\/sites\/4\/2018\/01\/OFICINA-DE-\u00c1VILA-2.jpg","type":"image\/jpeg"}],"author":"Joaqu\u00edn","twitter_card":"summary_large_image","twitter_misc":{"Escrito por":"Joaqu\u00edn","Tiempo de lectura":"3 minutos"},"schema":{"@context":"https:\/\/schema.org","@graph":[{"@type":"WebPage","@id":"https:\/\/www.asajacyl.com\/avila\/asaja-avila-informa\/que-entendemos-por-macrogranjas","url":"https:\/\/www.asajacyl.com\/avila\/asaja-avila-informa\/que-entendemos-por-macrogranjas","name":"\u00bfQu\u00e9 entendemos por \u201cmacrogranjas\u201d? - ASAJA \u00c1vila","isPartOf":{"@id":"https:\/\/www.asajacyl.com\/avila\/#website"},"primaryImageOfPage":{"@id":"https:\/\/www.asajacyl.com\/avila\/asaja-avila-informa\/que-entendemos-por-macrogranjas#primaryimage"},"image":{"@id":"https:\/\/www.asajacyl.com\/avila\/asaja-avila-informa\/que-entendemos-por-macrogranjas#primaryimage"},"thumbnailUrl":"https:\/\/www.asajacyl.com\/avila\/wp-content\/uploads\/sites\/4\/2018\/01\/OFICINA-DE-\u00c1VILA-2.jpg","datePublished":"2018-05-04T09:18:19+00:00","dateModified":"2018-05-04T09:19:30+00:00","author":{"@id":"https:\/\/www.asajacyl.com\/avila\/#\/schema\/person\/daf3c5c7d3afd005798ec283b78826ed"},"description":"&nbsp; Los detractores de estos proyectos utilizan con sentido peyorativo el t\u00e9rmino de \u201cmacrogranjas\u201d, sabedores ellos de que la etiqueta de grandes, que","breadcrumb":{"@id":"https:\/\/www.asajacyl.com\/avila\/asaja-avila-informa\/que-entendemos-por-macrogranjas#breadcrumb"},"inLanguage":"es","potentialAction":[{"@type":"ReadAction","target":["https:\/\/www.asajacyl.com\/avila\/asaja-avila-informa\/que-entendemos-por-macrogranjas"]}]},{"@type":"ImageObject","inLanguage":"es","@id":"https:\/\/www.asajacyl.com\/avila\/asaja-avila-informa\/que-entendemos-por-macrogranjas#primaryimage","url":"https:\/\/www.asajacyl.com\/avila\/wp-content\/uploads\/sites\/4\/2018\/01\/OFICINA-DE-\u00c1VILA-2.jpg","contentUrl":"https:\/\/www.asajacyl.com\/avila\/wp-content\/uploads\/sites\/4\/2018\/01\/OFICINA-DE-\u00c1VILA-2.jpg","width":2500,"height":1406},{"@type":"BreadcrumbList","@id":"https:\/\/www.asajacyl.com\/avila\/asaja-avila-informa\/que-entendemos-por-macrogranjas#breadcrumb","itemListElement":[{"@type":"ListItem","position":1,"name":"Portada","item":"https:\/\/www.asajacyl.com\/avila\/"},{"@type":"ListItem","position":2,"name":"\u00bfQu\u00e9 entendemos por \u201cmacrogranjas\u201d?"}]},{"@type":"WebSite","@id":"https:\/\/www.asajacyl.com\/avila\/#website","url":"https:\/\/www.asajacyl.com\/avila\/","name":"ASAJA \u00c1vila","description":"Otro sitio m\u00e1s de Provincias ASAJA Castilla y Le\u00f3n","potentialAction":[{"@type":"SearchAction","target":{"@type":"EntryPoint","urlTemplate":"https:\/\/www.asajacyl.com\/avila\/?s={search_term_string}"},"query-input":{"@type":"PropertyValueSpecification","valueRequired":true,"valueName":"search_term_string"}}],"inLanguage":"es"},{"@type":"Person","@id":"https:\/\/www.asajacyl.com\/avila\/#\/schema\/person\/daf3c5c7d3afd005798ec283b78826ed","name":"Joaqu\u00edn","image":{"@type":"ImageObject","inLanguage":"es","@id":"https:\/\/www.asajacyl.com\/avila\/#\/schema\/person\/image\/","url":"https:\/\/secure.gravatar.com\/avatar\/8a87f10166ff5a8a3b0c21a125bc069d?s=96&d=mm&r=g","contentUrl":"https:\/\/secure.gravatar.com\/avatar\/8a87f10166ff5a8a3b0c21a125bc069d?s=96&d=mm&r=g","caption":"Joaqu\u00edn"},"url":"https:\/\/www.asajacyl.com\/avila\/author\/joaquinap"}]}},"_links":{"self":[{"href":"https:\/\/www.asajacyl.com\/avila\/wp-json\/wp\/v2\/posts\/3662"}],"collection":[{"href":"https:\/\/www.asajacyl.com\/avila\/wp-json\/wp\/v2\/posts"}],"about":[{"href":"https:\/\/www.asajacyl.com\/avila\/wp-json\/wp\/v2\/types\/post"}],"author":[{"embeddable":true,"href":"https:\/\/www.asajacyl.com\/avila\/wp-json\/wp\/v2\/users\/6"}],"replies":[{"embeddable":true,"href":"https:\/\/www.asajacyl.com\/avila\/wp-json\/wp\/v2\/comments?post=3662"}],"version-history":[{"count":1,"href":"https:\/\/www.asajacyl.com\/avila\/wp-json\/wp\/v2\/posts\/3662\/revisions"}],"predecessor-version":[{"id":3663,"href":"https:\/\/www.asajacyl.com\/avila\/wp-json\/wp\/v2\/posts\/3662\/revisions\/3663"}],"wp:featuredmedia":[{"embeddable":true,"href":"https:\/\/www.asajacyl.com\/avila\/wp-json\/wp\/v2\/media\/2981"}],"wp:attachment":[{"href":"https:\/\/www.asajacyl.com\/avila\/wp-json\/wp\/v2\/media?parent=3662"}],"wp:term":[{"taxonomy":"category","embeddable":true,"href":"https:\/\/www.asajacyl.com\/avila\/wp-json\/wp\/v2\/categories?post=3662"},{"taxonomy":"post_tag","embeddable":true,"href":"https:\/\/www.asajacyl.com\/avila\/wp-json\/wp\/v2\/tags?post=3662"}],"curies":[{"name":"wp","href":"https:\/\/api.w.org\/{rel}","templated":true}]}}