{"id":3800,"date":"2018-05-24T13:27:41","date_gmt":"2018-05-24T11:27:41","guid":{"rendered":"http:\/\/www.asajacyl.com\/avila\/?p=3800"},"modified":"2018-05-24T13:27:41","modified_gmt":"2018-05-24T11:27:41","slug":"plazos-solicitudes-ayuda-3","status":"publish","type":"post","link":"https:\/\/www.asajacyl.com\/avila\/servicios-socio\/plazos-solicitudes-ayuda-3","title":{"rendered":"Plazos de solicitudes de ayuda"},"content":{"rendered":"<div class=\"td-full-screen-header-image-wrap\">\n<div class=\"td-container td-post-header\">\n<div class=\"td-post-header-holder\">\n<header class=\"td-post-title\">\n<div class=\"td-module-meta-info\"><span style=\"font-size: 14pt\"><strong>Plazos de finalizaci\u00f3n de solicitudes de ayudas o tr\u00e1mites para el sector agroganadero.<\/strong><\/span><\/div>\n<\/header>\n<\/div>\n<\/div>\n<\/div>\n<div class=\"td-container\">\n<div class=\"td-pb-row\">\n<div class=\"td-pb-span12 td-main-content\" role=\"main\">\n<div class=\"td-ss-main-content\">\n<div class=\"td-post-content\">\n<p><span style=\"font-size: 14pt\"><strong>Recuerda que en pr\u00f3ximas fechas concluyen los plazos de presentaci\u00f3n de documentaci\u00f3n para las siguientes ayudas:<\/strong><\/span><\/p>\n<h3>Hasta el 31 de mayo.<\/h3>\n<ul>\n<li>Suscripci\u00f3n del seguro de explotaci\u00f3n de ganado vacuno de lidia.<\/li>\n<li>Suscripci\u00f3n del seguro de explotaci\u00f3n de ganado vacuno de cebo.<\/li>\n<li>Suscripci\u00f3n del seguro de explotaci\u00f3n de ganado aviar de puesta.<\/li>\n<li>Suscripci\u00f3n del seguro de explotaci\u00f3n de ganado aviar de carne.<\/li>\n<li>Suscripci\u00f3n del seguro para la cobertura de los gastos derivados de la retirada y destrucci\u00f3n de animales muertos en la explotaci\u00f3n.<\/li>\n<li>Suscripci\u00f3n del seguro de explotaci\u00f3n de ganado equino.<\/li>\n<li>Suscripci\u00f3n del seguro de explotaci\u00f3n de ganado porcino.<\/li>\n<li>Suscripci\u00f3n de la tarifa general ganadera.<\/li>\n<li>Suscripci\u00f3n del seguro de explotaci\u00f3n de ganado vacuno de reproducci\u00f3n y producci\u00f3n.<\/li>\n<li>Suscripci\u00f3n del seguro de explotaci\u00f3n de ganado ovino y caprino.<\/li>\n<li>Suscripci\u00f3n del seguro de explotaciones de hortalizas al aire libre, de ciclo oto\u00f1o-invierno, para la patata de media estaci\u00f3n.<\/li>\n<li>Suscripci\u00f3n de los m\u00f3dulos 1 y 2 del seguro de explotaciones de cultivos agroenerg\u00e9ticos para el ma\u00edz, el sorgo y la paja de ma\u00edz, sorgo y arroz.<\/li>\n<li>Suscripci\u00f3n del m\u00f3dulo P del seguro de explotaciones de cultivos agroenerg\u00e9ticos.<\/li>\n<li>Suscripci\u00f3n de los m\u00f3dulos 1 y 2 del seguro de explotaciones de cultivos forrajeros, para el cultivo de ma\u00edz forrajero.<\/li>\n<li>Suscripci\u00f3n del seguro de explotaciones forestales.<\/li>\n<li>Suscripci\u00f3n del seguro de explotaciones de multicultivo de hortalizas.<\/li>\n<li>Suscripci\u00f3n del seguro de explotaciones de cultivos industriales no textiles, para el cultivo de remolacha de siembra primaveral sin cobertura de no nascencia (m\u00f3dulo P).<\/li>\n<\/ul>\n<h3>Hasta el 8 de junio.<\/h3>\n<ul>\n<li>Solicitud de ayudas al fomento de plantaciones de especies con producciones forestales de alto valor cofinanciadas por el Fondo Europeo Agr\u00edcola de Desarrollo Rural (FEADER), para el a\u00f1o 2018, en el marco del Programa de Desarrollo Rural de Castilla y Le\u00f3n 2014-2020.<\/li>\n<li>Solicitud de ayudas para la redacci\u00f3n de planes de gesti\u00f3n forestal, en el marco del Programa de Desarrollo Rural de Castilla y Le\u00f3n 2014-2020, para el a\u00f1o 2018.<\/li>\n<\/ul>\n<h3>Hasta el 15 de junio.<\/h3>\n<ul>\n<li>Suscripci\u00f3n de los m\u00f3dulos 1 y 2 del seguro de explotaciones de cultivos herb\u00e1ceos extensivos, para los cultivos de regad\u00edo de cereales de invierno, leguminosas y oleaginosas.<\/li>\n<li>Suscripci\u00f3n del m\u00f3dulo P del seguro de explotaciones de cultivos herb\u00e1ceos extensivos, para los cultivos de cereales de invierno, leguminosas grano y oleaginosas (excepto girasol).<\/li>\n<li>Suscripci\u00f3n del seguro complementario para la garant\u00eda a la producci\u00f3n del seguro de explotaciones de cultivos herb\u00e1ceos extensivos, excepto para el cultivo de girasol.<\/li>\n<li>Suscripci\u00f3n de los m\u00f3dulos 1, 2 y P del seguro de explotaciones de frutos secos, para los cultivos de nogal y pistacho.<\/li>\n<li>Suscripci\u00f3n del m\u00f3dulo P del seguro de explotaciones de cultivos forrajeros, para todos los cultivos excepto para el ma\u00edz forrajero.<\/li>\n<\/ul>\n<h3>Hasta el 20 de junio.<\/h3>\n<ul>\n<li>Suscripci\u00f3n del seguro de explotaciones de cultivos industriales no textiles, para el cultivo de tabaco.<\/li>\n<\/ul>\n<h3>Hasta el 22 de junio.<\/h3>\n<ul>\n<li>Solicitud de pago de la prima de mantenimiento, para el a\u00f1o 2018, en relaci\u00f3n con los expedientes de forestaci\u00f3n de tierras agr\u00edcolas (per\u00edodos 1993-1999, 2000-2006 y 2007-2013)<\/li>\n<\/ul>\n<h3>Hasta el 30 de junio.<\/h3>\n<ul>\n<li>Suscripci\u00f3n del seguro complementario de los m\u00f3dulos 1A, 1B, 2A, 2B de explotaciones olivareras para el segundo a\u00f1o.<\/li>\n<li>Suscripci\u00f3n del seguro de explotaciones de hortalizas al aire libre, de ciclo oto\u00f1o-invierno, para la patata tard\u00eda.<\/li>\n<li>Suscripci\u00f3n del seguro de explotaciones de hortalizas al aire libre, de ciclo oto\u00f1o-invierno, para la patata de siembra.<\/li>\n<\/ul>\n<h3>Hasta el 2 de julio.<\/h3>\n<ul>\n<li>Declaraci\u00f3n del Impuesto sobre la Renta de las Personas F\u00edsicas y del Impuesto sobre el Patrimonio.<\/li>\n<li>Solicitud de pago anual de las ayudas destinadas a la prevenci\u00f3n de da\u00f1os a los bosques para aquellos titulares de explotaciones forestales que se hayan incorporado a la medida en 2015.<\/li>\n<li>Solicitud de pago anual de las ayudas para labores de mejora y prevenci\u00f3n de da\u00f1os en terreno forestales con vocaci\u00f3n silvopastoral, para los expedientes de la convocatoria 2015.<\/li>\n<\/ul>\n<h3>Hasta el 15 de julio.<\/h3>\n<ul>\n<li>Suscripci\u00f3n del m\u00f3dulo P del seguro de explotaciones de cultivos herb\u00e1ceos extensivos, para el cultivo de girasol.<\/li>\n<li>Suscripci\u00f3n del m\u00f3dulo P sin cobertura de resto de adversidades clim\u00e1ticas para la plantaci\u00f3n del seguro principal de explotaciones olivareras.<\/li>\n<li>Suscripci\u00f3n del m\u00f3dulo P del seguro de explotaciones de cultivos forrajeros, para el cultivo de ma\u00edz forrajero.<\/li>\n<\/ul>\n<h4>\u00a1No lo dejes para el \u00faltimo d\u00eda! Recuerda que en nuestras oficinas te asesoramos y ofrecemos ayuda<\/h4>\n<\/div>\n<\/div>\n<\/div>\n<\/div>\n<\/div>\n","protected":false},"excerpt":{"rendered":"<p>Plazos de finalizaci\u00f3n de solicitudes de ayudas o tr\u00e1mites para el sector agroganadero. Recuerda que en pr\u00f3ximas fechas concluyen los plazos de presentaci\u00f3n de documentaci\u00f3n para las siguientes ayudas: Hasta el 31 de mayo. Suscripci\u00f3n del seguro de explotaci\u00f3n de ganado vacuno de lidia. Suscripci\u00f3n del seguro de explotaci\u00f3n de ganado vacuno de cebo. Suscripci\u00f3n [&hellip;]<\/p>\n","protected":false},"author":6,"featured_media":794,"comment_status":"open","ping_status":"open","sticky":false,"template":"","format":"standard","meta":{"footnotes":""},"categories":[24,9],"tags":[],"yoast_head":"<!-- This site is optimized with the Yoast SEO plugin v24.5 - https:\/\/yoast.com\/wordpress\/plugins\/seo\/ -->\n<title>Plazos de solicitudes de ayuda - ASAJA \u00c1vila<\/title>\n<meta name=\"description\" content=\"Plazos de finalizaci\u00f3n de solicitudes de ayudas o tr\u00e1mites para el sector agroganadero. Recuerda que en pr\u00f3ximas fechas concluyen los plazos de\" \/>\n<meta name=\"robots\" content=\"index, follow, max-snippet:-1, max-image-preview:large, max-video-preview:-1\" \/>\n<link rel=\"canonical\" href=\"https:\/\/www.asajacyl.com\/avila\/servicios-socio\/plazos-solicitudes-ayuda-3\" \/>\n<meta property=\"og:locale\" content=\"es_ES\" \/>\n<meta property=\"og:type\" content=\"article\" \/>\n<meta property=\"og:title\" content=\"Plazos de solicitudes de ayuda - ASAJA \u00c1vila\" \/>\n<meta property=\"og:description\" content=\"Plazos de finalizaci\u00f3n de solicitudes de ayudas o tr\u00e1mites para el sector agroganadero. Recuerda que en pr\u00f3ximas fechas concluyen los plazos de\" \/>\n<meta property=\"og:url\" content=\"https:\/\/www.asajacyl.com\/avila\/servicios-socio\/plazos-solicitudes-ayuda-3\" \/>\n<meta property=\"og:site_name\" content=\"ASAJA \u00c1vila\" \/>\n<meta property=\"article:published_time\" content=\"2018-05-24T11:27:41+00:00\" \/>\n<meta property=\"og:image\" content=\"https:\/\/www.asajacyl.com\/avila\/wp-content\/uploads\/sites\/4\/2017\/11\/im_predefinida_1920x1080.jpg\" \/>\n\t<meta property=\"og:image:width\" content=\"1920\" \/>\n\t<meta property=\"og:image:height\" content=\"1080\" \/>\n\t<meta property=\"og:image:type\" content=\"image\/jpeg\" \/>\n<meta name=\"author\" content=\"Joaqu\u00edn\" \/>\n<meta name=\"twitter:card\" content=\"summary_large_image\" \/>\n<meta name=\"twitter:label1\" content=\"Escrito por\" \/>\n\t<meta name=\"twitter:data1\" content=\"Joaqu\u00edn\" \/>\n\t<meta name=\"twitter:label2\" content=\"Tiempo de lectura\" \/>\n\t<meta name=\"twitter:data2\" content=\"4 minutos\" \/>\n<script type=\"application\/ld+json\" class=\"yoast-schema-graph\">{\"@context\":\"https:\/\/schema.org\",\"@graph\":[{\"@type\":\"WebPage\",\"@id\":\"https:\/\/www.asajacyl.com\/avila\/servicios-socio\/plazos-solicitudes-ayuda-3\",\"url\":\"https:\/\/www.asajacyl.com\/avila\/servicios-socio\/plazos-solicitudes-ayuda-3\",\"name\":\"Plazos de solicitudes de ayuda - ASAJA \u00c1vila\",\"isPartOf\":{\"@id\":\"https:\/\/www.asajacyl.com\/avila\/#website\"},\"primaryImageOfPage\":{\"@id\":\"https:\/\/www.asajacyl.com\/avila\/servicios-socio\/plazos-solicitudes-ayuda-3#primaryimage\"},\"image\":{\"@id\":\"https:\/\/www.asajacyl.com\/avila\/servicios-socio\/plazos-solicitudes-ayuda-3#primaryimage\"},\"thumbnailUrl\":\"https:\/\/www.asajacyl.com\/avila\/wp-content\/uploads\/sites\/4\/2017\/11\/im_predefinida_1920x1080.jpg\",\"datePublished\":\"2018-05-24T11:27:41+00:00\",\"author\":{\"@id\":\"https:\/\/www.asajacyl.com\/avila\/#\/schema\/person\/daf3c5c7d3afd005798ec283b78826ed\"},\"description\":\"Plazos de finalizaci\u00f3n de solicitudes de ayudas o tr\u00e1mites para el sector agroganadero. Recuerda que en pr\u00f3ximas fechas concluyen los plazos de\",\"breadcrumb\":{\"@id\":\"https:\/\/www.asajacyl.com\/avila\/servicios-socio\/plazos-solicitudes-ayuda-3#breadcrumb\"},\"inLanguage\":\"es\",\"potentialAction\":[{\"@type\":\"ReadAction\",\"target\":[\"https:\/\/www.asajacyl.com\/avila\/servicios-socio\/plazos-solicitudes-ayuda-3\"]}]},{\"@type\":\"ImageObject\",\"inLanguage\":\"es\",\"@id\":\"https:\/\/www.asajacyl.com\/avila\/servicios-socio\/plazos-solicitudes-ayuda-3#primaryimage\",\"url\":\"https:\/\/www.asajacyl.com\/avila\/wp-content\/uploads\/sites\/4\/2017\/11\/im_predefinida_1920x1080.jpg\",\"contentUrl\":\"https:\/\/www.asajacyl.com\/avila\/wp-content\/uploads\/sites\/4\/2017\/11\/im_predefinida_1920x1080.jpg\",\"width\":1920,\"height\":1080,\"caption\":\"Logotipo ASAJA \u00c1vila\"},{\"@type\":\"BreadcrumbList\",\"@id\":\"https:\/\/www.asajacyl.com\/avila\/servicios-socio\/plazos-solicitudes-ayuda-3#breadcrumb\",\"itemListElement\":[{\"@type\":\"ListItem\",\"position\":1,\"name\":\"Portada\",\"item\":\"https:\/\/www.asajacyl.com\/avila\/\"},{\"@type\":\"ListItem\",\"position\":2,\"name\":\"Plazos de solicitudes de ayuda\"}]},{\"@type\":\"WebSite\",\"@id\":\"https:\/\/www.asajacyl.com\/avila\/#website\",\"url\":\"https:\/\/www.asajacyl.com\/avila\/\",\"name\":\"ASAJA \u00c1vila\",\"description\":\"Otro sitio m\u00e1s de Provincias ASAJA Castilla y Le\u00f3n\",\"potentialAction\":[{\"@type\":\"SearchAction\",\"target\":{\"@type\":\"EntryPoint\",\"urlTemplate\":\"https:\/\/www.asajacyl.com\/avila\/?s={search_term_string}\"},\"query-input\":{\"@type\":\"PropertyValueSpecification\",\"valueRequired\":true,\"valueName\":\"search_term_string\"}}],\"inLanguage\":\"es\"},{\"@type\":\"Person\",\"@id\":\"https:\/\/www.asajacyl.com\/avila\/#\/schema\/person\/daf3c5c7d3afd005798ec283b78826ed\",\"name\":\"Joaqu\u00edn\",\"image\":{\"@type\":\"ImageObject\",\"inLanguage\":\"es\",\"@id\":\"https:\/\/www.asajacyl.com\/avila\/#\/schema\/person\/image\/\",\"url\":\"https:\/\/secure.gravatar.com\/avatar\/8a87f10166ff5a8a3b0c21a125bc069d?s=96&d=mm&r=g\",\"contentUrl\":\"https:\/\/secure.gravatar.com\/avatar\/8a87f10166ff5a8a3b0c21a125bc069d?s=96&d=mm&r=g\",\"caption\":\"Joaqu\u00edn\"},\"url\":\"https:\/\/www.asajacyl.com\/avila\/author\/joaquinap\"}]}<\/script>\n<!-- \/ Yoast SEO plugin. -->","yoast_head_json":{"title":"Plazos de solicitudes de ayuda - ASAJA \u00c1vila","description":"Plazos de finalizaci\u00f3n de solicitudes de ayudas o tr\u00e1mites para el sector agroganadero. Recuerda que en pr\u00f3ximas fechas concluyen los plazos de","robots":{"index":"index","follow":"follow","max-snippet":"max-snippet:-1","max-image-preview":"max-image-preview:large","max-video-preview":"max-video-preview:-1"},"canonical":"https:\/\/www.asajacyl.com\/avila\/servicios-socio\/plazos-solicitudes-ayuda-3","og_locale":"es_ES","og_type":"article","og_title":"Plazos de solicitudes de ayuda - ASAJA \u00c1vila","og_description":"Plazos de finalizaci\u00f3n de solicitudes de ayudas o tr\u00e1mites para el sector agroganadero. Recuerda que en pr\u00f3ximas fechas concluyen los plazos de","og_url":"https:\/\/www.asajacyl.com\/avila\/servicios-socio\/plazos-solicitudes-ayuda-3","og_site_name":"ASAJA \u00c1vila","article_published_time":"2018-05-24T11:27:41+00:00","og_image":[{"width":1920,"height":1080,"url":"https:\/\/www.asajacyl.com\/avila\/wp-content\/uploads\/sites\/4\/2017\/11\/im_predefinida_1920x1080.jpg","type":"image\/jpeg"}],"author":"Joaqu\u00edn","twitter_card":"summary_large_image","twitter_misc":{"Escrito por":"Joaqu\u00edn","Tiempo de lectura":"4 minutos"},"schema":{"@context":"https:\/\/schema.org","@graph":[{"@type":"WebPage","@id":"https:\/\/www.asajacyl.com\/avila\/servicios-socio\/plazos-solicitudes-ayuda-3","url":"https:\/\/www.asajacyl.com\/avila\/servicios-socio\/plazos-solicitudes-ayuda-3","name":"Plazos de solicitudes de ayuda - ASAJA \u00c1vila","isPartOf":{"@id":"https:\/\/www.asajacyl.com\/avila\/#website"},"primaryImageOfPage":{"@id":"https:\/\/www.asajacyl.com\/avila\/servicios-socio\/plazos-solicitudes-ayuda-3#primaryimage"},"image":{"@id":"https:\/\/www.asajacyl.com\/avila\/servicios-socio\/plazos-solicitudes-ayuda-3#primaryimage"},"thumbnailUrl":"https:\/\/www.asajacyl.com\/avila\/wp-content\/uploads\/sites\/4\/2017\/11\/im_predefinida_1920x1080.jpg","datePublished":"2018-05-24T11:27:41+00:00","author":{"@id":"https:\/\/www.asajacyl.com\/avila\/#\/schema\/person\/daf3c5c7d3afd005798ec283b78826ed"},"description":"Plazos de finalizaci\u00f3n de solicitudes de ayudas o tr\u00e1mites para el sector agroganadero. Recuerda que en pr\u00f3ximas fechas concluyen los plazos de","breadcrumb":{"@id":"https:\/\/www.asajacyl.com\/avila\/servicios-socio\/plazos-solicitudes-ayuda-3#breadcrumb"},"inLanguage":"es","potentialAction":[{"@type":"ReadAction","target":["https:\/\/www.asajacyl.com\/avila\/servicios-socio\/plazos-solicitudes-ayuda-3"]}]},{"@type":"ImageObject","inLanguage":"es","@id":"https:\/\/www.asajacyl.com\/avila\/servicios-socio\/plazos-solicitudes-ayuda-3#primaryimage","url":"https:\/\/www.asajacyl.com\/avila\/wp-content\/uploads\/sites\/4\/2017\/11\/im_predefinida_1920x1080.jpg","contentUrl":"https:\/\/www.asajacyl.com\/avila\/wp-content\/uploads\/sites\/4\/2017\/11\/im_predefinida_1920x1080.jpg","width":1920,"height":1080,"caption":"Logotipo ASAJA \u00c1vila"},{"@type":"BreadcrumbList","@id":"https:\/\/www.asajacyl.com\/avila\/servicios-socio\/plazos-solicitudes-ayuda-3#breadcrumb","itemListElement":[{"@type":"ListItem","position":1,"name":"Portada","item":"https:\/\/www.asajacyl.com\/avila\/"},{"@type":"ListItem","position":2,"name":"Plazos de solicitudes de ayuda"}]},{"@type":"WebSite","@id":"https:\/\/www.asajacyl.com\/avila\/#website","url":"https:\/\/www.asajacyl.com\/avila\/","name":"ASAJA \u00c1vila","description":"Otro sitio m\u00e1s de Provincias ASAJA Castilla y Le\u00f3n","potentialAction":[{"@type":"SearchAction","target":{"@type":"EntryPoint","urlTemplate":"https:\/\/www.asajacyl.com\/avila\/?s={search_term_string}"},"query-input":{"@type":"PropertyValueSpecification","valueRequired":true,"valueName":"search_term_string"}}],"inLanguage":"es"},{"@type":"Person","@id":"https:\/\/www.asajacyl.com\/avila\/#\/schema\/person\/daf3c5c7d3afd005798ec283b78826ed","name":"Joaqu\u00edn","image":{"@type":"ImageObject","inLanguage":"es","@id":"https:\/\/www.asajacyl.com\/avila\/#\/schema\/person\/image\/","url":"https:\/\/secure.gravatar.com\/avatar\/8a87f10166ff5a8a3b0c21a125bc069d?s=96&d=mm&r=g","contentUrl":"https:\/\/secure.gravatar.com\/avatar\/8a87f10166ff5a8a3b0c21a125bc069d?s=96&d=mm&r=g","caption":"Joaqu\u00edn"},"url":"https:\/\/www.asajacyl.com\/avila\/author\/joaquinap"}]}},"_links":{"self":[{"href":"https:\/\/www.asajacyl.com\/avila\/wp-json\/wp\/v2\/posts\/3800"}],"collection":[{"href":"https:\/\/www.asajacyl.com\/avila\/wp-json\/wp\/v2\/posts"}],"about":[{"href":"https:\/\/www.asajacyl.com\/avila\/wp-json\/wp\/v2\/types\/post"}],"author":[{"embeddable":true,"href":"https:\/\/www.asajacyl.com\/avila\/wp-json\/wp\/v2\/users\/6"}],"replies":[{"embeddable":true,"href":"https:\/\/www.asajacyl.com\/avila\/wp-json\/wp\/v2\/comments?post=3800"}],"version-history":[{"count":1,"href":"https:\/\/www.asajacyl.com\/avila\/wp-json\/wp\/v2\/posts\/3800\/revisions"}],"predecessor-version":[{"id":3801,"href":"https:\/\/www.asajacyl.com\/avila\/wp-json\/wp\/v2\/posts\/3800\/revisions\/3801"}],"wp:featuredmedia":[{"embeddable":true,"href":"https:\/\/www.asajacyl.com\/avila\/wp-json\/wp\/v2\/media\/794"}],"wp:attachment":[{"href":"https:\/\/www.asajacyl.com\/avila\/wp-json\/wp\/v2\/media?parent=3800"}],"wp:term":[{"taxonomy":"category","embeddable":true,"href":"https:\/\/www.asajacyl.com\/avila\/wp-json\/wp\/v2\/categories?post=3800"},{"taxonomy":"post_tag","embeddable":true,"href":"https:\/\/www.asajacyl.com\/avila\/wp-json\/wp\/v2\/tags?post=3800"}],"curies":[{"name":"wp","href":"https:\/\/api.w.org\/{rel}","templated":true}]}}