{"id":3898,"date":"2018-06-22T10:33:56","date_gmt":"2018-06-22T08:33:56","guid":{"rendered":"https:\/\/www.asajacyl.com\/avila\/?p=3898"},"modified":"2018-07-04T00:22:37","modified_gmt":"2018-07-03T22:22:37","slug":"asaja-solicita-al-ministerio-agricultura-la-mejora-la-canada-real-leonesa-occidental-ruta-puerto-del-pico","status":"publish","type":"post","link":"https:\/\/www.asajacyl.com\/avila\/asaja-avila-informa\/asaja-solicita-al-ministerio-agricultura-la-mejora-la-canada-real-leonesa-occidental-ruta-puerto-del-pico","title":{"rendered":"ASAJA solicita al Ministerio de Agricultura la mejora de la Ca\u00f1ada Real Leonesa Occidental en su ruta por el Puerto del Pico"},"content":{"rendered":"<p><strong>Se trata de una v\u00eda pecuaria fundamental para la conservaci\u00f3n de la pr\u00e1ctica ganadera trashumante, pr\u00e1ctica con indudables valores econ\u00f3micos, sociales, culturales y medioambientales para la provincia de \u00c1vila<\/strong><\/p>\n<p>La Asociaci\u00f3n Agraria <em>J\u00f3venes Agricultores<\/em> (ASAJA) de \u00c1vila, coincidiendo con las fechas en las que las reses trashumantes procedentes de Extremadura y Castilla-La Mancha regresan a los agostaderos de la vertiente norte de la Sierra de Gredos donde pasar\u00e1n el verano y parte del oto\u00f1o, solicita al nuevo Ministro de Agricultura, Pesca y Alimentaci\u00f3n la intervenci\u00f3n y mejora desde su departamento ministerial sobre la v\u00eda pecuaria de car\u00e1cter supra-auton\u00f3mico que discurre entre la provincia de \u00c1vila perteneciente a la comunidad aut\u00f3noma de Castilla y Le\u00f3n y las regiones de Castilla-La Mancha y Extremadura.<\/p>\n<p>La actividad ganadera trashumante en Espa\u00f1a constituye en la actualidad un patrimonio vivo que se encuentra declarada desde el pasado a\u00f1o 2017 como manifestaci\u00f3n representativa del Patrimonio Cultural Inmaterial. Hist\u00f3ricamente ha aunado el aprovechamiento de los recursos naturales y el ganado, produciendo interrelaciones familiares, sociales, econ\u00f3micas, patrimoniales y biol\u00f3gicas y modelando y contribuyendo a la cohesi\u00f3n y vertebraci\u00f3n del paisaje, fomentando el intercambio cultural. Pese a este reconocimiento oficial, la trashumancia no cuenta con un verdadero apoyo y se ve dificultada adem\u00e1s por el mal estado de conservaci\u00f3n de sus v\u00edas pecuarias, caso de la Ca\u00f1ada Real Occidental en su ruta por el Puerto del Pico donde transita el ganado desde la Sierra de Gredos a Castilla-La Mancha y Extremadura.<\/p>\n<p>Las reses de ganado cruzan el Alberche, pasando por las Ventas del Obispo y de Rasquilla y llegando al Puerto del Pico. El descenso se realiza por la Calzada Romana. Atraviesan el n\u00facleo urbano de Cuevas del Valle y se dirigen hacia la provincia de Toledo direcci\u00f3n a la regi\u00f3n de Extremadura por el t\u00e9rmino de Mombeltr\u00e1n, abandonando la provincia de \u00c1vila por Ramacasta\u00f1as buscando zonas m\u00e1s c\u00e1lidas para pasar los duros meses de invierno.<\/p>\n<p>El presidente provincial de ASAJA en \u00c1vila -Joaqu\u00edn Antonio Pino-, coincidiendo con la regreso del ganado a tierras abulenses, ha solicitado al nuevo Ministro de Agricultura Luis Planas la inclusi\u00f3n de esta v\u00eda pecuaria dentro del Programa de Caminos Naturales del Ministerio de Agricultura, Pesca y Alimentaci\u00f3n que permita acometer las inversiones y mejoras necesarias en esta ruta de \u00e1mbito supra-auton\u00f3mico a trav\u00e9s de las ayudas incluidas en el Programa Nacional de Desarrollo Rural 2014-2020 cofinanciado con el Fondo Europeo Agr\u00edcola de Desarrollo Rural (FEADER) y competencia de la Administraci\u00f3n General del Estado.<\/p>\n<p>Para el presidente provincial de ASAJA, adem\u00e1s de apoyar la pr\u00e1ctica ganadera trashumante, la mejora e impulso de esta v\u00eda facilitar\u00eda el desarrollo de las zonas por las que discurren este camino, diversificando la actividad econ\u00f3mica, aumentando a su vez la oferta y recursos tur\u00edsticos, promoviendo la gastronom\u00eda y los productos de calidad diferenciada, y asegurando de este modo la preservaci\u00f3n y trasmisi\u00f3n del legado cultural y tradicional de nuestro medio rural como es la Calzada Romana, a la vez que incorporando nuevas funcionalidades a unas infraestructuras con un mayor potencial dinamizador del territorio.<\/p>\n","protected":false},"excerpt":{"rendered":"<p>Se trata de una v\u00eda pecuaria fundamental para la conservaci\u00f3n de la pr\u00e1ctica ganadera trashumante, pr\u00e1ctica con indudables valores econ\u00f3micos, sociales, culturales y medioambientales para la provincia de \u00c1vila La Asociaci\u00f3n Agraria J\u00f3venes Agricultores (ASAJA) de \u00c1vila, coincidiendo con las fechas en las que las reses trashumantes procedentes de Extremadura y Castilla-La Mancha regresan a [&hellip;]<\/p>\n","protected":false},"author":6,"featured_media":3899,"comment_status":"open","ping_status":"open","sticky":false,"template":"","format":"standard","meta":{"footnotes":""},"categories":[8,18],"tags":[],"yoast_head":"<!-- This site is optimized with the Yoast SEO plugin v24.5 - https:\/\/yoast.com\/wordpress\/plugins\/seo\/ -->\n<title>ASAJA solicita al Ministerio de Agricultura la mejora de la Ca\u00f1ada Real Leonesa Occidental en su ruta por el Puerto del Pico - ASAJA \u00c1vila<\/title>\n<meta name=\"description\" content=\"Se trata de una v\u00eda pecuaria fundamental para la conservaci\u00f3n de la pr\u00e1ctica ganadera trashumante, pr\u00e1ctica con indudables valores econ\u00f3micos, sociales,\" \/>\n<meta name=\"robots\" content=\"index, follow, max-snippet:-1, max-image-preview:large, max-video-preview:-1\" \/>\n<link rel=\"canonical\" href=\"https:\/\/www.asajacyl.com\/avila\/asaja-avila-informa\/asaja-solicita-al-ministerio-agricultura-la-mejora-la-canada-real-leonesa-occidental-ruta-puerto-del-pico\" \/>\n<meta property=\"og:locale\" content=\"es_ES\" \/>\n<meta property=\"og:type\" content=\"article\" \/>\n<meta property=\"og:title\" content=\"ASAJA solicita al Ministerio de Agricultura la mejora de la Ca\u00f1ada Real Leonesa Occidental en su ruta por el Puerto del Pico - ASAJA \u00c1vila\" \/>\n<meta property=\"og:description\" content=\"Se trata de una v\u00eda pecuaria fundamental para la conservaci\u00f3n de la pr\u00e1ctica ganadera trashumante, pr\u00e1ctica con indudables valores econ\u00f3micos, sociales,\" \/>\n<meta property=\"og:url\" content=\"https:\/\/www.asajacyl.com\/avila\/asaja-avila-informa\/asaja-solicita-al-ministerio-agricultura-la-mejora-la-canada-real-leonesa-occidental-ruta-puerto-del-pico\" \/>\n<meta property=\"og:site_name\" content=\"ASAJA \u00c1vila\" \/>\n<meta property=\"article:published_time\" content=\"2018-06-22T08:33:56+00:00\" \/>\n<meta property=\"article:modified_time\" content=\"2018-07-03T22:22:37+00:00\" \/>\n<meta property=\"og:image\" content=\"https:\/\/www.asajacyl.com\/avila\/wp-content\/uploads\/sites\/4\/2018\/06\/ICAL2989561.jpg\" \/>\n\t<meta property=\"og:image:width\" content=\"2500\" \/>\n\t<meta property=\"og:image:height\" content=\"1667\" \/>\n\t<meta property=\"og:image:type\" content=\"image\/jpeg\" \/>\n<meta name=\"author\" content=\"Joaqu\u00edn\" \/>\n<meta name=\"twitter:card\" content=\"summary_large_image\" \/>\n<meta name=\"twitter:label1\" content=\"Escrito por\" \/>\n\t<meta name=\"twitter:data1\" content=\"Joaqu\u00edn\" \/>\n\t<meta name=\"twitter:label2\" content=\"Tiempo de lectura\" \/>\n\t<meta name=\"twitter:data2\" content=\"3 minutos\" \/>\n<script type=\"application\/ld+json\" class=\"yoast-schema-graph\">{\"@context\":\"https:\/\/schema.org\",\"@graph\":[{\"@type\":\"WebPage\",\"@id\":\"https:\/\/www.asajacyl.com\/avila\/asaja-avila-informa\/asaja-solicita-al-ministerio-agricultura-la-mejora-la-canada-real-leonesa-occidental-ruta-puerto-del-pico\",\"url\":\"https:\/\/www.asajacyl.com\/avila\/asaja-avila-informa\/asaja-solicita-al-ministerio-agricultura-la-mejora-la-canada-real-leonesa-occidental-ruta-puerto-del-pico\",\"name\":\"ASAJA solicita al Ministerio de Agricultura la mejora de la Ca\u00f1ada Real Leonesa Occidental en su ruta por el Puerto del Pico - ASAJA \u00c1vila\",\"isPartOf\":{\"@id\":\"https:\/\/www.asajacyl.com\/avila\/#website\"},\"primaryImageOfPage\":{\"@id\":\"https:\/\/www.asajacyl.com\/avila\/asaja-avila-informa\/asaja-solicita-al-ministerio-agricultura-la-mejora-la-canada-real-leonesa-occidental-ruta-puerto-del-pico#primaryimage\"},\"image\":{\"@id\":\"https:\/\/www.asajacyl.com\/avila\/asaja-avila-informa\/asaja-solicita-al-ministerio-agricultura-la-mejora-la-canada-real-leonesa-occidental-ruta-puerto-del-pico#primaryimage\"},\"thumbnailUrl\":\"https:\/\/www.asajacyl.com\/avila\/wp-content\/uploads\/sites\/4\/2018\/06\/ICAL2989561.jpg\",\"datePublished\":\"2018-06-22T08:33:56+00:00\",\"dateModified\":\"2018-07-03T22:22:37+00:00\",\"author\":{\"@id\":\"https:\/\/www.asajacyl.com\/avila\/#\/schema\/person\/daf3c5c7d3afd005798ec283b78826ed\"},\"description\":\"Se trata de una v\u00eda pecuaria fundamental para la conservaci\u00f3n de la pr\u00e1ctica ganadera trashumante, pr\u00e1ctica con indudables valores econ\u00f3micos, sociales,\",\"breadcrumb\":{\"@id\":\"https:\/\/www.asajacyl.com\/avila\/asaja-avila-informa\/asaja-solicita-al-ministerio-agricultura-la-mejora-la-canada-real-leonesa-occidental-ruta-puerto-del-pico#breadcrumb\"},\"inLanguage\":\"es\",\"potentialAction\":[{\"@type\":\"ReadAction\",\"target\":[\"https:\/\/www.asajacyl.com\/avila\/asaja-avila-informa\/asaja-solicita-al-ministerio-agricultura-la-mejora-la-canada-real-leonesa-occidental-ruta-puerto-del-pico\"]}]},{\"@type\":\"ImageObject\",\"inLanguage\":\"es\",\"@id\":\"https:\/\/www.asajacyl.com\/avila\/asaja-avila-informa\/asaja-solicita-al-ministerio-agricultura-la-mejora-la-canada-real-leonesa-occidental-ruta-puerto-del-pico#primaryimage\",\"url\":\"https:\/\/www.asajacyl.com\/avila\/wp-content\/uploads\/sites\/4\/2018\/06\/ICAL2989561.jpg\",\"contentUrl\":\"https:\/\/www.asajacyl.com\/avila\/wp-content\/uploads\/sites\/4\/2018\/06\/ICAL2989561.jpg\",\"width\":2500,\"height\":1667,\"caption\":\"Inicio de la XIII Jornada de Trashumancia de la raza Avile\u00f1a-Negra Ib\u00e9rica, con la llegada del ganado a los descansaderos del puerto de El Pico. \u00c1VILA, 20-06-2015 FOTO: Ricardo Mu\u00f1oz\"},{\"@type\":\"BreadcrumbList\",\"@id\":\"https:\/\/www.asajacyl.com\/avila\/asaja-avila-informa\/asaja-solicita-al-ministerio-agricultura-la-mejora-la-canada-real-leonesa-occidental-ruta-puerto-del-pico#breadcrumb\",\"itemListElement\":[{\"@type\":\"ListItem\",\"position\":1,\"name\":\"Portada\",\"item\":\"https:\/\/www.asajacyl.com\/avila\/\"},{\"@type\":\"ListItem\",\"position\":2,\"name\":\"ASAJA solicita al Ministerio de Agricultura la mejora de la Ca\u00f1ada Real Leonesa Occidental en su ruta por el Puerto del Pico\"}]},{\"@type\":\"WebSite\",\"@id\":\"https:\/\/www.asajacyl.com\/avila\/#website\",\"url\":\"https:\/\/www.asajacyl.com\/avila\/\",\"name\":\"ASAJA \u00c1vila\",\"description\":\"Otro sitio m\u00e1s de Provincias ASAJA Castilla y Le\u00f3n\",\"potentialAction\":[{\"@type\":\"SearchAction\",\"target\":{\"@type\":\"EntryPoint\",\"urlTemplate\":\"https:\/\/www.asajacyl.com\/avila\/?s={search_term_string}\"},\"query-input\":{\"@type\":\"PropertyValueSpecification\",\"valueRequired\":true,\"valueName\":\"search_term_string\"}}],\"inLanguage\":\"es\"},{\"@type\":\"Person\",\"@id\":\"https:\/\/www.asajacyl.com\/avila\/#\/schema\/person\/daf3c5c7d3afd005798ec283b78826ed\",\"name\":\"Joaqu\u00edn\",\"image\":{\"@type\":\"ImageObject\",\"inLanguage\":\"es\",\"@id\":\"https:\/\/www.asajacyl.com\/avila\/#\/schema\/person\/image\/\",\"url\":\"https:\/\/secure.gravatar.com\/avatar\/8a87f10166ff5a8a3b0c21a125bc069d?s=96&d=mm&r=g\",\"contentUrl\":\"https:\/\/secure.gravatar.com\/avatar\/8a87f10166ff5a8a3b0c21a125bc069d?s=96&d=mm&r=g\",\"caption\":\"Joaqu\u00edn\"},\"url\":\"https:\/\/www.asajacyl.com\/avila\/author\/joaquinap\"}]}<\/script>\n<!-- \/ Yoast SEO plugin. -->","yoast_head_json":{"title":"ASAJA solicita al Ministerio de Agricultura la mejora de la Ca\u00f1ada Real Leonesa Occidental en su ruta por el Puerto del Pico - ASAJA \u00c1vila","description":"Se trata de una v\u00eda pecuaria fundamental para la conservaci\u00f3n de la pr\u00e1ctica ganadera trashumante, pr\u00e1ctica con indudables valores econ\u00f3micos, sociales,","robots":{"index":"index","follow":"follow","max-snippet":"max-snippet:-1","max-image-preview":"max-image-preview:large","max-video-preview":"max-video-preview:-1"},"canonical":"https:\/\/www.asajacyl.com\/avila\/asaja-avila-informa\/asaja-solicita-al-ministerio-agricultura-la-mejora-la-canada-real-leonesa-occidental-ruta-puerto-del-pico","og_locale":"es_ES","og_type":"article","og_title":"ASAJA solicita al Ministerio de Agricultura la mejora de la Ca\u00f1ada Real Leonesa Occidental en su ruta por el Puerto del Pico - ASAJA \u00c1vila","og_description":"Se trata de una v\u00eda pecuaria fundamental para la conservaci\u00f3n de la pr\u00e1ctica ganadera trashumante, pr\u00e1ctica con indudables valores econ\u00f3micos, sociales,","og_url":"https:\/\/www.asajacyl.com\/avila\/asaja-avila-informa\/asaja-solicita-al-ministerio-agricultura-la-mejora-la-canada-real-leonesa-occidental-ruta-puerto-del-pico","og_site_name":"ASAJA \u00c1vila","article_published_time":"2018-06-22T08:33:56+00:00","article_modified_time":"2018-07-03T22:22:37+00:00","og_image":[{"width":2500,"height":1667,"url":"https:\/\/www.asajacyl.com\/avila\/wp-content\/uploads\/sites\/4\/2018\/06\/ICAL2989561.jpg","type":"image\/jpeg"}],"author":"Joaqu\u00edn","twitter_card":"summary_large_image","twitter_misc":{"Escrito por":"Joaqu\u00edn","Tiempo de lectura":"3 minutos"},"schema":{"@context":"https:\/\/schema.org","@graph":[{"@type":"WebPage","@id":"https:\/\/www.asajacyl.com\/avila\/asaja-avila-informa\/asaja-solicita-al-ministerio-agricultura-la-mejora-la-canada-real-leonesa-occidental-ruta-puerto-del-pico","url":"https:\/\/www.asajacyl.com\/avila\/asaja-avila-informa\/asaja-solicita-al-ministerio-agricultura-la-mejora-la-canada-real-leonesa-occidental-ruta-puerto-del-pico","name":"ASAJA solicita al Ministerio de Agricultura la mejora de la Ca\u00f1ada Real Leonesa Occidental en su ruta por el Puerto del Pico - ASAJA \u00c1vila","isPartOf":{"@id":"https:\/\/www.asajacyl.com\/avila\/#website"},"primaryImageOfPage":{"@id":"https:\/\/www.asajacyl.com\/avila\/asaja-avila-informa\/asaja-solicita-al-ministerio-agricultura-la-mejora-la-canada-real-leonesa-occidental-ruta-puerto-del-pico#primaryimage"},"image":{"@id":"https:\/\/www.asajacyl.com\/avila\/asaja-avila-informa\/asaja-solicita-al-ministerio-agricultura-la-mejora-la-canada-real-leonesa-occidental-ruta-puerto-del-pico#primaryimage"},"thumbnailUrl":"https:\/\/www.asajacyl.com\/avila\/wp-content\/uploads\/sites\/4\/2018\/06\/ICAL2989561.jpg","datePublished":"2018-06-22T08:33:56+00:00","dateModified":"2018-07-03T22:22:37+00:00","author":{"@id":"https:\/\/www.asajacyl.com\/avila\/#\/schema\/person\/daf3c5c7d3afd005798ec283b78826ed"},"description":"Se trata de una v\u00eda pecuaria fundamental para la conservaci\u00f3n de la pr\u00e1ctica ganadera trashumante, pr\u00e1ctica con indudables valores econ\u00f3micos, sociales,","breadcrumb":{"@id":"https:\/\/www.asajacyl.com\/avila\/asaja-avila-informa\/asaja-solicita-al-ministerio-agricultura-la-mejora-la-canada-real-leonesa-occidental-ruta-puerto-del-pico#breadcrumb"},"inLanguage":"es","potentialAction":[{"@type":"ReadAction","target":["https:\/\/www.asajacyl.com\/avila\/asaja-avila-informa\/asaja-solicita-al-ministerio-agricultura-la-mejora-la-canada-real-leonesa-occidental-ruta-puerto-del-pico"]}]},{"@type":"ImageObject","inLanguage":"es","@id":"https:\/\/www.asajacyl.com\/avila\/asaja-avila-informa\/asaja-solicita-al-ministerio-agricultura-la-mejora-la-canada-real-leonesa-occidental-ruta-puerto-del-pico#primaryimage","url":"https:\/\/www.asajacyl.com\/avila\/wp-content\/uploads\/sites\/4\/2018\/06\/ICAL2989561.jpg","contentUrl":"https:\/\/www.asajacyl.com\/avila\/wp-content\/uploads\/sites\/4\/2018\/06\/ICAL2989561.jpg","width":2500,"height":1667,"caption":"Inicio de la XIII Jornada de Trashumancia de la raza Avile\u00f1a-Negra Ib\u00e9rica, con la llegada del ganado a los descansaderos del puerto de El Pico. \u00c1VILA, 20-06-2015 FOTO: Ricardo Mu\u00f1oz"},{"@type":"BreadcrumbList","@id":"https:\/\/www.asajacyl.com\/avila\/asaja-avila-informa\/asaja-solicita-al-ministerio-agricultura-la-mejora-la-canada-real-leonesa-occidental-ruta-puerto-del-pico#breadcrumb","itemListElement":[{"@type":"ListItem","position":1,"name":"Portada","item":"https:\/\/www.asajacyl.com\/avila\/"},{"@type":"ListItem","position":2,"name":"ASAJA solicita al Ministerio de Agricultura la mejora de la Ca\u00f1ada Real Leonesa Occidental en su ruta por el Puerto del Pico"}]},{"@type":"WebSite","@id":"https:\/\/www.asajacyl.com\/avila\/#website","url":"https:\/\/www.asajacyl.com\/avila\/","name":"ASAJA \u00c1vila","description":"Otro sitio m\u00e1s de Provincias ASAJA Castilla y Le\u00f3n","potentialAction":[{"@type":"SearchAction","target":{"@type":"EntryPoint","urlTemplate":"https:\/\/www.asajacyl.com\/avila\/?s={search_term_string}"},"query-input":{"@type":"PropertyValueSpecification","valueRequired":true,"valueName":"search_term_string"}}],"inLanguage":"es"},{"@type":"Person","@id":"https:\/\/www.asajacyl.com\/avila\/#\/schema\/person\/daf3c5c7d3afd005798ec283b78826ed","name":"Joaqu\u00edn","image":{"@type":"ImageObject","inLanguage":"es","@id":"https:\/\/www.asajacyl.com\/avila\/#\/schema\/person\/image\/","url":"https:\/\/secure.gravatar.com\/avatar\/8a87f10166ff5a8a3b0c21a125bc069d?s=96&d=mm&r=g","contentUrl":"https:\/\/secure.gravatar.com\/avatar\/8a87f10166ff5a8a3b0c21a125bc069d?s=96&d=mm&r=g","caption":"Joaqu\u00edn"},"url":"https:\/\/www.asajacyl.com\/avila\/author\/joaquinap"}]}},"_links":{"self":[{"href":"https:\/\/www.asajacyl.com\/avila\/wp-json\/wp\/v2\/posts\/3898"}],"collection":[{"href":"https:\/\/www.asajacyl.com\/avila\/wp-json\/wp\/v2\/posts"}],"about":[{"href":"https:\/\/www.asajacyl.com\/avila\/wp-json\/wp\/v2\/types\/post"}],"author":[{"embeddable":true,"href":"https:\/\/www.asajacyl.com\/avila\/wp-json\/wp\/v2\/users\/6"}],"replies":[{"embeddable":true,"href":"https:\/\/www.asajacyl.com\/avila\/wp-json\/wp\/v2\/comments?post=3898"}],"version-history":[{"count":1,"href":"https:\/\/www.asajacyl.com\/avila\/wp-json\/wp\/v2\/posts\/3898\/revisions"}],"predecessor-version":[{"id":3900,"href":"https:\/\/www.asajacyl.com\/avila\/wp-json\/wp\/v2\/posts\/3898\/revisions\/3900"}],"wp:featuredmedia":[{"embeddable":true,"href":"https:\/\/www.asajacyl.com\/avila\/wp-json\/wp\/v2\/media\/3899"}],"wp:attachment":[{"href":"https:\/\/www.asajacyl.com\/avila\/wp-json\/wp\/v2\/media?parent=3898"}],"wp:term":[{"taxonomy":"category","embeddable":true,"href":"https:\/\/www.asajacyl.com\/avila\/wp-json\/wp\/v2\/categories?post=3898"},{"taxonomy":"post_tag","embeddable":true,"href":"https:\/\/www.asajacyl.com\/avila\/wp-json\/wp\/v2\/tags?post=3898"}],"curies":[{"name":"wp","href":"https:\/\/api.w.org\/{rel}","templated":true}]}}