{"id":4033,"date":"2018-08-01T16:13:56","date_gmt":"2018-08-01T14:13:56","guid":{"rendered":"https:\/\/www.asajacyl.com\/avila\/?p=4033"},"modified":"2018-08-08T16:14:34","modified_gmt":"2018-08-08T14:14:34","slug":"riesgo-incendios-forestales","status":"publish","type":"post","link":"https:\/\/www.asajacyl.com\/avila\/sin-categoria\/riesgo-incendios-forestales","title":{"rendered":"Riesgo de incendios forestales"},"content":{"rendered":"<p>La Junta de Castilla y Le\u00f3n ha\u00a0declarado alerta por riesgo meteorol\u00f3gico de incendios forestales en Castilla y Le\u00f3n para los d\u00edas 2, 3, 4 y 5 de\u00a0agosto, debido a\u00a0las previsiones de\u00a0temperaturas m\u00e1ximas y\u00a0m\u00ednimas\u00a0notablemente superiores a lo normal, que\u00a0alcanzar\u00e1n valores m\u00e1ximos pr\u00f3ximos a los 40\u00ba C en muchos puntos del centro y sur de la Comunidad.<\/p>\n<p>Ante esta situaci\u00f3n, se proh\u00edbe el uso de barbacoas, ahumadores en la actividad ap\u00edcola, as\u00ed como el uso de maquinaria en el monte y franja de 400 metros de terreno r\u00fastico cuyo funcionamiento genere fuego, como sopletes, soldadores o radiales, entre otras herramientas.<\/p>\n<p>La utilizaci\u00f3n de maquinaria tipo cosechadora se suspender\u00e1 en los momentos en que la temperatura sea superior a 30\u00ba C y la velocidad del viento supere los 30 kil\u00f3metros por hora. Fuera de esas condiciones se podr\u00e1 cosechar manteniendo la m\u00e1xima precauci\u00f3n y teniendo a mano los medios de extinci\u00f3n y el personal suficientes para controlar los posibles incendios que se puedan originar como consecuencia de la labor.<\/p>\n<p>El uso de motosierras s\u00ed est\u00e1 permitido siempre que se cuente con medios de extinci\u00f3n en esa ubicaci\u00f3n (mochila, batefuegos o similar) y sus lugares de mantenimiento, si son en monte, se mantengan limpios de vegetaci\u00f3n y con medios de extinci\u00f3n.<\/p>\n<p>Asimismo, se solicita a la poblaci\u00f3n que, adem\u00e1s de extremar las medidas de prudencia, tenga la m\u00e1xima precauci\u00f3n en sus actividades al aire libre, primando su seguridad y la del monte, y avisando a trav\u00e9s del 112 de la existencia de posibles incendios forestales.<\/p>\n<p>En Castilla y Le\u00f3n se regula el uso del fuego en la <a href=\"http:\/\/bocyl.jcyl.es\/boletines\/2013\/06\/27\/pdf\/BOCYL-D-27062013-2.pdf\" target=\"_blank\" rel=\"noopener\">Orden\u00a0FYM\/510\/2013<\/a>, de 25 de junio, de la Consejer\u00eda de Fomento y Medio Ambiente, donde tambi\u00e9n se establecen medidas\u00a0preventivas para la lucha contra los incendios forestales.<\/p>\n","protected":false},"excerpt":{"rendered":"<p>La Junta de Castilla y Le\u00f3n ha\u00a0declarado alerta por riesgo meteorol\u00f3gico de incendios forestales en Castilla y Le\u00f3n para los d\u00edas 2, 3, 4 y 5 de\u00a0agosto, debido a\u00a0las previsiones de\u00a0temperaturas m\u00e1ximas y\u00a0m\u00ednimas\u00a0notablemente superiores a lo normal, que\u00a0alcanzar\u00e1n valores m\u00e1ximos pr\u00f3ximos a los 40\u00ba C en muchos puntos del centro y sur de la Comunidad. [&hellip;]<\/p>\n","protected":false},"author":6,"featured_media":794,"comment_status":"open","ping_status":"open","sticky":false,"template":"","format":"standard","meta":{"footnotes":""},"categories":[1],"tags":[],"yoast_head":"<!-- This site is optimized with the Yoast SEO plugin v24.5 - https:\/\/yoast.com\/wordpress\/plugins\/seo\/ -->\n<title>Riesgo de incendios forestales - ASAJA \u00c1vila<\/title>\n<meta name=\"description\" content=\"La Junta de Castilla y Le\u00f3n ha\u00a0declarado alerta por riesgo meteorol\u00f3gico de incendios forestales en Castilla y Le\u00f3n para los d\u00edas 2, 3, 4 y 5 de\u00a0agosto,\" \/>\n<meta name=\"robots\" content=\"index, follow, max-snippet:-1, max-image-preview:large, max-video-preview:-1\" \/>\n<link rel=\"canonical\" href=\"https:\/\/www.asajacyl.com\/avila\/sin-categoria\/riesgo-incendios-forestales\" \/>\n<meta property=\"og:locale\" content=\"es_ES\" \/>\n<meta property=\"og:type\" content=\"article\" \/>\n<meta property=\"og:title\" content=\"Riesgo de incendios forestales - ASAJA \u00c1vila\" \/>\n<meta property=\"og:description\" content=\"La Junta de Castilla y Le\u00f3n ha\u00a0declarado alerta por riesgo meteorol\u00f3gico de incendios forestales en Castilla y Le\u00f3n para los d\u00edas 2, 3, 4 y 5 de\u00a0agosto,\" \/>\n<meta property=\"og:url\" content=\"https:\/\/www.asajacyl.com\/avila\/sin-categoria\/riesgo-incendios-forestales\" \/>\n<meta property=\"og:site_name\" content=\"ASAJA \u00c1vila\" \/>\n<meta property=\"article:published_time\" content=\"2018-08-01T14:13:56+00:00\" \/>\n<meta property=\"article:modified_time\" content=\"2018-08-08T14:14:34+00:00\" \/>\n<meta property=\"og:image\" content=\"https:\/\/www.asajacyl.com\/avila\/wp-content\/uploads\/sites\/4\/2017\/11\/im_predefinida_1920x1080.jpg\" \/>\n\t<meta property=\"og:image:width\" content=\"1920\" \/>\n\t<meta property=\"og:image:height\" content=\"1080\" \/>\n\t<meta property=\"og:image:type\" content=\"image\/jpeg\" \/>\n<meta name=\"author\" content=\"Joaqu\u00edn\" \/>\n<meta name=\"twitter:card\" content=\"summary_large_image\" \/>\n<meta name=\"twitter:label1\" content=\"Escrito por\" \/>\n\t<meta name=\"twitter:data1\" content=\"Joaqu\u00edn\" \/>\n\t<meta name=\"twitter:label2\" content=\"Tiempo de lectura\" \/>\n\t<meta name=\"twitter:data2\" content=\"2 minutos\" \/>\n<script type=\"application\/ld+json\" class=\"yoast-schema-graph\">{\"@context\":\"https:\/\/schema.org\",\"@graph\":[{\"@type\":\"WebPage\",\"@id\":\"https:\/\/www.asajacyl.com\/avila\/sin-categoria\/riesgo-incendios-forestales\",\"url\":\"https:\/\/www.asajacyl.com\/avila\/sin-categoria\/riesgo-incendios-forestales\",\"name\":\"Riesgo de incendios forestales - ASAJA \u00c1vila\",\"isPartOf\":{\"@id\":\"https:\/\/www.asajacyl.com\/avila\/#website\"},\"primaryImageOfPage\":{\"@id\":\"https:\/\/www.asajacyl.com\/avila\/sin-categoria\/riesgo-incendios-forestales#primaryimage\"},\"image\":{\"@id\":\"https:\/\/www.asajacyl.com\/avila\/sin-categoria\/riesgo-incendios-forestales#primaryimage\"},\"thumbnailUrl\":\"https:\/\/www.asajacyl.com\/avila\/wp-content\/uploads\/sites\/4\/2017\/11\/im_predefinida_1920x1080.jpg\",\"datePublished\":\"2018-08-01T14:13:56+00:00\",\"dateModified\":\"2018-08-08T14:14:34+00:00\",\"author\":{\"@id\":\"https:\/\/www.asajacyl.com\/avila\/#\/schema\/person\/daf3c5c7d3afd005798ec283b78826ed\"},\"description\":\"La Junta de Castilla y Le\u00f3n ha\u00a0declarado alerta por riesgo meteorol\u00f3gico de incendios forestales en Castilla y Le\u00f3n para los d\u00edas 2, 3, 4 y 5 de\u00a0agosto,\",\"breadcrumb\":{\"@id\":\"https:\/\/www.asajacyl.com\/avila\/sin-categoria\/riesgo-incendios-forestales#breadcrumb\"},\"inLanguage\":\"es\",\"potentialAction\":[{\"@type\":\"ReadAction\",\"target\":[\"https:\/\/www.asajacyl.com\/avila\/sin-categoria\/riesgo-incendios-forestales\"]}]},{\"@type\":\"ImageObject\",\"inLanguage\":\"es\",\"@id\":\"https:\/\/www.asajacyl.com\/avila\/sin-categoria\/riesgo-incendios-forestales#primaryimage\",\"url\":\"https:\/\/www.asajacyl.com\/avila\/wp-content\/uploads\/sites\/4\/2017\/11\/im_predefinida_1920x1080.jpg\",\"contentUrl\":\"https:\/\/www.asajacyl.com\/avila\/wp-content\/uploads\/sites\/4\/2017\/11\/im_predefinida_1920x1080.jpg\",\"width\":1920,\"height\":1080,\"caption\":\"Logotipo ASAJA \u00c1vila\"},{\"@type\":\"BreadcrumbList\",\"@id\":\"https:\/\/www.asajacyl.com\/avila\/sin-categoria\/riesgo-incendios-forestales#breadcrumb\",\"itemListElement\":[{\"@type\":\"ListItem\",\"position\":1,\"name\":\"Portada\",\"item\":\"https:\/\/www.asajacyl.com\/avila\/\"},{\"@type\":\"ListItem\",\"position\":2,\"name\":\"Riesgo de incendios forestales\"}]},{\"@type\":\"WebSite\",\"@id\":\"https:\/\/www.asajacyl.com\/avila\/#website\",\"url\":\"https:\/\/www.asajacyl.com\/avila\/\",\"name\":\"ASAJA \u00c1vila\",\"description\":\"Otro sitio m\u00e1s de Provincias ASAJA Castilla y Le\u00f3n\",\"potentialAction\":[{\"@type\":\"SearchAction\",\"target\":{\"@type\":\"EntryPoint\",\"urlTemplate\":\"https:\/\/www.asajacyl.com\/avila\/?s={search_term_string}\"},\"query-input\":{\"@type\":\"PropertyValueSpecification\",\"valueRequired\":true,\"valueName\":\"search_term_string\"}}],\"inLanguage\":\"es\"},{\"@type\":\"Person\",\"@id\":\"https:\/\/www.asajacyl.com\/avila\/#\/schema\/person\/daf3c5c7d3afd005798ec283b78826ed\",\"name\":\"Joaqu\u00edn\",\"image\":{\"@type\":\"ImageObject\",\"inLanguage\":\"es\",\"@id\":\"https:\/\/www.asajacyl.com\/avila\/#\/schema\/person\/image\/\",\"url\":\"https:\/\/secure.gravatar.com\/avatar\/8a87f10166ff5a8a3b0c21a125bc069d?s=96&d=mm&r=g\",\"contentUrl\":\"https:\/\/secure.gravatar.com\/avatar\/8a87f10166ff5a8a3b0c21a125bc069d?s=96&d=mm&r=g\",\"caption\":\"Joaqu\u00edn\"},\"url\":\"https:\/\/www.asajacyl.com\/avila\/author\/joaquinap\"}]}<\/script>\n<!-- \/ Yoast SEO plugin. -->","yoast_head_json":{"title":"Riesgo de incendios forestales - ASAJA \u00c1vila","description":"La Junta de Castilla y Le\u00f3n ha\u00a0declarado alerta por riesgo meteorol\u00f3gico de incendios forestales en Castilla y Le\u00f3n para los d\u00edas 2, 3, 4 y 5 de\u00a0agosto,","robots":{"index":"index","follow":"follow","max-snippet":"max-snippet:-1","max-image-preview":"max-image-preview:large","max-video-preview":"max-video-preview:-1"},"canonical":"https:\/\/www.asajacyl.com\/avila\/sin-categoria\/riesgo-incendios-forestales","og_locale":"es_ES","og_type":"article","og_title":"Riesgo de incendios forestales - ASAJA \u00c1vila","og_description":"La Junta de Castilla y Le\u00f3n ha\u00a0declarado alerta por riesgo meteorol\u00f3gico de incendios forestales en Castilla y Le\u00f3n para los d\u00edas 2, 3, 4 y 5 de\u00a0agosto,","og_url":"https:\/\/www.asajacyl.com\/avila\/sin-categoria\/riesgo-incendios-forestales","og_site_name":"ASAJA \u00c1vila","article_published_time":"2018-08-01T14:13:56+00:00","article_modified_time":"2018-08-08T14:14:34+00:00","og_image":[{"width":1920,"height":1080,"url":"https:\/\/www.asajacyl.com\/avila\/wp-content\/uploads\/sites\/4\/2017\/11\/im_predefinida_1920x1080.jpg","type":"image\/jpeg"}],"author":"Joaqu\u00edn","twitter_card":"summary_large_image","twitter_misc":{"Escrito por":"Joaqu\u00edn","Tiempo de lectura":"2 minutos"},"schema":{"@context":"https:\/\/schema.org","@graph":[{"@type":"WebPage","@id":"https:\/\/www.asajacyl.com\/avila\/sin-categoria\/riesgo-incendios-forestales","url":"https:\/\/www.asajacyl.com\/avila\/sin-categoria\/riesgo-incendios-forestales","name":"Riesgo de incendios forestales - ASAJA \u00c1vila","isPartOf":{"@id":"https:\/\/www.asajacyl.com\/avila\/#website"},"primaryImageOfPage":{"@id":"https:\/\/www.asajacyl.com\/avila\/sin-categoria\/riesgo-incendios-forestales#primaryimage"},"image":{"@id":"https:\/\/www.asajacyl.com\/avila\/sin-categoria\/riesgo-incendios-forestales#primaryimage"},"thumbnailUrl":"https:\/\/www.asajacyl.com\/avila\/wp-content\/uploads\/sites\/4\/2017\/11\/im_predefinida_1920x1080.jpg","datePublished":"2018-08-01T14:13:56+00:00","dateModified":"2018-08-08T14:14:34+00:00","author":{"@id":"https:\/\/www.asajacyl.com\/avila\/#\/schema\/person\/daf3c5c7d3afd005798ec283b78826ed"},"description":"La Junta de Castilla y Le\u00f3n ha\u00a0declarado alerta por riesgo meteorol\u00f3gico de incendios forestales en Castilla y Le\u00f3n para los d\u00edas 2, 3, 4 y 5 de\u00a0agosto,","breadcrumb":{"@id":"https:\/\/www.asajacyl.com\/avila\/sin-categoria\/riesgo-incendios-forestales#breadcrumb"},"inLanguage":"es","potentialAction":[{"@type":"ReadAction","target":["https:\/\/www.asajacyl.com\/avila\/sin-categoria\/riesgo-incendios-forestales"]}]},{"@type":"ImageObject","inLanguage":"es","@id":"https:\/\/www.asajacyl.com\/avila\/sin-categoria\/riesgo-incendios-forestales#primaryimage","url":"https:\/\/www.asajacyl.com\/avila\/wp-content\/uploads\/sites\/4\/2017\/11\/im_predefinida_1920x1080.jpg","contentUrl":"https:\/\/www.asajacyl.com\/avila\/wp-content\/uploads\/sites\/4\/2017\/11\/im_predefinida_1920x1080.jpg","width":1920,"height":1080,"caption":"Logotipo ASAJA \u00c1vila"},{"@type":"BreadcrumbList","@id":"https:\/\/www.asajacyl.com\/avila\/sin-categoria\/riesgo-incendios-forestales#breadcrumb","itemListElement":[{"@type":"ListItem","position":1,"name":"Portada","item":"https:\/\/www.asajacyl.com\/avila\/"},{"@type":"ListItem","position":2,"name":"Riesgo de incendios forestales"}]},{"@type":"WebSite","@id":"https:\/\/www.asajacyl.com\/avila\/#website","url":"https:\/\/www.asajacyl.com\/avila\/","name":"ASAJA \u00c1vila","description":"Otro sitio m\u00e1s de Provincias ASAJA Castilla y Le\u00f3n","potentialAction":[{"@type":"SearchAction","target":{"@type":"EntryPoint","urlTemplate":"https:\/\/www.asajacyl.com\/avila\/?s={search_term_string}"},"query-input":{"@type":"PropertyValueSpecification","valueRequired":true,"valueName":"search_term_string"}}],"inLanguage":"es"},{"@type":"Person","@id":"https:\/\/www.asajacyl.com\/avila\/#\/schema\/person\/daf3c5c7d3afd005798ec283b78826ed","name":"Joaqu\u00edn","image":{"@type":"ImageObject","inLanguage":"es","@id":"https:\/\/www.asajacyl.com\/avila\/#\/schema\/person\/image\/","url":"https:\/\/secure.gravatar.com\/avatar\/8a87f10166ff5a8a3b0c21a125bc069d?s=96&d=mm&r=g","contentUrl":"https:\/\/secure.gravatar.com\/avatar\/8a87f10166ff5a8a3b0c21a125bc069d?s=96&d=mm&r=g","caption":"Joaqu\u00edn"},"url":"https:\/\/www.asajacyl.com\/avila\/author\/joaquinap"}]}},"_links":{"self":[{"href":"https:\/\/www.asajacyl.com\/avila\/wp-json\/wp\/v2\/posts\/4033"}],"collection":[{"href":"https:\/\/www.asajacyl.com\/avila\/wp-json\/wp\/v2\/posts"}],"about":[{"href":"https:\/\/www.asajacyl.com\/avila\/wp-json\/wp\/v2\/types\/post"}],"author":[{"embeddable":true,"href":"https:\/\/www.asajacyl.com\/avila\/wp-json\/wp\/v2\/users\/6"}],"replies":[{"embeddable":true,"href":"https:\/\/www.asajacyl.com\/avila\/wp-json\/wp\/v2\/comments?post=4033"}],"version-history":[{"count":1,"href":"https:\/\/www.asajacyl.com\/avila\/wp-json\/wp\/v2\/posts\/4033\/revisions"}],"predecessor-version":[{"id":4034,"href":"https:\/\/www.asajacyl.com\/avila\/wp-json\/wp\/v2\/posts\/4033\/revisions\/4034"}],"wp:featuredmedia":[{"embeddable":true,"href":"https:\/\/www.asajacyl.com\/avila\/wp-json\/wp\/v2\/media\/794"}],"wp:attachment":[{"href":"https:\/\/www.asajacyl.com\/avila\/wp-json\/wp\/v2\/media?parent=4033"}],"wp:term":[{"taxonomy":"category","embeddable":true,"href":"https:\/\/www.asajacyl.com\/avila\/wp-json\/wp\/v2\/categories?post=4033"},{"taxonomy":"post_tag","embeddable":true,"href":"https:\/\/www.asajacyl.com\/avila\/wp-json\/wp\/v2\/tags?post=4033"}],"curies":[{"name":"wp","href":"https:\/\/api.w.org\/{rel}","templated":true}]}}