{"id":4043,"date":"2018-08-22T10:17:08","date_gmt":"2018-08-22T08:17:08","guid":{"rendered":"https:\/\/www.asajacyl.com\/avila\/?p=4043"},"modified":"2018-09-17T09:49:15","modified_gmt":"2018-09-17T07:49:15","slug":"upa-coag-avila-muestra-inquina-hacia-asaja-animadversion-la-iglesia","status":"publish","type":"post","link":"https:\/\/www.asajacyl.com\/avila\/asaja-avila-informa\/upa-coag-avila-muestra-inquina-hacia-asaja-animadversion-la-iglesia","title":{"rendered":"UPA-Coag de \u00c1vila muestra su inquina hacia ASAJA y su animadversi\u00f3n a la Iglesia"},"content":{"rendered":"<p><strong>Una organizaci\u00f3n, la UPA de \u00c1vila, que cada vez tiene menos apoyos y afiliados en la provincia y que actualmente se encuentra dirigida por un jubilado<\/strong><\/p>\n<p>La Alianza UPA-Coag de la provincia \u00c1vila nuevamente muestra su verdadera cara y el \u00fanico fin que le mueve, el enfrentamiento continuo y a cualquier precio buscando la divisi\u00f3n entre las organizaciones agrarias de la provincia en lugar de la unidad de acci\u00f3n, utilizando para ello cualquier motivo hasta llegar a la ridiculez y bobuna como volvi\u00f3 a demostrar en el d\u00eda de ayer.<\/p>\n<p>La Asociaci\u00f3n Agraria <em>J\u00f3venes Agricultores<\/em> (ASAJA) de \u00c1vila lleva cerca de de diez a\u00f1os padeciendo y soportando el permanente acoso y descalificaci\u00f3n continua de la que es actualmente la organizaci\u00f3n minoritaria y con menos apoyo por parte de los agricultores y ganaderos de \u00c1vila, la Alianza UPA-Coag. Dos organizaciones juntas que a\u00fan present\u00e1ndose en coalici\u00f3n electoral en la provincia en las recientes elecciones del campo, ni siquiera han sido capaces de lograr igualar los apoyos recibidos por ASAJA de \u00c1vila, organizaci\u00f3n que se present\u00f3 en solitario.<\/p>\n<p>Las mujeres y hombres del campo de \u00c1vila, al igual que en el resto del territorio de Castilla y Le\u00f3n, respaldaron con su voto el pasado mes de febrero la labor incansable y en defensa del sector agr\u00edcola y ganadero que desarrolla ASAJA, una defensa del modelo profesional agrario que realizan sus dirigentes y su equipo t\u00e9cnico sin preocuparles lo m\u00e1s m\u00ednimo lo que hace o deja de hacer la UPA, con respeto hacia todo el tejido social y el resto de organizaciones agrarias, y sin necesidad de buscar la confrontaci\u00f3n ni descalificar.<\/p>\n<p>Hace unos d\u00edas ASAJA de \u00c1vila tuvo conocimiento de c\u00f3mo la UPA de Ja\u00e9n y su secretario general en aquella provincia andaluza arremet\u00edan en redes sociales e intentaban mofarse de ASAJA y la Iglesia Cat\u00f3lica, practicando la intolerancia y falta de respeto habitual que les caracteriza. Ayer era el turno mediante comunicado de prensa de la UPA de \u00c1vila, una organizaci\u00f3n decadente y carente de ideas, minoritaria en nuestra provincia al igual que en el resto del territorio de Castilla y Le\u00f3n -donde en muchos casos es residual o inexistente-, que con actos como este se desacredita por s\u00ed misma.<\/p>\n<p>Lo indiscutible es que a comienzos de a\u00f1o el campo padec\u00eda una preocupante y larga sequ\u00eda, sin reservas y con los pantanos bajo m\u00ednimos que imped\u00edan afrontar la siguiente campa\u00f1a de riego e incluso hac\u00eda peligrar el abastecimiento de agua para consumo humano, con unas malas perspectivas tanto para la agricultura de secano como de regad\u00edo y la ganader\u00eda. La petici\u00f3n de nieves y aguas a primeros de a\u00f1o, que luego fueron generosas durante toda la primavera, revertieron esa situaci\u00f3n en nuestra provincia, Castilla y Le\u00f3n y el resto del territorio nacional, colmando las necesidades h\u00eddricas de agricultores, ganaderos y del resto de la poblaci\u00f3n.<\/p>\n<p>ASAJA no puede entender la descalificaci\u00f3n y b\u00fasqueda del enfrentamiento continuas, sin motivo ni sentido alguno, que en la sombra practica el que lleva siendo su m\u00e1ximo dirigente en la provincia como secretario general de UPA de \u00c1vila, adem\u00e1s de responsable de Agricultura de UPA a nivel estatal, y que se perpet\u00faa en el cargo desde hace la friolera de 40 a\u00f1os. Una persona que se encuentra ya jubilada, pero que no renuncia a los cargos ni cede el testigo. \u00danicamente le mueve la inquina y el odio hacia ASAJA, y as\u00ed regocijado en su jubilaci\u00f3n le es muy c\u00f3modo levantar el tel\u00e9fono y ordenar \u201cdedicar\u201d una nota de prensa, como la enviada ayer a los medios de comunicaci\u00f3n sin argumento alguno en la que deja al descubierto su resentimiento hacia ASAJA y la animadversi\u00f3n hacia la Iglesia Cat\u00f3lica.<\/p>\n<p>Como ya ha expresado p\u00fablicamente en reiteradas ocasiones la organizaci\u00f3n agraria, ASAJA de \u00c1vila exige respeto al resto de organizaciones agrarias y defiende la unidad de acci\u00f3n como la mejor herramienta para la defensa de los intereses del sector agrario. ASAJA se niega a participar de la estrategia de enfrentamiento a cualquier precio que practica la UPA de \u00c1vila y el sindicalista jubilado que la dirige. No es de recibo, ni lo vamos a tolerar, que la organizaci\u00f3n agraria UPA de \u00c1vila y su m\u00e1ximo responsable provincial intenten mofarse continua e impunemente de la organizaci\u00f3n agraria ASAJA, los agricultores y ganaderos de bien a los que representa y la propia Iglesia Cat\u00f3lica. Los ganaderos y agricultores de \u00c1vila son sabios y con su voto en la \u00faltima consulta electoral celebrada revelaron que cada vez son menos los que apoyan y se sienten representados por el sindicato agrario UPA, el minoritario en la provincia. Sus mandatarios parecen no asumirlo y contin\u00faan con su estrategia sindical de los \u00faltimos a\u00f1os, la del acoso y derribo, el enfrentamiento y la descalificaci\u00f3n. Ellos solos quedan retratados y desacreditados.<\/p>\n","protected":false},"excerpt":{"rendered":"<p>Una organizaci\u00f3n, la UPA de \u00c1vila, que cada vez tiene menos apoyos y afiliados en la provincia y que actualmente se encuentra dirigida por un jubilado La Alianza UPA-Coag de la provincia \u00c1vila nuevamente muestra su verdadera cara y el \u00fanico fin que le mueve, el enfrentamiento continuo y a cualquier precio buscando la divisi\u00f3n [&hellip;]<\/p>\n","protected":false},"author":6,"featured_media":4044,"comment_status":"open","ping_status":"open","sticky":false,"template":"","format":"standard","meta":{"footnotes":""},"categories":[8,18],"tags":[],"yoast_head":"<!-- This site is optimized with the Yoast SEO plugin v24.5 - https:\/\/yoast.com\/wordpress\/plugins\/seo\/ -->\n<title>UPA-Coag de \u00c1vila muestra su inquina hacia ASAJA y su animadversi\u00f3n a la Iglesia - ASAJA \u00c1vila<\/title>\n<meta name=\"description\" content=\"Una organizaci\u00f3n, la UPA de \u00c1vila, que cada vez tiene menos apoyos y afiliados en la provincia y que actualmente se encuentra dirigida por un jubilado La\" \/>\n<meta name=\"robots\" content=\"index, follow, max-snippet:-1, max-image-preview:large, max-video-preview:-1\" \/>\n<link rel=\"canonical\" href=\"https:\/\/www.asajacyl.com\/avila\/asaja-avila-informa\/upa-coag-avila-muestra-inquina-hacia-asaja-animadversion-la-iglesia\" \/>\n<meta property=\"og:locale\" content=\"es_ES\" \/>\n<meta property=\"og:type\" content=\"article\" \/>\n<meta property=\"og:title\" content=\"UPA-Coag de \u00c1vila muestra su inquina hacia ASAJA y su animadversi\u00f3n a la Iglesia - ASAJA \u00c1vila\" \/>\n<meta property=\"og:description\" content=\"Una organizaci\u00f3n, la UPA de \u00c1vila, que cada vez tiene menos apoyos y afiliados en la provincia y que actualmente se encuentra dirigida por un jubilado La\" \/>\n<meta property=\"og:url\" content=\"https:\/\/www.asajacyl.com\/avila\/asaja-avila-informa\/upa-coag-avila-muestra-inquina-hacia-asaja-animadversion-la-iglesia\" \/>\n<meta property=\"og:site_name\" content=\"ASAJA \u00c1vila\" \/>\n<meta property=\"article:published_time\" content=\"2018-08-22T08:17:08+00:00\" \/>\n<meta property=\"article:modified_time\" content=\"2018-09-17T07:49:15+00:00\" \/>\n<meta property=\"og:image\" content=\"https:\/\/www.asajacyl.com\/avila\/wp-content\/uploads\/sites\/4\/2018\/08\/FOTO-RUEDA-DE-PRENSA-1.jpg\" \/>\n\t<meta property=\"og:image:width\" content=\"1600\" \/>\n\t<meta property=\"og:image:height\" content=\"903\" \/>\n\t<meta property=\"og:image:type\" content=\"image\/jpeg\" \/>\n<meta name=\"author\" content=\"Joaqu\u00edn\" \/>\n<meta name=\"twitter:card\" content=\"summary_large_image\" \/>\n<meta name=\"twitter:label1\" content=\"Escrito por\" \/>\n\t<meta name=\"twitter:data1\" content=\"Joaqu\u00edn\" \/>\n\t<meta name=\"twitter:label2\" content=\"Tiempo de lectura\" \/>\n\t<meta name=\"twitter:data2\" content=\"4 minutos\" \/>\n<script type=\"application\/ld+json\" class=\"yoast-schema-graph\">{\"@context\":\"https:\/\/schema.org\",\"@graph\":[{\"@type\":\"WebPage\",\"@id\":\"https:\/\/www.asajacyl.com\/avila\/asaja-avila-informa\/upa-coag-avila-muestra-inquina-hacia-asaja-animadversion-la-iglesia\",\"url\":\"https:\/\/www.asajacyl.com\/avila\/asaja-avila-informa\/upa-coag-avila-muestra-inquina-hacia-asaja-animadversion-la-iglesia\",\"name\":\"UPA-Coag de \u00c1vila muestra su inquina hacia ASAJA y su animadversi\u00f3n a la Iglesia - ASAJA \u00c1vila\",\"isPartOf\":{\"@id\":\"https:\/\/www.asajacyl.com\/avila\/#website\"},\"primaryImageOfPage\":{\"@id\":\"https:\/\/www.asajacyl.com\/avila\/asaja-avila-informa\/upa-coag-avila-muestra-inquina-hacia-asaja-animadversion-la-iglesia#primaryimage\"},\"image\":{\"@id\":\"https:\/\/www.asajacyl.com\/avila\/asaja-avila-informa\/upa-coag-avila-muestra-inquina-hacia-asaja-animadversion-la-iglesia#primaryimage\"},\"thumbnailUrl\":\"https:\/\/www.asajacyl.com\/avila\/wp-content\/uploads\/sites\/4\/2018\/08\/FOTO-RUEDA-DE-PRENSA-1.jpg\",\"datePublished\":\"2018-08-22T08:17:08+00:00\",\"dateModified\":\"2018-09-17T07:49:15+00:00\",\"author\":{\"@id\":\"https:\/\/www.asajacyl.com\/avila\/#\/schema\/person\/daf3c5c7d3afd005798ec283b78826ed\"},\"description\":\"Una organizaci\u00f3n, la UPA de \u00c1vila, que cada vez tiene menos apoyos y afiliados en la provincia y que actualmente se encuentra dirigida por un jubilado La\",\"breadcrumb\":{\"@id\":\"https:\/\/www.asajacyl.com\/avila\/asaja-avila-informa\/upa-coag-avila-muestra-inquina-hacia-asaja-animadversion-la-iglesia#breadcrumb\"},\"inLanguage\":\"es\",\"potentialAction\":[{\"@type\":\"ReadAction\",\"target\":[\"https:\/\/www.asajacyl.com\/avila\/asaja-avila-informa\/upa-coag-avila-muestra-inquina-hacia-asaja-animadversion-la-iglesia\"]}]},{\"@type\":\"ImageObject\",\"inLanguage\":\"es\",\"@id\":\"https:\/\/www.asajacyl.com\/avila\/asaja-avila-informa\/upa-coag-avila-muestra-inquina-hacia-asaja-animadversion-la-iglesia#primaryimage\",\"url\":\"https:\/\/www.asajacyl.com\/avila\/wp-content\/uploads\/sites\/4\/2018\/08\/FOTO-RUEDA-DE-PRENSA-1.jpg\",\"contentUrl\":\"https:\/\/www.asajacyl.com\/avila\/wp-content\/uploads\/sites\/4\/2018\/08\/FOTO-RUEDA-DE-PRENSA-1.jpg\",\"width\":1600,\"height\":903},{\"@type\":\"BreadcrumbList\",\"@id\":\"https:\/\/www.asajacyl.com\/avila\/asaja-avila-informa\/upa-coag-avila-muestra-inquina-hacia-asaja-animadversion-la-iglesia#breadcrumb\",\"itemListElement\":[{\"@type\":\"ListItem\",\"position\":1,\"name\":\"Portada\",\"item\":\"https:\/\/www.asajacyl.com\/avila\/\"},{\"@type\":\"ListItem\",\"position\":2,\"name\":\"UPA-Coag de \u00c1vila muestra su inquina hacia ASAJA y su animadversi\u00f3n a la Iglesia\"}]},{\"@type\":\"WebSite\",\"@id\":\"https:\/\/www.asajacyl.com\/avila\/#website\",\"url\":\"https:\/\/www.asajacyl.com\/avila\/\",\"name\":\"ASAJA \u00c1vila\",\"description\":\"Otro sitio m\u00e1s de Provincias ASAJA Castilla y Le\u00f3n\",\"potentialAction\":[{\"@type\":\"SearchAction\",\"target\":{\"@type\":\"EntryPoint\",\"urlTemplate\":\"https:\/\/www.asajacyl.com\/avila\/?s={search_term_string}\"},\"query-input\":{\"@type\":\"PropertyValueSpecification\",\"valueRequired\":true,\"valueName\":\"search_term_string\"}}],\"inLanguage\":\"es\"},{\"@type\":\"Person\",\"@id\":\"https:\/\/www.asajacyl.com\/avila\/#\/schema\/person\/daf3c5c7d3afd005798ec283b78826ed\",\"name\":\"Joaqu\u00edn\",\"image\":{\"@type\":\"ImageObject\",\"inLanguage\":\"es\",\"@id\":\"https:\/\/www.asajacyl.com\/avila\/#\/schema\/person\/image\/\",\"url\":\"https:\/\/secure.gravatar.com\/avatar\/8a87f10166ff5a8a3b0c21a125bc069d?s=96&d=mm&r=g\",\"contentUrl\":\"https:\/\/secure.gravatar.com\/avatar\/8a87f10166ff5a8a3b0c21a125bc069d?s=96&d=mm&r=g\",\"caption\":\"Joaqu\u00edn\"},\"url\":\"https:\/\/www.asajacyl.com\/avila\/author\/joaquinap\"}]}<\/script>\n<!-- \/ Yoast SEO plugin. -->","yoast_head_json":{"title":"UPA-Coag de \u00c1vila muestra su inquina hacia ASAJA y su animadversi\u00f3n a la Iglesia - ASAJA \u00c1vila","description":"Una organizaci\u00f3n, la UPA de \u00c1vila, que cada vez tiene menos apoyos y afiliados en la provincia y que actualmente se encuentra dirigida por un jubilado La","robots":{"index":"index","follow":"follow","max-snippet":"max-snippet:-1","max-image-preview":"max-image-preview:large","max-video-preview":"max-video-preview:-1"},"canonical":"https:\/\/www.asajacyl.com\/avila\/asaja-avila-informa\/upa-coag-avila-muestra-inquina-hacia-asaja-animadversion-la-iglesia","og_locale":"es_ES","og_type":"article","og_title":"UPA-Coag de \u00c1vila muestra su inquina hacia ASAJA y su animadversi\u00f3n a la Iglesia - ASAJA \u00c1vila","og_description":"Una organizaci\u00f3n, la UPA de \u00c1vila, que cada vez tiene menos apoyos y afiliados en la provincia y que actualmente se encuentra dirigida por un jubilado La","og_url":"https:\/\/www.asajacyl.com\/avila\/asaja-avila-informa\/upa-coag-avila-muestra-inquina-hacia-asaja-animadversion-la-iglesia","og_site_name":"ASAJA \u00c1vila","article_published_time":"2018-08-22T08:17:08+00:00","article_modified_time":"2018-09-17T07:49:15+00:00","og_image":[{"width":1600,"height":903,"url":"https:\/\/www.asajacyl.com\/avila\/wp-content\/uploads\/sites\/4\/2018\/08\/FOTO-RUEDA-DE-PRENSA-1.jpg","type":"image\/jpeg"}],"author":"Joaqu\u00edn","twitter_card":"summary_large_image","twitter_misc":{"Escrito por":"Joaqu\u00edn","Tiempo de lectura":"4 minutos"},"schema":{"@context":"https:\/\/schema.org","@graph":[{"@type":"WebPage","@id":"https:\/\/www.asajacyl.com\/avila\/asaja-avila-informa\/upa-coag-avila-muestra-inquina-hacia-asaja-animadversion-la-iglesia","url":"https:\/\/www.asajacyl.com\/avila\/asaja-avila-informa\/upa-coag-avila-muestra-inquina-hacia-asaja-animadversion-la-iglesia","name":"UPA-Coag de \u00c1vila muestra su inquina hacia ASAJA y su animadversi\u00f3n a la Iglesia - ASAJA \u00c1vila","isPartOf":{"@id":"https:\/\/www.asajacyl.com\/avila\/#website"},"primaryImageOfPage":{"@id":"https:\/\/www.asajacyl.com\/avila\/asaja-avila-informa\/upa-coag-avila-muestra-inquina-hacia-asaja-animadversion-la-iglesia#primaryimage"},"image":{"@id":"https:\/\/www.asajacyl.com\/avila\/asaja-avila-informa\/upa-coag-avila-muestra-inquina-hacia-asaja-animadversion-la-iglesia#primaryimage"},"thumbnailUrl":"https:\/\/www.asajacyl.com\/avila\/wp-content\/uploads\/sites\/4\/2018\/08\/FOTO-RUEDA-DE-PRENSA-1.jpg","datePublished":"2018-08-22T08:17:08+00:00","dateModified":"2018-09-17T07:49:15+00:00","author":{"@id":"https:\/\/www.asajacyl.com\/avila\/#\/schema\/person\/daf3c5c7d3afd005798ec283b78826ed"},"description":"Una organizaci\u00f3n, la UPA de \u00c1vila, que cada vez tiene menos apoyos y afiliados en la provincia y que actualmente se encuentra dirigida por un jubilado La","breadcrumb":{"@id":"https:\/\/www.asajacyl.com\/avila\/asaja-avila-informa\/upa-coag-avila-muestra-inquina-hacia-asaja-animadversion-la-iglesia#breadcrumb"},"inLanguage":"es","potentialAction":[{"@type":"ReadAction","target":["https:\/\/www.asajacyl.com\/avila\/asaja-avila-informa\/upa-coag-avila-muestra-inquina-hacia-asaja-animadversion-la-iglesia"]}]},{"@type":"ImageObject","inLanguage":"es","@id":"https:\/\/www.asajacyl.com\/avila\/asaja-avila-informa\/upa-coag-avila-muestra-inquina-hacia-asaja-animadversion-la-iglesia#primaryimage","url":"https:\/\/www.asajacyl.com\/avila\/wp-content\/uploads\/sites\/4\/2018\/08\/FOTO-RUEDA-DE-PRENSA-1.jpg","contentUrl":"https:\/\/www.asajacyl.com\/avila\/wp-content\/uploads\/sites\/4\/2018\/08\/FOTO-RUEDA-DE-PRENSA-1.jpg","width":1600,"height":903},{"@type":"BreadcrumbList","@id":"https:\/\/www.asajacyl.com\/avila\/asaja-avila-informa\/upa-coag-avila-muestra-inquina-hacia-asaja-animadversion-la-iglesia#breadcrumb","itemListElement":[{"@type":"ListItem","position":1,"name":"Portada","item":"https:\/\/www.asajacyl.com\/avila\/"},{"@type":"ListItem","position":2,"name":"UPA-Coag de \u00c1vila muestra su inquina hacia ASAJA y su animadversi\u00f3n a la Iglesia"}]},{"@type":"WebSite","@id":"https:\/\/www.asajacyl.com\/avila\/#website","url":"https:\/\/www.asajacyl.com\/avila\/","name":"ASAJA \u00c1vila","description":"Otro sitio m\u00e1s de Provincias ASAJA Castilla y Le\u00f3n","potentialAction":[{"@type":"SearchAction","target":{"@type":"EntryPoint","urlTemplate":"https:\/\/www.asajacyl.com\/avila\/?s={search_term_string}"},"query-input":{"@type":"PropertyValueSpecification","valueRequired":true,"valueName":"search_term_string"}}],"inLanguage":"es"},{"@type":"Person","@id":"https:\/\/www.asajacyl.com\/avila\/#\/schema\/person\/daf3c5c7d3afd005798ec283b78826ed","name":"Joaqu\u00edn","image":{"@type":"ImageObject","inLanguage":"es","@id":"https:\/\/www.asajacyl.com\/avila\/#\/schema\/person\/image\/","url":"https:\/\/secure.gravatar.com\/avatar\/8a87f10166ff5a8a3b0c21a125bc069d?s=96&d=mm&r=g","contentUrl":"https:\/\/secure.gravatar.com\/avatar\/8a87f10166ff5a8a3b0c21a125bc069d?s=96&d=mm&r=g","caption":"Joaqu\u00edn"},"url":"https:\/\/www.asajacyl.com\/avila\/author\/joaquinap"}]}},"_links":{"self":[{"href":"https:\/\/www.asajacyl.com\/avila\/wp-json\/wp\/v2\/posts\/4043"}],"collection":[{"href":"https:\/\/www.asajacyl.com\/avila\/wp-json\/wp\/v2\/posts"}],"about":[{"href":"https:\/\/www.asajacyl.com\/avila\/wp-json\/wp\/v2\/types\/post"}],"author":[{"embeddable":true,"href":"https:\/\/www.asajacyl.com\/avila\/wp-json\/wp\/v2\/users\/6"}],"replies":[{"embeddable":true,"href":"https:\/\/www.asajacyl.com\/avila\/wp-json\/wp\/v2\/comments?post=4043"}],"version-history":[{"count":1,"href":"https:\/\/www.asajacyl.com\/avila\/wp-json\/wp\/v2\/posts\/4043\/revisions"}],"predecessor-version":[{"id":4045,"href":"https:\/\/www.asajacyl.com\/avila\/wp-json\/wp\/v2\/posts\/4043\/revisions\/4045"}],"wp:featuredmedia":[{"embeddable":true,"href":"https:\/\/www.asajacyl.com\/avila\/wp-json\/wp\/v2\/media\/4044"}],"wp:attachment":[{"href":"https:\/\/www.asajacyl.com\/avila\/wp-json\/wp\/v2\/media?parent=4043"}],"wp:term":[{"taxonomy":"category","embeddable":true,"href":"https:\/\/www.asajacyl.com\/avila\/wp-json\/wp\/v2\/categories?post=4043"},{"taxonomy":"post_tag","embeddable":true,"href":"https:\/\/www.asajacyl.com\/avila\/wp-json\/wp\/v2\/tags?post=4043"}],"curies":[{"name":"wp","href":"https:\/\/api.w.org\/{rel}","templated":true}]}}