{"id":4108,"date":"2018-09-27T13:37:39","date_gmt":"2018-09-27T11:37:39","guid":{"rendered":"https:\/\/www.asajacyl.com\/avila\/?p=4108"},"modified":"2018-09-28T16:31:56","modified_gmt":"2018-09-28T14:31:56","slug":"cristina-danes-nueva-presidenta-la-confederacion-del-duero","status":"publish","type":"post","link":"https:\/\/www.asajacyl.com\/avila\/asaja-avila-informa\/noticias\/cristina-danes-nueva-presidenta-la-confederacion-del-duero","title":{"rendered":"Cristina Dan\u00e9s, nueva presidenta de la Confederaci\u00f3n del Duero"},"content":{"rendered":"<div class=\"td-post-content\">\n<div class=\"\">\n<h2>ASAJA pide mayor flexibilidad al organismo, que proteja el recurso pero tambi\u00e9n permita el uso del agua<\/h2>\n<div><\/div>\n<div class=\"_1mf _1mj\"><img loading=\"lazy\" decoding=\"async\" class=\"size-medium wp-image-12199 alignright td-animation-stack-type0-2\" src=\"https:\/\/www.asajacyl.com\/wp-content\/uploads\/2018\/09\/chd-300x219.jpg\" alt=\"\" width=\"300\" height=\"219\" \/>Esta ma\u00f1ana se ha celebrado la toma de posesi\u00f3n de la nueva presidenta de la Confederaci\u00f3n Hidrogr\u00e1fica del Duero (CHD), Cristina Dan\u00e9s. Un acto presidido por la delegada del Gobierno, Virginia Barcones.<\/div>\n<\/div>\n<div class=\"\">\n<div class=\"_1mf _1mj\">Entre otros puntos, Dan\u00e9s ha defendido un replanteamiento de las pol\u00edticas del agua por el cambio clim\u00e1tico, buscando una mayor eficiencia y sostenibilidad, as\u00ed como un mayor seguimiento de los acu\u00edferos para evitar su sobreexplotaci\u00f3n. ASAJA pide que el organismo de gesti\u00f3n de cuenca sea m\u00e1s flexible y encuentre un equilibrio entre las medidas de protecci\u00f3n y tambi\u00e9n de uso del agua, un recurso esencial para el sector agroganadero y para el sostenimiento de poblaci\u00f3n en el medio rural.<\/div>\n<div>FOTOS: AGENCIAICAL<\/div>\n<\/div>\n<\/div>\n","protected":false},"excerpt":{"rendered":"<p>ASAJA pide mayor flexibilidad al organismo, que proteja el recurso pero tambi\u00e9n permita el uso del agua Esta ma\u00f1ana se ha celebrado la toma de posesi\u00f3n de la nueva presidenta de la Confederaci\u00f3n Hidrogr\u00e1fica del Duero (CHD), Cristina Dan\u00e9s. Un acto presidido por la delegada del Gobierno, Virginia Barcones. Entre otros puntos, Dan\u00e9s ha defendido [&hellip;]<\/p>\n","protected":false},"author":6,"featured_media":4109,"comment_status":"open","ping_status":"open","sticky":false,"template":"","format":"standard","meta":{"footnotes":""},"categories":[8,18],"tags":[],"yoast_head":"<!-- This site is optimized with the Yoast SEO plugin v24.5 - https:\/\/yoast.com\/wordpress\/plugins\/seo\/ -->\n<title>Cristina Dan\u00e9s, nueva presidenta de la Confederaci\u00f3n del Duero - ASAJA \u00c1vila<\/title>\n<meta name=\"description\" content=\"ASAJA pide mayor flexibilidad al organismo, que proteja el recurso pero tambi\u00e9n permita el uso del agua Esta ma\u00f1ana se ha celebrado la toma de posesi\u00f3n de\" \/>\n<meta name=\"robots\" content=\"index, follow, max-snippet:-1, max-image-preview:large, max-video-preview:-1\" \/>\n<link rel=\"canonical\" href=\"https:\/\/www.asajacyl.com\/avila\/asaja-avila-informa\/noticias\/cristina-danes-nueva-presidenta-la-confederacion-del-duero\" \/>\n<meta property=\"og:locale\" content=\"es_ES\" \/>\n<meta property=\"og:type\" content=\"article\" \/>\n<meta property=\"og:title\" content=\"Cristina Dan\u00e9s, nueva presidenta de la Confederaci\u00f3n del Duero - ASAJA \u00c1vila\" \/>\n<meta property=\"og:description\" content=\"ASAJA pide mayor flexibilidad al organismo, que proteja el recurso pero tambi\u00e9n permita el uso del agua Esta ma\u00f1ana se ha celebrado la toma de posesi\u00f3n de\" \/>\n<meta property=\"og:url\" content=\"https:\/\/www.asajacyl.com\/avila\/asaja-avila-informa\/noticias\/cristina-danes-nueva-presidenta-la-confederacion-del-duero\" \/>\n<meta property=\"og:site_name\" content=\"ASAJA \u00c1vila\" \/>\n<meta property=\"article:published_time\" content=\"2018-09-27T11:37:39+00:00\" \/>\n<meta property=\"article:modified_time\" content=\"2018-09-28T14:31:56+00:00\" \/>\n<meta property=\"og:image\" content=\"https:\/\/www.asajacyl.com\/avila\/wp-content\/uploads\/sites\/4\/2018\/09\/CRISTINA-DAN\u00c9S-PTA-CHD.jpg\" \/>\n\t<meta property=\"og:image:width\" content=\"2121\" \/>\n\t<meta property=\"og:image:height\" content=\"2500\" \/>\n\t<meta property=\"og:image:type\" content=\"image\/jpeg\" \/>\n<meta name=\"author\" content=\"Joaqu\u00edn\" \/>\n<meta name=\"twitter:card\" content=\"summary_large_image\" \/>\n<meta name=\"twitter:label1\" content=\"Escrito por\" \/>\n\t<meta name=\"twitter:data1\" content=\"Joaqu\u00edn\" \/>\n\t<meta name=\"twitter:label2\" content=\"Tiempo de lectura\" \/>\n\t<meta name=\"twitter:data2\" content=\"1 minuto\" \/>\n<script type=\"application\/ld+json\" class=\"yoast-schema-graph\">{\"@context\":\"https:\/\/schema.org\",\"@graph\":[{\"@type\":\"WebPage\",\"@id\":\"https:\/\/www.asajacyl.com\/avila\/asaja-avila-informa\/noticias\/cristina-danes-nueva-presidenta-la-confederacion-del-duero\",\"url\":\"https:\/\/www.asajacyl.com\/avila\/asaja-avila-informa\/noticias\/cristina-danes-nueva-presidenta-la-confederacion-del-duero\",\"name\":\"Cristina Dan\u00e9s, nueva presidenta de la Confederaci\u00f3n del Duero - ASAJA \u00c1vila\",\"isPartOf\":{\"@id\":\"https:\/\/www.asajacyl.com\/avila\/#website\"},\"primaryImageOfPage\":{\"@id\":\"https:\/\/www.asajacyl.com\/avila\/asaja-avila-informa\/noticias\/cristina-danes-nueva-presidenta-la-confederacion-del-duero#primaryimage\"},\"image\":{\"@id\":\"https:\/\/www.asajacyl.com\/avila\/asaja-avila-informa\/noticias\/cristina-danes-nueva-presidenta-la-confederacion-del-duero#primaryimage\"},\"thumbnailUrl\":\"https:\/\/www.asajacyl.com\/avila\/wp-content\/uploads\/sites\/4\/2018\/09\/CRISTINA-DAN\u00c9S-PTA-CHD.jpg\",\"datePublished\":\"2018-09-27T11:37:39+00:00\",\"dateModified\":\"2018-09-28T14:31:56+00:00\",\"author\":{\"@id\":\"https:\/\/www.asajacyl.com\/avila\/#\/schema\/person\/daf3c5c7d3afd005798ec283b78826ed\"},\"description\":\"ASAJA pide mayor flexibilidad al organismo, que proteja el recurso pero tambi\u00e9n permita el uso del agua Esta ma\u00f1ana se ha celebrado la toma de posesi\u00f3n de\",\"breadcrumb\":{\"@id\":\"https:\/\/www.asajacyl.com\/avila\/asaja-avila-informa\/noticias\/cristina-danes-nueva-presidenta-la-confederacion-del-duero#breadcrumb\"},\"inLanguage\":\"es\",\"potentialAction\":[{\"@type\":\"ReadAction\",\"target\":[\"https:\/\/www.asajacyl.com\/avila\/asaja-avila-informa\/noticias\/cristina-danes-nueva-presidenta-la-confederacion-del-duero\"]}]},{\"@type\":\"ImageObject\",\"inLanguage\":\"es\",\"@id\":\"https:\/\/www.asajacyl.com\/avila\/asaja-avila-informa\/noticias\/cristina-danes-nueva-presidenta-la-confederacion-del-duero#primaryimage\",\"url\":\"https:\/\/www.asajacyl.com\/avila\/wp-content\/uploads\/sites\/4\/2018\/09\/CRISTINA-DAN\u00c9S-PTA-CHD.jpg\",\"contentUrl\":\"https:\/\/www.asajacyl.com\/avila\/wp-content\/uploads\/sites\/4\/2018\/09\/CRISTINA-DAN\u00c9S-PTA-CHD.jpg\",\"width\":2121,\"height\":2500},{\"@type\":\"BreadcrumbList\",\"@id\":\"https:\/\/www.asajacyl.com\/avila\/asaja-avila-informa\/noticias\/cristina-danes-nueva-presidenta-la-confederacion-del-duero#breadcrumb\",\"itemListElement\":[{\"@type\":\"ListItem\",\"position\":1,\"name\":\"Portada\",\"item\":\"https:\/\/www.asajacyl.com\/avila\/\"},{\"@type\":\"ListItem\",\"position\":2,\"name\":\"Cristina Dan\u00e9s, nueva presidenta de la Confederaci\u00f3n del Duero\"}]},{\"@type\":\"WebSite\",\"@id\":\"https:\/\/www.asajacyl.com\/avila\/#website\",\"url\":\"https:\/\/www.asajacyl.com\/avila\/\",\"name\":\"ASAJA \u00c1vila\",\"description\":\"Otro sitio m\u00e1s de Provincias ASAJA Castilla y Le\u00f3n\",\"potentialAction\":[{\"@type\":\"SearchAction\",\"target\":{\"@type\":\"EntryPoint\",\"urlTemplate\":\"https:\/\/www.asajacyl.com\/avila\/?s={search_term_string}\"},\"query-input\":{\"@type\":\"PropertyValueSpecification\",\"valueRequired\":true,\"valueName\":\"search_term_string\"}}],\"inLanguage\":\"es\"},{\"@type\":\"Person\",\"@id\":\"https:\/\/www.asajacyl.com\/avila\/#\/schema\/person\/daf3c5c7d3afd005798ec283b78826ed\",\"name\":\"Joaqu\u00edn\",\"image\":{\"@type\":\"ImageObject\",\"inLanguage\":\"es\",\"@id\":\"https:\/\/www.asajacyl.com\/avila\/#\/schema\/person\/image\/\",\"url\":\"https:\/\/secure.gravatar.com\/avatar\/8a87f10166ff5a8a3b0c21a125bc069d?s=96&d=mm&r=g\",\"contentUrl\":\"https:\/\/secure.gravatar.com\/avatar\/8a87f10166ff5a8a3b0c21a125bc069d?s=96&d=mm&r=g\",\"caption\":\"Joaqu\u00edn\"},\"url\":\"https:\/\/www.asajacyl.com\/avila\/author\/joaquinap\"}]}<\/script>\n<!-- \/ Yoast SEO plugin. -->","yoast_head_json":{"title":"Cristina Dan\u00e9s, nueva presidenta de la Confederaci\u00f3n del Duero - ASAJA \u00c1vila","description":"ASAJA pide mayor flexibilidad al organismo, que proteja el recurso pero tambi\u00e9n permita el uso del agua Esta ma\u00f1ana se ha celebrado la toma de posesi\u00f3n de","robots":{"index":"index","follow":"follow","max-snippet":"max-snippet:-1","max-image-preview":"max-image-preview:large","max-video-preview":"max-video-preview:-1"},"canonical":"https:\/\/www.asajacyl.com\/avila\/asaja-avila-informa\/noticias\/cristina-danes-nueva-presidenta-la-confederacion-del-duero","og_locale":"es_ES","og_type":"article","og_title":"Cristina Dan\u00e9s, nueva presidenta de la Confederaci\u00f3n del Duero - ASAJA \u00c1vila","og_description":"ASAJA pide mayor flexibilidad al organismo, que proteja el recurso pero tambi\u00e9n permita el uso del agua Esta ma\u00f1ana se ha celebrado la toma de posesi\u00f3n de","og_url":"https:\/\/www.asajacyl.com\/avila\/asaja-avila-informa\/noticias\/cristina-danes-nueva-presidenta-la-confederacion-del-duero","og_site_name":"ASAJA \u00c1vila","article_published_time":"2018-09-27T11:37:39+00:00","article_modified_time":"2018-09-28T14:31:56+00:00","og_image":[{"width":2121,"height":2500,"url":"https:\/\/www.asajacyl.com\/avila\/wp-content\/uploads\/sites\/4\/2018\/09\/CRISTINA-DAN\u00c9S-PTA-CHD.jpg","type":"image\/jpeg"}],"author":"Joaqu\u00edn","twitter_card":"summary_large_image","twitter_misc":{"Escrito por":"Joaqu\u00edn","Tiempo de lectura":"1 minuto"},"schema":{"@context":"https:\/\/schema.org","@graph":[{"@type":"WebPage","@id":"https:\/\/www.asajacyl.com\/avila\/asaja-avila-informa\/noticias\/cristina-danes-nueva-presidenta-la-confederacion-del-duero","url":"https:\/\/www.asajacyl.com\/avila\/asaja-avila-informa\/noticias\/cristina-danes-nueva-presidenta-la-confederacion-del-duero","name":"Cristina Dan\u00e9s, nueva presidenta de la Confederaci\u00f3n del Duero - ASAJA \u00c1vila","isPartOf":{"@id":"https:\/\/www.asajacyl.com\/avila\/#website"},"primaryImageOfPage":{"@id":"https:\/\/www.asajacyl.com\/avila\/asaja-avila-informa\/noticias\/cristina-danes-nueva-presidenta-la-confederacion-del-duero#primaryimage"},"image":{"@id":"https:\/\/www.asajacyl.com\/avila\/asaja-avila-informa\/noticias\/cristina-danes-nueva-presidenta-la-confederacion-del-duero#primaryimage"},"thumbnailUrl":"https:\/\/www.asajacyl.com\/avila\/wp-content\/uploads\/sites\/4\/2018\/09\/CRISTINA-DAN\u00c9S-PTA-CHD.jpg","datePublished":"2018-09-27T11:37:39+00:00","dateModified":"2018-09-28T14:31:56+00:00","author":{"@id":"https:\/\/www.asajacyl.com\/avila\/#\/schema\/person\/daf3c5c7d3afd005798ec283b78826ed"},"description":"ASAJA pide mayor flexibilidad al organismo, que proteja el recurso pero tambi\u00e9n permita el uso del agua Esta ma\u00f1ana se ha celebrado la toma de posesi\u00f3n de","breadcrumb":{"@id":"https:\/\/www.asajacyl.com\/avila\/asaja-avila-informa\/noticias\/cristina-danes-nueva-presidenta-la-confederacion-del-duero#breadcrumb"},"inLanguage":"es","potentialAction":[{"@type":"ReadAction","target":["https:\/\/www.asajacyl.com\/avila\/asaja-avila-informa\/noticias\/cristina-danes-nueva-presidenta-la-confederacion-del-duero"]}]},{"@type":"ImageObject","inLanguage":"es","@id":"https:\/\/www.asajacyl.com\/avila\/asaja-avila-informa\/noticias\/cristina-danes-nueva-presidenta-la-confederacion-del-duero#primaryimage","url":"https:\/\/www.asajacyl.com\/avila\/wp-content\/uploads\/sites\/4\/2018\/09\/CRISTINA-DAN\u00c9S-PTA-CHD.jpg","contentUrl":"https:\/\/www.asajacyl.com\/avila\/wp-content\/uploads\/sites\/4\/2018\/09\/CRISTINA-DAN\u00c9S-PTA-CHD.jpg","width":2121,"height":2500},{"@type":"BreadcrumbList","@id":"https:\/\/www.asajacyl.com\/avila\/asaja-avila-informa\/noticias\/cristina-danes-nueva-presidenta-la-confederacion-del-duero#breadcrumb","itemListElement":[{"@type":"ListItem","position":1,"name":"Portada","item":"https:\/\/www.asajacyl.com\/avila\/"},{"@type":"ListItem","position":2,"name":"Cristina Dan\u00e9s, nueva presidenta de la Confederaci\u00f3n del Duero"}]},{"@type":"WebSite","@id":"https:\/\/www.asajacyl.com\/avila\/#website","url":"https:\/\/www.asajacyl.com\/avila\/","name":"ASAJA \u00c1vila","description":"Otro sitio m\u00e1s de Provincias ASAJA Castilla y Le\u00f3n","potentialAction":[{"@type":"SearchAction","target":{"@type":"EntryPoint","urlTemplate":"https:\/\/www.asajacyl.com\/avila\/?s={search_term_string}"},"query-input":{"@type":"PropertyValueSpecification","valueRequired":true,"valueName":"search_term_string"}}],"inLanguage":"es"},{"@type":"Person","@id":"https:\/\/www.asajacyl.com\/avila\/#\/schema\/person\/daf3c5c7d3afd005798ec283b78826ed","name":"Joaqu\u00edn","image":{"@type":"ImageObject","inLanguage":"es","@id":"https:\/\/www.asajacyl.com\/avila\/#\/schema\/person\/image\/","url":"https:\/\/secure.gravatar.com\/avatar\/8a87f10166ff5a8a3b0c21a125bc069d?s=96&d=mm&r=g","contentUrl":"https:\/\/secure.gravatar.com\/avatar\/8a87f10166ff5a8a3b0c21a125bc069d?s=96&d=mm&r=g","caption":"Joaqu\u00edn"},"url":"https:\/\/www.asajacyl.com\/avila\/author\/joaquinap"}]}},"_links":{"self":[{"href":"https:\/\/www.asajacyl.com\/avila\/wp-json\/wp\/v2\/posts\/4108"}],"collection":[{"href":"https:\/\/www.asajacyl.com\/avila\/wp-json\/wp\/v2\/posts"}],"about":[{"href":"https:\/\/www.asajacyl.com\/avila\/wp-json\/wp\/v2\/types\/post"}],"author":[{"embeddable":true,"href":"https:\/\/www.asajacyl.com\/avila\/wp-json\/wp\/v2\/users\/6"}],"replies":[{"embeddable":true,"href":"https:\/\/www.asajacyl.com\/avila\/wp-json\/wp\/v2\/comments?post=4108"}],"version-history":[{"count":1,"href":"https:\/\/www.asajacyl.com\/avila\/wp-json\/wp\/v2\/posts\/4108\/revisions"}],"predecessor-version":[{"id":4110,"href":"https:\/\/www.asajacyl.com\/avila\/wp-json\/wp\/v2\/posts\/4108\/revisions\/4110"}],"wp:featuredmedia":[{"embeddable":true,"href":"https:\/\/www.asajacyl.com\/avila\/wp-json\/wp\/v2\/media\/4109"}],"wp:attachment":[{"href":"https:\/\/www.asajacyl.com\/avila\/wp-json\/wp\/v2\/media?parent=4108"}],"wp:term":[{"taxonomy":"category","embeddable":true,"href":"https:\/\/www.asajacyl.com\/avila\/wp-json\/wp\/v2\/categories?post=4108"},{"taxonomy":"post_tag","embeddable":true,"href":"https:\/\/www.asajacyl.com\/avila\/wp-json\/wp\/v2\/tags?post=4108"}],"curies":[{"name":"wp","href":"https:\/\/api.w.org\/{rel}","templated":true}]}}