{"id":4146,"date":"2018-10-10T10:23:04","date_gmt":"2018-10-10T08:23:04","guid":{"rendered":"https:\/\/www.asajacyl.com\/avila\/?p=4146"},"modified":"2018-10-16T15:23:32","modified_gmt":"2018-10-16T13:23:32","slug":"asaja-avila-imparte-nuevos-cursos-este-otono","status":"publish","type":"post","link":"https:\/\/www.asajacyl.com\/avila\/asaja-avila-informa\/asaja-avila-imparte-nuevos-cursos-este-otono","title":{"rendered":"ASAJA de \u00c1vila imparte nuevos cursos este oto\u00f1o"},"content":{"rendered":"<table width=\"707\">\n<tbody>\n<tr>\n<td style=\"text-align: center\" width=\"352\">T\u00cdTULO<\/td>\n<td style=\"text-align: center\" width=\"132\">LUGAR<\/td>\n<td style=\"text-align: center\" width=\"223\">FECHAS<\/td>\n<\/tr>\n<tr>\n<td>BIENESTAR ANIMAL TRANSPORTE DE ANIMALES VIVOS<\/td>\n<td style=\"text-align: center\">AR\u00c9VALO<\/td>\n<td>DEL 16 AL 19 DE OCTUBRE<\/td>\n<\/tr>\n<tr>\n<td>BIENESTAR ANIMAL TRANSPORTE DE ANIMALES VIVOS<\/td>\n<td style=\"text-align: center\">\u00c1VILA<\/td>\n<td>DEL 16 AL 19 DE OCTUBRE<\/td>\n<\/tr>\n<tr>\n<td>MANIPULADOR FITOSANITARIOS NIVEL B\u00c1SICO<\/td>\n<td style=\"text-align: center\">DIEGO DEL CARPIO<\/td>\n<td>DEL 15 AL 21 DE NOVIEMBRE<\/td>\n<\/tr>\n<tr>\n<td>MANIPULADOR FITOSANITARIOS NIVEL B\u00c1SICO<\/td>\n<td style=\"text-align: center\">AR\u00c9VALO<\/td>\n<td>DEL 22 AL 26 DE OCTUBRE<\/td>\n<\/tr>\n<tr>\n<td>MANIPULADOR FITOSANITARIOS NIVEL B\u00c1SICO<\/td>\n<td style=\"text-align: center\">\u00c1VILA<\/td>\n<td>DEL 22 AL 26 DE OCTUBRE<\/td>\n<\/tr>\n<tr>\n<td>MANIPULADOR FITOSANITARIOS NIVEL B\u00c1SICO<\/td>\n<td style=\"text-align: center\">\u00c1VILA<\/td>\n<td>29 DE OCTUBRE AL 5 DE NOVIEMBRE<\/td>\n<\/tr>\n<tr>\n<td>BIENESTAR ANIMAL TRANSPORTE DE ANIMALES VIVOS<\/td>\n<td style=\"text-align: center\">AR\u00c9VALO<\/td>\n<td>29 DE OCTUBRE AL 2 DE NOVIEMBRE<\/td>\n<\/tr>\n<tr>\n<td>MANIPULADOR FITOSANITARIOS NIVEL CUALIFICADO<\/td>\n<td style=\"text-align: center\">\u00c1VILA<\/td>\n<td>29 DE OCTUBRE AL 14 DE NOVIEMBRE<\/td>\n<\/tr>\n<tr>\n<td>MANIPULADOR FITOSANITARIOS NIVEL CUALIFICADO<\/td>\n<td style=\"text-align: center\">CANDELEDA<\/td>\n<td>29 DE OCTUBRE AL 14 DE NOVIEMBRE<\/td>\n<\/tr>\n<tr>\n<td>MANIPULADOR FITOSANITARIOS NIVEL CUALIFICADO<\/td>\n<td style=\"text-align: center\">NAVARREDONDA DE GREDOS<\/td>\n<td>29 DE OCTUBRE AL 14 DE NOVIEMBRE<\/td>\n<\/tr>\n<tr>\n<td>MANIPULADOR FITOSANITARIOS NIVEL CUALIFICADO<\/td>\n<td style=\"text-align: center\">AR\u00c9VALO<\/td>\n<td>DEL 5 AL 20 DE NOVIEMBRE<\/td>\n<\/tr>\n<tr>\n<td>MANIPULADOR FITOSANITARIOS NIVEL CUALIFICADO<\/td>\n<td style=\"text-align: center\">\u00c1VILA<\/td>\n<td>DEL 6 AL 21 DE NOVIEMBRE<\/td>\n<\/tr>\n<tr>\n<td>MANIPULADOR FITOSANITARIOS NIVEL B\u00c1SICO<\/td>\n<td style=\"text-align: center\">\u00c1VILA<\/td>\n<td>DEL 19 AL 23 DE NOVIEMBRE<\/td>\n<\/tr>\n<tr>\n<td>MANIPULADOR FITOSANITARIOS NIVEL B\u00c1SICO<\/td>\n<td style=\"text-align: center\">AR\u00c9VALO<\/td>\n<td>DEL 21 AL 27 DE NOVIEMBRE<\/td>\n<\/tr>\n<tr>\n<td>MANIPULADOR FITOSANITARIOS NIVEL B\u00c1SICO<\/td>\n<td style=\"text-align: center\">\u00c1VILA<\/td>\n<td>DEL 22 AL 28 DE NOVIEMBRE<\/td>\n<\/tr>\n<\/tbody>\n<\/table>\n<p>&nbsp;<\/p>\n","protected":false},"excerpt":{"rendered":"<p>T\u00cdTULO LUGAR FECHAS BIENESTAR ANIMAL TRANSPORTE DE ANIMALES VIVOS AR\u00c9VALO DEL 16 AL 19 DE OCTUBRE BIENESTAR ANIMAL TRANSPORTE DE ANIMALES VIVOS \u00c1VILA DEL 16 AL 19 DE OCTUBRE MANIPULADOR FITOSANITARIOS NIVEL B\u00c1SICO DIEGO DEL CARPIO DEL 15 AL 21 DE NOVIEMBRE MANIPULADOR FITOSANITARIOS NIVEL B\u00c1SICO AR\u00c9VALO DEL 22 AL 26 DE OCTUBRE MANIPULADOR FITOSANITARIOS [&hellip;]<\/p>\n","protected":false},"author":6,"featured_media":794,"comment_status":"open","ping_status":"open","sticky":false,"template":"","format":"standard","meta":{"footnotes":""},"categories":[8,46,9],"tags":[],"yoast_head":"<!-- This site is optimized with the Yoast SEO plugin v24.5 - https:\/\/yoast.com\/wordpress\/plugins\/seo\/ -->\n<title>ASAJA de \u00c1vila imparte nuevos cursos este oto\u00f1o - ASAJA \u00c1vila<\/title>\n<meta name=\"description\" content=\"T\u00cdTULO LUGAR FECHAS BIENESTAR ANIMAL TRANSPORTE DE ANIMALES VIVOS AR\u00c9VALO DEL 16 AL 19 DE OCTUBRE BIENESTAR ANIMAL TRANSPORTE DE ANIMALES VIVOS \u00c1VILA DEL\" \/>\n<meta name=\"robots\" content=\"index, follow, max-snippet:-1, max-image-preview:large, max-video-preview:-1\" \/>\n<link rel=\"canonical\" href=\"https:\/\/www.asajacyl.com\/avila\/asaja-avila-informa\/asaja-avila-imparte-nuevos-cursos-este-otono\" \/>\n<meta property=\"og:locale\" content=\"es_ES\" \/>\n<meta property=\"og:type\" content=\"article\" \/>\n<meta property=\"og:title\" content=\"ASAJA de \u00c1vila imparte nuevos cursos este oto\u00f1o - ASAJA \u00c1vila\" \/>\n<meta property=\"og:description\" content=\"T\u00cdTULO LUGAR FECHAS BIENESTAR ANIMAL TRANSPORTE DE ANIMALES VIVOS AR\u00c9VALO DEL 16 AL 19 DE OCTUBRE BIENESTAR ANIMAL TRANSPORTE DE ANIMALES VIVOS \u00c1VILA DEL\" \/>\n<meta property=\"og:url\" content=\"https:\/\/www.asajacyl.com\/avila\/asaja-avila-informa\/asaja-avila-imparte-nuevos-cursos-este-otono\" \/>\n<meta property=\"og:site_name\" content=\"ASAJA \u00c1vila\" \/>\n<meta property=\"article:published_time\" content=\"2018-10-10T08:23:04+00:00\" \/>\n<meta property=\"article:modified_time\" content=\"2018-10-16T13:23:32+00:00\" \/>\n<meta property=\"og:image\" content=\"https:\/\/www.asajacyl.com\/avila\/wp-content\/uploads\/sites\/4\/2017\/11\/im_predefinida_1920x1080.jpg\" \/>\n\t<meta property=\"og:image:width\" content=\"1920\" \/>\n\t<meta property=\"og:image:height\" content=\"1080\" \/>\n\t<meta property=\"og:image:type\" content=\"image\/jpeg\" \/>\n<meta name=\"author\" content=\"Joaqu\u00edn\" \/>\n<meta name=\"twitter:card\" content=\"summary_large_image\" \/>\n<meta name=\"twitter:label1\" content=\"Escrito por\" \/>\n\t<meta name=\"twitter:data1\" content=\"Joaqu\u00edn\" \/>\n\t<meta name=\"twitter:label2\" content=\"Tiempo de lectura\" \/>\n\t<meta name=\"twitter:data2\" content=\"1 minuto\" \/>\n<script type=\"application\/ld+json\" class=\"yoast-schema-graph\">{\"@context\":\"https:\/\/schema.org\",\"@graph\":[{\"@type\":\"WebPage\",\"@id\":\"https:\/\/www.asajacyl.com\/avila\/asaja-avila-informa\/asaja-avila-imparte-nuevos-cursos-este-otono\",\"url\":\"https:\/\/www.asajacyl.com\/avila\/asaja-avila-informa\/asaja-avila-imparte-nuevos-cursos-este-otono\",\"name\":\"ASAJA de \u00c1vila imparte nuevos cursos este oto\u00f1o - ASAJA \u00c1vila\",\"isPartOf\":{\"@id\":\"https:\/\/www.asajacyl.com\/avila\/#website\"},\"primaryImageOfPage\":{\"@id\":\"https:\/\/www.asajacyl.com\/avila\/asaja-avila-informa\/asaja-avila-imparte-nuevos-cursos-este-otono#primaryimage\"},\"image\":{\"@id\":\"https:\/\/www.asajacyl.com\/avila\/asaja-avila-informa\/asaja-avila-imparte-nuevos-cursos-este-otono#primaryimage\"},\"thumbnailUrl\":\"https:\/\/www.asajacyl.com\/avila\/wp-content\/uploads\/sites\/4\/2017\/11\/im_predefinida_1920x1080.jpg\",\"datePublished\":\"2018-10-10T08:23:04+00:00\",\"dateModified\":\"2018-10-16T13:23:32+00:00\",\"author\":{\"@id\":\"https:\/\/www.asajacyl.com\/avila\/#\/schema\/person\/daf3c5c7d3afd005798ec283b78826ed\"},\"description\":\"T\u00cdTULO LUGAR FECHAS BIENESTAR ANIMAL TRANSPORTE DE ANIMALES VIVOS AR\u00c9VALO DEL 16 AL 19 DE OCTUBRE BIENESTAR ANIMAL TRANSPORTE DE ANIMALES VIVOS \u00c1VILA DEL\",\"breadcrumb\":{\"@id\":\"https:\/\/www.asajacyl.com\/avila\/asaja-avila-informa\/asaja-avila-imparte-nuevos-cursos-este-otono#breadcrumb\"},\"inLanguage\":\"es\",\"potentialAction\":[{\"@type\":\"ReadAction\",\"target\":[\"https:\/\/www.asajacyl.com\/avila\/asaja-avila-informa\/asaja-avila-imparte-nuevos-cursos-este-otono\"]}]},{\"@type\":\"ImageObject\",\"inLanguage\":\"es\",\"@id\":\"https:\/\/www.asajacyl.com\/avila\/asaja-avila-informa\/asaja-avila-imparte-nuevos-cursos-este-otono#primaryimage\",\"url\":\"https:\/\/www.asajacyl.com\/avila\/wp-content\/uploads\/sites\/4\/2017\/11\/im_predefinida_1920x1080.jpg\",\"contentUrl\":\"https:\/\/www.asajacyl.com\/avila\/wp-content\/uploads\/sites\/4\/2017\/11\/im_predefinida_1920x1080.jpg\",\"width\":1920,\"height\":1080,\"caption\":\"Logotipo ASAJA \u00c1vila\"},{\"@type\":\"BreadcrumbList\",\"@id\":\"https:\/\/www.asajacyl.com\/avila\/asaja-avila-informa\/asaja-avila-imparte-nuevos-cursos-este-otono#breadcrumb\",\"itemListElement\":[{\"@type\":\"ListItem\",\"position\":1,\"name\":\"Portada\",\"item\":\"https:\/\/www.asajacyl.com\/avila\/\"},{\"@type\":\"ListItem\",\"position\":2,\"name\":\"ASAJA de \u00c1vila imparte nuevos cursos este oto\u00f1o\"}]},{\"@type\":\"WebSite\",\"@id\":\"https:\/\/www.asajacyl.com\/avila\/#website\",\"url\":\"https:\/\/www.asajacyl.com\/avila\/\",\"name\":\"ASAJA \u00c1vila\",\"description\":\"Otro sitio m\u00e1s de Provincias ASAJA Castilla y Le\u00f3n\",\"potentialAction\":[{\"@type\":\"SearchAction\",\"target\":{\"@type\":\"EntryPoint\",\"urlTemplate\":\"https:\/\/www.asajacyl.com\/avila\/?s={search_term_string}\"},\"query-input\":{\"@type\":\"PropertyValueSpecification\",\"valueRequired\":true,\"valueName\":\"search_term_string\"}}],\"inLanguage\":\"es\"},{\"@type\":\"Person\",\"@id\":\"https:\/\/www.asajacyl.com\/avila\/#\/schema\/person\/daf3c5c7d3afd005798ec283b78826ed\",\"name\":\"Joaqu\u00edn\",\"image\":{\"@type\":\"ImageObject\",\"inLanguage\":\"es\",\"@id\":\"https:\/\/www.asajacyl.com\/avila\/#\/schema\/person\/image\/\",\"url\":\"https:\/\/secure.gravatar.com\/avatar\/8a87f10166ff5a8a3b0c21a125bc069d?s=96&d=mm&r=g\",\"contentUrl\":\"https:\/\/secure.gravatar.com\/avatar\/8a87f10166ff5a8a3b0c21a125bc069d?s=96&d=mm&r=g\",\"caption\":\"Joaqu\u00edn\"},\"url\":\"https:\/\/www.asajacyl.com\/avila\/author\/joaquinap\"}]}<\/script>\n<!-- \/ Yoast SEO plugin. -->","yoast_head_json":{"title":"ASAJA de \u00c1vila imparte nuevos cursos este oto\u00f1o - ASAJA \u00c1vila","description":"T\u00cdTULO LUGAR FECHAS BIENESTAR ANIMAL TRANSPORTE DE ANIMALES VIVOS AR\u00c9VALO DEL 16 AL 19 DE OCTUBRE BIENESTAR ANIMAL TRANSPORTE DE ANIMALES VIVOS \u00c1VILA DEL","robots":{"index":"index","follow":"follow","max-snippet":"max-snippet:-1","max-image-preview":"max-image-preview:large","max-video-preview":"max-video-preview:-1"},"canonical":"https:\/\/www.asajacyl.com\/avila\/asaja-avila-informa\/asaja-avila-imparte-nuevos-cursos-este-otono","og_locale":"es_ES","og_type":"article","og_title":"ASAJA de \u00c1vila imparte nuevos cursos este oto\u00f1o - ASAJA \u00c1vila","og_description":"T\u00cdTULO LUGAR FECHAS BIENESTAR ANIMAL TRANSPORTE DE ANIMALES VIVOS AR\u00c9VALO DEL 16 AL 19 DE OCTUBRE BIENESTAR ANIMAL TRANSPORTE DE ANIMALES VIVOS \u00c1VILA DEL","og_url":"https:\/\/www.asajacyl.com\/avila\/asaja-avila-informa\/asaja-avila-imparte-nuevos-cursos-este-otono","og_site_name":"ASAJA \u00c1vila","article_published_time":"2018-10-10T08:23:04+00:00","article_modified_time":"2018-10-16T13:23:32+00:00","og_image":[{"width":1920,"height":1080,"url":"https:\/\/www.asajacyl.com\/avila\/wp-content\/uploads\/sites\/4\/2017\/11\/im_predefinida_1920x1080.jpg","type":"image\/jpeg"}],"author":"Joaqu\u00edn","twitter_card":"summary_large_image","twitter_misc":{"Escrito por":"Joaqu\u00edn","Tiempo de lectura":"1 minuto"},"schema":{"@context":"https:\/\/schema.org","@graph":[{"@type":"WebPage","@id":"https:\/\/www.asajacyl.com\/avila\/asaja-avila-informa\/asaja-avila-imparte-nuevos-cursos-este-otono","url":"https:\/\/www.asajacyl.com\/avila\/asaja-avila-informa\/asaja-avila-imparte-nuevos-cursos-este-otono","name":"ASAJA de \u00c1vila imparte nuevos cursos este oto\u00f1o - ASAJA \u00c1vila","isPartOf":{"@id":"https:\/\/www.asajacyl.com\/avila\/#website"},"primaryImageOfPage":{"@id":"https:\/\/www.asajacyl.com\/avila\/asaja-avila-informa\/asaja-avila-imparte-nuevos-cursos-este-otono#primaryimage"},"image":{"@id":"https:\/\/www.asajacyl.com\/avila\/asaja-avila-informa\/asaja-avila-imparte-nuevos-cursos-este-otono#primaryimage"},"thumbnailUrl":"https:\/\/www.asajacyl.com\/avila\/wp-content\/uploads\/sites\/4\/2017\/11\/im_predefinida_1920x1080.jpg","datePublished":"2018-10-10T08:23:04+00:00","dateModified":"2018-10-16T13:23:32+00:00","author":{"@id":"https:\/\/www.asajacyl.com\/avila\/#\/schema\/person\/daf3c5c7d3afd005798ec283b78826ed"},"description":"T\u00cdTULO LUGAR FECHAS BIENESTAR ANIMAL TRANSPORTE DE ANIMALES VIVOS AR\u00c9VALO DEL 16 AL 19 DE OCTUBRE BIENESTAR ANIMAL TRANSPORTE DE ANIMALES VIVOS \u00c1VILA DEL","breadcrumb":{"@id":"https:\/\/www.asajacyl.com\/avila\/asaja-avila-informa\/asaja-avila-imparte-nuevos-cursos-este-otono#breadcrumb"},"inLanguage":"es","potentialAction":[{"@type":"ReadAction","target":["https:\/\/www.asajacyl.com\/avila\/asaja-avila-informa\/asaja-avila-imparte-nuevos-cursos-este-otono"]}]},{"@type":"ImageObject","inLanguage":"es","@id":"https:\/\/www.asajacyl.com\/avila\/asaja-avila-informa\/asaja-avila-imparte-nuevos-cursos-este-otono#primaryimage","url":"https:\/\/www.asajacyl.com\/avila\/wp-content\/uploads\/sites\/4\/2017\/11\/im_predefinida_1920x1080.jpg","contentUrl":"https:\/\/www.asajacyl.com\/avila\/wp-content\/uploads\/sites\/4\/2017\/11\/im_predefinida_1920x1080.jpg","width":1920,"height":1080,"caption":"Logotipo ASAJA \u00c1vila"},{"@type":"BreadcrumbList","@id":"https:\/\/www.asajacyl.com\/avila\/asaja-avila-informa\/asaja-avila-imparte-nuevos-cursos-este-otono#breadcrumb","itemListElement":[{"@type":"ListItem","position":1,"name":"Portada","item":"https:\/\/www.asajacyl.com\/avila\/"},{"@type":"ListItem","position":2,"name":"ASAJA de \u00c1vila imparte nuevos cursos este oto\u00f1o"}]},{"@type":"WebSite","@id":"https:\/\/www.asajacyl.com\/avila\/#website","url":"https:\/\/www.asajacyl.com\/avila\/","name":"ASAJA \u00c1vila","description":"Otro sitio m\u00e1s de Provincias ASAJA Castilla y Le\u00f3n","potentialAction":[{"@type":"SearchAction","target":{"@type":"EntryPoint","urlTemplate":"https:\/\/www.asajacyl.com\/avila\/?s={search_term_string}"},"query-input":{"@type":"PropertyValueSpecification","valueRequired":true,"valueName":"search_term_string"}}],"inLanguage":"es"},{"@type":"Person","@id":"https:\/\/www.asajacyl.com\/avila\/#\/schema\/person\/daf3c5c7d3afd005798ec283b78826ed","name":"Joaqu\u00edn","image":{"@type":"ImageObject","inLanguage":"es","@id":"https:\/\/www.asajacyl.com\/avila\/#\/schema\/person\/image\/","url":"https:\/\/secure.gravatar.com\/avatar\/8a87f10166ff5a8a3b0c21a125bc069d?s=96&d=mm&r=g","contentUrl":"https:\/\/secure.gravatar.com\/avatar\/8a87f10166ff5a8a3b0c21a125bc069d?s=96&d=mm&r=g","caption":"Joaqu\u00edn"},"url":"https:\/\/www.asajacyl.com\/avila\/author\/joaquinap"}]}},"_links":{"self":[{"href":"https:\/\/www.asajacyl.com\/avila\/wp-json\/wp\/v2\/posts\/4146"}],"collection":[{"href":"https:\/\/www.asajacyl.com\/avila\/wp-json\/wp\/v2\/posts"}],"about":[{"href":"https:\/\/www.asajacyl.com\/avila\/wp-json\/wp\/v2\/types\/post"}],"author":[{"embeddable":true,"href":"https:\/\/www.asajacyl.com\/avila\/wp-json\/wp\/v2\/users\/6"}],"replies":[{"embeddable":true,"href":"https:\/\/www.asajacyl.com\/avila\/wp-json\/wp\/v2\/comments?post=4146"}],"version-history":[{"count":4,"href":"https:\/\/www.asajacyl.com\/avila\/wp-json\/wp\/v2\/posts\/4146\/revisions"}],"predecessor-version":[{"id":4170,"href":"https:\/\/www.asajacyl.com\/avila\/wp-json\/wp\/v2\/posts\/4146\/revisions\/4170"}],"wp:featuredmedia":[{"embeddable":true,"href":"https:\/\/www.asajacyl.com\/avila\/wp-json\/wp\/v2\/media\/794"}],"wp:attachment":[{"href":"https:\/\/www.asajacyl.com\/avila\/wp-json\/wp\/v2\/media?parent=4146"}],"wp:term":[{"taxonomy":"category","embeddable":true,"href":"https:\/\/www.asajacyl.com\/avila\/wp-json\/wp\/v2\/categories?post=4146"},{"taxonomy":"post_tag","embeddable":true,"href":"https:\/\/www.asajacyl.com\/avila\/wp-json\/wp\/v2\/tags?post=4146"}],"curies":[{"name":"wp","href":"https:\/\/api.w.org\/{rel}","templated":true}]}}