{"id":4285,"date":"2018-12-18T12:34:31","date_gmt":"2018-12-18T11:34:31","guid":{"rendered":"https:\/\/www.asajacyl.com\/avila\/?p=4285"},"modified":"2018-12-19T17:57:00","modified_gmt":"2018-12-19T16:57:00","slug":"felipe-gonzalez-canales-recibira-la-insignia-oro-asaja","status":"publish","type":"post","link":"https:\/\/www.asajacyl.com\/avila\/asaja-avila-informa\/felipe-gonzalez-canales-recibira-la-insignia-oro-asaja","title":{"rendered":"Felipe Gonz\u00e1lez de Canales recibir\u00e1 la Insignia de Oro de ASAJA"},"content":{"rendered":"<h4 style=\"text-align: center\"><strong>Toda una vida de dedicaci\u00f3n y compromiso con el sector agrario y el medio rural espa\u00f1ol <\/strong><\/h4>\n<p><strong>La organizaci\u00f3n profesional agraria reconoce con su m\u00e1ximo galard\u00f3n a uno de los fundadores del Centro Nacional de J\u00f3venes Agricultores (JJ.AA.), organizaci\u00f3n que tras su fusi\u00f3n con UFADE (Uni\u00f3n de Federaciones Agrarias de Espa\u00f1a) y CNAG (Confederaci\u00f3n Nacional de Agricultores y Ganaderos) dar\u00eda lugar a la actual ASAJA a comienzos de los noventa.<\/strong><\/p>\n<p>El secretario general de ASAJA de Castilla y Le\u00f3n, Jos\u00e9 Antonio Turrado, y el presidente provincial de ASAJA-\u00c1vila, Joaqu\u00edn Antonio Pino, har\u00e1n entrega del m\u00e1ximo galard\u00f3n\u00a0que concede la organizaci\u00f3n, el pr\u00f3ximo viernes d\u00eda 21 de diciembre, en el acto que tendr\u00e1 lugar en el Lienzo Norte de \u00c1vila dentro del tradicional encuentro navide\u00f1o que anualmente realiza la organizaci\u00f3n agraria.<\/p>\n<p>El Comit\u00e9 Ejecutivo de la Asociaci\u00f3n Agraria\u00a0<em>J\u00f3venes Agricultores<\/em>\u00a0(ASAJA) de \u00c1vila ha acordado -por unanimidad- distinguir con su m\u00e1xima distinci\u00f3n, la Insignia de Oro de ASAJA, a Felipe Gonz\u00e1lez de Canales L\u00f3pez-Obrero. Con este reconocimiento, ASAJA quiere poner en valor la dedicaci\u00f3n y trabajo incansable de Felipe Gonz\u00e1lez de Canales, persona infatigable y luchadora que ha llevado por bandera la defensa de los valores humanos y cristianos a lo largo de toda su trayectoria profesional.<\/p>\n<p>Nacido en Bujalance (C\u00f3rdoba) el 11 de abril de 1940 en el seno de una familia de agricultores, se form\u00f3 en Ingenier\u00eda T\u00e9cnica Agraria, contando con postgrados en Formaci\u00f3n y Promoci\u00f3n Rural por la Universidad de Orle\u00e1ns y en Alta Direcci\u00f3n por el IESE (Universidad de Navarra). Agricultor de profesi\u00f3n, es promotor y primer secretario general de las Escuelas Familiares Agrarias (1964), fundador del Centro Nacional de J\u00f3venes Agricultores (1975) siendo su secretario general de 1976 a 1988, en 1982 es nombrado representante espa\u00f1ol en Consejo Europeo de J\u00f3venes Agricultores (CEJA), y en 1986 representante en el Comit\u00e9 de las Organizaciones Profesionales Agrarias (C.O.P.A.) en Bruselas, siendo presidente regional de ASAJA Andaluc\u00eda de 1992 a 1996.<\/p>\n<p>Autor de varias publicaciones, en la actualidad es presidente del Instituto de Desarrollo Comunitario (IDC), secretario general de REDER -Red Estatal de Desarrollo Rural-, vicepresidente de la Asociaci\u00f3n Internacional Ruralite-Environnement-Developpement con sede en Attert (B\u00e9lgica), representante de las redes espa\u00f1olas en la Red Europea de Desarrollo Rural y miembro de la Junta Directiva de la Confederaci\u00f3n de Empresarios de Andaluc\u00eda (CEA), entre otros cargos.<\/p>\n<p>Una persona que sin lugar a dudas podemos calificar de infatigable, un luchador incansable que ha dedicado su toda su vida al servicio a los dem\u00e1s, al sector agrario y el medio rural, impulsando el asociacionismo y el sindicalismo agrario en Espa\u00f1a y, posteriormente, promoviendo la constituci\u00f3n de Grupos de Acci\u00f3n Local por todo el territorio espa\u00f1ol y la metodolog\u00eda LEADER.<\/p>\n<p><em>En a\u00f1os anteriores, la Insignia de Oro de ASAJA recay\u00f3 en los ganaderos trashumantes (2017), el jefe de la Unidad de Desarrollo Agrario de \u00c1vila \u00c1ngel Mart\u00edn Fuentes (2016), los ganaderos de caprino Hermanos Gonz\u00e1lez Guti\u00e9rrez de Madrigal de las Altas Torres (2015), la periodista Cristina Carro y el programa Surcos Castilla y Le\u00f3n de TVCyL (2014), a t\u00edtulo p\u00f3stumo en la ex ministra Loyola de Palacio (2013), la periodista Sonia Andrino (2012), el ex presidente del Gobierno Jos\u00e9 Mar\u00eda Aznar (2011), el ex presidente de la Junta de Castilla y Le\u00f3n Juan Jos\u00e9 Lucas (2010), y el periodista especializado en campo C\u00e9sar Lumbreras (2009).<\/em><\/p>\n<p><img loading=\"lazy\" decoding=\"async\" class=\"alignnone size-medium wp-image-4286\" src=\"https:\/\/www.asajacyl.com\/avila\/wp-content\/uploads\/sites\/4\/2018\/12\/felipe-gonz\u00e1lez-de-canales-1-300x188.jpg\" alt=\"\" width=\"300\" height=\"188\" srcset=\"https:\/\/www.asajacyl.com\/avila\/wp-content\/uploads\/sites\/4\/2018\/12\/felipe-gonz\u00e1lez-de-canales-1-300x188.jpg 300w, https:\/\/www.asajacyl.com\/avila\/wp-content\/uploads\/sites\/4\/2018\/12\/felipe-gonz\u00e1lez-de-canales-1.jpg 400w\" sizes=\"(max-width: 300px) 100vw, 300px\" \/><img loading=\"lazy\" decoding=\"async\" class=\"alignnone size-medium wp-image-4287\" src=\"https:\/\/www.asajacyl.com\/avila\/wp-content\/uploads\/sites\/4\/2018\/12\/felipe-gonz\u00e1lez-de-canales-2-300x185.jpg\" alt=\"\" width=\"300\" height=\"185\" srcset=\"https:\/\/www.asajacyl.com\/avila\/wp-content\/uploads\/sites\/4\/2018\/12\/felipe-gonz\u00e1lez-de-canales-2-300x185.jpg 300w, https:\/\/www.asajacyl.com\/avila\/wp-content\/uploads\/sites\/4\/2018\/12\/felipe-gonz\u00e1lez-de-canales-2-356x220.jpg 356w, https:\/\/www.asajacyl.com\/avila\/wp-content\/uploads\/sites\/4\/2018\/12\/felipe-gonz\u00e1lez-de-canales-2.jpg 624w\" sizes=\"(max-width: 300px) 100vw, 300px\" \/><\/p>\n<p>&nbsp;<\/p>\n","protected":false},"excerpt":{"rendered":"<p>Toda una vida de dedicaci\u00f3n y compromiso con el sector agrario y el medio rural espa\u00f1ol La organizaci\u00f3n profesional agraria reconoce con su m\u00e1ximo galard\u00f3n a uno de los fundadores del Centro Nacional de J\u00f3venes Agricultores (JJ.AA.), organizaci\u00f3n que tras su fusi\u00f3n con UFADE (Uni\u00f3n de Federaciones Agrarias de Espa\u00f1a) y CNAG (Confederaci\u00f3n Nacional de [&hellip;]<\/p>\n","protected":false},"author":6,"featured_media":4286,"comment_status":"open","ping_status":"open","sticky":false,"template":"","format":"standard","meta":{"footnotes":""},"categories":[8,18],"tags":[],"yoast_head":"<!-- This site is optimized with the Yoast SEO plugin v24.5 - https:\/\/yoast.com\/wordpress\/plugins\/seo\/ -->\n<title>Felipe Gonz\u00e1lez de Canales recibir\u00e1 la Insignia de Oro de ASAJA - ASAJA \u00c1vila<\/title>\n<meta name=\"description\" content=\"Toda una vida de dedicaci\u00f3n y compromiso con el sector agrario y el medio rural espa\u00f1ol La organizaci\u00f3n profesional agraria reconoce con su m\u00e1ximo\" \/>\n<meta name=\"robots\" content=\"index, follow, max-snippet:-1, max-image-preview:large, max-video-preview:-1\" \/>\n<link rel=\"canonical\" href=\"https:\/\/www.asajacyl.com\/avila\/asaja-avila-informa\/felipe-gonzalez-canales-recibira-la-insignia-oro-asaja\" \/>\n<meta property=\"og:locale\" content=\"es_ES\" \/>\n<meta property=\"og:type\" content=\"article\" \/>\n<meta property=\"og:title\" content=\"Felipe Gonz\u00e1lez de Canales recibir\u00e1 la Insignia de Oro de ASAJA - ASAJA \u00c1vila\" \/>\n<meta property=\"og:description\" content=\"Toda una vida de dedicaci\u00f3n y compromiso con el sector agrario y el medio rural espa\u00f1ol La organizaci\u00f3n profesional agraria reconoce con su m\u00e1ximo\" \/>\n<meta property=\"og:url\" content=\"https:\/\/www.asajacyl.com\/avila\/asaja-avila-informa\/felipe-gonzalez-canales-recibira-la-insignia-oro-asaja\" \/>\n<meta property=\"og:site_name\" content=\"ASAJA \u00c1vila\" \/>\n<meta property=\"article:published_time\" content=\"2018-12-18T11:34:31+00:00\" \/>\n<meta property=\"article:modified_time\" content=\"2018-12-19T16:57:00+00:00\" \/>\n<meta property=\"og:image\" content=\"https:\/\/www.asajacyl.com\/avila\/wp-content\/uploads\/sites\/4\/2018\/12\/felipe-gonz\u00e1lez-de-canales-1.jpg\" \/>\n\t<meta property=\"og:image:width\" content=\"400\" \/>\n\t<meta property=\"og:image:height\" content=\"250\" \/>\n\t<meta property=\"og:image:type\" content=\"image\/jpeg\" \/>\n<meta name=\"author\" content=\"Joaqu\u00edn\" \/>\n<meta name=\"twitter:card\" content=\"summary_large_image\" \/>\n<meta name=\"twitter:label1\" content=\"Escrito por\" \/>\n\t<meta name=\"twitter:data1\" content=\"Joaqu\u00edn\" \/>\n\t<meta name=\"twitter:label2\" content=\"Tiempo de lectura\" \/>\n\t<meta name=\"twitter:data2\" content=\"3 minutos\" \/>\n<script type=\"application\/ld+json\" class=\"yoast-schema-graph\">{\"@context\":\"https:\/\/schema.org\",\"@graph\":[{\"@type\":\"WebPage\",\"@id\":\"https:\/\/www.asajacyl.com\/avila\/asaja-avila-informa\/felipe-gonzalez-canales-recibira-la-insignia-oro-asaja\",\"url\":\"https:\/\/www.asajacyl.com\/avila\/asaja-avila-informa\/felipe-gonzalez-canales-recibira-la-insignia-oro-asaja\",\"name\":\"Felipe Gonz\u00e1lez de Canales recibir\u00e1 la Insignia de Oro de ASAJA - ASAJA \u00c1vila\",\"isPartOf\":{\"@id\":\"https:\/\/www.asajacyl.com\/avila\/#website\"},\"primaryImageOfPage\":{\"@id\":\"https:\/\/www.asajacyl.com\/avila\/asaja-avila-informa\/felipe-gonzalez-canales-recibira-la-insignia-oro-asaja#primaryimage\"},\"image\":{\"@id\":\"https:\/\/www.asajacyl.com\/avila\/asaja-avila-informa\/felipe-gonzalez-canales-recibira-la-insignia-oro-asaja#primaryimage\"},\"thumbnailUrl\":\"https:\/\/www.asajacyl.com\/avila\/wp-content\/uploads\/sites\/4\/2018\/12\/felipe-gonz\u00e1lez-de-canales-1.jpg\",\"datePublished\":\"2018-12-18T11:34:31+00:00\",\"dateModified\":\"2018-12-19T16:57:00+00:00\",\"author\":{\"@id\":\"https:\/\/www.asajacyl.com\/avila\/#\/schema\/person\/daf3c5c7d3afd005798ec283b78826ed\"},\"description\":\"Toda una vida de dedicaci\u00f3n y compromiso con el sector agrario y el medio rural espa\u00f1ol La organizaci\u00f3n profesional agraria reconoce con su m\u00e1ximo\",\"breadcrumb\":{\"@id\":\"https:\/\/www.asajacyl.com\/avila\/asaja-avila-informa\/felipe-gonzalez-canales-recibira-la-insignia-oro-asaja#breadcrumb\"},\"inLanguage\":\"es\",\"potentialAction\":[{\"@type\":\"ReadAction\",\"target\":[\"https:\/\/www.asajacyl.com\/avila\/asaja-avila-informa\/felipe-gonzalez-canales-recibira-la-insignia-oro-asaja\"]}]},{\"@type\":\"ImageObject\",\"inLanguage\":\"es\",\"@id\":\"https:\/\/www.asajacyl.com\/avila\/asaja-avila-informa\/felipe-gonzalez-canales-recibira-la-insignia-oro-asaja#primaryimage\",\"url\":\"https:\/\/www.asajacyl.com\/avila\/wp-content\/uploads\/sites\/4\/2018\/12\/felipe-gonz\u00e1lez-de-canales-1.jpg\",\"contentUrl\":\"https:\/\/www.asajacyl.com\/avila\/wp-content\/uploads\/sites\/4\/2018\/12\/felipe-gonz\u00e1lez-de-canales-1.jpg\",\"width\":400,\"height\":250},{\"@type\":\"BreadcrumbList\",\"@id\":\"https:\/\/www.asajacyl.com\/avila\/asaja-avila-informa\/felipe-gonzalez-canales-recibira-la-insignia-oro-asaja#breadcrumb\",\"itemListElement\":[{\"@type\":\"ListItem\",\"position\":1,\"name\":\"Portada\",\"item\":\"https:\/\/www.asajacyl.com\/avila\/\"},{\"@type\":\"ListItem\",\"position\":2,\"name\":\"Felipe Gonz\u00e1lez de Canales recibir\u00e1 la Insignia de Oro de ASAJA\"}]},{\"@type\":\"WebSite\",\"@id\":\"https:\/\/www.asajacyl.com\/avila\/#website\",\"url\":\"https:\/\/www.asajacyl.com\/avila\/\",\"name\":\"ASAJA \u00c1vila\",\"description\":\"Otro sitio m\u00e1s de Provincias ASAJA Castilla y Le\u00f3n\",\"potentialAction\":[{\"@type\":\"SearchAction\",\"target\":{\"@type\":\"EntryPoint\",\"urlTemplate\":\"https:\/\/www.asajacyl.com\/avila\/?s={search_term_string}\"},\"query-input\":{\"@type\":\"PropertyValueSpecification\",\"valueRequired\":true,\"valueName\":\"search_term_string\"}}],\"inLanguage\":\"es\"},{\"@type\":\"Person\",\"@id\":\"https:\/\/www.asajacyl.com\/avila\/#\/schema\/person\/daf3c5c7d3afd005798ec283b78826ed\",\"name\":\"Joaqu\u00edn\",\"image\":{\"@type\":\"ImageObject\",\"inLanguage\":\"es\",\"@id\":\"https:\/\/www.asajacyl.com\/avila\/#\/schema\/person\/image\/\",\"url\":\"https:\/\/secure.gravatar.com\/avatar\/8a87f10166ff5a8a3b0c21a125bc069d?s=96&d=mm&r=g\",\"contentUrl\":\"https:\/\/secure.gravatar.com\/avatar\/8a87f10166ff5a8a3b0c21a125bc069d?s=96&d=mm&r=g\",\"caption\":\"Joaqu\u00edn\"},\"url\":\"https:\/\/www.asajacyl.com\/avila\/author\/joaquinap\"}]}<\/script>\n<!-- \/ Yoast SEO plugin. -->","yoast_head_json":{"title":"Felipe Gonz\u00e1lez de Canales recibir\u00e1 la Insignia de Oro de ASAJA - ASAJA \u00c1vila","description":"Toda una vida de dedicaci\u00f3n y compromiso con el sector agrario y el medio rural espa\u00f1ol La organizaci\u00f3n profesional agraria reconoce con su m\u00e1ximo","robots":{"index":"index","follow":"follow","max-snippet":"max-snippet:-1","max-image-preview":"max-image-preview:large","max-video-preview":"max-video-preview:-1"},"canonical":"https:\/\/www.asajacyl.com\/avila\/asaja-avila-informa\/felipe-gonzalez-canales-recibira-la-insignia-oro-asaja","og_locale":"es_ES","og_type":"article","og_title":"Felipe Gonz\u00e1lez de Canales recibir\u00e1 la Insignia de Oro de ASAJA - ASAJA \u00c1vila","og_description":"Toda una vida de dedicaci\u00f3n y compromiso con el sector agrario y el medio rural espa\u00f1ol La organizaci\u00f3n profesional agraria reconoce con su m\u00e1ximo","og_url":"https:\/\/www.asajacyl.com\/avila\/asaja-avila-informa\/felipe-gonzalez-canales-recibira-la-insignia-oro-asaja","og_site_name":"ASAJA \u00c1vila","article_published_time":"2018-12-18T11:34:31+00:00","article_modified_time":"2018-12-19T16:57:00+00:00","og_image":[{"width":400,"height":250,"url":"https:\/\/www.asajacyl.com\/avila\/wp-content\/uploads\/sites\/4\/2018\/12\/felipe-gonz\u00e1lez-de-canales-1.jpg","type":"image\/jpeg"}],"author":"Joaqu\u00edn","twitter_card":"summary_large_image","twitter_misc":{"Escrito por":"Joaqu\u00edn","Tiempo de lectura":"3 minutos"},"schema":{"@context":"https:\/\/schema.org","@graph":[{"@type":"WebPage","@id":"https:\/\/www.asajacyl.com\/avila\/asaja-avila-informa\/felipe-gonzalez-canales-recibira-la-insignia-oro-asaja","url":"https:\/\/www.asajacyl.com\/avila\/asaja-avila-informa\/felipe-gonzalez-canales-recibira-la-insignia-oro-asaja","name":"Felipe Gonz\u00e1lez de Canales recibir\u00e1 la Insignia de Oro de ASAJA - ASAJA \u00c1vila","isPartOf":{"@id":"https:\/\/www.asajacyl.com\/avila\/#website"},"primaryImageOfPage":{"@id":"https:\/\/www.asajacyl.com\/avila\/asaja-avila-informa\/felipe-gonzalez-canales-recibira-la-insignia-oro-asaja#primaryimage"},"image":{"@id":"https:\/\/www.asajacyl.com\/avila\/asaja-avila-informa\/felipe-gonzalez-canales-recibira-la-insignia-oro-asaja#primaryimage"},"thumbnailUrl":"https:\/\/www.asajacyl.com\/avila\/wp-content\/uploads\/sites\/4\/2018\/12\/felipe-gonz\u00e1lez-de-canales-1.jpg","datePublished":"2018-12-18T11:34:31+00:00","dateModified":"2018-12-19T16:57:00+00:00","author":{"@id":"https:\/\/www.asajacyl.com\/avila\/#\/schema\/person\/daf3c5c7d3afd005798ec283b78826ed"},"description":"Toda una vida de dedicaci\u00f3n y compromiso con el sector agrario y el medio rural espa\u00f1ol La organizaci\u00f3n profesional agraria reconoce con su m\u00e1ximo","breadcrumb":{"@id":"https:\/\/www.asajacyl.com\/avila\/asaja-avila-informa\/felipe-gonzalez-canales-recibira-la-insignia-oro-asaja#breadcrumb"},"inLanguage":"es","potentialAction":[{"@type":"ReadAction","target":["https:\/\/www.asajacyl.com\/avila\/asaja-avila-informa\/felipe-gonzalez-canales-recibira-la-insignia-oro-asaja"]}]},{"@type":"ImageObject","inLanguage":"es","@id":"https:\/\/www.asajacyl.com\/avila\/asaja-avila-informa\/felipe-gonzalez-canales-recibira-la-insignia-oro-asaja#primaryimage","url":"https:\/\/www.asajacyl.com\/avila\/wp-content\/uploads\/sites\/4\/2018\/12\/felipe-gonz\u00e1lez-de-canales-1.jpg","contentUrl":"https:\/\/www.asajacyl.com\/avila\/wp-content\/uploads\/sites\/4\/2018\/12\/felipe-gonz\u00e1lez-de-canales-1.jpg","width":400,"height":250},{"@type":"BreadcrumbList","@id":"https:\/\/www.asajacyl.com\/avila\/asaja-avila-informa\/felipe-gonzalez-canales-recibira-la-insignia-oro-asaja#breadcrumb","itemListElement":[{"@type":"ListItem","position":1,"name":"Portada","item":"https:\/\/www.asajacyl.com\/avila\/"},{"@type":"ListItem","position":2,"name":"Felipe Gonz\u00e1lez de Canales recibir\u00e1 la Insignia de Oro de ASAJA"}]},{"@type":"WebSite","@id":"https:\/\/www.asajacyl.com\/avila\/#website","url":"https:\/\/www.asajacyl.com\/avila\/","name":"ASAJA \u00c1vila","description":"Otro sitio m\u00e1s de Provincias ASAJA Castilla y Le\u00f3n","potentialAction":[{"@type":"SearchAction","target":{"@type":"EntryPoint","urlTemplate":"https:\/\/www.asajacyl.com\/avila\/?s={search_term_string}"},"query-input":{"@type":"PropertyValueSpecification","valueRequired":true,"valueName":"search_term_string"}}],"inLanguage":"es"},{"@type":"Person","@id":"https:\/\/www.asajacyl.com\/avila\/#\/schema\/person\/daf3c5c7d3afd005798ec283b78826ed","name":"Joaqu\u00edn","image":{"@type":"ImageObject","inLanguage":"es","@id":"https:\/\/www.asajacyl.com\/avila\/#\/schema\/person\/image\/","url":"https:\/\/secure.gravatar.com\/avatar\/8a87f10166ff5a8a3b0c21a125bc069d?s=96&d=mm&r=g","contentUrl":"https:\/\/secure.gravatar.com\/avatar\/8a87f10166ff5a8a3b0c21a125bc069d?s=96&d=mm&r=g","caption":"Joaqu\u00edn"},"url":"https:\/\/www.asajacyl.com\/avila\/author\/joaquinap"}]}},"_links":{"self":[{"href":"https:\/\/www.asajacyl.com\/avila\/wp-json\/wp\/v2\/posts\/4285"}],"collection":[{"href":"https:\/\/www.asajacyl.com\/avila\/wp-json\/wp\/v2\/posts"}],"about":[{"href":"https:\/\/www.asajacyl.com\/avila\/wp-json\/wp\/v2\/types\/post"}],"author":[{"embeddable":true,"href":"https:\/\/www.asajacyl.com\/avila\/wp-json\/wp\/v2\/users\/6"}],"replies":[{"embeddable":true,"href":"https:\/\/www.asajacyl.com\/avila\/wp-json\/wp\/v2\/comments?post=4285"}],"version-history":[{"count":1,"href":"https:\/\/www.asajacyl.com\/avila\/wp-json\/wp\/v2\/posts\/4285\/revisions"}],"predecessor-version":[{"id":4288,"href":"https:\/\/www.asajacyl.com\/avila\/wp-json\/wp\/v2\/posts\/4285\/revisions\/4288"}],"wp:featuredmedia":[{"embeddable":true,"href":"https:\/\/www.asajacyl.com\/avila\/wp-json\/wp\/v2\/media\/4286"}],"wp:attachment":[{"href":"https:\/\/www.asajacyl.com\/avila\/wp-json\/wp\/v2\/media?parent=4285"}],"wp:term":[{"taxonomy":"category","embeddable":true,"href":"https:\/\/www.asajacyl.com\/avila\/wp-json\/wp\/v2\/categories?post=4285"},{"taxonomy":"post_tag","embeddable":true,"href":"https:\/\/www.asajacyl.com\/avila\/wp-json\/wp\/v2\/tags?post=4285"}],"curies":[{"name":"wp","href":"https:\/\/api.w.org\/{rel}","templated":true}]}}