{"id":4348,"date":"2019-01-11T11:32:40","date_gmt":"2019-01-11T10:32:40","guid":{"rendered":"https:\/\/www.asajacyl.com\/avila\/?p=4348"},"modified":"2019-01-21T09:55:46","modified_gmt":"2019-01-21T08:55:46","slug":"asaja-avila-critica-once-dias-despues-convocarse-las-ayudas-primera-instalacion-la-plataforma-tramitacion-no-funciona","status":"publish","type":"post","link":"https:\/\/www.asajacyl.com\/avila\/asaja-avila-informa\/asaja-avila-critica-once-dias-despues-convocarse-las-ayudas-primera-instalacion-la-plataforma-tramitacion-no-funciona","title":{"rendered":"ASAJA de \u00c1vila critica que once d\u00edas despu\u00e9s de convocarse las ayudas de primera instalaci\u00f3n, la plataforma para su tramitaci\u00f3n no funciona"},"content":{"rendered":"<p style=\"text-align: center\"><strong>El presidente de la organizaci\u00f3n asegura que para tramitar con garant\u00edas de \u00e9xito la solicitud de ayudas, se ha de confiar en el equipo t\u00e9cnico de ASAJA<\/strong><\/p>\n<p><strong>La Asociaci\u00f3n Agraria <em>J\u00f3venes Agricultores<\/em> (ASAJA) de \u00c1vila se felicita de que por fin la Junta de Castilla y Le\u00f3n haya convocado y abierto el plazo para la solicitud de las ayudas para la incorporaci\u00f3n de j\u00f3venes agricultores y ganaderos, cofinanciadas por el Fondo Europeo Agr\u00edcola de Desarrollo Rural (FEADER), as\u00ed como para la mejora de las estructuras de producci\u00f3n y modernizaci\u00f3n de las explotaciones, aunque lamenta que la aplicaci\u00f3n inform\u00e1tica que debe habilitar la Administraci\u00f3n para su tramitaci\u00f3n a\u00fan no se encuentre operativa.<\/strong><\/p>\n<p>El presidente provincial de ASAJA en \u00c1vila, Joaqu\u00edn Antonio Pino, ha valorado de modo positivo la convocatoria de ayudas para la incorporaci\u00f3n de j\u00f3venes al campo, as\u00ed como para titulares de explotaciones agrarias para la modernizaci\u00f3n y mejora de las estructuras de producci\u00f3n agrarias, ambas cofinanciadas por el Fondo Europeo Agr\u00edcola de Desarrollo Rural (FEADER) en el marco del Programa de Desarrollo Rural de Castilla y Le\u00f3n 2014-2020, cuyo plazo de solicitud concluye el pr\u00f3ximo d\u00eda 15 de febrero.<\/p>\n<p>El equipo t\u00e9cnico de ASAJA entiende que ese plazo fijado por la Administraci\u00f3n deber\u00e1 ampliarse, puesto que a\u00fan no puede gestionarse ning\u00fan tipo de tr\u00e1mite al no encontrarse operativa la plataforma inform\u00e1tica que la Junta debe habilitar para la tramitaci\u00f3n electr\u00f3nica de los expedientes.<\/p>\n<p>Adem\u00e1s el presidente de ASAJA, Joaqu\u00edn Antonio Pino, ha querido poner de manifiesto el malestar de la organizaci\u00f3n agraria porque la administraci\u00f3n regional haya apurado hasta el \u00faltimo momento para publicar la \u00a0orden de convocatoria de ayudas, tanto que \u201clo hicieron el \u00faltimo d\u00eda de 2018\u201d, y adem\u00e1s lo hicieron cuando los t\u00e9cnicos de ASAJA que tramitan estas ayudas se encontraban en sus d\u00edas merecidos de descanso navide\u00f1o junto a sus familias, cuesti\u00f3n que desgraciadamente \u00a0no es nueva y que es el modo de proceder ordinario de la Consejer\u00eda de Agricultura y Ganader\u00eda durante la \u00faltima legislatura.<\/p>\n<p>Adem\u00e1s, el dirigente de la organizaci\u00f3n lamenta que la Administraci\u00f3n no haya mantenido un encuentro a nivel t\u00e9cnico entre los empleados de las OPAs que tramitan este tipo de ayudas y los funcionarios de la Consejer\u00eda de Agricultura para mejorar en la medida de lo posible la Orden que finalmente viera la luz, tal y como le solicit\u00f3 el presidente provincial de ASAJA en \u00c1vila a la propia Consejera durante el trascurso del Consejo Regional Agrario llevado a cabo en agosto de 2018 y en el que se arranc\u00f3 ese compromiso de la titular del departamento. ASAJA\u00a0 entiende que se deber\u00edan haber puesto sobre la mesa todas estas cuestiones, para haber evitado los excesivos tr\u00e1mites burocr\u00e1ticos a los que tiene que hacer frente un joven para incorporarse al sector y mejorado la Orden finalmente publicada.<\/p>\n<p>Uno de los requisitos indispensables para el c\u00e1lculo y tramitaci\u00f3n de la ayuda, es la formaci\u00f3n. En este caso, desde ASAJA-\u00c1vila se subraya el compromiso con este apartado. El 11 de febrero dar\u00e1 comienzo nuevamente otro curso de incorporaci\u00f3n a la empresa agraria en la modalidad <em>on-line<\/em>, que llevar\u00e1 a cabo la organizaci\u00f3n agraria y aporta la cualificaci\u00f3n necesaria que necesita el joven al encontrarse homologado por la Administraci\u00f3n y ser conforme a la normativa vigente, por lo que los destinatarios de la formaci\u00f3n que imparte ASAJA no han tenido en el pasado ni tendr\u00e1n ning\u00fan problema para acreditar este extremo como lamentablemente s\u00ed ha ocurrido con algunos cursos de incorporaci\u00f3n a la empresa agraria impartidos por otros sindicatos agrarios de la provincia.<\/p>\n<p>\u201cPodemos alardear de abanderar la formaci\u00f3n de los j\u00f3venes del campo, porque as\u00ed lo demuestran las cifras de asistentes a los cursos que hemos llevado a cabo durante los \u00faltimos a\u00f1os\u201d, ha subrayado Joaqu\u00edn Antonio Pino.<\/p>\n<p>Ha querido recordar que la Asociaci\u00f3n Agraria <em>J\u00f3venes Agricultores<\/em> (ASAJA) de \u00c1vila es la organizaci\u00f3n de referencia para los j\u00f3venes, ya que, a tenor de los expedientes presentados en a\u00f1os anteriores en la provincia, dos de cada tres futuros agricultores y ganaderos que se incorporan al sector en \u00c1vila lo hacen de la mano de ASAJA. Un dato, que apostilla Joaqu\u00edn Antonio Pino, da idea del liderazgo y profesionalidad del equipo t\u00e9cnico ASAJA, y sit\u00faa a la organizaci\u00f3n como el referente en \u00c1vila para los profesionales del presente, pero tambi\u00e9n del futuro.<\/p>\n<p>Por \u00faltimo, ASAJA quiere ofrecer a todos los nuevos ganaderos y agricultores abulenses que se quieren incorporar a la actividad, el asesoramiento del equipo t\u00e9cnico mejor cualificado en materia agr\u00edcola, pecuaria y forestal de la provincia para la tramitaci\u00f3n de estas complejas l\u00edneas de ayudas.<\/p>\n<p>&nbsp;<\/p>\n","protected":false},"excerpt":{"rendered":"<p>El presidente de la organizaci\u00f3n asegura que para tramitar con garant\u00edas de \u00e9xito la solicitud de ayudas, se ha de confiar en el equipo t\u00e9cnico de ASAJA La Asociaci\u00f3n Agraria J\u00f3venes Agricultores (ASAJA) de \u00c1vila se felicita de que por fin la Junta de Castilla y Le\u00f3n haya convocado y abierto el plazo para la [&hellip;]<\/p>\n","protected":false},"author":6,"featured_media":4349,"comment_status":"open","ping_status":"open","sticky":false,"template":"","format":"standard","meta":{"footnotes":""},"categories":[8,18],"tags":[],"yoast_head":"<!-- This site is optimized with the Yoast SEO plugin v24.5 - https:\/\/yoast.com\/wordpress\/plugins\/seo\/ -->\n<title>ASAJA de \u00c1vila critica que once d\u00edas despu\u00e9s de convocarse las ayudas de primera instalaci\u00f3n, la plataforma para su tramitaci\u00f3n no funciona - ASAJA \u00c1vila<\/title>\n<meta name=\"description\" content=\"El presidente de la organizaci\u00f3n asegura que para tramitar con garant\u00edas de \u00e9xito la solicitud de ayudas, se ha de confiar en el equipo t\u00e9cnico de ASAJA\" \/>\n<meta name=\"robots\" content=\"index, follow, max-snippet:-1, max-image-preview:large, max-video-preview:-1\" \/>\n<link rel=\"canonical\" href=\"https:\/\/www.asajacyl.com\/avila\/asaja-avila-informa\/asaja-avila-critica-once-dias-despues-convocarse-las-ayudas-primera-instalacion-la-plataforma-tramitacion-no-funciona\" \/>\n<meta property=\"og:locale\" content=\"es_ES\" \/>\n<meta property=\"og:type\" content=\"article\" \/>\n<meta property=\"og:title\" content=\"ASAJA de \u00c1vila critica que once d\u00edas despu\u00e9s de convocarse las ayudas de primera instalaci\u00f3n, la plataforma para su tramitaci\u00f3n no funciona - ASAJA \u00c1vila\" \/>\n<meta property=\"og:description\" content=\"El presidente de la organizaci\u00f3n asegura que para tramitar con garant\u00edas de \u00e9xito la solicitud de ayudas, se ha de confiar en el equipo t\u00e9cnico de ASAJA\" \/>\n<meta property=\"og:url\" content=\"https:\/\/www.asajacyl.com\/avila\/asaja-avila-informa\/asaja-avila-critica-once-dias-despues-convocarse-las-ayudas-primera-instalacion-la-plataforma-tramitacion-no-funciona\" \/>\n<meta property=\"og:site_name\" content=\"ASAJA \u00c1vila\" \/>\n<meta property=\"article:published_time\" content=\"2019-01-11T10:32:40+00:00\" \/>\n<meta property=\"article:modified_time\" content=\"2019-01-21T08:55:46+00:00\" \/>\n<meta property=\"og:image\" content=\"https:\/\/www.asajacyl.com\/avila\/wp-content\/uploads\/sites\/4\/2019\/01\/FOTO-ENCUENTRO-GANADEROS-BARCO-DE-\u00c1VILA.jpg\" \/>\n\t<meta property=\"og:image:width\" content=\"2500\" \/>\n\t<meta property=\"og:image:height\" content=\"1875\" \/>\n\t<meta property=\"og:image:type\" content=\"image\/jpeg\" \/>\n<meta name=\"author\" content=\"Joaqu\u00edn\" \/>\n<meta name=\"twitter:card\" content=\"summary_large_image\" \/>\n<meta name=\"twitter:label1\" content=\"Escrito por\" \/>\n\t<meta name=\"twitter:data1\" content=\"Joaqu\u00edn\" \/>\n\t<meta name=\"twitter:label2\" content=\"Tiempo de lectura\" \/>\n\t<meta name=\"twitter:data2\" content=\"4 minutos\" \/>\n<script type=\"application\/ld+json\" class=\"yoast-schema-graph\">{\"@context\":\"https:\/\/schema.org\",\"@graph\":[{\"@type\":\"WebPage\",\"@id\":\"https:\/\/www.asajacyl.com\/avila\/asaja-avila-informa\/asaja-avila-critica-once-dias-despues-convocarse-las-ayudas-primera-instalacion-la-plataforma-tramitacion-no-funciona\",\"url\":\"https:\/\/www.asajacyl.com\/avila\/asaja-avila-informa\/asaja-avila-critica-once-dias-despues-convocarse-las-ayudas-primera-instalacion-la-plataforma-tramitacion-no-funciona\",\"name\":\"ASAJA de \u00c1vila critica que once d\u00edas despu\u00e9s de convocarse las ayudas de primera instalaci\u00f3n, la plataforma para su tramitaci\u00f3n no funciona - ASAJA \u00c1vila\",\"isPartOf\":{\"@id\":\"https:\/\/www.asajacyl.com\/avila\/#website\"},\"primaryImageOfPage\":{\"@id\":\"https:\/\/www.asajacyl.com\/avila\/asaja-avila-informa\/asaja-avila-critica-once-dias-despues-convocarse-las-ayudas-primera-instalacion-la-plataforma-tramitacion-no-funciona#primaryimage\"},\"image\":{\"@id\":\"https:\/\/www.asajacyl.com\/avila\/asaja-avila-informa\/asaja-avila-critica-once-dias-despues-convocarse-las-ayudas-primera-instalacion-la-plataforma-tramitacion-no-funciona#primaryimage\"},\"thumbnailUrl\":\"https:\/\/www.asajacyl.com\/avila\/wp-content\/uploads\/sites\/4\/2019\/01\/FOTO-ENCUENTRO-GANADEROS-BARCO-DE-\u00c1VILA.jpg\",\"datePublished\":\"2019-01-11T10:32:40+00:00\",\"dateModified\":\"2019-01-21T08:55:46+00:00\",\"author\":{\"@id\":\"https:\/\/www.asajacyl.com\/avila\/#\/schema\/person\/daf3c5c7d3afd005798ec283b78826ed\"},\"description\":\"El presidente de la organizaci\u00f3n asegura que para tramitar con garant\u00edas de \u00e9xito la solicitud de ayudas, se ha de confiar en el equipo t\u00e9cnico de ASAJA\",\"breadcrumb\":{\"@id\":\"https:\/\/www.asajacyl.com\/avila\/asaja-avila-informa\/asaja-avila-critica-once-dias-despues-convocarse-las-ayudas-primera-instalacion-la-plataforma-tramitacion-no-funciona#breadcrumb\"},\"inLanguage\":\"es\",\"potentialAction\":[{\"@type\":\"ReadAction\",\"target\":[\"https:\/\/www.asajacyl.com\/avila\/asaja-avila-informa\/asaja-avila-critica-once-dias-despues-convocarse-las-ayudas-primera-instalacion-la-plataforma-tramitacion-no-funciona\"]}]},{\"@type\":\"ImageObject\",\"inLanguage\":\"es\",\"@id\":\"https:\/\/www.asajacyl.com\/avila\/asaja-avila-informa\/asaja-avila-critica-once-dias-despues-convocarse-las-ayudas-primera-instalacion-la-plataforma-tramitacion-no-funciona#primaryimage\",\"url\":\"https:\/\/www.asajacyl.com\/avila\/wp-content\/uploads\/sites\/4\/2019\/01\/FOTO-ENCUENTRO-GANADEROS-BARCO-DE-\u00c1VILA.jpg\",\"contentUrl\":\"https:\/\/www.asajacyl.com\/avila\/wp-content\/uploads\/sites\/4\/2019\/01\/FOTO-ENCUENTRO-GANADEROS-BARCO-DE-\u00c1VILA.jpg\",\"width\":2500,\"height\":1875},{\"@type\":\"BreadcrumbList\",\"@id\":\"https:\/\/www.asajacyl.com\/avila\/asaja-avila-informa\/asaja-avila-critica-once-dias-despues-convocarse-las-ayudas-primera-instalacion-la-plataforma-tramitacion-no-funciona#breadcrumb\",\"itemListElement\":[{\"@type\":\"ListItem\",\"position\":1,\"name\":\"Portada\",\"item\":\"https:\/\/www.asajacyl.com\/avila\/\"},{\"@type\":\"ListItem\",\"position\":2,\"name\":\"ASAJA de \u00c1vila critica que once d\u00edas despu\u00e9s de convocarse las ayudas de primera instalaci\u00f3n, la plataforma para su tramitaci\u00f3n no funciona\"}]},{\"@type\":\"WebSite\",\"@id\":\"https:\/\/www.asajacyl.com\/avila\/#website\",\"url\":\"https:\/\/www.asajacyl.com\/avila\/\",\"name\":\"ASAJA \u00c1vila\",\"description\":\"Otro sitio m\u00e1s de Provincias ASAJA Castilla y Le\u00f3n\",\"potentialAction\":[{\"@type\":\"SearchAction\",\"target\":{\"@type\":\"EntryPoint\",\"urlTemplate\":\"https:\/\/www.asajacyl.com\/avila\/?s={search_term_string}\"},\"query-input\":{\"@type\":\"PropertyValueSpecification\",\"valueRequired\":true,\"valueName\":\"search_term_string\"}}],\"inLanguage\":\"es\"},{\"@type\":\"Person\",\"@id\":\"https:\/\/www.asajacyl.com\/avila\/#\/schema\/person\/daf3c5c7d3afd005798ec283b78826ed\",\"name\":\"Joaqu\u00edn\",\"image\":{\"@type\":\"ImageObject\",\"inLanguage\":\"es\",\"@id\":\"https:\/\/www.asajacyl.com\/avila\/#\/schema\/person\/image\/\",\"url\":\"https:\/\/secure.gravatar.com\/avatar\/8a87f10166ff5a8a3b0c21a125bc069d?s=96&d=mm&r=g\",\"contentUrl\":\"https:\/\/secure.gravatar.com\/avatar\/8a87f10166ff5a8a3b0c21a125bc069d?s=96&d=mm&r=g\",\"caption\":\"Joaqu\u00edn\"},\"url\":\"https:\/\/www.asajacyl.com\/avila\/author\/joaquinap\"}]}<\/script>\n<!-- \/ Yoast SEO plugin. -->","yoast_head_json":{"title":"ASAJA de \u00c1vila critica que once d\u00edas despu\u00e9s de convocarse las ayudas de primera instalaci\u00f3n, la plataforma para su tramitaci\u00f3n no funciona - ASAJA \u00c1vila","description":"El presidente de la organizaci\u00f3n asegura que para tramitar con garant\u00edas de \u00e9xito la solicitud de ayudas, se ha de confiar en el equipo t\u00e9cnico de ASAJA","robots":{"index":"index","follow":"follow","max-snippet":"max-snippet:-1","max-image-preview":"max-image-preview:large","max-video-preview":"max-video-preview:-1"},"canonical":"https:\/\/www.asajacyl.com\/avila\/asaja-avila-informa\/asaja-avila-critica-once-dias-despues-convocarse-las-ayudas-primera-instalacion-la-plataforma-tramitacion-no-funciona","og_locale":"es_ES","og_type":"article","og_title":"ASAJA de \u00c1vila critica que once d\u00edas despu\u00e9s de convocarse las ayudas de primera instalaci\u00f3n, la plataforma para su tramitaci\u00f3n no funciona - ASAJA \u00c1vila","og_description":"El presidente de la organizaci\u00f3n asegura que para tramitar con garant\u00edas de \u00e9xito la solicitud de ayudas, se ha de confiar en el equipo t\u00e9cnico de ASAJA","og_url":"https:\/\/www.asajacyl.com\/avila\/asaja-avila-informa\/asaja-avila-critica-once-dias-despues-convocarse-las-ayudas-primera-instalacion-la-plataforma-tramitacion-no-funciona","og_site_name":"ASAJA \u00c1vila","article_published_time":"2019-01-11T10:32:40+00:00","article_modified_time":"2019-01-21T08:55:46+00:00","og_image":[{"width":2500,"height":1875,"url":"https:\/\/www.asajacyl.com\/avila\/wp-content\/uploads\/sites\/4\/2019\/01\/FOTO-ENCUENTRO-GANADEROS-BARCO-DE-\u00c1VILA.jpg","type":"image\/jpeg"}],"author":"Joaqu\u00edn","twitter_card":"summary_large_image","twitter_misc":{"Escrito por":"Joaqu\u00edn","Tiempo de lectura":"4 minutos"},"schema":{"@context":"https:\/\/schema.org","@graph":[{"@type":"WebPage","@id":"https:\/\/www.asajacyl.com\/avila\/asaja-avila-informa\/asaja-avila-critica-once-dias-despues-convocarse-las-ayudas-primera-instalacion-la-plataforma-tramitacion-no-funciona","url":"https:\/\/www.asajacyl.com\/avila\/asaja-avila-informa\/asaja-avila-critica-once-dias-despues-convocarse-las-ayudas-primera-instalacion-la-plataforma-tramitacion-no-funciona","name":"ASAJA de \u00c1vila critica que once d\u00edas despu\u00e9s de convocarse las ayudas de primera instalaci\u00f3n, la plataforma para su tramitaci\u00f3n no funciona - ASAJA \u00c1vila","isPartOf":{"@id":"https:\/\/www.asajacyl.com\/avila\/#website"},"primaryImageOfPage":{"@id":"https:\/\/www.asajacyl.com\/avila\/asaja-avila-informa\/asaja-avila-critica-once-dias-despues-convocarse-las-ayudas-primera-instalacion-la-plataforma-tramitacion-no-funciona#primaryimage"},"image":{"@id":"https:\/\/www.asajacyl.com\/avila\/asaja-avila-informa\/asaja-avila-critica-once-dias-despues-convocarse-las-ayudas-primera-instalacion-la-plataforma-tramitacion-no-funciona#primaryimage"},"thumbnailUrl":"https:\/\/www.asajacyl.com\/avila\/wp-content\/uploads\/sites\/4\/2019\/01\/FOTO-ENCUENTRO-GANADEROS-BARCO-DE-\u00c1VILA.jpg","datePublished":"2019-01-11T10:32:40+00:00","dateModified":"2019-01-21T08:55:46+00:00","author":{"@id":"https:\/\/www.asajacyl.com\/avila\/#\/schema\/person\/daf3c5c7d3afd005798ec283b78826ed"},"description":"El presidente de la organizaci\u00f3n asegura que para tramitar con garant\u00edas de \u00e9xito la solicitud de ayudas, se ha de confiar en el equipo t\u00e9cnico de ASAJA","breadcrumb":{"@id":"https:\/\/www.asajacyl.com\/avila\/asaja-avila-informa\/asaja-avila-critica-once-dias-despues-convocarse-las-ayudas-primera-instalacion-la-plataforma-tramitacion-no-funciona#breadcrumb"},"inLanguage":"es","potentialAction":[{"@type":"ReadAction","target":["https:\/\/www.asajacyl.com\/avila\/asaja-avila-informa\/asaja-avila-critica-once-dias-despues-convocarse-las-ayudas-primera-instalacion-la-plataforma-tramitacion-no-funciona"]}]},{"@type":"ImageObject","inLanguage":"es","@id":"https:\/\/www.asajacyl.com\/avila\/asaja-avila-informa\/asaja-avila-critica-once-dias-despues-convocarse-las-ayudas-primera-instalacion-la-plataforma-tramitacion-no-funciona#primaryimage","url":"https:\/\/www.asajacyl.com\/avila\/wp-content\/uploads\/sites\/4\/2019\/01\/FOTO-ENCUENTRO-GANADEROS-BARCO-DE-\u00c1VILA.jpg","contentUrl":"https:\/\/www.asajacyl.com\/avila\/wp-content\/uploads\/sites\/4\/2019\/01\/FOTO-ENCUENTRO-GANADEROS-BARCO-DE-\u00c1VILA.jpg","width":2500,"height":1875},{"@type":"BreadcrumbList","@id":"https:\/\/www.asajacyl.com\/avila\/asaja-avila-informa\/asaja-avila-critica-once-dias-despues-convocarse-las-ayudas-primera-instalacion-la-plataforma-tramitacion-no-funciona#breadcrumb","itemListElement":[{"@type":"ListItem","position":1,"name":"Portada","item":"https:\/\/www.asajacyl.com\/avila\/"},{"@type":"ListItem","position":2,"name":"ASAJA de \u00c1vila critica que once d\u00edas despu\u00e9s de convocarse las ayudas de primera instalaci\u00f3n, la plataforma para su tramitaci\u00f3n no funciona"}]},{"@type":"WebSite","@id":"https:\/\/www.asajacyl.com\/avila\/#website","url":"https:\/\/www.asajacyl.com\/avila\/","name":"ASAJA \u00c1vila","description":"Otro sitio m\u00e1s de Provincias ASAJA Castilla y Le\u00f3n","potentialAction":[{"@type":"SearchAction","target":{"@type":"EntryPoint","urlTemplate":"https:\/\/www.asajacyl.com\/avila\/?s={search_term_string}"},"query-input":{"@type":"PropertyValueSpecification","valueRequired":true,"valueName":"search_term_string"}}],"inLanguage":"es"},{"@type":"Person","@id":"https:\/\/www.asajacyl.com\/avila\/#\/schema\/person\/daf3c5c7d3afd005798ec283b78826ed","name":"Joaqu\u00edn","image":{"@type":"ImageObject","inLanguage":"es","@id":"https:\/\/www.asajacyl.com\/avila\/#\/schema\/person\/image\/","url":"https:\/\/secure.gravatar.com\/avatar\/8a87f10166ff5a8a3b0c21a125bc069d?s=96&d=mm&r=g","contentUrl":"https:\/\/secure.gravatar.com\/avatar\/8a87f10166ff5a8a3b0c21a125bc069d?s=96&d=mm&r=g","caption":"Joaqu\u00edn"},"url":"https:\/\/www.asajacyl.com\/avila\/author\/joaquinap"}]}},"_links":{"self":[{"href":"https:\/\/www.asajacyl.com\/avila\/wp-json\/wp\/v2\/posts\/4348"}],"collection":[{"href":"https:\/\/www.asajacyl.com\/avila\/wp-json\/wp\/v2\/posts"}],"about":[{"href":"https:\/\/www.asajacyl.com\/avila\/wp-json\/wp\/v2\/types\/post"}],"author":[{"embeddable":true,"href":"https:\/\/www.asajacyl.com\/avila\/wp-json\/wp\/v2\/users\/6"}],"replies":[{"embeddable":true,"href":"https:\/\/www.asajacyl.com\/avila\/wp-json\/wp\/v2\/comments?post=4348"}],"version-history":[{"count":1,"href":"https:\/\/www.asajacyl.com\/avila\/wp-json\/wp\/v2\/posts\/4348\/revisions"}],"predecessor-version":[{"id":4350,"href":"https:\/\/www.asajacyl.com\/avila\/wp-json\/wp\/v2\/posts\/4348\/revisions\/4350"}],"wp:featuredmedia":[{"embeddable":true,"href":"https:\/\/www.asajacyl.com\/avila\/wp-json\/wp\/v2\/media\/4349"}],"wp:attachment":[{"href":"https:\/\/www.asajacyl.com\/avila\/wp-json\/wp\/v2\/media?parent=4348"}],"wp:term":[{"taxonomy":"category","embeddable":true,"href":"https:\/\/www.asajacyl.com\/avila\/wp-json\/wp\/v2\/categories?post=4348"},{"taxonomy":"post_tag","embeddable":true,"href":"https:\/\/www.asajacyl.com\/avila\/wp-json\/wp\/v2\/tags?post=4348"}],"curies":[{"name":"wp","href":"https:\/\/api.w.org\/{rel}","templated":true}]}}