{"id":4623,"date":"2019-02-26T09:51:11","date_gmt":"2019-02-26T08:51:11","guid":{"rendered":"https:\/\/www.asajacyl.com\/avila\/?p=4623"},"modified":"2019-02-26T09:51:11","modified_gmt":"2019-02-26T08:51:11","slug":"lobo-no-otra-via-recurrir-la-justicia","status":"publish","type":"post","link":"https:\/\/www.asajacyl.com\/avila\/asaja-avila-informa\/lobo-no-otra-via-recurrir-la-justicia","title":{"rendered":"El lobo: no hay otra v\u00eda que recurrir a la justicia"},"content":{"rendered":"<p>Los baremos de indemnizaci\u00f3n de ganado por ataques de lobos que sufren los ganaderos de la provincia son irrisorios. \u00bfCu\u00e1ntas veces me han escuchado decir esta afirmaci\u00f3n o leerlo en nuestras publicaciones? Parece que no es suficiente alzar la voz y afirmarlo durante los \u00faltimos a\u00f1os porque la Junta de Castilla y Le\u00f3n ha hecho caso omiso a esta reclamaci\u00f3n, no solo de ASAJA, sino tambi\u00e9n del resto de organizaciones agrarias para ser justos.<br \/>\nFue a comienzos de 2018 cuando la Junta de Castilla y Le\u00f3n se comprometi\u00f3 con las OPAs a actualizar m\u00ednimamente los baremos de indemnizaci\u00f3n, y no hay nada de ello a\u00fan. Es urgente poner medidas que limiten y controlen la poblaci\u00f3n del lobo de una manera efectiva, para lo cual el abatimiento de ejemplares es la \u00fanica soluci\u00f3n.<br \/>\nNo obstante, y viendo que la Junta no ataja el problema, es nuestra obligaci\u00f3n dar un paso m\u00e1s en la defensa del sector ganadero de la provincia. Los ganaderos, de la mano de ASAJA de \u00c1vila, est\u00e1n reclamando judicialmente a la Junta que se abonen los da\u00f1os reales que los lobos provocan en sus explotaciones.<br \/>\nNuestra organizaci\u00f3n pone a disposici\u00f3n de todos los ganaderos afectados un servicio jur\u00eddico y t\u00e9cnico-pericial para reclamar con garant\u00edas estos da\u00f1os. El equipo t\u00e9cnico de ASAJA junto a la letrada de la organizaci\u00f3n, Elena Conde, se encuentran volcados en ello para reclamar a la justicia lo que la Administraci\u00f3n niega al ganadero: pagar los da\u00f1os reales que ocasionan unos lobos que ni controlan ni dejan controlar.<br \/>\nPonemos todos nuestros recursos humanos a disposici\u00f3n del sector para facilitar el procedimiento de reclamaci\u00f3n patrimonial por v\u00eda judicial, porque la justicia est\u00e1 fallando a su favor estimando \u00edntegramente las demandas de los ganaderos y obligando a la Administraci\u00f3n a pagar todas las p\u00e9rdidas reales sufridas en la explotaci\u00f3n.<br \/>\nQuiero recordar a que los afectados que pueden ponerse en contacto con los t\u00e9cnicos de la organizaci\u00f3n y la letrada Elena Conde para ejercer su derecho ante la v\u00eda judicial, les atenderemos gustosamente, porque sean de la organizaci\u00f3n agraria que sean, estamos a su lado.<\/p>\n<p>Joaqu\u00edn Antonio Pino, presidente de ASAJA de \u00c1vila.<\/p>\n","protected":false},"excerpt":{"rendered":"<p>Los baremos de indemnizaci\u00f3n de ganado por ataques de lobos que sufren los ganaderos de la provincia son irrisorios. \u00bfCu\u00e1ntas veces me han escuchado decir esta afirmaci\u00f3n o leerlo en nuestras publicaciones? Parece que no es suficiente alzar la voz y afirmarlo durante los \u00faltimos a\u00f1os porque la Junta de Castilla y Le\u00f3n ha hecho [&hellip;]<\/p>\n","protected":false},"author":6,"featured_media":4081,"comment_status":"open","ping_status":"open","sticky":false,"template":"","format":"standard","meta":{"footnotes":""},"categories":[8,19],"tags":[],"yoast_head":"<!-- This site is optimized with the Yoast SEO plugin v24.5 - https:\/\/yoast.com\/wordpress\/plugins\/seo\/ -->\n<title>El lobo: no hay otra v\u00eda que recurrir a la justicia - ASAJA \u00c1vila<\/title>\n<meta name=\"description\" content=\"Los baremos de indemnizaci\u00f3n de ganado por ataques de lobos que sufren los ganaderos de la provincia son irrisorios. \u00bfCu\u00e1ntas veces me han escuchado decir\" \/>\n<meta name=\"robots\" content=\"index, follow, max-snippet:-1, max-image-preview:large, max-video-preview:-1\" \/>\n<link rel=\"canonical\" href=\"https:\/\/www.asajacyl.com\/avila\/asaja-avila-informa\/lobo-no-otra-via-recurrir-la-justicia\" \/>\n<meta property=\"og:locale\" content=\"es_ES\" \/>\n<meta property=\"og:type\" content=\"article\" \/>\n<meta property=\"og:title\" content=\"El lobo: no hay otra v\u00eda que recurrir a la justicia - ASAJA \u00c1vila\" \/>\n<meta property=\"og:description\" content=\"Los baremos de indemnizaci\u00f3n de ganado por ataques de lobos que sufren los ganaderos de la provincia son irrisorios. \u00bfCu\u00e1ntas veces me han escuchado decir\" \/>\n<meta property=\"og:url\" content=\"https:\/\/www.asajacyl.com\/avila\/asaja-avila-informa\/lobo-no-otra-via-recurrir-la-justicia\" \/>\n<meta property=\"og:site_name\" content=\"ASAJA \u00c1vila\" \/>\n<meta property=\"article:published_time\" content=\"2019-02-26T08:51:11+00:00\" \/>\n<meta property=\"og:image\" content=\"https:\/\/www.asajacyl.com\/avila\/wp-content\/uploads\/sites\/4\/2018\/09\/ASAMBLEA-GENERAL-2017-36.jpg\" \/>\n\t<meta property=\"og:image:width\" content=\"1200\" \/>\n\t<meta property=\"og:image:height\" content=\"1600\" \/>\n\t<meta property=\"og:image:type\" content=\"image\/jpeg\" \/>\n<meta name=\"author\" content=\"Joaqu\u00edn\" \/>\n<meta name=\"twitter:card\" content=\"summary_large_image\" \/>\n<meta name=\"twitter:label1\" content=\"Escrito por\" \/>\n\t<meta name=\"twitter:data1\" content=\"Joaqu\u00edn\" \/>\n\t<meta name=\"twitter:label2\" content=\"Tiempo de lectura\" \/>\n\t<meta name=\"twitter:data2\" content=\"2 minutos\" \/>\n<script type=\"application\/ld+json\" class=\"yoast-schema-graph\">{\"@context\":\"https:\/\/schema.org\",\"@graph\":[{\"@type\":\"WebPage\",\"@id\":\"https:\/\/www.asajacyl.com\/avila\/asaja-avila-informa\/lobo-no-otra-via-recurrir-la-justicia\",\"url\":\"https:\/\/www.asajacyl.com\/avila\/asaja-avila-informa\/lobo-no-otra-via-recurrir-la-justicia\",\"name\":\"El lobo: no hay otra v\u00eda que recurrir a la justicia - ASAJA \u00c1vila\",\"isPartOf\":{\"@id\":\"https:\/\/www.asajacyl.com\/avila\/#website\"},\"primaryImageOfPage\":{\"@id\":\"https:\/\/www.asajacyl.com\/avila\/asaja-avila-informa\/lobo-no-otra-via-recurrir-la-justicia#primaryimage\"},\"image\":{\"@id\":\"https:\/\/www.asajacyl.com\/avila\/asaja-avila-informa\/lobo-no-otra-via-recurrir-la-justicia#primaryimage\"},\"thumbnailUrl\":\"https:\/\/www.asajacyl.com\/avila\/wp-content\/uploads\/sites\/4\/2018\/09\/ASAMBLEA-GENERAL-2017-36.jpg\",\"datePublished\":\"2019-02-26T08:51:11+00:00\",\"author\":{\"@id\":\"https:\/\/www.asajacyl.com\/avila\/#\/schema\/person\/daf3c5c7d3afd005798ec283b78826ed\"},\"description\":\"Los baremos de indemnizaci\u00f3n de ganado por ataques de lobos que sufren los ganaderos de la provincia son irrisorios. \u00bfCu\u00e1ntas veces me han escuchado decir\",\"breadcrumb\":{\"@id\":\"https:\/\/www.asajacyl.com\/avila\/asaja-avila-informa\/lobo-no-otra-via-recurrir-la-justicia#breadcrumb\"},\"inLanguage\":\"es\",\"potentialAction\":[{\"@type\":\"ReadAction\",\"target\":[\"https:\/\/www.asajacyl.com\/avila\/asaja-avila-informa\/lobo-no-otra-via-recurrir-la-justicia\"]}]},{\"@type\":\"ImageObject\",\"inLanguage\":\"es\",\"@id\":\"https:\/\/www.asajacyl.com\/avila\/asaja-avila-informa\/lobo-no-otra-via-recurrir-la-justicia#primaryimage\",\"url\":\"https:\/\/www.asajacyl.com\/avila\/wp-content\/uploads\/sites\/4\/2018\/09\/ASAMBLEA-GENERAL-2017-36.jpg\",\"contentUrl\":\"https:\/\/www.asajacyl.com\/avila\/wp-content\/uploads\/sites\/4\/2018\/09\/ASAMBLEA-GENERAL-2017-36.jpg\",\"width\":1200,\"height\":1600},{\"@type\":\"BreadcrumbList\",\"@id\":\"https:\/\/www.asajacyl.com\/avila\/asaja-avila-informa\/lobo-no-otra-via-recurrir-la-justicia#breadcrumb\",\"itemListElement\":[{\"@type\":\"ListItem\",\"position\":1,\"name\":\"Portada\",\"item\":\"https:\/\/www.asajacyl.com\/avila\/\"},{\"@type\":\"ListItem\",\"position\":2,\"name\":\"El lobo: no hay otra v\u00eda que recurrir a la justicia\"}]},{\"@type\":\"WebSite\",\"@id\":\"https:\/\/www.asajacyl.com\/avila\/#website\",\"url\":\"https:\/\/www.asajacyl.com\/avila\/\",\"name\":\"ASAJA \u00c1vila\",\"description\":\"Otro sitio m\u00e1s de Provincias ASAJA Castilla y Le\u00f3n\",\"potentialAction\":[{\"@type\":\"SearchAction\",\"target\":{\"@type\":\"EntryPoint\",\"urlTemplate\":\"https:\/\/www.asajacyl.com\/avila\/?s={search_term_string}\"},\"query-input\":{\"@type\":\"PropertyValueSpecification\",\"valueRequired\":true,\"valueName\":\"search_term_string\"}}],\"inLanguage\":\"es\"},{\"@type\":\"Person\",\"@id\":\"https:\/\/www.asajacyl.com\/avila\/#\/schema\/person\/daf3c5c7d3afd005798ec283b78826ed\",\"name\":\"Joaqu\u00edn\",\"image\":{\"@type\":\"ImageObject\",\"inLanguage\":\"es\",\"@id\":\"https:\/\/www.asajacyl.com\/avila\/#\/schema\/person\/image\/\",\"url\":\"https:\/\/secure.gravatar.com\/avatar\/8a87f10166ff5a8a3b0c21a125bc069d?s=96&d=mm&r=g\",\"contentUrl\":\"https:\/\/secure.gravatar.com\/avatar\/8a87f10166ff5a8a3b0c21a125bc069d?s=96&d=mm&r=g\",\"caption\":\"Joaqu\u00edn\"},\"url\":\"https:\/\/www.asajacyl.com\/avila\/author\/joaquinap\"}]}<\/script>\n<!-- \/ Yoast SEO plugin. -->","yoast_head_json":{"title":"El lobo: no hay otra v\u00eda que recurrir a la justicia - ASAJA \u00c1vila","description":"Los baremos de indemnizaci\u00f3n de ganado por ataques de lobos que sufren los ganaderos de la provincia son irrisorios. \u00bfCu\u00e1ntas veces me han escuchado decir","robots":{"index":"index","follow":"follow","max-snippet":"max-snippet:-1","max-image-preview":"max-image-preview:large","max-video-preview":"max-video-preview:-1"},"canonical":"https:\/\/www.asajacyl.com\/avila\/asaja-avila-informa\/lobo-no-otra-via-recurrir-la-justicia","og_locale":"es_ES","og_type":"article","og_title":"El lobo: no hay otra v\u00eda que recurrir a la justicia - ASAJA \u00c1vila","og_description":"Los baremos de indemnizaci\u00f3n de ganado por ataques de lobos que sufren los ganaderos de la provincia son irrisorios. \u00bfCu\u00e1ntas veces me han escuchado decir","og_url":"https:\/\/www.asajacyl.com\/avila\/asaja-avila-informa\/lobo-no-otra-via-recurrir-la-justicia","og_site_name":"ASAJA \u00c1vila","article_published_time":"2019-02-26T08:51:11+00:00","og_image":[{"width":1200,"height":1600,"url":"https:\/\/www.asajacyl.com\/avila\/wp-content\/uploads\/sites\/4\/2018\/09\/ASAMBLEA-GENERAL-2017-36.jpg","type":"image\/jpeg"}],"author":"Joaqu\u00edn","twitter_card":"summary_large_image","twitter_misc":{"Escrito por":"Joaqu\u00edn","Tiempo de lectura":"2 minutos"},"schema":{"@context":"https:\/\/schema.org","@graph":[{"@type":"WebPage","@id":"https:\/\/www.asajacyl.com\/avila\/asaja-avila-informa\/lobo-no-otra-via-recurrir-la-justicia","url":"https:\/\/www.asajacyl.com\/avila\/asaja-avila-informa\/lobo-no-otra-via-recurrir-la-justicia","name":"El lobo: no hay otra v\u00eda que recurrir a la justicia - ASAJA \u00c1vila","isPartOf":{"@id":"https:\/\/www.asajacyl.com\/avila\/#website"},"primaryImageOfPage":{"@id":"https:\/\/www.asajacyl.com\/avila\/asaja-avila-informa\/lobo-no-otra-via-recurrir-la-justicia#primaryimage"},"image":{"@id":"https:\/\/www.asajacyl.com\/avila\/asaja-avila-informa\/lobo-no-otra-via-recurrir-la-justicia#primaryimage"},"thumbnailUrl":"https:\/\/www.asajacyl.com\/avila\/wp-content\/uploads\/sites\/4\/2018\/09\/ASAMBLEA-GENERAL-2017-36.jpg","datePublished":"2019-02-26T08:51:11+00:00","author":{"@id":"https:\/\/www.asajacyl.com\/avila\/#\/schema\/person\/daf3c5c7d3afd005798ec283b78826ed"},"description":"Los baremos de indemnizaci\u00f3n de ganado por ataques de lobos que sufren los ganaderos de la provincia son irrisorios. \u00bfCu\u00e1ntas veces me han escuchado decir","breadcrumb":{"@id":"https:\/\/www.asajacyl.com\/avila\/asaja-avila-informa\/lobo-no-otra-via-recurrir-la-justicia#breadcrumb"},"inLanguage":"es","potentialAction":[{"@type":"ReadAction","target":["https:\/\/www.asajacyl.com\/avila\/asaja-avila-informa\/lobo-no-otra-via-recurrir-la-justicia"]}]},{"@type":"ImageObject","inLanguage":"es","@id":"https:\/\/www.asajacyl.com\/avila\/asaja-avila-informa\/lobo-no-otra-via-recurrir-la-justicia#primaryimage","url":"https:\/\/www.asajacyl.com\/avila\/wp-content\/uploads\/sites\/4\/2018\/09\/ASAMBLEA-GENERAL-2017-36.jpg","contentUrl":"https:\/\/www.asajacyl.com\/avila\/wp-content\/uploads\/sites\/4\/2018\/09\/ASAMBLEA-GENERAL-2017-36.jpg","width":1200,"height":1600},{"@type":"BreadcrumbList","@id":"https:\/\/www.asajacyl.com\/avila\/asaja-avila-informa\/lobo-no-otra-via-recurrir-la-justicia#breadcrumb","itemListElement":[{"@type":"ListItem","position":1,"name":"Portada","item":"https:\/\/www.asajacyl.com\/avila\/"},{"@type":"ListItem","position":2,"name":"El lobo: no hay otra v\u00eda que recurrir a la justicia"}]},{"@type":"WebSite","@id":"https:\/\/www.asajacyl.com\/avila\/#website","url":"https:\/\/www.asajacyl.com\/avila\/","name":"ASAJA \u00c1vila","description":"Otro sitio m\u00e1s de Provincias ASAJA Castilla y Le\u00f3n","potentialAction":[{"@type":"SearchAction","target":{"@type":"EntryPoint","urlTemplate":"https:\/\/www.asajacyl.com\/avila\/?s={search_term_string}"},"query-input":{"@type":"PropertyValueSpecification","valueRequired":true,"valueName":"search_term_string"}}],"inLanguage":"es"},{"@type":"Person","@id":"https:\/\/www.asajacyl.com\/avila\/#\/schema\/person\/daf3c5c7d3afd005798ec283b78826ed","name":"Joaqu\u00edn","image":{"@type":"ImageObject","inLanguage":"es","@id":"https:\/\/www.asajacyl.com\/avila\/#\/schema\/person\/image\/","url":"https:\/\/secure.gravatar.com\/avatar\/8a87f10166ff5a8a3b0c21a125bc069d?s=96&d=mm&r=g","contentUrl":"https:\/\/secure.gravatar.com\/avatar\/8a87f10166ff5a8a3b0c21a125bc069d?s=96&d=mm&r=g","caption":"Joaqu\u00edn"},"url":"https:\/\/www.asajacyl.com\/avila\/author\/joaquinap"}]}},"_links":{"self":[{"href":"https:\/\/www.asajacyl.com\/avila\/wp-json\/wp\/v2\/posts\/4623"}],"collection":[{"href":"https:\/\/www.asajacyl.com\/avila\/wp-json\/wp\/v2\/posts"}],"about":[{"href":"https:\/\/www.asajacyl.com\/avila\/wp-json\/wp\/v2\/types\/post"}],"author":[{"embeddable":true,"href":"https:\/\/www.asajacyl.com\/avila\/wp-json\/wp\/v2\/users\/6"}],"replies":[{"embeddable":true,"href":"https:\/\/www.asajacyl.com\/avila\/wp-json\/wp\/v2\/comments?post=4623"}],"version-history":[{"count":1,"href":"https:\/\/www.asajacyl.com\/avila\/wp-json\/wp\/v2\/posts\/4623\/revisions"}],"predecessor-version":[{"id":4624,"href":"https:\/\/www.asajacyl.com\/avila\/wp-json\/wp\/v2\/posts\/4623\/revisions\/4624"}],"wp:featuredmedia":[{"embeddable":true,"href":"https:\/\/www.asajacyl.com\/avila\/wp-json\/wp\/v2\/media\/4081"}],"wp:attachment":[{"href":"https:\/\/www.asajacyl.com\/avila\/wp-json\/wp\/v2\/media?parent=4623"}],"wp:term":[{"taxonomy":"category","embeddable":true,"href":"https:\/\/www.asajacyl.com\/avila\/wp-json\/wp\/v2\/categories?post=4623"},{"taxonomy":"post_tag","embeddable":true,"href":"https:\/\/www.asajacyl.com\/avila\/wp-json\/wp\/v2\/tags?post=4623"}],"curies":[{"name":"wp","href":"https:\/\/api.w.org\/{rel}","templated":true}]}}